{"id":5336,"date":"2020-10-06T13:29:14","date_gmt":"2020-10-06T13:29:14","guid":{"rendered":"https:\/\/www.affinite.fr\/index.php\/2020\/10\/06\/le-mensonge-france-2-que-pense-la-presse-de-la-serie-adaptee-de-laffaire-iacono-news-series-a-la-tv\/"},"modified":"2020-10-06T13:29:14","modified_gmt":"2020-10-06T13:29:14","slug":"le-mensonge-france-2-que-pense-la-presse-de-la-serie-adaptee-de-laffaire-iacono-news-series-a-la-tv","status":"publish","type":"post","link":"http:\/\/www.affinite.fr\/index.php\/2020\/10\/06\/le-mensonge-france-2-que-pense-la-presse-de-la-serie-adaptee-de-laffaire-iacono-news-series-a-la-tv\/","title":{"rendered":"Le Mensonge (France 2) : que pense la presse de la s\u00e9rie adapt\u00e9e de l&rsquo;affaire Iacono ? &#8211; News S\u00e9ries \u00e0 la TV"},"content":{"rendered":"<p> [ad_1]<br \/>\n<\/p>\n<div id=\"article-container\">\n<p class=\"article-lead\">Suivie hier soir par plus de 4,7 millions de fran\u00e7ais, la mini-s\u00e9rie en 4 \u00e9pisodes \u00ab\u00a0Le Mensonge\u00a0\u00bb avec Daniel Auteuil et Victor Meutelet se poursuit et s&rsquo;ach\u00e8ve lundi prochain sur France 2. La presse a-t-elle \u00e9t\u00e9 s\u00e9duite ?<\/p>\n<div id=\"article-content\">\n<figure class=\"article-figure article-main-figure\"><img loading=\"lazy\" decoding=\"async\" class=\"article-figure-img\" width=\"640\" height=\"360\" src=\"http:\/\/fr.web.img5.acsta.net\/r_640_360\/newsv7\/20\/10\/06\/15\/11\/0509188.jpg\"\/><figcaption class=\"article-figcaption-copy\">France 2<\/figcaption><\/figure>\n<p><i>Claude a tout r\u00e9ussi dans sa vie : son mariage, sa carri\u00e8re\u2026 Maire de sa ville, il se destine \u00e0 devenir s\u00e9nateur. Pour Lucas, son petit-fils ador\u00e9, la vie est bien moins souriante : ses parents divorcent, il n&rsquo;est pas bien dans sa peau, et il accuse un jour son grand-p\u00e8re de viol.\u00a0<span>Leurs deux vies basculent alors jusqu&rsquo;\u00e0 ce que la v\u00e9rit\u00e9 \u00e9clate enfin, quinze ans plus tard&#8230;<\/span><\/i><\/p>\n<p><span><strong><span class=\"light\">Ecrite et r\u00e9alis\u00e9e par<\/span>\u00a0<\/strong><a href=\"http:\/\/www.allocine.fr\/personne\/fichepersonne_gen_cpersonne=144151.html\">Vincent Garenq<\/a><strong>\u00a0d&rsquo;apr\u00e8s l&rsquo;Affaire Iacono. Diffus\u00e9e d\u00e8s le lundi 5 octobre sur France 2. 4 \u00e9pisodes vus sur 4.<br \/><\/strong><br \/><\/span><\/p>\n<p>\u00e0 quoi \u00e7a ressemble ?<\/p>\n<p>\u00a0<\/p>\n<div class=\"article-section-subtitle\">\n<p>Ce qu&rsquo;en pense la presse&#8230;<\/p>\n<\/div>\n<p><strong><br \/>Selon T\u00e9l\u00e9 7 Jours :<\/strong><\/p>\n<p>\u00ab\u00a0<span><i>Une adaptation r\u00e9ussie tant par sa rigueur et sa\u00a0sobri\u00e9t\u00e9. Daniel Auteuil incarne avec justesse cet homme sur lequel le\u00a0sort s\u2019acharne tandis que Gr\u00e9goire Bonnet campe un impressionnant et\u00a0magnifique avocat de la d\u00e9fense<\/i>\u00ab\u00a0<strong> 4\/5<\/strong><\/span><\/p>\n<p><span class=\"ACraHRACr0cHM6Ly93d3cucHJvZ3JhbW1lLXRlbGV2aXNpb24ub3JnL25ld3MtdHYvTGUtTWVuc29uZ2UtRnJhbmNlLTItRmF1dC1pbC1yZWdhcmRlci1sYS1taW5pLXNlcmllLWF2ZWMtRGFuaWVsLUF1dGV1aWwtaW5zcGlyZWUtZC11bmUtaGlzdG9pcmUtdnJhaWUtNDY2MzU5OA==\"><span>Lire la critique compl\u00e8te<\/span><\/span><\/p>\n<p><strong>Selon T\u00e9l\u00e9 Cable Sat :<\/strong><\/p>\n<p><span>\u00ab\u00a0<span><i>Une fiction limpide sans \u00eatre simpliste, prenante mais jamais sensationnaliste, r\u00e9volt\u00e9e contre l\u2019engrenage judiciaire tout en \u00e9tant optimiste sur la nature humaine.<\/i>\u00a0\u00bb <strong>4\/5<\/strong><\/span><\/span><\/p>\n<p><span class=\"ACraHRACr0cHM6Ly93d3cudGVsZWNhYmxlc2F0LmZyLzI4L3NlcmllLXRlbGVmaWxtL2xlLW1lbnNvbmdlLXVuLWRlY2hpcmFudC1tZW5zb25nZS5odG1s\"><span><span>Lire la critique compl\u00e8te<\/span><\/span><\/span><\/p>\n<p><strong>Selon T\u00e9l\u00e9 Z :<\/strong><\/p>\n<p>\u00ab\u00a0<span><i>Sujet d\u00e9licat \u00e0 traiter. Pour y parvenir, la fiction\u00a0s\u2019appuie sur des com\u00e9diens solides et une\u00a0\u00a0r\u00e9alisation soign\u00e9e.<\/i>\u00a0\u00bb <strong>4\/5<\/strong><\/span><\/p>\n<p><span class=\"ACraHRACr0cHM6Ly93d3cudGVsZXouZnIvZ3VpZGUtdHYvbGUtbWVuc29uZ2UvNzAzMTQyNDEyLWxlLW1lbnNvbmdlLw==\">Lire la critique compl\u00e8te<\/span><\/p>\n<p><strong><br \/>Selon Le Monde :<\/strong><\/p>\n<p>\u00ab\u00a0<span><i>Si Vincent Garenq retrouve l\u2019efficacit\u00e9 rageuse de\u00a0Pr\u00e9sum\u00e9 coupable\u00a0dans la mise en sc\u00e8ne de la c\u00e9cit\u00e9 judiciaire, la repr\u00e9sentation du terreau familial qui a donn\u00e9 naissance \u00e0 cette affaire absurde et terrible reste sch\u00e9matique.<\/i>\u00a0\u00bb <strong>3\/5<\/strong><\/span><\/p>\n<p><span class=\"ACraHRACr0cHM6Ly93d3cubGVtb25kZS5mci90ZWxldmlzaW9ucy1yYWRpby9hcnRpY2xlLzIwMjAvMDkvMjgvbGUtc2VjcmV0LTE4LWgtMzAtdGVoZXJhbi1ub3MtaWRlZXMtZGUtc2VyaWVzXzYwNTM5NjdfMTY1NTAyNy5odG1s\"><span>Lire la critique compl\u00e8te<\/span><\/span><\/p>\n<p><strong><br \/>Selon T\u00e9l\u00e9rama :<\/strong><\/p>\n<p><span>\u00ab\u00a0<span><i>Bouleversants, les acteurs (Daniel Auteuil et Alex Terrier-Thiebaux) incarnent quant \u00e0 eux l\u2019engrenage dramatique qui aspire le grand-p\u00e8re, port\u00e9 par sa dignit\u00e9 et son innocence, et l\u2019enfant englu\u00e9 dans les cons\u00e9quences du mensonge initial<\/i>.\u00a0\u00bb <strong>3\/5<\/strong><\/span><\/span><\/p>\n<p><span class=\"ACraHRACr0cHM6Ly90ZWxldmlzaW9uLnRlbGVyYW1hLmZyL3RlbGUvc2VyaWUvbGUtbWVuc29uZ2UsbjY2OTk2MzQsc2Fpc29uMSxlcGlzb2RlMS5waHA=\"><span><span>Lire la critique compl\u00e8te<\/span><\/span><\/span><\/p>\n<div class=\"article-section-subtitle\"><a href=\"http:\/\/www.allocine.fr\/series\/ficheserie-25254\/critiques\/\"><strong>Voir toutes les critiques<\/strong><\/a><\/div>\n<\/p><\/div>\n<\/p><\/div>\n<p>[ad_2]<br \/>\n<br \/><a href=\"http:\/\/rss.allocine.fr\/~r\/ac\/actualites\/~3\/16kjRUGiHUM\/fichearticle_gen_carticle=18693505.html\">Source link <\/a><\/p>\n","protected":false},"excerpt":{"rendered":"<p>[ad_1] Suivie hier soir par plus de 4,7 millions de fran\u00e7ais, la mini-s\u00e9rie en 4 \u00e9pisodes \u00ab\u00a0Le Mensonge\u00a0\u00bb avec Daniel &hellip; <a href=\"http:\/\/www.affinite.fr\/index.php\/2020\/10\/06\/le-mensonge-france-2-que-pense-la-presse-de-la-serie-adaptee-de-laffaire-iacono-news-series-a-la-tv\/\" class=\"more-link\">Plus <span class=\"screen-reader-text\">Le Mensonge (France 2) : que pense la presse de la s\u00e9rie adapt\u00e9e de l&rsquo;affaire Iacono ? &#8211; News S\u00e9ries \u00e0 la TV<\/span> <span class=\"meta-nav\">&rarr;<\/span><\/a><\/p>\n","protected":false},"author":1,"featured_media":5337,"comment_status":"open","ping_status":"open","sticky":false,"template":"","format":"standard","meta":{"_sitemap_exclude":false,"_sitemap_priority":"","_sitemap_frequency":"","footnotes":""},"categories":[1],"tags":[],"class_list":["post-5336","post","type-post","status-publish","format-standard","has-post-thumbnail","hentry","category-tous"],"_links":{"self":[{"href":"http:\/\/www.affinite.fr\/index.php\/wp-json\/wp\/v2\/posts\/5336"}],"collection":[{"href":"http:\/\/www.affinite.fr\/index.php\/wp-json\/wp\/v2\/posts"}],"about":[{"href":"http:\/\/www.affinite.fr\/index.php\/wp-json\/wp\/v2\/types\/post"}],"author":[{"embeddable":true,"href":"http:\/\/www.affinite.fr\/index.php\/wp-json\/wp\/v2\/users\/1"}],"replies":[{"embeddable":true,"href":"http:\/\/www.affinite.fr\/index.php\/wp-json\/wp\/v2\/comments?post=5336"}],"version-history":[{"count":0,"href":"http:\/\/www.affinite.fr\/index.php\/wp-json\/wp\/v2\/posts\/5336\/revisions"}],"wp:featuredmedia":[{"embeddable":true,"href":"http:\/\/www.affinite.fr\/index.php\/wp-json\/wp\/v2\/media\/5337"}],"wp:attachment":[{"href":"http:\/\/www.affinite.fr\/index.php\/wp-json\/wp\/v2\/media?parent=5336"}],"wp:term":[{"taxonomy":"category","embeddable":true,"href":"http:\/\/www.affinite.fr\/index.php\/wp-json\/wp\/v2\/categories?post=5336"},{"taxonomy":"post_tag","embeddable":true,"href":"http:\/\/www.affinite.fr\/index.php\/wp-json\/wp\/v2\/tags?post=5336"}],"curies":[{"name":"wp","href":"https:\/\/api.w.org\/{rel}","templated":true}]}}