{"id":532,"date":"2020-03-12T00:16:44","date_gmt":"2020-03-12T00:16:44","guid":{"rendered":"https:\/\/www.affinite.fr\/index.php\/2020\/03\/12\/decouvrez-les-propositions-numeriques-des-cinq-principaux-candidats-a-paris\/"},"modified":"2020-03-12T00:16:44","modified_gmt":"2020-03-12T00:16:44","slug":"decouvrez-les-propositions-numeriques-des-cinq-principaux-candidats-a-paris","status":"publish","type":"post","link":"http:\/\/www.affinite.fr\/index.php\/2020\/03\/12\/decouvrez-les-propositions-numeriques-des-cinq-principaux-candidats-a-paris\/","title":{"rendered":"d\u00e9couvrez les propositions num\u00e9riques des cinq principaux candidats \u00e0 Paris"},"content":{"rendered":"<p> [ad_1]<br \/>\n<\/p>\n<div itemprop=\"articleBody\">\n<p>D\u2019apr\u00e8s le dernier sondage d\u2019<a href=\"https:\/\/harris-interactive.fr\/opinion_polls\/municipales-2020-intentions-de-vote-a-paris-vague-2\/#rapport\" target=\"_blank\" rel=\"noopener noreferrer\">Harris Interactive<\/a>, les pr\u00e9occupations principales des Parisiens pour les \u00e9lections municipales sont la propret\u00e9 (54 %), la s\u00e9curit\u00e9 (47 %) et les transports en commun (38 %).<br \/>Trois domaines dans lesquels les candidats ont imagin\u00e9 &#8211; entre autres &#8211; des propositions qui font appel au num\u00e9rique. \u00c0 l\u2019heure du tout-connect\u00e9, sa place dans les \u00e9lections municipales est de plus en plus cruciale. Ce th\u00e8me refl\u00e8te, de mani\u00e8re assez claire, les positions id\u00e9ologiques distinctes.<\/p>\n<h3 style=\"color:#333; font-family:arial,helvetica,sans-serif; font-size:23px; font-weight:700\">Les clivages sont loin d\u2019\u00eatre virtuels<\/h3>\n<p>Quand Rachida Dati (LR) parle de solutions innovantes, celles-ci sont avant tout au service du maintien de l&rsquo;ordre\u00a0et\u00a0de la propret\u00e9. Agn\u00e8s Buzyn (LREM) d\u00e9veloppe, quant \u00e0 elle,\u00a0un volet num\u00e9rique autour de l\u2019innovation et\u00a0des nouvelles technologies pour les\u00a0entreprises dans le giron gouvernemental de la \u00ab\u00a0<em>start-up nation<\/em>\u00a0\u00bb.<br \/><a href=\"http:\/\/www.affinite.fr\/index.php\/2023\/08\/24\/lart-de-la-glace-transforme-en-business-la-vision-unique-de-fabien-gris\/\">Auteur<\/a> du rapport parlementaire sur l\u2019intelligence artificielle, C\u00e9dric Villani (ex-LREM) y consacre, de son c\u00f4t\u00e9, tout un chapitre de son programme \u00ab\u00a0<em>pour le bien commun<\/em>\u00a0\u00bb.\u00a0<br \/>De son c\u00f4t\u00e9, Anne Hidalgo (PS) maintient son cap d\u2019un Paris sans voitures, avec pour levier les alternatives tels que les v\u00e9hicules \u00e9lectriques. Non loin de certaines de ses r\u00e9flexions, la liste port\u00e9e par David Belliard (EELV) incit\u00e9 \u00e0 mettre la technologie au service de l\u2019\u00e9cologie. Un outil primordial \u00e0 disposition de cette\u00a0nouvelle matrice verte.<\/p>\n<p>Pour y voir plus clair, voici un comparatif non-exhaustif des diff\u00e9rentes propositions num\u00e9riques des cinq principaux candidats \u00e0 la mairie de Paris. Celui-ci s\u2019appuie sur l\u2019ordre issu des derni\u00e8res estimations, publi\u00e9es le 3 mars 2020 par Harris-Interactive. Rachida Dati se placerait premi\u00e8re (25 %), talonn\u00e9e par Anne Hidalgo (24 %), devant Agn\u00e8s Buzyn (17 %) suivie de David Belliard (11 %) et C\u00e9dric Villani (8 %).<\/p>\n<h3 style=\"color:#333; font-family:arial,helvetica,sans-serif; font-size:23px; font-weight:700\">Rachida Dati veut\u00a0plus de \u00ab\u00a0vid\u00e9oprotection\u00a0\u00bb<\/h3>\n<p><strong>La candidate LR l\u2019a r\u00e9p\u00e9t\u00e9 \u00e0 l\u2019envi\u00a0: le r\u00f4le d\u2019un maire est avant tout d\u2019assurer la s\u00e9curit\u00e9 et la propret\u00e9 dans sa ville. Alli\u00e9 aux ressources humaines, le num\u00e9rique offre un v\u00e9ritable terrain de jeu.<\/strong><\/p>\n<figure class=\"figure text-center\"><img decoding=\"async\" class=\"article-img img-responsive-l\" src=\"https:\/\/img.bfmtv.com\/c\/0\/708\/6eb\/f878567db6b89e9544447c28ea3b2.jpg\" alt=\"\"\/><figcaption class=\"figure-caption figcaption color-txt-0 title-xs hidden-xs\">\n                                    Lionel BONAVENTURE \/ AFP<br \/>\n                                                    &#8211;<br \/>\n                            <\/figcaption><\/figure>\n<p>\u00ab\u00a0<em>Il faut remettre de l\u2019ordre \u00e0 Paris !<\/em>\u00a0\u00bb. L\u2019ancienne magistrate\u00a0ne s\u2019en cache pas et assume une ligne tr\u00e8s s\u00e9curitaire dans la course municipale. S\u2019appuyant sur l\u2019exemple de Nice, Rachida Dati propose de multiplier par trois le nombre de cam\u00e9ras de \u00ab\u00a0<em>vid\u00e9oprotection<\/em>\u00a0\u00bb selon le vocabulaire choisi.<br \/>Leur nombre passerait de 1333 actuellement \u00e0 4000 si elle est \u00e9lue. Le cadastre de ces cam\u00e9ras sera lui aussi \u00e9tabli selon une \u00e9tude \u00ab\u00a0rue par rue\u00a0\u00bb selon le taux d\u2019\u00e9lucidation des crimes. La candidate LR propose \u00e9galement d\u2019en \u00e9quiper certains v\u00e9hicules de patrouille de police. Une particularit\u00e9 : 150 cam\u00e9ras seront d\u00e9ploy\u00e9es dans les deux grands bois parisiens, \u00e0 savoir Vincennes et\u00a0Boulogne.\u00a0<\/p>\n<p>Sur le volet propret\u00e9, Rachida Dati propose la m\u00e9canisation du ramassage de poubelle dans tous les arrondissements avec un budget de 70 millions d\u2019euros \u00e9tal\u00e9 sur trois ans, <em>\u00ab\u00a0dans un premier temps\u00a0\u00bb,\u00a0<\/em>pr\u00e9vient-elle. La maire du 7e arrondissement voudrait \u00e9galement exp\u00e9rimenter la mise \u00e0 disposition de distributeurs de ticket de transports contre le recyclage des bouteilles en plastique.\u00a0<\/p>\n<p>Outre la s\u00e9curit\u00e9 et la propret\u00e9, la ligne directrice de \u00ab\u00a0Dati pour Paris\u00a0\u00bb est d\u2019\u00eatre \u00ab\u00a0<em>l\u2019anti-Hidalgo<\/em>\u00a0\u00bb. \u00ab <em>Une\u00a0politique anti-voiture n\u2019est pas une politique de d\u00e9placement<\/em>\u00a0\u00bb, a martel\u00e9 la maire du 7e arrondissement lors du d\u00e9voilement de son programme d\u00e9but f\u00e9vrier. Rachida Dati propose,\u00a0elle aussi,\u00a0l\u2019\u00e9lectrification du parc automobile parisien. Toujours concernant les mobilit\u00e9s, la candidate de droite souhaite limiter la vitesse des trottinettes en ville et imposer le port du casque aux jeunes jusqu\u2019\u00e0 12 ans.\u00a0<\/p>\n<p>Si la voiture cristallise les d\u00e9bats, la r\u00e9gulation d\u2019Airbnb semble faire consensus. La candidate LR propose de diminuer \u00e0 30 jours au lieu de 120 sur an la possibilit\u00e9 de partager son logement dans le \u00ab\u00a0<em>centre<\/em>\u00a0\u00bb de la capitale. Mais, de r\u00e9duire seulement de 50 % soit 60 jours pour les arrondissements alentours. Le contr\u00f4le a priori des h\u00f4tes sera \u00e9galement renforc\u00e9 :\u00a0 Rachida Dati veut imposer le renseignement de leur num\u00e9ro fiscal.\u00a0<\/p>\n<p>Plus conventionnelle, la candidate LR sugg\u00e8re enfin plusieurs projets urbains innovants comme l\u2019\u00e9clairage autor\u00e9gulateur, des capteurs anti-pollution ou encore des d\u00e9tecteurs de places libres dans les parkings.\u00a0<\/p>\n<h3 style=\"color:#333; font-family:arial,helvetica,sans-serif; font-size:23px; font-weight:700\">Anne Hidalgo,\u00a0un deuxi\u00e8me mandat 2.0 ?\u00a0<\/h3>\n<p><strong>L\u2019actuelle maire de Paris brigue un nouveau mandat avec un programme ax\u00e9 sur l\u2019\u00e9cologie et la proximit\u00e9. Sur le volet num\u00e9rique, comme pour le reste, elle d\u00e9fend son bilan.<\/strong><\/p>\n<figure class=\"figure text-center\"><img decoding=\"async\" class=\"article-img img-responsive-l\" src=\"https:\/\/img.bfmtv.com\/c\/0\/708\/4f1\/e4b99580842055323ffe1973c80ab.jpg\" alt=\"\"\/><figcaption class=\"figure-caption figcaption color-txt-0 title-xs hidden-xs\">\n                                    Joel Saget \/ AFP<br \/>\n                                                    &#8211;<br \/>\n                            <\/figcaption><\/figure>\n<p>220 000 m\u00e8tres carr\u00e9s d\u00e9di\u00e9s \u00e0 l\u2019innovation, 1 000 start-up incub\u00e9es, 259 jeux de donn\u00e9es publiques mis \u00e0 disposition, 14 plates-formes d\u2019innovation, un data center propre \u00e0 la ville\u2026 \u00c0 l\u2019instar de sa ligne g\u00e9n\u00e9rale de campagne, Anne Hidalgo dresse son bilan num\u00e9rique apr\u00e8s douze ann\u00e9es pass\u00e9es \u00e0 la mairie de Paris. Seule \u00e0 d\u00e9fendre des actions men\u00e9es \u00e0 cette \u00e9chelle, la liste \u00ab\u00a0<em>Paris en commun<\/em>\u00a0\u00bb plaide pour la continuit\u00e9. Anne Hidalgo reste, par exemple, droite dans ses bottes quant \u00e0 son intention du 100 % de v\u00e9hicules propres d\u2019ici 2030.<\/p>\n<p>Sur le fond, certaines propositions num\u00e9riques ne se diff\u00e9rencient pas essentiellement des autres candidats. Elle veut \u00e9tablir une \u00ab\u00a0<em>charte de la donn\u00e9e<\/em>\u00a0\u00bb pour \u00ab<em>\u00a0assurer la sobri\u00e9t\u00e9 de l&rsquo;usage des donn\u00e9es, relocaliser le stockage de donn\u00e9es et apporter des garanties environnementales sur les data centers utilis\u00e9s<\/em>\u00a0\u00bb. Une id\u00e9e que l\u2019on retrouve chez C\u00e9dric Villani. La maire sortante propose \u00e9galement de d\u00e9velopper une application unique pour \u00ab\u00a0<em>appliquer le principe du<\/em> \u00ab\u00a0<em>dites-le nous une fois\u00a0\u00bb<\/em>\u00a0<em>aux d\u00e9marches<\/em>\u00a0\u00bb d\u00e9mat\u00e9rialis\u00e9es de la ville.\u00a0<\/p>\n<p>Seule \u00e0 nommer Amazon directement, Anne Hidalgo souhaite n\u00e9anmoins \u00ab\u00a0<em>renverser le rapport de force avec les plates-formes num\u00e9riques<\/em>\u00a0\u00bb qu\u2019elle juge <em>\u00ab\u00a0pr\u00e9datrices\u00a0\u00bb<\/em>.<br \/>C\u2019est pourquoi, l\u2019actuelle maire de Paris propose la cr\u00e9ation d\u2019une appli sp\u00e9ciale RGPD afin de permettre aux citoyens de conna\u00eetre leurs droits et de les faire valoir aupr\u00e8s des acteurs du num\u00e9rique.<br \/>Comme ses concurrents, la candidate socialiste pointe aussi du doigt la plate-forme de partage de logement Airbnb. Elle souhaite un r\u00e9f\u00e9rendum \u00ab\u00a0\u00e0 l\u2019\u00e9t\u00e9\u00a0\u00bb organis\u00e9 dans chaque quartier.\u00a0<\/p>\n<p>Plut\u00f4t \u00e9tonnant,\u00a0Anne Hidalgo propose \u00e9galement la cr\u00e9ation d\u2019un \u00ab\u00a0service public d\u2019\u00e9crivains num\u00e9riques\u00a0\u00bb. \u00ab\u00a0<em>Au sein de chaque quartier, dans des kiosques citoyens, ces \u00e9crivains num\u00e9riques pourront aider les personnes \u00e0 r\u00e9aliser leurs d\u00e9marches en ligne<\/em>\u00a0\u00bb, explique l\u2019\u00e9quipe de campagne.<\/p>\n<p>Toujours pour favoriser l\u2019inclusion num\u00e9rique, la candidate socialiste imagine aussi le d\u00e9ploiement de projets p\u00e9dagogiques relatifs au num\u00e9rique dans les coll\u00e8ges de quartiers populaires pour sensibiliser les jeunes.<br \/>Dans la m\u00eame logique, la maire sortante propose la cr\u00e9ation d\u2019espaces d\u00e9di\u00e9s au \u00ab\u00a0fabriqu\u00e9 \u00e0 Paris\u00a0\u00bb et aux <em>low tech<\/em>. Des lieux qui serviront le \u00ab\u00a0<em>Paris du quart d\u2019heure<\/em>\u00a0\u00bb imagin\u00e9 par la candidate socialiste, o\u00f9 la capitale redevient une ville o\u00f9 tout est plus proche et donc accessible \u00e0 pied ou \u00e0 v\u00e9lo en une quinzaine de minutes.\u00a0<\/p>\n<p>\u00c0 noter\u00a0: l\u2019int\u00e9gralit\u00e9 du programme de Paris en commun est disponible en podcast. En moins de cinq minutes, les quatre grands th\u00e8mes de la campagne sont r\u00e9sum\u00e9s. \u00a0<\/p>\n<h3 style=\"color:#333; font-family:arial,helvetica,sans-serif; font-size:23px; font-weight:700\">Agn\u00e8s Buzyn : focus sur les start-up<\/h3>\n<p><strong>Produit du \u00ab\u00a0ni-ni\u00a0\u00bb, le programme num\u00e9rique de LREM est peu fourni. Les principales propositions rel\u00e8vent du monde entrepreunarial. Paris, capitale de la \u00ab\u00a0start-up nation\u00a0\u00bb ?<\/strong><\/p>\n<figure class=\"figure text-center\"><img decoding=\"async\" class=\"article-img img-responsive-l\" src=\"https:\/\/img.bfmtv.com\/c\/0\/708\/c87\/2141b9035bde284b72cbc8f90b299.jpg\" alt=\"\"\/><figcaption class=\"figure-caption figcaption color-txt-0 title-xs hidden-xs\">\n                                    GEOFFROY VAN DER HASSELT \/ AFP<br \/>\n                                                    &#8211;<br \/>\n                            <\/figcaption><\/figure>\n<p>Pr\u00e9cipit\u00e9e dans la course pour la mairie, Agn\u00e8s Buzyn r\u00e9cup\u00e8re des propositions tr\u00e8s ax\u00e9es sur l\u2019aspect technologique du num\u00e9rique afin de <em>\u00ab\u00a0permettre \u00e0 chaque Parisien d\u2019acc\u00e9der aux outils num\u00e9riques et \u00e0 l\u2019univers entrepreneurial\u00a0\u00bb<\/em>. Moins tranch\u00e9, le programme\u00a0LREM rend moins saillant les aspects num\u00e9riques des mesures propos\u00e9es.\u00a0<\/p>\n<p>Comme ses concurrents, l\u2019ancienne ministre des Solidarit\u00e9s et de la Sant\u00e9 propose d\u2019\u00e9lectrifier le parc automobile \u00e0 la fois pour les citoyens lambda mais aussi pour les entreprises.<br \/>En parall\u00e8le, et sans trop de d\u00e9tails, le programme \u00e9voque un <em>\u00ab\u00a0meilleur d\u00e9ploiement des \u00e9quipes de propret\u00e9\u00a0\u00bb<\/em> ou encore <em>\u00ab\u00a0une optimisation des\u00a0 places de parkings disponibles\u00a0\u00bb<\/em>. Il est \u00e9galement question de cr\u00e9er une application unique \u00ab\u00a0Ville de Paris\u00a0\u00bb pour faciliter l\u2019acc\u00e8s aux d\u00e9marches citoyennes et priv\u00e9es en mairie.<\/p>\n<p>\u00ab\u00a0<em>Le message d\u2019Agn\u00e8s Buzyn aux entrepreneurs est simple\u00a0: nous avons besoin de vous\u00a0!<\/em>\u00a0\u00bb, a d\u00e9clar\u00e9 Paul Midy, directeur de campagne Ensemble pour Paris dans un meeting \u00e0 Station F, le rep\u00e8re des start-up\u00a0parisiennes. Le num\u00e9rique, ici, est vecteur d\u2019innovations et de solutions technologiques, donc une r\u00e9ponse logique au constat dress\u00e9 par le parti pr\u00e9sidentiel : \u00ab\u00a0<em>la ville de Paris est \u00e0 la tra\u00eene<\/em>\u00a0\u00bb.<br \/>L\u2019\u00e9quipe d\u2019Agn\u00e8s Buzyn insiste sur l\u2019acc\u00e8s aux march\u00e9s publics des acteurs priv\u00e9s \u00e9mergents, tels que les start-up\u00a0dont une majorit\u00e9 sont install\u00e9es \u00e0 Paris. Il s\u2019agit de cr\u00e9er une \u00ab\u00a0<em>ville \u00e9cosyst\u00e8me\u00a0<\/em>\u00bb et \u00ab\u00a0<em>intelligente<\/em>\u00a0\u00bb selon le jargon habituel. \u00a0<\/p>\n<p>\u00c0 l\u2019instar de la droite, la candidate LREM veut multiplier\u00a0par quatre\u00a0le nombre de cam\u00e9ras de vid\u00e9osurveillance dans les rues parisiennes. Le nombre total de ces appareils passerait \u00e0 5 332, incluant des dispositifs mobiles post\u00e9s sur les v\u00e9hicules de police. Si les mesures s\u00e9curitaires sont cons\u00e9quentes, l\u2019inclusion num\u00e9rique occupe une place mineure dans la campagne d\u2019Agn\u00e8s Buzyn.\u00a0<\/p>\n<p>Bilan : les propositions num\u00e9riques vis-vis du citoyen lambda paraissent assez faibles, et semblent dirig\u00e9es plut\u00f4t vers les entrepreneurs.\u00a0<\/p>\n<aside class=\"bg-color-0 padding-inside-all-s bloc border-s\">\n<h4 class=\"box-txt-normal\">\n<p><strong>\u00c0 d\u00e9couvrir aussi en vid\u00e9o<\/strong><\/p>\n<\/h4>\n<\/aside>\n<h3 style=\"color:#333; font-family:arial,helvetica,sans-serif; font-size:23px; font-weight:700\">David Belliard ou comment\u00a0combiner\u00a0vert et\u00a0tech<\/h3>\n<p><strong>La liste verte voit le num\u00e9rique comme un outil \u00ab\u00a0au service de\u00a0\u00bb l\u2019\u00e9cologie &#8211; loin d\u2019\u00eatre une fin en soi. Pour d\u00e9fendre cette vision, l\u2019\u00e9chelon local est primordial.\u00a0<\/strong><\/p>\n<figure class=\"figure text-center\"><img decoding=\"async\" class=\"article-img img-responsive-l\" src=\"https:\/\/img.bfmtv.com\/c\/0\/708\/7b0c62\/776b90544f3e1d956700efaffe.jpg\" alt=\"\"\/><figcaption class=\"figure-caption figcaption color-txt-0 title-xs hidden-xs\">\n                                    Thomas Samson \/ AFP<br \/>\n                                                    &#8211;<br \/>\n                            <\/figcaption><\/figure>\n<p>\u00ab\u00a0<em>On a besoin de vous car on est tous dans le m\u00eame bateau<\/em>\u00a0\u00bb, expliquait \u00c9mile Meunier, candidat dans le 18e en s\u2019adressant aux entrepreneurs parisiens r\u00e9unis \u00e0 la Station F. Le message est clair : l\u2019urgence \u00e9cologique n\u00e9cessite la mobilisation de toutes les forces. Celles de l\u2019innovation et de la technologie aussi. Le programme d\u2019EELV, port\u00e9 par David Belliard, fait la part belle \u00e0 un num\u00e9rique \u00ab\u00a0<em>sobre<\/em>\u00a0\u00bb, \u00ab\u00a0<em>ouvert<\/em>\u00a0\u00bb et \u00ab\u00a0<em>inclusif<\/em>\u00a0\u00bb.\u00a0<\/p>\n<p>La sobri\u00e9t\u00e9 en ville,\u00a0ce pourrait \u00eatre des lampadaires intelligents, un syst\u00e8me de ramassage des poubelles optimis\u00e9 ou encore un service de v\u00e9rification de fonctionnement des produits \u00e9lectrom\u00e9nagers abandonn\u00e9s sur les pav\u00e9s, d\u2019apr\u00e8s les \u00e9cologistes.<br \/>Seule liste \u00e0 mentionner les enjeux d\u2019obsolescence programm\u00e9e, les Ecolos \u00e0 la mairie veulent impulser et\u00a0faciliter\u00a0les initiatives li\u00e9es \u00e0 la r\u00e9paration d\u2019objets mais aussi valoriser les dons. Le r\u00f4le du maire de Paris est selon eux de connecter les acteurs engag\u00e9s pour donner une <em>\u00ab\u00a0seconde vie aux objets\u00a0\u00bb<\/em>.\u00a0<\/p>\n<p>Fervents militants de l\u2019acc\u00e8s aux donn\u00e9es, les Verts proposent d\u2019aller plus loin dans l\u2019<em>open data<\/em>. Ils souhaitent cr\u00e9er une sorte de tableau de bord avec toutes les donn\u00e9es en temps r\u00e9el. \u00ab\u00a0<em>C\u2019est une question d\u2019\u00e9galit\u00e9. Je ne comprends pas pourquoi la mairie met tout \u00e0 disposition alors qu\u2019Uber n\u2019est oblig\u00e9 de rien !\u00a0<\/em>\u00bb, s\u2019insurge \u00c9mile Meunier, avocat avant d\u2019\u00eatre candidat.<\/p>\n<p>Pour pallier ses lacunes, la liste \u00e9cologiste sugg\u00e8re le partage des informations de mani\u00e8re dynamique et aliment\u00e9 en permanence. \u00ab\u00a0<em>Il faut que le gros arr\u00eate de grossir et que les petits puissent en b\u00e9n\u00e9ficier\u00a0<\/em>\u00bb, analyse-t-il.\u00a0 L\u2019\u00e9quipe de David Belliard recommande \u00e9galement l\u2019utilisation des logiciels libres pour pr\u00e9server le libre arbitre des consommateurs et cultiver la diversit\u00e9 des solutions.<\/p>\n<p>Pour favoriser l\u2019inclusion, les Ecolos pr\u00f4nent la r\u00e9gulation. Une des priorit\u00e9s selon eux est de r\u00e9duire de 15\u00a0000 logements le parc Airbnb, sur les 65\u00a0000 annonces disponibles \u00e0 Paris, tout en diminuant \u00e0 45 le nombre de jours autoris\u00e9s.<\/p>\n<p>M\u00eame chose pour la \u00ab\u00a0<em>pagaille<\/em>\u00a0\u00bb des transports. Proposition qu\u2019il partage avec la majorit\u00e9 des candidats, David Belliard propose une appli de service public qui regrouperait tous les types de mobilit\u00e9s et favoriserait l\u2019intermodalit\u00e9.<br \/>Plus surprenant,\u00a0il souhaite la mise en place de capteurs \u00ab\u00a0<em>m\u00e9duses<\/em>\u00a0\u00bb pour lutter contre les nuisances sonores. Ces micros qui ont d\u00e9j\u00e0 \u00e9t\u00e9 exp\u00e9riment\u00e9s dans Paris pourraient \u00eatre plac\u00e9s sur les chantiers, dans certaines rues, pr\u00e8s des grands axes.\u00a0<\/p>\n<p>Des micros oui, des cam\u00e9ras non. David Belliard s\u2019y oppose frontalement. \u00ab <em>Sortons du dogme de la vid\u00e9osurveillance !<\/em>\u00a0\u00bb, tranche-t-il sur les tracts des Verts.\u00a0<\/p>\n<h3 style=\"color:#333; font-family:arial,helvetica,sans-serif; font-size:23px; font-weight:700\">C\u00e9dric Villani,\u00a0l\u2019intelligence artificielle pour la ville\u00a0<\/h3>\n<p><strong>Auteur du rapport parlementaire sur l\u2019intelligence artificielle, C\u00e9dric Villani est,\u00a0sans surprise,\u00a0le candidat le plus \u00e0 l\u2019aise sur la question, quitte \u00e0 \u00eatre peu audible pour les non-initi\u00e9s.\u00a0<\/strong><\/p>\n<figure class=\"figure text-center\"><img decoding=\"async\" class=\"article-img img-responsive-l\" src=\"https:\/\/img.bfmtv.com\/c\/0\/708\/b1d\/9a527ceb09260066af1fcf0130ac2.jpg\" alt=\"\"\/><figcaption class=\"figure-caption figcaption color-txt-0 title-xs hidden-xs\">\n                                    Christophe ARCHAMBAULT \/ AFP<br \/>\n                                                    &#8211;<br \/>\n                            <\/figcaption><\/figure>\n<p>\u00ab\u00a0<em>Exp\u00e9rimentation, partage et gouvernance\u00a0<\/em>\u00bb. Ce sont les trois mots que le math\u00e9maticien a choisi pour r\u00e9sumer son programme et faire de Paris \u00ab<em>\u00a0une ville num\u00e9rique pour le bien commun<\/em>\u00a0\u00bb.<br \/>\u00ab\u00a0<em>Issu d\u2019aucun syst\u00e8me\u00a0<\/em>\u00bb mais soutenu par Paula Forteza, d\u00e9put\u00e9e\u00a0LREM tr\u00e8s consciente des\u00a0sujets num\u00e9riques, il propose de miser sur la technologie et les algorithmes pour am\u00e9liorer le quotidien des Parisiens, et notamment la mobilit\u00e9.<br \/>Selon lui, les calculs math\u00e9matiques peuvent aider \u00e0 fluidifier la circulation, en synchronisant les feux rouges ou en optimisant les places de parking. Pour sortir d\u2019un cercle vicieux o\u00f9 toutes les mobilit\u00e9s sont \u00ab\u00a0en comp\u00e9tition\u00a0\u00bb, C\u00e9dric Villani propose de penser un nouveau plan global pour la capitale.\u00a0<\/p>\n<p>Fort de son exp\u00e9rience dans l\u2019Essone, le d\u00e9put\u00e9 insiste \u00e9galement sur le pouvoir d\u2019aide \u00e0 la d\u00e9cision de l\u2019intelligence artificielle. C\u00e9dric Villani veut en faire un outil d\u2019optimisation des choix politiques et simplifier les t\u00e2ches basiques.<br \/><em>\u00ab\u00a0On peut imaginer des cam\u00e9ras mobiles parcourant les rues parisiennes pour relever, cartographier et analyser les zones les plus sales afin de mieux les nettoyer. Ou m\u00eame les plus pollu\u00e9es pour relever le d\u00e9fi environnemental\u00a0\u00bb<\/em>, a-t-il expliqu\u00e9 devant un parterre de start-upers \u00e0 la Station F, un lieu qu\u2019il a r\u00e9guli\u00e8rement fr\u00e9quent\u00e9.\u00a0<\/p>\n<p>S\u2019auto-proclamant\u00a0\u00ab\u00a0<em>candidat le plus \u00e9colo<\/em>\u00a0\u00bb, C\u00e9dric Villani souhaiterait augmenter de 50 % les aides \u00e0 l\u2019achat d\u2019un v\u00e9hicule \u00e9lectrique. Pour combiner innovation et \u00e9cologie, le scientifique promet la mise en place d\u2019un concours \u00ab\u00a0<em>Green Tech<\/em>\u00a0\u00bb dans l\u2019optique de stimuler la recherche.<br \/>Alliant deux de ses passions les maths et la musique, l\u2019intellectuel sugg\u00e8re la cr\u00e9ation d\u2019une r\u00e9sidence, la \u00ab<em>\u00a0Fabrique civique<\/em>\u00a0\u00bb, sur l\u2019\u00eele de la Cit\u00e9, dans laquelle artistes et scientifiques se rassembleraient autour de l\u2019innovation technologique.<br \/>Plus ludique et accessible,\u00a0C\u00e9dric Villani propose aussi de d\u00e9velopper une application mobile \u00ab\u00a0Paris et son histoire\u00a0\u00bb pour vivre en r\u00e9alit\u00e9 augment\u00e9e le pass\u00e9 de la capitale fran\u00e7aise. Il veut d\u2019ailleurs faire de la Ga\u00eet\u00e9 Lyrique un laboratoire d\u2019innovation. Enfin, plus ambitieux, il souhaite constituer un jumeau num\u00e9rique de la ville&#8230;\u00a0<\/p>\n<p>Une autre des mesures phares du candidat est\u00a0la r\u00e9daction d\u2019une charte compos\u00e9e de sept principes \u00ab\u00a0<em>pour ne plus subir les choix des acteurs du num\u00e9rique<\/em>\u00a0\u00bb. Il s\u2019agirait par exemple d\u2019encadrer l\u2019usage des donn\u00e9es des habitants ou encore de minimiser l\u2019impact environnemental des technologies num\u00e9riques. Une invitation \u00e0 \u00ab<em>\u00a0co-construire<\/em>\u00a0\u00bb la ville du future.\u00a0<\/p>\n<p><strong>Source<\/strong> : <a href=\"https:\/\/www.datipourparis.com\/propositions\" target=\"_blank\" rel=\"noopener noreferrer\">Dati pour Paris<\/a>, <a href=\"https:\/\/www.datipourparis.com\/propositions\" target=\"_blank\" rel=\"noopener noreferrer\">Paris en commun<\/a>, <a href=\"https:\/\/ensemble.paris\/c\/256\/mon-projet-pour-paris\" target=\"_blank\" rel=\"noopener noreferrer\">Paris ensemble<\/a>, <a href=\"https:\/\/ecologieparis.fr\/notre-plan-pour-paris\/\" target=\"_blank\" rel=\"noopener noreferrer\">L&rsquo;\u00e9cologie pour Paris<\/a>\u00a0&amp;\u00a0<a href=\"https:\/\/www.cedricvillani.paris\/programme-cedric-villani\/\" target=\"_blank\" rel=\"noopener noreferrer\">Villani pour un nouveau Paris<\/a>.\u00a0<\/p>\n<\/p><\/div>\n<p><script>\n         !function(f,b,e,v,n,t,s){if(f.fbq)return;n=f.fbq=function()\n         {n.callMethod? n.callMethod.apply(n,arguments):n.queue.push(arguments)}\n         ;if(!f._fbq)f._fbq=n;\n             n.push=n;n.loaded=!0;n.version='2.0';n.queue=[];t=b.createElement(e);t.async=!0;\n             t.src=v;s=b.getElementsByTagName(e)[0];s.parentNode.insertBefore(t,s)}(window,\n                 document,'script','https:\/\/connect.facebook.net\/en_US\/fbevents.js');\n         fbq('init', '1065890633454496');\n         fbq('track', 'PageView');\n     <\/script><br \/>\n<br \/>[ad_2]<br \/>\n<br \/><a href=\"https:\/\/www.01net.com\/actualites\/municipales-decouvrez-les-propositions-numeriques-des-cinq-principaux-candidats-a-paris-1870774.html\">Source link <\/a><\/p>\n","protected":false},"excerpt":{"rendered":"<p>[ad_1] D\u2019apr\u00e8s le dernier sondage d\u2019Harris Interactive, les pr\u00e9occupations principales des Parisiens pour les \u00e9lections municipales sont la propret\u00e9 (54 &hellip; <a href=\"http:\/\/www.affinite.fr\/index.php\/2020\/03\/12\/decouvrez-les-propositions-numeriques-des-cinq-principaux-candidats-a-paris\/\" class=\"more-link\">Plus <span class=\"screen-reader-text\">d\u00e9couvrez les propositions num\u00e9riques des cinq principaux candidats \u00e0 Paris<\/span> <span class=\"meta-nav\">&rarr;<\/span><\/a><\/p>\n","protected":false},"author":1,"featured_media":533,"comment_status":"open","ping_status":"open","sticky":false,"template":"","format":"standard","meta":{"_sitemap_exclude":false,"_sitemap_priority":"","_sitemap_frequency":"","footnotes":""},"categories":[1],"tags":[],"class_list":["post-532","post","type-post","status-publish","format-standard","has-post-thumbnail","hentry","category-tous"],"_links":{"self":[{"href":"http:\/\/www.affinite.fr\/index.php\/wp-json\/wp\/v2\/posts\/532"}],"collection":[{"href":"http:\/\/www.affinite.fr\/index.php\/wp-json\/wp\/v2\/posts"}],"about":[{"href":"http:\/\/www.affinite.fr\/index.php\/wp-json\/wp\/v2\/types\/post"}],"author":[{"embeddable":true,"href":"http:\/\/www.affinite.fr\/index.php\/wp-json\/wp\/v2\/users\/1"}],"replies":[{"embeddable":true,"href":"http:\/\/www.affinite.fr\/index.php\/wp-json\/wp\/v2\/comments?post=532"}],"version-history":[{"count":0,"href":"http:\/\/www.affinite.fr\/index.php\/wp-json\/wp\/v2\/posts\/532\/revisions"}],"wp:featuredmedia":[{"embeddable":true,"href":"http:\/\/www.affinite.fr\/index.php\/wp-json\/wp\/v2\/media\/533"}],"wp:attachment":[{"href":"http:\/\/www.affinite.fr\/index.php\/wp-json\/wp\/v2\/media?parent=532"}],"wp:term":[{"taxonomy":"category","embeddable":true,"href":"http:\/\/www.affinite.fr\/index.php\/wp-json\/wp\/v2\/categories?post=532"},{"taxonomy":"post_tag","embeddable":true,"href":"http:\/\/www.affinite.fr\/index.php\/wp-json\/wp\/v2\/tags?post=532"}],"curies":[{"name":"wp","href":"https:\/\/api.w.org\/{rel}","templated":true}]}}