{"id":5316,"date":"2020-10-01T20:59:51","date_gmt":"2020-10-01T20:59:51","guid":{"rendered":"https:\/\/www.affinite.fr\/index.php\/2020\/10\/01\/il-etait-une-fois-la-patisserie-49\/"},"modified":"2020-10-01T20:59:51","modified_gmt":"2020-10-01T20:59:51","slug":"il-etait-une-fois-la-patisserie-49","status":"publish","type":"post","link":"http:\/\/www.affinite.fr\/index.php\/2020\/10\/01\/il-etait-une-fois-la-patisserie-49\/","title":{"rendered":"Il \u00e9tait une fois la p\u00e2tisserie"},"content":{"rendered":"<p> [ad_1]<br \/>\n<\/p>\n<div id=\"post-body-5343997437984619011\" itemprop=\"articleBody\">\n<div style=\"text-align: left;\" trbidi=\"on\">\nLe mois d&rsquo;octobre est engag\u00e9 et l&rsquo;automne bien install\u00e9. Voici environ <span style=\"font-size: large;\"><b>80 recettes avec les <a href=\"http:\/\/www.affinite.fr\/index.php\/2023\/07\/29\/valoriser-ses-invendus-une-demarche-ecologique-et-rentable-pour-les-marchands-de-fruits\/\">fruits<\/a> et l\u00e9gumes d&rsquo;octobre<\/b><\/span>, pour p\u00e2tisser de saison !<\/p>\n<p><img decoding=\"async\" alt=\"recette fruits octobre\" border=\"0\" class=\"photo\" data-original-height=\"417\" data-original-width=\"650\" src=\"https:\/\/2.bp.blogspot.com\/-Crxk7JDo5g0\/W-1IG8Sat5I\/AAAAAAAA140\/is24vGZuPM8SkjmEeoX9MwcASMEM1wJrgCLcBGAs\/s1600\/gateau-aux-pommes-%25C3%25A0-la-po%25C3%25AAle.jpg\" title=\"fruits octobre france\"\/><\/p>\n<p>Cliquez sur le titre des recettes pour acc\u00e9der \u00e0 celles-ci.<\/p>\n<h3>\nCarotte<\/h3>\n<p>\nEt oui, on trouve aussi des carottes dans les <b>p\u00e2tisseries <\/b>(bon ok, \u00e7a reste rare ;))<\/p>\n<h3>\nCourge<\/h3>\n<p>\nJ&rsquo;adore les courges mais mes filles beaucoup moins ! La solution : en faire des g\u00e2teaux !<a href=\"https:\/\/www.iletaitunefoislapatisserie.com\/2014\/10\/pumkin-cake-cake-au-potimarron-philadelphia.html\" target=\"_blank\" rel=\"noopener noreferrer\"><img decoding=\"async\" alt=\"recette fruits et l\u00e9gumes octobre\" border=\"0\" src=\"https:\/\/3.bp.blogspot.com\/-B_iKXTcK5Ts\/VEgL0Wr703I\/AAAAAAAAFOQ\/YjH9jZtE_HM\/s1600\/cake-potimarron-fromage.jpg\" title=\"fruits et l\u00e9gumes octobre\"\/><\/a> <\/p>\n<p><!--Dans l'article--><\/p>\n<h3>\nCourgette<\/h3>\n<p>\nOn en trouve encore en octobre, alors on en profite pour tester le fameux :<br \/>\n<br \/><a href=\"https:\/\/www.iletaitunefoislapatisserie.com\/2015\/08\/gateau-au-chocolat-courgette-sans-beurre.html\" target=\"_blank\" rel=\"noopener noreferrer\"><img decoding=\"async\" alt=\"que faire fruits et l\u00e9gumes septembre\" border=\"0\" data-original-height=\"759\" data-original-width=\"640\" src=\"https:\/\/1.bp.blogspot.com\/-xyzZmKPhyLc\/XVvFtKGoc7I\/AAAAAAABFRA\/eagW9HHmzZoORWfk09Smbg0KvMeMwqZSACLcBGAs\/s1600\/gateau-chocolat-courgette-facile.jpg\" title=\"fruits et l\u00e9gumes septembre\"\/><\/a><\/p>\n<h3>\nCoing<\/h3>\n<p>\nOn pense peu \u00e0 l&rsquo;utiliser dans les g\u00e2teaux, et pourtant c&rsquo;est d\u00e9licieux !<\/p>\n<h3>\nFigue<\/h3>\n<p>\nLa <b>saison <\/b>de la figue passe tellement vite que j&rsquo;ai rarement le<br \/>\ntemps de faire des recettes avec. Pourtant j&rsquo;aime tellement \u00e7a !<\/p>\n<div style=\"text-align: center;\"><img decoding=\"async\" alt=\"recettes dessert octobre\" border=\"0\" class=\"photo\" data-original-height=\"448\" data-original-width=\"650\" src=\"https:\/\/1.bp.blogspot.com\/-szLupQtHLME\/X22kEtUezTI\/AAAAAAABU9k\/mJqvfDchTzMfYYiOBzUSZqtun2jchGQ8wCLcBGAsYHQ\/s16000\/gateau-figue.jpg\" title=\"gateau octobre\"\/><\/div>\n<p><\/p>\n<h3>\nNoisette<\/h3>\n<p>\nLe fruit typique de l&rsquo;automne : la noisette ! Et c&rsquo;est tant mieux car on peut en faire du pralin\u00e9, et \u00e7a c&rsquo;est vraiment trop bon \ud83d\ude42<br \/><a href=\"https:\/\/www.iletaitunefoislapatisserie.com\/2018\/09\/le-paris-brest-traditionnel-individuel.html\" target=\"_blank\" rel=\"noopener noreferrer\"><img decoding=\"async\" alt=\"fruits du mois octobre\" border=\"0\" class=\"photo\" data-original-height=\"453\" data-original-width=\"650\" src=\"https:\/\/4.bp.blogspot.com\/-3QKwu2R0W8w\/W5eV7Q4sjII\/AAAAAAAAxEM\/ZmGwU_8wJCIs0vA-liD5RymIbcgXK1ZLwCLcBGAs\/s1600\/Paris-brest-traditionnel.jpg\" title=\"fruits saison automne\"\/><\/a> <\/p>\n<h3>\nNoix<\/h3>\n<p>\nSi vous n&rsquo;aimez pas les noix, avez-vous essay\u00e9 de les <b>torr\u00e9fier <\/b>(c&rsquo;est-\u00e0-dire de les griller) ? \u00c7a change tout ! Elles deviennent croustillantes et leur go\u00fbt est d\u00e9cupl\u00e9.<\/p>\n<p><\/p>\n<div style=\"text-align: center;\">\n<a href=\"https:\/\/www.iletaitunefoislapatisserie.com\/2015\/11\/le-krantz-cake.html\" target=\"_blank\" rel=\"noopener noreferrer\"><img decoding=\"async\" alt=\"patisserie fruits octobre\" border=\"0\" src=\"https:\/\/4.bp.blogspot.com\/-QZ1ghZPiBNY\/VknxHhtq-cI\/AAAAAAAAIqM\/AradwJ0g6BY\/s16000\/IMG_2184.JPG\" title=\"recette fruits octobre\"\/><\/a> <\/div>\n<p><\/p>\n<h3>\nPoire<\/h3>\n<p>\nFra\u00eeche ou en conserve, la poire se consomme sous diff\u00e9rentes vari\u00e9t\u00e9s, et sa douceur ne sera que trop vous plaire dans les desserts suivants :<br \/>\n<a href=\"https:\/\/www.iletaitunefoislapatisserie.com\/2018\/12\/verrines-legeres-poire-pain-depices.html\" target=\"_blank\" rel=\"noopener noreferrer\"><img decoding=\"async\" alt=\"fruits automne recettes\" border=\"0\" data-original-height=\"433\" data-original-width=\"650\" src=\"https:\/\/4.bp.blogspot.com\/-dBH7I7tvg3A\/W__qc3qhnII\/AAAAAAAA2zk\/YARHr-YsXKIIcCC6KinxYuIUiX6cFv-pgCLcBGAs\/s1600\/verrines-poire-pain-depices.jpg\" title=\"recettes octobre saison\"\/><\/a><\/p>\n<h3>\nLa pomme<\/h3>\n<p>\nLa <b>pomme <\/b>est une reine en p\u00e2tisserie, crue ou cuite, on la retrouve sous de nombreuses formes comme : les tartes, les feuillet\u00e9s, les cakes, ou bien les compotes, les desserts \u00e0 base de pomme sont toujours d\u00e9licieux.<\/p>\n<p>Voici ma s\u00e9lection de <b>desserts <\/b>:<\/p>\n<div style=\"text-align: center;\">\n<a href=\"https:\/\/www.iletaitunefoislapatisserie.com\/2018\/02\/layer-cake-pomme-cannelle.html\" target=\"_blank\" rel=\"noopener noreferrer\"><img decoding=\"async\" alt=\"fruits octobre recettes\" border=\"0\" class=\"photo\" data-original-height=\"975\" data-original-width=\"650\" src=\"https:\/\/4.bp.blogspot.com\/-iKTt_qotThw\/WohLVO4AM8I\/AAAAAAAAjgQ\/SqIQmXp2FIQ8BmTIP07bnmP_6yxziMzygCLcBGAs\/s1600\/gateau-pomme-cannelle.jpg\" title=\"recettes octobre\"\/><\/a> <\/div>\n<\/div>\n<\/div>\n<p>[ad_2]<br \/>\n<br \/><a href=\"https:\/\/www.iletaitunefoislapatisserie.com\/2019\/10\/fruits-et-legumes-doctobre-80-recettes.html\">Source link <\/a><\/p>\n","protected":false},"excerpt":{"rendered":"<p>[ad_1] Le mois d&rsquo;octobre est engag\u00e9 et l&rsquo;automne bien install\u00e9. Voici environ 80 recettes avec les fruits et l\u00e9gumes d&rsquo;octobre, &hellip; <a href=\"http:\/\/www.affinite.fr\/index.php\/2020\/10\/01\/il-etait-une-fois-la-patisserie-49\/\" class=\"more-link\">Plus <span class=\"screen-reader-text\">Il \u00e9tait une fois la p\u00e2tisserie<\/span> <span class=\"meta-nav\">&rarr;<\/span><\/a><\/p>\n","protected":false},"author":1,"featured_media":5317,"comment_status":"open","ping_status":"open","sticky":false,"template":"","format":"standard","meta":{"_sitemap_exclude":false,"_sitemap_priority":"","_sitemap_frequency":"","footnotes":""},"categories":[1],"tags":[],"class_list":["post-5316","post","type-post","status-publish","format-standard","has-post-thumbnail","hentry","category-tous"],"_links":{"self":[{"href":"http:\/\/www.affinite.fr\/index.php\/wp-json\/wp\/v2\/posts\/5316"}],"collection":[{"href":"http:\/\/www.affinite.fr\/index.php\/wp-json\/wp\/v2\/posts"}],"about":[{"href":"http:\/\/www.affinite.fr\/index.php\/wp-json\/wp\/v2\/types\/post"}],"author":[{"embeddable":true,"href":"http:\/\/www.affinite.fr\/index.php\/wp-json\/wp\/v2\/users\/1"}],"replies":[{"embeddable":true,"href":"http:\/\/www.affinite.fr\/index.php\/wp-json\/wp\/v2\/comments?post=5316"}],"version-history":[{"count":0,"href":"http:\/\/www.affinite.fr\/index.php\/wp-json\/wp\/v2\/posts\/5316\/revisions"}],"wp:featuredmedia":[{"embeddable":true,"href":"http:\/\/www.affinite.fr\/index.php\/wp-json\/wp\/v2\/media\/5317"}],"wp:attachment":[{"href":"http:\/\/www.affinite.fr\/index.php\/wp-json\/wp\/v2\/media?parent=5316"}],"wp:term":[{"taxonomy":"category","embeddable":true,"href":"http:\/\/www.affinite.fr\/index.php\/wp-json\/wp\/v2\/categories?post=5316"},{"taxonomy":"post_tag","embeddable":true,"href":"http:\/\/www.affinite.fr\/index.php\/wp-json\/wp\/v2\/tags?post=5316"}],"curies":[{"name":"wp","href":"https:\/\/api.w.org\/{rel}","templated":true}]}}