{"id":5314,"date":"2020-10-01T17:19:18","date_gmt":"2020-10-01T17:19:18","guid":{"rendered":"https:\/\/www.affinite.fr\/index.php\/2020\/10\/01\/chiffres-et-annonces-dolivier-veran\/"},"modified":"2020-10-01T17:19:18","modified_gmt":"2020-10-01T17:19:18","slug":"chiffres-et-annonces-dolivier-veran","status":"publish","type":"post","link":"http:\/\/www.affinite.fr\/index.php\/2020\/10\/01\/chiffres-et-annonces-dolivier-veran\/","title":{"rendered":"chiffres et annonces d&rsquo;Olivier V\u00e9ran"},"content":{"rendered":"<p> [ad_1]<br \/>\n<\/p>\n<p>\n                CORONAVIRUS EN DIRECT. La situation \u00e9pid\u00e9mique li\u00e9e au Covid-19\u00a0s&rsquo;aggrave en France. Des mesures restrictives pourraient \u00eatre mises en place d\u00e8s lundi \u00e0 Paris et en petite couronne, mais aussi \u00e0 Lille, Lyon, Grenoble, Toulouse et Saint-Etienne si la situation ne s&rsquo;am\u00e9liore pas, pr\u00e9vient Olivier V\u00e9ran, jeudi 1er octobre.            <\/p>\n<div>\n<aside class=\"ccmsummary marqueur_module ccmcss_cms_summary ccmcss_cms_summary--right\">\n<p>\u00a0Sommaire<\/p>\n<\/aside>\n<p><strong>[Mis\u00a0\u00e0 jour le jeudi 1er octobre \u00e0 18h44]<\/strong>\u00a0En France, l&rsquo;\u00e9pid\u00e9mie continue sa progression. Pire <em>\u00ab\u00a0nous sommes dans une <strong>phrase d&rsquo;aggravation\u00a0\u00bb<\/strong><\/em> annonce Olivier V\u00e9ran lors de sa <a href=\"http:\/\/twitter.com\/MinSoliSante\/status\/1311698700121628673\" target=\"_blank\" rel=\"noopener noreferrer\">conf\u00e9rence de presse<\/a> du jeudi 1er octobre.\u00a0La situation se d\u00e9grade\u00a0surtout dans 5 m\u00e9tropoles : <strong>Lille, Lyon, Grenoble, Toulouse, Saint-Etienne. <\/strong>L&rsquo;incidence du virus est \u00e9lev\u00e9e, le taux d&rsquo;occupation en r\u00e9animation s&rsquo;\u00e9l\u00e8ve \u00e0 25% (30% \u00e9tant le seuil d&rsquo;alerte). <em>\u00ab\u00a0Nous pourrions \u00eatre conduits la semaine prochaine \u00e0 placer ces territoires en zone d&rsquo;alerte maximale\u00a0\u00bb <\/em>a pr\u00e9venu Olivier V\u00e9ran.\u00a0Une <strong>d\u00e9gradation <\/strong>est aussi visible \u00e0<strong> Paris et en petite couronne<\/strong>\u00a0<em>\u00ab\u00a0depuis quelques heures\u00a0\u00bb. <\/em>Ces zones pourraient \u00eatre plac\u00e9es en zone d&rsquo;alerte maximale d\u00e8s lundi s&rsquo;il n&rsquo;y a pas d&rsquo;am\u00e9lioration ce qui entra\u00eenerait notamment la fermeture totale des bars. Les indicateurs vont \u00eatre r\u00e9examin\u00e9s dimanche. Lors de sa conf\u00e9rence de presse, le ministre a pr\u00e9cis\u00e9 qu&rsquo;actuellement<strong> 10 malades Covid-19 en contaminent 13<\/strong> (ce chiffre \u00e9tait \u00e0 30 lors de la premi\u00e8re vague) et que <strong>le nombre de malades double tous les 15 jours<\/strong> (contre tous les 3 jours lors de la premi\u00e8re vague).\u00a0Il rapporte un <strong><em>\u00ab\u00a0d\u00e9but d&#8217;embellissement\u00a0\u00bb <\/em>\u00e0 Marseille, Nice et Bordeaux<\/strong>\u00a0o\u00f9 des mesures strictes ont \u00e9t\u00e9 mises en place. Des points hebdomadaires avec le Pr J\u00e9r\u00f4me Salomon, Directeur g\u00e9n\u00e9ral de la Sant\u00e9, vont \u00eatre remis en place, comme c&rsquo;\u00e9tait le cas au d\u00e9but de l&rsquo;\u00e9pid\u00e9mie en France, a indiqu\u00e9 Olivier V\u00e9ran. Nombre de cas, d\u00e9c\u00e8s, <strong>personnes en r\u00e9animation<\/strong>,\u00a0<a href=\"https:\/\/sante.journaldesfemmes.fr\/fiches-maladies\/2636717-cluster-covid-coronavirus-france-definition-carte-aujourd-hui-paris-ile-de-france-club-sport-lyon-ehpad-ecole\/\" target=\"_blank\" rel=\"noopener noreferrer\">clusters<\/a>,\u00a0<a href=\"https:\/\/sante.journaldesfemmes.fr\/fiches-maladies\/2629823-r0-taux-reproduction-coronavirus-covid-france-carte-definition-comment-est-il-calcule\/\" target=\"_blank\" rel=\"noopener noreferrer\">R0 en France<\/a>&#8230; Chiffres du jour.<\/p>\n<p><u><b>Derni\u00e8res infos en direct :<\/b><\/u><\/p>\n<ul>\n<li><em>\u00ab\u00a0Pour 10\u00a0malades en r\u00e9animation, 3\u00a0ont moins de 65\u00a0ans\u00a0\u00bb <\/em>indique Olivier V\u00e9ran lors de sa conf\u00e9rence de presse du 1er octobre \u00e0 l&rsquo;h\u00f4pital Bichat. <em>\u00ab\u00a0Parmi les 15\u00a0000\u00a0malades diagnostiqu\u00e9s aujourd&rsquo;hui, 75\u00a0\u00e0 150\u00a0iront en r\u00e9animation et presqu&rsquo;autant en d\u00e9c\u00e8deront\u00a0\u00bb.<\/em><\/li>\n<li>Un <strong>seuil de 30% de patients Covid-19 en r\u00e9animation est d\u00e9j\u00e0 un seuil d&rsquo;alerte<\/strong>, comme c&rsquo;est le cas en <strong>Auvergne-Rh\u00f4ne-Alpes<\/strong> et en <strong>Provence-Alpes-C\u00f4tes d&rsquo;Azur,<\/strong> indique le Pr Arnaud Fontanet \u00e9galement pr\u00e9sent \u00e0 la conf\u00e9rence d&rsquo;Olivier V\u00e9ran.<\/li>\n<li>Dans les <strong>Hauts-de France<\/strong>, <em>\u00ab\u00a0les seuils d&rsquo;alerte vont \u00eatre atteints rapidement, il faut agir\u00a0vite dans cette r\u00e9gion\u00a0\u00bb, <\/em>pr\u00e9vient le Pr Fontanet.<\/li>\n<li>En <strong>Ile-de-France<\/strong>,<em> \u00ab\u00a0les seuils sont au-dessus attention, il est urgent d&rsquo;agir\u00a0\u00bb, <\/em>poursuit le Pr Fontanet.<\/li>\n<li><strong>Bordeaux, Nice et Marseille<\/strong> : la situation s&rsquo;am\u00e9liore.<\/li>\n<li><strong>Lille, Lyon, Grenoble, Toulouse, Saint-Etienne<\/strong> : la situation se d\u00e9grade.\u00a0L&rsquo;incidence du virus est \u00e9lev\u00e9, le taux d&rsquo;occupation en r\u00e9animation s&rsquo;\u00e9l\u00e8ve \u00e0 25% (30% \u00e9tant le seuil d&rsquo;alerte). <em>\u00ab\u00a0Nous pourrions \u00eatre conduit la semaine prochaine \u00e0 placer ces territoires en zone d&rsquo;alerte maximale\u00a0\u00bb <\/em>a pr\u00e9venu Olivier V\u00e9ran.\u00a0<\/li>\n<li><strong>Paris et petite couronne.\u00a0<\/strong>Une <strong>d\u00e9gradation <\/strong>est manifeste au niveau des indicateurs suivis (taux d&rsquo;incidence, r\u00e9animation)\u00a0\u00e0<strong> Paris et en petite couronne<\/strong>\u00a0<em>\u00ab\u00a0depuis quelques heures\u00a0\u00bb. <\/em>Ces zones pourraient \u00eatre plac\u00e9es en zone d&rsquo;alerte maximale d\u00e8s lundi, les indicateurs vont \u00eatre r\u00e9examin\u00e9s dimanche<em>. <strong>\u00ab\u00a0Plus de f\u00eates de famille, de soir\u00e9es, fermeture totale des bars\u00a0\u00bb <\/strong><\/em>ont \u00e9t\u00e9 cit\u00e9s parmi les mesures possibles \u00e0 partir de lundi si les indicateurs restent mauvais, a d\u00e9taill\u00e9 Olivier V\u00e9ran.<\/li>\n<li><strong>Tests<\/strong>. 75% des tests sont rendus en moins de 48 heures, annonce Olivier V\u00e9ran.<\/li>\n<li><strong>Cas contact \u00e0 risque. <\/strong>Les personnes reconnues par l&rsquo;Assurance Maladie comme \u00ab\u00a0cas contact \u00e0 risque\u00a0\u00bb pourront demander un arr\u00eat de travail directement en ligne sur le site d&rsquo;Ameli.fr \u00e0 partir du 3 octobre.<\/li>\n<li><strong>Fermeture d&rsquo;un lyc\u00e9e dans les Landes.\u00a0<\/strong>Le lyc\u00e9e agricole de Saubrigues (Landes) va fermer \u00e0 partir ce jeudi soir et jusqu&rsquo;au 11\u00a0octobre, en raison de la\u00a0<strong>contamination<\/strong>\u00a0de 12\u00a0\u00e9l\u00e8ves et d&rsquo;un enseignant au coronavirus, apprend ce jeudi <a href=\"https:\/\/www.francebleu.fr\/infos\/sante-sciences\/coronavirus-dans-les-landes-fermeture-du-lycee-agricole-de-saubrigues-apres-13-cas-positifs-1601546735\" target=\"_blank\" rel=\"noopener noreferrer\">France Bleu Gascogne<\/a>. Une op\u00e9ration de d\u00e9pistage est en cours, de nouveaux cas positifs pourraient \u00eatre confirm\u00e9s dans les prochains jours.<\/li>\n<li><strong>Strasbourg ne passera pas en zone \u00e0 risque. <\/strong>Selon <a href=\"https:\/\/www.francebleu.fr\/infos\/sante-sciences\/coronavirus-strasbourg-ne-passera-pas-en-alerte-renforcee-1601540749\" target=\"_blank\" rel=\"noopener noreferrer\">France Bleu<\/a>, Strasbourg\u00a0ne passera pas en alerte renforc\u00e9e jeudi 1er octobre. La circulation du virus reste contenue. Les arr\u00eat\u00e9s sur le port du masque en ext\u00e9rieur sont prolong\u00e9s jusqu&rsquo;au 15\u00a0octobre dans les 13\u00a0villes du Bas-Rhin de plus de 10\u00a0000\u00a0habitants.<\/li>\n<li><strong>La France, zone \u00e0 risque pour l&rsquo;Allemagne.\u00a0<\/strong>L&rsquo;Allemagne a ajout\u00e9 la France \u00e0 la liste des zones consid\u00e9r\u00e9es \u00e0 risque en raison du nombre \u00e9lev\u00e9 de contaminations au coronavirus, \u00e0 la seule exception de la r\u00e9gion du Grand-Est.<\/li>\n<li><strong>Recherche de volontaires pour tester de possibles vaccins en France. <\/strong>L&rsquo;<a href=\"https:\/\/sante.journaldesfemmes.fr\/maladies\/2663635-volontaires-france-tester-vaccin-covid-19-inserm-covireivac-inscription\/\" target=\"_blank\" rel=\"noopener noreferrer\">Inserm a lanc\u00e9 une plateforme le 1er octobre, CoviReivac, afin d&rsquo;inviter 25 000 Fran\u00e7ais volontaires \u00e0 s&rsquo;inscrire pour participer \u00e0 des essais cliniques<\/a> de grande ampleur sur des candidats vaccins au Covid-19.<\/li>\n<li><strong>Les salles de sport vont pouvoir rouvrir \u00e0 Rennes.<\/strong>\u00a0La justice suspend jeudi l&rsquo;arr\u00eat\u00e9 pr\u00e9fectoral sur la fermeture des salles de sport \u00e0 Rennes pr\u00e9vue\u00a0sur le territoire de Rennes M\u00e9tropole jusqu&rsquo;au 10\u00a0octobre 2020.<\/li>\n<li><strong>La pand\u00e9mie encore tr\u00e8s forte en Guadeloupe.<\/strong>\u00a01\u00a0000\u00a0cas par semaine et 15\u00a0nouveaux d\u00e9c\u00e8s sont recens\u00e9s en Guadeloupe.\u00a0La Guadeloupe, plac\u00e9e depuis une semaine en \u00a0\u00bb zone d&rsquo;alerte maximale \u00ab\u00a0, reste \u00a0\u00bb tr\u00e8s nettement au-dessus du seuil d&rsquo;alerte, avec un taux d&rsquo;incidence de 278,07\u00a0pour 100\u00a0000\u00a0habitants \u00ab\u00a0, m\u00eame si ce taux est en \u00a0\u00bb l\u00e9g\u00e8re diminution par rapport \u00e0 la semaine \u00a0\u00bb pr\u00e9c\u00e9dente. Le<strong> taux de positivit\u00e9 reste stable, \u00e0 22,71\u00a0%.<\/strong>\u00a0\u00a0<\/li>\n<\/ul>\n<p><a id=\"nouvelles-mesures-covid-france\" name=\"nouvelles-mesures-covid-france\" style=\"font-size: 1.125rem; background-color: rgb(255, 255, 255);\">Quelles sont les nouvelles mesures en France ?<\/a><\/p>\n<p>Le ministre de la Sant\u00e9, Olivier V\u00e9ran, a annonc\u00e9 lors d&rsquo;une conf\u00e9rence de presse du\u00a0mercredi 23 septembre, <strong>une s\u00e9rie de nouvelles mesures restrictives<\/strong> face \u00e0 la reprise de l&rsquo;\u00e9pid\u00e9mie en France. Certaines mesures sont entr\u00e9es en vigueur le\u00a0samedi 26 septembre, d&rsquo;autres le lundi 28 septembre<strong> pour une dur\u00e9e de 2 semaines minimum (au moins jusqu&rsquo;au 11 octobre)<\/strong>. De nouvelles mesures restrictives pourraient <strong>intervenir \u00e0 partir de lundi prochain, 5 octobre,<\/strong> dans les villes de <strong>Paris (et la petite couronne),\u00a0Lille, Lyon, Grenoble, Toulouse et Saint-Etienne <\/strong>si la situation ne s&rsquo;am\u00e9liore pas, a pr\u00e9venu Olivier V\u00e9ran le 1er octobre lors de sa conf\u00e9rence de presse \u00e0 l&rsquo;h\u00f4pital Bichat. Ces villes passeraient alors en \u00ab\u00a0zone d&rsquo;alerte maximale\u00a0\u00bb comme c&rsquo;est le cas pour la Guadeloupe et la m\u00e9tropole Aix-Marseille actuellement.<\/p>\n<div style=\"text-align:center\">\n<figure class=\"image\" style=\"display:inline-block\"><a class=\"fancy\" href=\"https:\/\/img-3.journaldesfemmes.fr\/QtfFLrKb3tteIBh8GQDkBsxRLus=\/1080x\/smart\/16efe45b88f843a59761113f6ab77efb\/ccmcms-jdf\/19016864.jpg\"><img decoding=\"async\" alt=\"classement ville covid\" src=\"https:\/\/img-3.journaldesfemmes.fr\/HdUzwOTyt8aRMQ8F9Q3N42LxEgw=\/600x\/smart\/16efe45b88f843a59761113f6ab77efb\/ccmcms-jdf\/19016864.jpg\"\/><\/a><figcaption data-credit=\"Minist\u00e8re de la Sant\u00e9\" data-legend=\"Classement des territoires en fonction de la circulation du virus au 1er octobre\">Classement des territoires en fonction de la circulation du virus au 1er octobre <small>\u00a9\u00a0Minist\u00e8re de la Sant\u00e9<\/small><\/figcaption><\/figure>\n<\/div>\n<p><strong>En Guadeloupe\u00a0et dans la m\u00e9tropole\u00a0Aix-Marseille (\u00ab\u00a0zones d&rsquo;alerte maximale\u00a0\u00bb) :\u00a0<\/strong><\/p>\n<ul>\n<li>Fermeture totale des bars et restaurants en Guadeloupe, et \u00e0 Aix-en-Provence et Marseille. La vente \u00e0 emporter et la livraison restent possibles. 15 autres communes des Bouches-du-Rh\u00f4ne sont concern\u00e9es par cette restriction entre 22h et 6h du matin, dont Arles, Martigues, La Ciotat, Gardanne&#8230;\u00a0<\/li>\n<li>Fermeture de l&rsquo;ensemble des \u00e9tablissements recevant du public en Guadeloupe, et dans la r\u00e9gion Aix-Marseille, sauf s&rsquo;il existe un protocole sanitaire strict d\u00e9j\u00e0 mis en place, comme dans les th\u00e9\u00e2tres, les mus\u00e9es, les cin\u00e9mas&#8230; Ces lieux culturels qui ne sont pas concern\u00e9s par les mesures de fermeture.<\/li>\n<\/ul>\n<p><strong>A Paris et les d\u00e9partements de la petite couronne (Hauts-de-Seine (92), Seine-Saint-Denis (93) et le Val-de-Marne (94))<\/strong><strong>, Lyon, Lille, Montpellier, Bordeaux, Grenoble, Rennes, Rouen, Saint-Etienne, Toulouse, Nice (\u00ab\u00a0zones d&rsquo;alerte renforc\u00e9e\u00a0\u00bb) :\u00a0<\/strong><\/p>\n<ul>\n<li>Rassemblements limit\u00e9s \u00e0 1000 personnes (simultan\u00e9ment)<\/li>\n<li>Interdiction des grands \u00e9v\u00e9nements d\u00e9clar\u00e9s comme les f\u00eates locales ou les f\u00eates \u00e9tudiantes<\/li>\n<li>Interdiction des rassemblements de plus de 10 personnes dans l&rsquo;espace public (plages, parcs, jardins, digues, for\u00eats, espaces fluviaux, brocantes, vide-greniers, c\u00e9r\u00e9monies&#8230;) depuis le 26 septembre.\u00a0Sont exclues les manifestations revendicatives d\u00e9clar\u00e9es et les c\u00e9r\u00e9monies fun\u00e9raires, les transports en commun et les march\u00e9s alimentaires.<\/li>\n<li>Fermeture anticip\u00e9e des d\u00e9bits de <a href=\"http:\/\/www.affinite.fr\/index.php\/2022\/11\/20\/gros-glacons-pour-les-cocktails\/\">boissons<\/a> (bars et bistrots ayant uniquement une licence IV) \u00e0 22 heures (voire plus t\u00f4t si le Pr\u00e9fet le d\u00e9cide)\u00a0depuis le lundi 28 septembre. Cette mesure ne concerne pas les restaurants ayant une licence de grande restauration qui pourront rester ouverts, \u00e0 condition de respecter un protocole sanitaire strict.<\/li>\n<li>Fermeture des clubs de sport, des salles de sport et des gymnases depuis le 26 septembre sauf pour les activit\u00e9s scolaires et p\u00e9riscolaires et pour les entra\u00eenements des sportifs professionnels de haut niveau. Pr\u00e9cisions : les piscines restent ouvertes dans les conditions habituelles \u00e0 Paris et Rennes, uniquement pour les scolaires, les mineurs et les sportifs de haut niveau \u00e0 Lille et \u00e0 Lyon. Les vestiaires collectifs sont ferm\u00e9s.<\/li>\n<li>Fermeture des salles polyvalentes d\u00e9di\u00e9es aux activit\u00e9s festives et associatives\u00a0depuis le\u00a0lundi 28\u00a0septembre.<\/li>\n<li>Interdiction de la\u00a0 vente d&rsquo;alcool \u00e0 emporter et consommation d&rsquo;alcool sur la voie publique entre 20h et 6h (dans certaines villes comme Paris, Lille ou Toulouse par exemple) depuis le 28 septembre.<\/li>\n<li>Interdiction de la diffusion de musique sur la voie publique ou audible depuis la voie publique de 22h \u00e0 6h (le d\u00e9cret a \u00e9t\u00e9 pris \u00e0 Paris et sa petite couronne, Lille, Toulouse&#8230;) depuis le 28 septembre.<\/li>\n<li>Interdiction d&rsquo;organiser ou de participer \u00e0 un \u00e9v\u00e9nement \u00e0 caract\u00e8re festif ou r\u00e9cr\u00e9atif dans un \u00e9tablissement recevant du public. Particuli\u00e8rement, les f\u00eates de mariage (hors c\u00e9r\u00e9monie civile ou religieuse), les soir\u00e9es \u00e9tudiantes, les \u00e9v\u00e9nements festifs organis\u00e9s dans des lieux sp\u00e9cialement lou\u00e9s pour l&rsquo;occasion.<\/li>\n<\/ul>\n<p><strong>Dans 71\u00a0d\u00e9partements (\u00ab\u00a0zones alerte\u00a0\u00bb) :<\/strong><\/p>\n<ul>\n<li>Rassemblements limit\u00e9s \u00e0 30 personnes dans l&rsquo;espace public (f\u00eates, mariages, tombola, \u00e9v\u00e8nements associatifs, communion, anniversaires). Les salles des f\u00eates et polyvalentes doivent d\u00e9sormais\u00a0respecter cette jauge de 30 personnes.\u00a0<\/li>\n<li>Autorisation des repr\u00e9sentations th\u00e9\u00e2trales, les concerts et tous les rassemblements culturels et artistiques, dans la limite de 1000\u00a0personnes, avec des places assises exclusivement, un espacement entre les tribus et le port du masque.<\/li>\n<li>Distance d&rsquo;un si\u00e8ge entre 2\u00a0personnes ou groupes de moins de 10\u00a0personnes dans les \u00e9tablissements sportifs et culturels.<\/li>\n<\/ul>\n<p>Par ailleurs, dans ces m\u00e9tropoles, le ministre a indiqu\u00e9 que le t\u00e9l\u00e9travail devait \u00eatre favoris\u00e9 autant que possible, en particulier pour les publics vuln\u00e9rables. Il faut \u00e9galement limiter les rassemblements priv\u00e9s, <em>\u00ab\u00a0tous les contacts sociaux sans masque doivent \u00eatre \u00e9vit\u00e9s au maximum\u00a0\u00bb<\/em> a expliqu\u00e9 Olivier V\u00e9ran. Les contrevenants seront verbalis\u00e9s et les \u00e9tablissements recevant du public en infraction avec les r\u00e8gles sanitaires feront syst\u00e9matiquement l&rsquo;objet de proc\u00e9dures administrative pouvant aller jusqu&rsquo;\u00e0 une fermeture.<\/p>\n<p>Le ministre de la Sant\u00e9, Olivier V\u00e9ran, a pr\u00e9sent\u00e9 le 23 septembre, la nouvelle carte de la France d\u00e9coup\u00e9e en <strong>5\u00a0zones <\/strong>selon le taux d&rsquo;incidence qui mesure l&rsquo;intensit\u00e9 de la circulation du virus, le taux d&rsquo;incidence chez les personnes \u00e2g\u00e9es de 65\u00a0ans et + et la part des patients Covid+ dans les r\u00e9animations<strong>.<\/strong><\/p>\n<div style=\"text-align:center\">\n<figure class=\"image\" style=\"display:inline-block\"><a class=\"fancy\" href=\"https:\/\/img-3.journaldesfemmes.fr\/eOCKvLXgMPVR1gUObasakP5EpPA=\/1080x\/smart\/2e4eea428ef34b5ab4ed24b9fc6bedf6\/ccmcms-jdf\/18833240.jpg\" target=\"_blank\" rel=\"noopener noreferrer\"><img decoding=\"async\" alt=\"carte zone d'alerte france covid\" src=\"https:\/\/img-3.journaldesfemmes.fr\/foW18V3T4RCZqTj7kreSZOAXHhE=\/600x\/smart\/2e4eea428ef34b5ab4ed24b9fc6bedf6\/ccmcms-jdf\/18833240.jpg\"\/><\/a><figcaption data-credit=\"Minist\u00e8re de la Sant\u00e9\" data-legend=\"Carte de la France d\u00e9coup\u00e9e par zones d'alerte au 23 septembre 2020\">Carte de la France d\u00e9coup\u00e9e par zones d&rsquo;alerte au 23\u00a0septembre 2020 <small>\u00a9\u00a0Minist\u00e8re de la Sant\u00e9<\/small><\/figcaption><\/figure>\n<\/div>\n<p><strong>\u2192 vert<\/strong> (gris sur la carte) :\u00a032 d\u00e9partements<\/p>\n<p><strong>\u2192 <\/strong><strong>rose : <\/strong>zone en \u00ab\u00a0alerte\u00a0\u00bb car plus de 50 nouveaux cas de Covid-19 pour 100 000 habitants, 71 d\u00e9partements.<\/p>\n<div style=\"text-align:center\">\n<figure class=\"image\" style=\"display:inline-block\"><a class=\"fancy\" href=\"https:\/\/img-3.journaldesfemmes.fr\/r-SBP-a8gfnoONETX15a7p8hVSg=\/1080x\/smart\/33d6e4a63f454aaa8a5e934d4030096f\/ccmcms-jdf\/18833466.jpg\"><img decoding=\"async\" alt=\"carte france covid zone alerte rose\" src=\"https:\/\/img-3.journaldesfemmes.fr\/iiD1H5WSnPYQ-ETHzXY91dxbOFk=\/450x\/smart\/33d6e4a63f454aaa8a5e934d4030096f\/ccmcms-jdf\/18833466.jpg\"\/><\/a><figcaption data-credit=\"Minist\u00e8re de la Sant\u00e9\" data-legend=\"Carte des zones en alerte (couleur rose) en France au 23 septembre 2020\">Carte des zones en alerte (couleur rose) en France au 23 septembre 2020 <small>\u00a9\u00a0Minist\u00e8re de la Sant\u00e9<\/small><\/figcaption><\/figure>\n<\/div>\n<p><strong>\u2192 rouge<\/strong>\u00a0: zone\u00a0en \u00ab\u00a0alerte renforc\u00e9e\u00a0\u00bb car plus de 150<strong>\u00a0<\/strong>nouveaux cas de Covid-19\u00a0pour 100\u00a0000\u00a0habitants et plus de 50 nouveaux chez des personnes de plus de 65 ans.\u00a0Bordeaux Lyon Nice\u00a0Lille Toulouse\u00a0 Saint-Etienne Rennes Rouen Grenoble Montpellier\u00a0Paris\u00a0Hauts-de-Seine\u00a0Seine-Saint-Denis\u00a0Val-De-Marne.<\/p>\n<div style=\"text-align:center\">\n<figure class=\"image\" style=\"display:inline-block\"><a class=\"fancy\" href=\"https:\/\/img-3.journaldesfemmes.fr\/Ux9KB6de6tBHzIuoWigRO4enzGg=\/1080x\/smart\/52446bbf39794340b96ffdfda53814cf\/ccmcms-jdf\/18833528.jpg\"><img decoding=\"async\" alt=\"carte rouge covid d\u00e9partements\" src=\"https:\/\/img-3.journaldesfemmes.fr\/7VueAPGUnSb73CKmuQ9DkF8DTrs=\/450x\/smart\/52446bbf39794340b96ffdfda53814cf\/ccmcms-jdf\/18833528.jpg\"\/><\/a><figcaption data-credit=\"Minist\u00e8re de la Sant\u00e9\" data-legend=\"Carte des zones en alerte renforc\u00e9e (couleur rouge) au 23 septembre 2020\">Carte des zones en alerte renforc\u00e9e (couleur rouge) au 23 septembre 2020 <small>\u00a9\u00a0Minist\u00e8re de la Sant\u00e9<\/small><\/figcaption><\/figure>\n<\/div>\n<p><strong>\u2192 rouge \u00e9carlate<\/strong>\u00a0: zone en \u00ab\u00a0alerte maximale\u00a0\u00bb car plus de 250<strong>\u00a0<\/strong>nouveaux cas de Covid-19\u00a0pour 100\u00a0000\u00a0habitants,\u00a0plus de 100\u00a0nouveaux chez des personnes de plus de 65\u00a0ans et 30% de patients Covid+ en r\u00e9animation. Ce sont \u00e0 date la m\u00e9tropole\u00a0Aix-Marseille et la\u00a0Guadeloupe.<\/p>\n<p><strong>\u2192 noir<\/strong> : zone en<strong>\u00a0<\/strong>\u00e9tat d&rsquo;urgence sanitaire car plus de 250<strong>\u00a0<\/strong>nouveaux cas de Covid-19\u00a0pour 100\u00a0000\u00a0habitants,\u00a0plus de 100\u00a0nouveaux chez des personnes de plus de 65\u00a0ans et 60% de patients Covid+ en r\u00e9animation. Aucun d\u00e9partement n&rsquo;est en noir pour le moment.<\/p>\n<blockquote>\n<p>Pendant la premi\u00e8re vague, 10\u00a0malades en contaminaient 30, contre 13 aujourd&rsquo;hui.\u00a0Tous les 3\u00a0jours environ, le nombre de malades doublaient, contre tous les 15 jours d\u00e9sormais.<\/p>\n<\/blockquote>\n<p>Tous les indicateurs \u00e9pid\u00e9miques sont \u00e0 la hausse en France : les indicateurs de m\u00e9decine de ville, les donn\u00e9es virologiques, les activit\u00e9s hospitali\u00e8res, les clusters ainsi que les d\u00e9c\u00e8s li\u00e9s au COVID-19. L&rsquo;augmentation du nombre de nouveaux cas confirm\u00e9s de COVID-19\u00a0se poursuit : <strong>chez les personnes de 75\u00a0ans et plus, le nombre de cas a \u00e9t\u00e9 multipli\u00e9 par 4\u00a0<\/strong>depuis la mi-ao\u00fbt. Le nombre d&rsquo;\u00e9pisodes signal\u00e9s de COVID-19\u00a0par les \u00e9tablissements m\u00e9dico-sociaux est aussi en hausse. Le taux d&rsquo;incidence (nombre de nouvelles contaminations par semaine) est en hausse constante, le facteur R est au-dessus de 1.\u00a0Selon les derniers chiffres de <a href=\"https:\/\/www.santepubliquefrance.fr\/dossiers\/coronavirus-covid-19\/coronavirus-chiffres-cles-et-evolution-de-la-covid-19-en-france-et-dans-le-monde\" target=\"_blank\" rel=\"noopener noreferrer\">Sant\u00e9 publique France<\/a>, <strong>au mercredi 30\u00a0septembre<\/strong>, la <strong>France <\/strong>fait \u00e9tat de<strong>\u00a012 845\u00a0nouveaux cas de coronavirus\u00a0<\/strong>recens\u00e9s en 24h (surtout chez les jeunes adultes) et<strong>\u00a064 nouveaux d\u00e9c\u00e8s \u00e0 l&rsquo;h\u00f4pital<\/strong><strong>.\u00a0<\/strong>Il est observ\u00e9 une <strong>nette augmentation du nombre de nouveaux clusters<\/strong> d\u00e9tect\u00e9s en France.<\/p>\n<p>\u2022 31 956 personnes sont d\u00e9c\u00e9d\u00e9es en France<\/p>\n<p>\u2022 3 985 nouvelles\u00a0hospitalisations en 7 jours<\/p>\n<p>\u2022 <strong>1 235\u00a0clusters <\/strong>en cours d&rsquo;investigation (+64 en 24 heures)<\/p>\n<p><strong>O\u00f9 en est-on par rapport \u00e0 la premi\u00e8re vague du mois de mars ?\u00a0\u00ab\u00a0On a vu que le coronavirus\u00a0pouvait circuler tr\u00e8s vite, <\/strong>a rappel\u00e9 Olivier V\u00e9ran lors de sa conf\u00e9rence de presse du 1er octobre. <em>Pendant la premi\u00e8re vague, 10\u00a0malades en contaminaient 30, qui la semaine d&rsquo;apr\u00e8s en contaminaient 90&#8230;\u00a0Tous les 3\u00a0jours environ, le nombre de malades doublaient. L&rsquo;\u00e9pid\u00e9mie allait tr\u00e8s vite. Aujourd&rsquo;hui les choses ont chang\u00e9, nous avons appris collectivement \u00e0 lutter contre le coronavirus. Le nombre de malades double tous les 15 jours. 10 malades en contaminent 13.\u00a0\u00bb<\/em><\/p>\n<blockquote>\n<p style=\"text-align: right;\">\u00a0L&rsquo;augmentation de cas chez les personnes \u00e2g\u00e9es est inqui\u00e9tante.<\/p>\n<\/blockquote>\n<blockquote>\n<p style=\"text-align: right;\">\u00a0<\/p>\n<\/blockquote>\n<p>Le nombre de nouvelles contaminations de coronavirus augmente fortement en France. Au 30 septembre, Sant\u00e9 Publique France rapporte un total de<strong>\u00a0563 535\u00a0cas\u00a0confirm\u00e9s<\/strong> de coronavirus depuis le d\u00e9but de la pand\u00e9mie.<strong> 12 845\u00a0de plus<\/strong> sur les derni\u00e8res 24 heures.\u00a0L&rsquo;<strong>augmentation de cas chez les personnes \u00e2g\u00e9es est inqui\u00e9tante<\/strong> car ces personnes sont parmi les plus \u00e0 risque de complication de COVID-19, indique Sant\u00e9 Publique France dans son <a href=\"https:\/\/www.santepubliquefrance.fr\/maladies-et-traumatismes\/maladies-et-infections-respiratoires\/infection-a-coronavirus\/documents\/bulletin-national\/covid-19-point-epidemiologique-du-24-septembre-2020\" target=\"_blank\" rel=\"noopener noreferrer\">point du 24 septembre<\/a>. Sur un total de 67 millions d&rsquo;habitants, cela repr\u00e9sente\u00a0<strong>0,74%.<\/strong> Le <strong>pic \u00e9pid\u00e9mique<\/strong>\u00a0a \u00e9t\u00e9 observ\u00e9 la <strong>semaine du 23-29\u00a0mars<\/strong>, soit une semaine apr\u00e8s la mise en \u0153uvre des mesures de confinement de la population g\u00e9n\u00e9rale, le 17\u00a0mars 2020. Depuis mi-juin, le <strong>nombre de nouveaux cas confirm\u00e9s de COVID-19\u00a0augmente r\u00e9guli\u00e8rement.<\/strong>\u00a0<\/p>\n<h3 style=\"text-align: center;\">Nombre incident de cas confirm\u00e9s de COVID-19\u00a0par semaine, rapport\u00e9s \u00e0 Sant\u00e9 publique France, du 10\u00a0mai au 20\u00a0septembre 2020\u00a0(donn\u00e9es au 23\u00a0septembre 2020)<\/h3>\n<div style=\"text-align:center\">\n<figure class=\"image\" style=\"display:inline-block\"><a class=\"fancy\" href=\"https:\/\/img-3.journaldesfemmes.fr\/bcDUUXcxGdg97OXZoCWK-Wdrg1M=\/1080x\/smart\/37c8cb3bbd01478e9f583d138e65bb9c\/ccmcms-jdf\/18856211.jpg\"><img decoding=\"async\" alt=\"courbe cas covid\" src=\"https:\/\/img-3.journaldesfemmes.fr\/fQt9pZQDKUsQgGySVf4XH1rmfGY=\/600x\/smart\/37c8cb3bbd01478e9f583d138e65bb9c\/ccmcms-jdf\/18856211.jpg\"\/><\/a><figcaption data-credit=\"Sant\u00e9 Publique France\" data-legend=\"Nombre incident de cas confirm\u00e9s de COVID-19 par semaine, rapport\u00e9s \u00e0 Sant\u00e9 publique France, du 10 mai au 20 septembre 2020 (donn\u00e9es au 23 septembre 2020)\">Nombre incident de cas confirm\u00e9s de COVID-19 par semaine, rapport\u00e9s \u00e0 Sant\u00e9 publique France, du 10 mai au 20 septembre 2020 (donn\u00e9es au 23 septembre 2020) <small>\u00a9\u00a0Sant\u00e9 Publique France<\/small><\/figcaption><\/figure>\n<\/div>\n<p style=\"text-align: center;\"><strong>Nombre de cas\u00a0et de personnes-contacts \u00e0 risque identifi\u00e9s par semaine du 13\u00a0mai 2020\u00a0au 20\u00a0septembre 2020\u00a0(source\u00a0: ContactCovid \u2013 Cnam)<\/strong><\/p>\n<div style=\"text-align:center\">\n<figure class=\"image\" style=\"display:inline-block\"><a class=\"fancy\" href=\"https:\/\/img-3.journaldesfemmes.fr\/JUw3QUfplGNDQoriVX4PR28IFJw=\/1080x\/smart\/c1e6b4c53d8948de82e15f0e4b1bb4a0\/ccmcms-jdf\/18961238.png\"><img decoding=\"async\" alt=\"Nombre de cas et de personnes-contacts \u00e0 risque identifi\u00e9s par semaine du 13 mai 2020 au 20 septembre 2020 (source : ContactCovid \u2013 Cnam)\" src=\"https:\/\/img-3.journaldesfemmes.fr\/g77YWAoVrYxLkjf5BfgV5kZNcIY=\/600x\/smart\/c1e6b4c53d8948de82e15f0e4b1bb4a0\/ccmcms-jdf\/18961238.png\"\/><\/a><figcaption data-credit=\"Sant\u00e9 publique France\" data-legend=\"Nombre de cas et de personnes-contacts \u00e0 risque identifi\u00e9s par semaine du 13 mai 2020 au 20 septembre 2020 (source : ContactCovid \u2013 Cnam)\">Nombre de cas et de personnes-contacts \u00e0 risque identifi\u00e9s par semaine du 13 mai 2020 au 20 septembre 2020 (source : ContactCovid \u2013 Cnam) <small>\u00a9\u00a0Sant\u00e9 publique France<\/small><\/figcaption><\/figure>\n<\/div>\n<p>Les notifications de nouvelles admissions en r\u00e9animation continuent d&rsquo;augmenter en France depuis la semaine 28 (6-12 juillet). Au 30 septembre,\u00a0<strong>1238\u00a0personnes sont en\u00a0r\u00e9animation \u00e0 cause du Covid-19<\/strong> (+34\u00a0en 24 heures et +<strong>826\u00a0sur les 7 derniers jours<\/strong>).<em>\u00a0\u00ab\u00a0Pour 10\u00a0malades en r\u00e9animation, 3\u00a0ont moins de 65\u00a0ans\u00a0\u00bb <\/em>indique Olivier V\u00e9ran lors de sa conf\u00e9rence de presse du 1er octobre \u00e0 l&rsquo;h\u00f4pital Bichat. <em>\u00ab\u00a0Parmi les 15 000 malades diagnostiqu\u00e9s aujourd&rsquo;hui, 75 \u00e0 150 iront en r\u00e9animation et presqu&rsquo;autant en d\u00e9c\u00e8deront\u00a0\u00bb.<\/em><\/p>\n<p>\u2022 Le taux hebdomadaire d&rsquo;admissions en r\u00e9animation a augment\u00e9 dans toutes les r\u00e9gions except\u00e9 en Corse, en Provence-Alpes-C\u00f4te d&rsquo;Azur et en Bretagne (taux stables).<\/p>\n<p>\u2022 Les plus fortes augmentations de ces taux par rapport \u00e0 la semaine pr\u00e9c\u00e9dente ont \u00e9t\u00e9 observ\u00e9es en<strong> Bourgogne-Franche-Comt\u00e9<\/strong> et <strong>Pays de la Loire. <\/strong><\/p>\n<p>\u2022 Les <strong>plus forts taux<\/strong> \u00e9taient rapport\u00e9s en <strong>Provence-Alpes-C\u00f4te d&rsquo;Azur<\/strong>, en<strong> Ile-de-France<\/strong>, en <strong>Auvergne-Rh\u00f4ne-Alpes <\/strong>et en <strong>Occitanie<\/strong>.<\/p>\n<p><iframe loading=\"lazy\" height=\"600\" src=\"https:\/\/geodes.santepubliquefrance.fr\/?view=map2&amp;indics=covid_hospit_incid.incid_rea&amp;serie=2020-09-07&amp;lang=fr&amp;iframe=1\" width=\"600\"><\/iframe><\/p>\n<p><strong>Dans les \u00e9tablissements de sant\u00e9,\u00a0le gouvernement a activ\u00e9 plusieurs plans\u00a0:\u00a0<\/strong>le\u00a0<a href=\"https:\/\/sante.journaldesfemmes.fr\/fiches-maladies\/2624681-plan-blanc-hopitaux-france-coronavirus-covid-reactive-paris-ile-de-france-aphp-lyon-hcl-definition-niveau-1\/\" target=\"_blank\" rel=\"noopener noreferrer\">plan blanc <\/a>\u00e9largi g\u00e9n\u00e9ralis\u00e9 (plan de mobilisation interne) depuis le 19\u00a0mars, dans tous les \u00e9tablissements de sant\u00e9 (publics et priv\u00e9s),\u00a0le <a href=\"https:\/\/sante.journaldesfemmes.fr\/fiches-maladies\/2624771-plan-bleu-c-est-quoi-definition-ehpad-coronavirus-covid-exemple\/\" target=\"_blank\" rel=\"noopener noreferrer\">plan bleu<\/a> dans les Ehpad (Etablissement H\u00e9bergeant des Personnes \u00c2g\u00e9es D\u00e9pendantes) le 6\u00a0mars, la<strong>\u00a0<a href=\"https:\/\/sante.journaldesfemmes.fr\/fiches-maladies\/2624921-reserve-sanitaire-covid-france-coronavirus-s-inscrire-salaire-missions-france-reserviste\/\" target=\"_blank\" rel=\"noopener noreferrer\">r\u00e9serve sanitaire<\/a><\/strong>\u00a0et la r\u00e9serve civique (aide alimentaire d&rsquo;urgence, garde exceptionnelle d&rsquo;enfants, lien avec les personnes fragiles isol\u00e9es, solidarit\u00e9 de proximit\u00e9).<\/p>\n<p>Selon les <a href=\"https:\/\/www.gouvernement.fr\/info-coronavirus\/carte-et-donnees\" target=\"_blank\" rel=\"noopener noreferrer\">chiffres communiqu\u00e9s par le gouvernement<\/a>, consolid\u00e9s avec l&rsquo;Agence Sant\u00e9 Publique France et\u00a0les ARS (Agences r\u00e9gionales de Sant\u00e9), voici l&rsquo;\u00e9volution des hospitalisations (dont la r\u00e9animation) et des d\u00e9c\u00e8s\u00a0en France par r\u00e9gion.<\/p>\n<h3 style=\"text-align: center;\">Evolution des hospitalisations (dont en r\u00e9animation) et d\u00e9c\u00e8s \u00e0 l&rsquo;h\u00f4pital du Covid-19\u00a0par r\u00e9gion au 30\u00a0septembre (source\u00a0: Sant\u00e9 publique France)<\/h3>\n<table border=\"1\" cellpadding=\"1\" cellspacing=\"1\" style=\"width:100%;\">\n<thead>\n<tr>\n<th scope=\"col\" style=\"width: 210px;\">R\u00e9gions<\/th>\n<th scope=\"col\" style=\"width: 217px; text-align: center;\">Hospitalisations en cours<\/th>\n<th scope=\"col\" style=\"width: 176px; text-align: center;\">Evolution des nouveaux patients sur les\u00a0 derni\u00e8res 24\u00a0H<\/th>\n<th scope=\"col\" style=\"width: 156px; text-align: center;\">R\u00e9animation Soins intensif<\/th>\n<th scope=\"col\" style=\"width: 160px; text-align: center;\">Evolution des nouveaux patients sur les\u00a0 derni\u00e8res 24\u00a0H<\/th>\n<th scope=\"col\" style=\"width: 220px; text-align: center;\">D\u00e9c\u00e8s<\/th>\n<\/tr>\n<tr>\n<td style=\"width: 210px;\"><b>\u00cele-de-France<\/b><\/td>\n<td style=\"width: 217px;\">2 113<\/td>\n<td style=\"width: 176px;\">+2<\/td>\n<td style=\"width: 156px;\">384<\/td>\n<td style=\"width: 160px;\">-13<\/td>\n<td style=\"width: 220px;\">8 091<\/td>\n<\/tr>\n<tr>\n<td style=\"width: 210px;\"><strong>Grand Est<\/strong><\/td>\n<td style=\"width: 217px;\">269<\/td>\n<td style=\"width: 176px;\">+2<\/td>\n<td style=\"width: 156px;\">38<\/td>\n<td style=\"width: 160px;\">+6<\/td>\n<td style=\"width: 220px;\">3\u00a0738<\/td>\n<\/tr>\n<tr>\n<td style=\"width: 210px;\"><strong>Auvergne-Rh\u00f4ne-Alpes<\/strong><\/td>\n<td style=\"width: 217px;\">837<\/td>\n<td style=\"width: 176px;\">-20<\/td>\n<td style=\"width: 156px;\">147<\/td>\n<td style=\"width: 160px;\">-3<\/td>\n<td style=\"width: 220px;\">1 921<\/td>\n<\/tr>\n<tr>\n<td style=\"width: 210px;\"><strong>Hauts-de-France<\/strong><\/td>\n<td style=\"width: 217px;\">648<\/td>\n<td style=\"width: 176px;\">0<\/td>\n<td style=\"width: 156px;\">109<\/td>\n<td style=\"width: 160px;\">-5<\/td>\n<td style=\"width: 220px;\">2 019<\/td>\n<\/tr>\n<tr>\n<td style=\"width: 210px;\"><strong>Bourgogne-Franche-Comt\u00e9<\/strong><\/td>\n<td style=\"width: 217px;\">120<\/td>\n<td style=\"width: 176px;\">+10<\/td>\n<td style=\"width: 156px;\">28<\/td>\n<td style=\"width: 160px;\">+2<\/td>\n<td style=\"width: 220px;\">1\u00a0083<\/td>\n<\/tr>\n<tr>\n<td style=\"width: 210px;\"><strong>Provence-Alpes-C\u00f4te d&rsquo;Azur<\/strong><\/td>\n<td style=\"width: 217px;\">776<\/td>\n<td style=\"width: 176px;\">-5<\/td>\n<td style=\"width: 156px;\">171<\/td>\n<td style=\"width: 160px;\">-6<\/td>\n<td style=\"width: 220px;\">1 147<\/td>\n<\/tr>\n<tr>\n<td style=\"width: 210px;\"><strong>Occitanie<\/strong><\/td>\n<td style=\"width: 217px;\">419<\/td>\n<td style=\"width: 176px;\">-1<\/td>\n<td style=\"width: 156px;\">130<\/td>\n<td style=\"width: 160px;\">-13<\/td>\n<td style=\"width: 220px;\">597<\/td>\n<\/tr>\n<tr>\n<td style=\"width: 210px;\"><strong>Bretagne<\/strong><\/td>\n<td style=\"width: 217px;\">191<\/td>\n<td style=\"width: 176px;\">-4<\/td>\n<td style=\"width: 156px;\">17<\/td>\n<td style=\"width: 160px;\">+4<\/td>\n<td style=\"width: 220px;\">289<\/td>\n<\/tr>\n<tr>\n<td style=\"width: 210px;\"><strong>Nouvelle-Aquitaine<\/strong><\/td>\n<td style=\"width: 217px;\">317<\/td>\n<td style=\"width: 176px;\">-13<\/td>\n<td style=\"width: 156px;\">56<\/td>\n<td style=\"width: 160px;\">-4<\/td>\n<td style=\"width: 220px;\">500<\/td>\n<\/tr>\n<tr>\n<td style=\"width: 210px;\"><strong><a href=\"http:\/\/www.affinite.fr\/index.php\/2024\/11\/21\/construire-votre-maison-en-normandie\/\">Normandie<\/a><\/strong><\/td>\n<td style=\"width: 217px;\">251<\/td>\n<td style=\"width: 176px;\">-3<\/td>\n<td style=\"width: 156px;\">43<\/td>\n<td style=\"width: 160px;\">+2<\/td>\n<td style=\"width: 220px;\">473<\/td>\n<\/tr>\n<tr>\n<td style=\"width: 210px;\"><strong>Centre Val-de-Loire<\/strong><\/td>\n<td style=\"width: 217px;\">140<\/td>\n<td style=\"width: 176px;\">+11<\/td>\n<td style=\"width: 156px;\">17<\/td>\n<td style=\"width: 160px;\">+2<\/td>\n<td style=\"width: 220px;\">599<\/td>\n<\/tr>\n<tr>\n<td style=\"width: 210px;\"><strong>Pays de la Loire<\/strong><\/td>\n<td style=\"width: 217px;\">184<\/td>\n<td style=\"width: 176px;\">-1<\/td>\n<td style=\"width: 156px;\">21<\/td>\n<td style=\"width: 160px;\">+2<\/td>\n<td style=\"width: 220px;\">511<\/td>\n<\/tr>\n<tr>\n<td style=\"width: 210px;\"><strong>Corse<\/strong><\/td>\n<td style=\"width: 217px;\">26<\/td>\n<td style=\"width: 176px;\">+1<\/td>\n<td style=\"width: 156px;\">4<\/td>\n<td style=\"width: 160px;\">+1<\/td>\n<td style=\"width: 220px;\">65<\/td>\n<\/tr>\n<tr>\n<td style=\"width: 210px;\"><strong>Martinique<\/strong><\/td>\n<td style=\"width: 217px;\">34<\/td>\n<td style=\"width: 176px;\">-2<\/td>\n<td style=\"width: 156px;\">16<\/td>\n<td style=\"width: 160px;\">-1<\/td>\n<td style=\"width: 220px;\">21<\/td>\n<\/tr>\n<tr>\n<td style=\"width: 210px;\"><strong>Guadeloupe<\/strong><\/td>\n<td style=\"width: 217px;\">164<\/td>\n<td style=\"width: 176px;\">-23<\/td>\n<td style=\"width: 156px;\">27<\/td>\n<td style=\"width: 160px;\">-3<\/td>\n<td style=\"width: 220px;\">74<\/td>\n<\/tr>\n<tr>\n<td style=\"width: 210px;\"><strong>La R\u00e9union<\/strong><\/td>\n<td style=\"width: 217px;\">53<\/td>\n<td style=\"width: 176px;\">+3<\/td>\n<td style=\"width: 156px;\">16<\/td>\n<td style=\"width: 160px;\">0<\/td>\n<td style=\"width: 220px;\">21<\/td>\n<\/tr>\n<tr>\n<td style=\"width: 210px;\"><strong>Guyane<\/strong><\/td>\n<td style=\"width: 217px;\">21<\/td>\n<td style=\"width: 176px;\">-1<\/td>\n<td style=\"width: 156px;\">5<\/td>\n<td style=\"width: 160px;\">-1<\/td>\n<td style=\"width: 220px;\">62<\/td>\n<\/tr>\n<tr>\n<td style=\"width: 210px;\"><strong>Mayotte<\/strong><\/td>\n<td style=\"width: 217px;\">9<\/td>\n<td style=\"width: 176px;\">-4<\/td>\n<td style=\"width: 156px;\">3<\/td>\n<td style=\"width: 160px;\">0<\/td>\n<td style=\"width: 220px;\">29<\/td>\n<\/tr>\n<tr>\n<td style=\"width: 210px;\"><strong>TOTAL<\/strong><\/td>\n<td style=\"width: 217px;\"><b>6 590<\/b><\/td>\n<td style=\"width: 176px;\">-48<\/td>\n<td style=\"width: 156px;\"><b>1 238<\/b><\/td>\n<td style=\"width: 160px;\">-30<\/td>\n<td style=\"width: 220px;\"><strong>21 264 (+63)<\/strong><\/td>\n<\/tr>\n<\/thead>\n<\/table>\n<p>Le <strong>premier d\u00e9c\u00e8s <\/strong>du coronavirus est survenu \u00e0 Paris le 14\u00a0f\u00e9vrier 2020, il s&rsquo;agissait d&rsquo;un\u00a0patient chinois de 80\u00a0ans<strong>.<\/strong> Au 30 septembre\u00a02020,<strong>\u00a031 956 personnes sont d\u00e9c\u00e9d\u00e9es\u00a0en France (+64\u00a0en 24 heures)<\/strong>.\u00a0Le nombre hebdomadaire de d\u00e9c\u00e8s est en forte augmentation depuis deux semaines.<\/p>\n<blockquote>\n<p style=\"text-align: right;\">Le nombre hebdomadaire de d\u00e9c\u00e8s en forte augmentation.<\/p>\n<\/blockquote>\n<p><strong>Surtout dans 10\u00a0r\u00e9gions : <\/strong>Bretagne, Centre-Val-de-Loire, Corse, Guadeloupe, Guyane, Ile-de-France, Martinique, Nouvelle-Aquitaine, Occitanie, Normandie. La proportion de d\u00e9c\u00e8s<strong>\u00a0chez les hommes<\/strong>\u00a0est sup\u00e9rieure \u00e0 celle des femmes depuis le d\u00e9but de la pand\u00e9mie (54%). Au moins <strong>92%<\/strong> des cas de COVID-19\u00a0d\u00e9c\u00e9d\u00e9s sont \u00e2g\u00e9s de <strong>65\u00a0ans ou plus. <\/strong>Le nouveau coronavirus aurait caus\u00e9 <strong>entre 25\u00a0000\u00a0et 30\u00a0000\u00a0d\u00e9c\u00e8s suppl\u00e9mentaires en France entre le 2\u00a0mars et le 31\u00a0mai<\/strong>, selon une synth\u00e8se publi\u00e9e par\u00a0<a href=\"https:\/\/www.santepubliquefrance.fr\/les-actualites\/2020\/mortalite-en-france-d-ou-viennent-les-chiffres\" target=\"_blank\" rel=\"noopener noreferrer\">Sant\u00e9 Publique France<\/a>\u00a0le 23\u00a0juillet.<em>\u00a0<\/em><\/p>\n<h3 style=\"text-align: center;\">Nombre quotidien de d\u00e9c\u00e8s certifi\u00e9s par voie \u00e9lectronique, avec une mention de COVID-19\u00a0dans les causes m\u00e9dicales de d\u00e9c\u00e8s, en France, du 1er mars au 21\u00a0septembre 2020\u00a0(donn\u00e9es au 22\u00a0septembre 2020)<\/h3>\n<div style=\"text-align:center\">\n<figure class=\"image\" style=\"display:inline-block\"><a class=\"fancy\" href=\"https:\/\/img-3.journaldesfemmes.fr\/_yyLGzd9gpGbSZ6sgv_rzkgEglg=\/1080x\/smart\/394c5880a32a4c40b4a00eb3503cd8f5\/ccmcms-jdf\/18856362.jpg\"><img decoding=\"async\" alt=\" Nombre quotidien de d\u00e9c\u00e8s certifi\u00e9s par voie \u00e9lectronique, avec une mention de COVID-19 dans les causes m\u00e9dicales de d\u00e9c\u00e8s, en France, du 1er mars au 21 septembre 2020 (donn\u00e9es au 22 septembre 2020)\" src=\"https:\/\/img-3.journaldesfemmes.fr\/_yyLGzd9gpGbSZ6sgv_rzkgEglg=\/1080x\/smart\/394c5880a32a4c40b4a00eb3503cd8f5\/ccmcms-jdf\/18856362.jpg\"\/><\/a><figcaption data-credit=\"Sant\u00e9 Publique France\" data-legend=\" Nombre quotidien de d\u00e9c\u00e8s certifi\u00e9s par voie \u00e9lectronique, avec une mention de COVID-19 dans les causes m\u00e9dicales de d\u00e9c\u00e8s, en France, du 1er mars au 21 septembre 2020 (donn\u00e9es au 22 septembre 2020)\">Nombre quotidien de d\u00e9c\u00e8s certifi\u00e9s par voie \u00e9lectronique, avec une mention de COVID-19 dans les causes m\u00e9dicales de d\u00e9c\u00e8s, en France, du 1er mars au 21 septembre 2020 (donn\u00e9es au 22 septembre 2020) <small>\u00a9\u00a0Sant\u00e9 Publique France<\/small><\/figcaption><\/figure>\n<\/div>\n<h3>\u2022\u00a0<a id=\"coronavirus-france-carte-deces\" name=\"coronavirus-france-carte-deces\">Carte des d\u00e9c\u00e8s en France par d\u00e9partements<\/a><\/h3>\n<p><iframe loading=\"lazy\" height=\"600\" src=\"https:\/\/geodes.santepubliquefrance.fr\/?view=map2&amp;indics=covid_hospit.dc&amp;serie=2020-04-28&amp;f1code=0&amp;lang=fr&amp;iframe=1\" width=\"600\"><\/iframe><\/p>\n<p><iframe loading=\"lazy\" height=\"1000\" src=\"https:\/\/mapthenews.maps.arcgis.com\/apps\/opsdashboard\/index.html#\/bae8aaa7a0b14261b4621c31db410c44\" style=\"border: 0px\" width=\"600\"><\/iframe><\/p>\n<aside id=\"NL_1383363947\" class=\"newsletter_subscription jNlBlock\"><noscript><br \/>\n            <\/noscript><\/p>\n<h3 class=\"newsletter_subscription-title\">Newsletter <\/h3>\n<p><a href=\"\/\/mailing.ccmbg.com\/archive\/last-85\" target=\"_blank\" class=\"a_hover\" rel=\"noopener noreferrer\">Voir un exemple<\/a><\/p>\n<\/aside>\n<p>Les r\u00e9gions les plus touch\u00e9es par la circulation virale sont actuellement la Provence-Alpes-C\u00f4te d&rsquo;Azur et l<strong>&lsquo;Ile-de-France<\/strong>. En <strong>Provence-Alpes-C\u00f4te d&rsquo;Azur,<\/strong> et plus sp\u00e9cifiquement dans les Bouches-du-Rh\u00f4ne, la circulation virale s&rsquo;est intensifi\u00e9e depuis mi-juillet avec un quasi doublement des cas chaque semaine. Au 30\u00a0septembre\u00a02020, <strong>65\u00a0d\u00e9partements <\/strong>ont un nombre de cas de Covid-19 au-dessus du seuil d&rsquo;alerte de 50\/100 000 habitants et sont en niveau de vuln\u00e9rabilit\u00e9 \u00ab\u00a0\u00e9lev\u00e9\u00a0\u00bb.<\/p>\n<h3 style=\"text-align: center;\">Niveau de vuln\u00e9rabilit\u00e9 par d\u00e9partement et \u00e9volution, France, au 30\u00a0septembre 2020<\/h3>\n<div style=\"text-align:center\">\n<figure class=\"image\" style=\"display:inline-block\"><a class=\"fancy\" href=\"https:\/\/img-3.journaldesfemmes.fr\/oQwZCxrzVYloJMX40Wzwx8yEo1E=\/1080x\/smart\/41b31b7ecce8477681873f23f1609e73\/ccmcms-jdf\/19009066.jpg\"><img decoding=\"async\" alt=\"Niveau de vuln\u00e9rabilit\u00e9 par d\u00e9partement et \u00e9volution, France, au 30 septembre 2020\" src=\"https:\/\/img-3.journaldesfemmes.fr\/ZXasglTx_XAGG1NntqASuL-lkGs=\/600x\/smart\/41b31b7ecce8477681873f23f1609e73\/ccmcms-jdf\/19009066.jpg\"\/><\/a><figcaption data-credit=\"Sant\u00e9 Publique France\" data-legend=\"Niveau de vuln\u00e9rabilit\u00e9 par d\u00e9partement et \u00e9volution, France, au 30 septembre 2020\">Niveau de vuln\u00e9rabilit\u00e9 par d\u00e9partement et \u00e9volution, France, au 30 septembre 2020 <small>\u00a9\u00a0Sant\u00e9 Publique France<\/small><\/figcaption><\/figure>\n<\/div>\n<section>\n<p><span style=\"font-size: 1rem;\">\u2022\u00a0<\/span><a id=\"coronavirus-ile-de-france-paris\" name=\"coronavirus-ile-de-france-paris\" style=\"font-size: 1rem; background-color: rgb(255, 255, 255);\" target=\"_blank\" rel=\"noopener noreferrer\">Ile-de-France\u00a0: rappel des mesures en vigueur, situation\u00a0\u00e0 Paris<\/a><\/p>\n<p>La circulation du virus est <em>\u00ab\u00a0<strong>tr\u00e8s active <\/strong>en Ile-de-France, en particulier \u00e0 <strong>Paris <\/strong>et en petite couronne\u00a0depuis le d\u00e9but du mois de septembre\u00a0\u00bb <\/em>indique un communiqu\u00e9 de l&rsquo;ARS de la r\u00e9gion le 18\u00a0septembre. Le ministre de la sant\u00e9 Olivier V\u00e9ran confirme le 23 septembre que<em> \u00ab\u00a0le syst\u00e8me de sant\u00e9 francilien est fortement mis en tension\u00a0\u00bb. \u00ab\u00a0La <strong>part des activit\u00e9s li\u00e9es au coronavirus\u00a0aux Urgences a doubl\u00e9 en 15 jours<\/strong>, le nombre de patients hospitalis\u00e9s au sein de la r\u00e9gion est aussi en augmentation tr\u00e8s rapide, sur les pr\u00e8s de 2000 patients hospitalis\u00e9s avec le Covid, 305 le sont en r\u00e9animation soit 27% de la capacit\u00e9 totale de r\u00e9animation de la r\u00e9gion. Au rythme actuel, on peut s&rsquo;attendre \u00e0 ce que <strong>85% des capacit\u00e9s r\u00e9gionales de r\u00e9animation soient utilis\u00e9es pour des patients Covid aux alentours du 11 novembre<\/strong>\u00a0\u00bb <\/em>pr\u00e9vient le ministre.<\/p>\n<p>\u25ba\u00a0la <strong>circulation du virus parmi les classes d&rsquo;\u00e2ge des 20-40\u00a0ans<\/strong> est tr\u00e8s active, avec un taux de positivit\u00e9 qui atteint 9,6% pour les 20-29\u00a0ans.<\/p>\n<p><strong>Depuis le samedi 26 septembre, pour deux semaines, \u00e0 Paris et petite couronne (94, 93, 92)\u00a0:\u00a0<\/strong><\/p>\n<ul>\n<li>Rassemblements limit\u00e9s \u00e0 1000\u00a0personnes<\/li>\n<li>Interdiction des grands \u00e9v\u00e8nements d\u00e9clar\u00e9s comme les f\u00eates locales ou les f\u00eates \u00e9tudiantes<\/li>\n<li>Interdiction des rassemblements de plus de 10\u00a0personnes dans l&rsquo;espace public (plages, parcs)<\/li>\n<li>Fermeture anticip\u00e9e des bars \u00e0 22\u00a0heures (voire plus t\u00f4t si le Pr\u00e9fet le d\u00e9cide) \u00e0 partir de\u00a0lundi 28\u00a0septembre<\/li>\n<li>Fermeture des salles de sport et des gymnases<\/li>\n<li>Fermeture des salles polyvalentes d\u00e9di\u00e9es aux activit\u00e9s festives et associatives\u00a0le lundi 28\u00a0septembre.<\/li>\n<li>Interdiction de vendre de l&rsquo;alcool \u00e0 emporter et consommation d&rsquo;alcool sur la voie publique entre 20h et 6h.<\/li>\n<li>Interdiction\u00a0de la diffusion de musique sur la voie publique ou audible depuis la voie publique de 22h \u00e0 6h (le d\u00e9cret a \u00e9t\u00e9 pris \u00e0 Paris et sa petite couronne)<\/li>\n<li>Interdiction d&rsquo;organiser ou de participer \u00e0 un \u00e9v\u00e9nement \u00e0 caract\u00e8re festif ou r\u00e9cr\u00e9atif dans un \u00e9tablissement recevant du public. Particuli\u00e8rement, les f\u00eates de mariage (hors c\u00e9r\u00e9monie civile ou religieuse), les soir\u00e9es \u00e9tudiantes, les \u00e9v\u00e9nements festifs organis\u00e9s dans des lieux sp\u00e9cialement lou\u00e9s pour l&rsquo;occasion.<\/li>\n<\/ul>\n<p>Apr\u00e8s une augmentation progressive des cas de Covid-19\u00a0d\u00e9but f\u00e9vrier, l&rsquo;\u00cele-de-France a connu en mars une diffusion rapide des cas en communaut\u00e9, l&rsquo;\u00e9pid\u00e9mie atteignant un<strong> pic la semaine\u00a0du 23\u00a0au 29\u00a0mars. <\/strong>Les Franciliens comptent pour<strong> environ 40\u00a0% des d\u00e9c\u00e8s <\/strong>pour Covid-19\u00a0recens\u00e9s en France depuis le 1er mars, que ce soit \u00e0 l&rsquo;h\u00f4pital ou en Ehpad. La classe d&rsquo;\u00e2ge des<strong> 20-30\u00a0ans<\/strong> reste la classe la <strong>plus fortement touch\u00e9e<\/strong> par la diffusion du virus, et celle o\u00f9 la progression est la plus importante.\u00a0Le nombre de nouveaux clusters est en augmentation.\u00a0<\/p>\n<blockquote>\n<p style=\"text-align: right;\">Les clusters en milieu scolaire et universitaire repr\u00e9sentent 32% des clusters en cours.<\/p>\n<\/blockquote>\n<p>Sant\u00e9 Publique France rapporte <strong>1 235 clusters en cours d&rsquo;investigation<\/strong> en France le mercredi 30\u00a0septembre, 64 de plus sur les derni\u00e8res 24 heures. Les clusters en milieu scolaire et universitaire repr\u00e9sentaient 32% de ces clusters. Le nombre de<strong> clusters dans les Ehpad <\/strong>repart \u00e0 la hausse depuis 7\u00a0semaines. Au 30 septembre, <strong>235\u00a0clusters sont en Ehpad<\/strong>. La r\u00e9gion <strong>Provence-Alpes-C\u00f4te d&rsquo;Azur<\/strong> comptabilisait 40% des clusters en cours d&rsquo;investigation en Ehpad. Les sources principales de ces clusters sont dans l&rsquo;ordre : l&rsquo;entreprise, le milieu familial et les \u00e9v\u00e9nements publics\/priv\u00e9s rassemblant de mani\u00e8re temporaire des personnes.<\/p>\n<p>Le taux de reproduction du coronavirus (R effectif ou R0) reste au-dessus de 1. Il montre la vitesse de circulation du virus et prouve aujourd&rsquo;hui que l&rsquo;\u00e9pid\u00e9mie circule activement en France.<em> \u00ab\u00a0Il \u00e9tait beaucoup plus \u00e9lev\u00e9 lors de la premi\u00e8re vague, <\/em>a pr\u00e9cis\u00e9 Olivier V\u00e9ran le 23 septembre<em>, il \u00e9tait\u00a0\u00e0 3 voire au-del\u00e0\u00a0\u00bb.<\/em>\u00a0Le R est \u00e9valu\u00e9 \u00e0 partir de plusieurs observations. Celui\u00a0calcul\u00e9 \u00e0 partir du nombre de tests positifs est \u00e0 <strong>1.06<\/strong>\u00a0(en l\u00e9g\u00e8re baisse par rapport \u00e0 la semaine derni\u00e8re)<strong>\u00a0<\/strong>et celui calcul\u00e9 \u00e0 partir des passages aux Urgences baisse \u00e0<strong> 1.25<\/strong> (vs 1.40\u00a0la semaine pass\u00e9e). Quels sont les d\u00e9partements ou r\u00e9gions o\u00f9 le virus circule le plus\u00a0? Comment ce nombre est-il calcul\u00e9\u00a0? D\u00e9finition, courbe d&rsquo;\u00e9volution et carte par r\u00e9gion.<\/p>\n<p><strong>Plus de 13 millions de tests PCR<\/strong> ont \u00e9t\u00e9 r\u00e9alis\u00e9s depuis le d\u00e9but de la pand\u00e9mie, a indiqu\u00e9 Olivier V\u00e9ran lors de sa conf\u00e9rence de presse du 1er octobre. Le d\u00e9pistage du coronavirus est en premi\u00e8re ligne de la strat\u00e9gie du gouvernement pour faire face au rebond \u00e9pid\u00e9mique confirm\u00e9 sur le mois de septembre.<strong> 590 laboratoires<\/strong> testent les Fran\u00e7ais sur l&rsquo;ensemble du territoire. Probl\u00e8me : si ces tests sont possibles pour tous, avec ou sans sympt\u00f4mes, avec ou sans ordonnance, ils sont aujourd&rsquo;hui de plus en plus difficiles \u00e0 r\u00e9aliser \u00e0 cause de la forte affluence devant les laboratoires et d&rsquo;un manque de r\u00e9actifs. \u00a0Le ministre de la Sant\u00e9 a reconnu\u00a0jeudi 24 septembre que les patients symptomatiques et les cas contacts repr\u00e9sentent d\u00e9sormais <em>\u00ab\u00a0un nombre cons\u00e9quent\u00a0\u00bb <\/em>de tests \u00e0 r\u00e9aliser et annonc\u00e9 une am\u00e9lioration de la situation : <em>\u00ab\u00a0Les d\u00e9lais se r\u00e9duisent d\u00e9j\u00e0, les prochains chiffres seront bien meilleurs que les derniers\u00a0\u00bb.<\/em> Lors de son allocution du 17<em>\u00a0<\/em>septembre, Olivier V\u00e9ran avait rappel\u00e9 :\u00a0<em><strong>\u00ab\u00a0Il ne sert \u00e0 rien de se tester trop souvent<\/strong><\/em>. <em>Le test\u00a0doit \u00eatre fait si vous avez un doute, si vous avez des sympt\u00f4mes et si le cas contact est av\u00e9r\u00e9, si vous avez \u00e9t\u00e9 appel\u00e9 par l&rsquo;Assurance maladie ou l&rsquo;ARS, les cas contacts de cas contacts ne sont pas des cas contacts.\u00a0\u00bb<\/em><\/p>\n<p>Comme il n&rsquo;y a ni vaccin, ni m\u00e9dicament efficace contre le coronavirus, <a href=\"https:\/\/sante.journaldesfemmes.fr\/fiches-maladies\/2619739-gestes-barrieres-covid-ecole-maternelle-bureau-entreprise-distanciation-sociale-restauration\/\" target=\"_blank\" rel=\"noopener noreferrer\">le meilleur moyen de s&rsquo;en prot\u00e9ger<\/a>\u00a0pour pr\u00e9venir une deuxi\u00e8me vague est <strong>l&rsquo;application de mesures barri\u00e8res<\/strong> :\u00a0respect de la distanciation physique minimale d&rsquo;un m\u00e8tre,\u00a0port du masque, lavage des mains r\u00e9guliers, r\u00e9duction des rassemblements. Les <strong>personnes \u00e2g\u00e9es ou atteintes de pathologies chroniques (atteintes respiratoire, cardiaque, ob\u00e9sit\u00e9, diab\u00e8te\u2026) <\/strong>sont appel\u00e9es \u00e0 la plus<strong> grande prudence <\/strong>tant que le virus circule.<\/p>\n<div class=\"ccminsert\">\n<aside class=\"app_widget_fo app_widget_fo--call\">\n<ul>\n<li>\n                <a href=\"https:\/\/sante.journaldesfemmes.fr\/fiches-maladies\/2651345-port-masque-obligatoire-coronavirus-covid-entreprise-magasin-creche-age-dans-quelles-villes-paris-bureau-ile-de-france-rue-amende\/\" class=\"jGTMWidgetGAEventClick\" data-gtmwidgetgaeventaction=\"clickWidgetCall\" data-gtmwidgetgaeventlabel=\"Masque obligatoire\u00a0: entreprise, magasin, cr\u00e8che, o\u00f9 en France, \u00e2ge\u00a0?\"><\/p>\n<figure><picture><source media=\"(max-width: 480px)\" srcset=\"https:\/\/img-3.journaldesfemmes.fr\/Rs-fnwkzCC8PhhNmNyY_WRdmVd4=\/160x105\/smart\/d26f3e7d94774662b12d8931a58f0d03\/ccmcms-jdf\/18706400.jpg\"><img decoding=\"async\" src=\"https:\/\/img-3.journaldesfemmes.fr\/QTPN6wSJpuwNNCmNf4Wrfv898ws=\/200x132\/smart\/d26f3e7d94774662b12d8931a58f0d03\/ccmcms-jdf\/18706400.jpg\" alt=\"\"\/><\/source><\/picture><figcaption>\n<h3>Masque obligatoire\u00a0: entreprise, magasin, cr\u00e8che, o\u00f9 en France, \u00e2ge\u00a0?<\/h3>\n<p>Le port du masque de protection contre le coronavirus est obligatoire quasiment partout en France\u00a0: au bureau, au restaurant, dans les magasins, dans la rue de nombreuses villes et maintenant dans les cr\u00e8ches. Liste des lieux et villes o\u00f9 il faut absolument le porter, affiches, \u00e2ge, amende&#8230; Tout savoir.<\/p>\n<\/figcaption><\/figure>\n<p><\/a>\n            <\/li>\n<\/ul>\n<\/aside>\n<\/div>\n<p>Si au d\u00e9but, on ne parlait que de fi\u00e8vre, toux s\u00e8che, rhume, \u00e9tat grippal et de fatigue, les sympt\u00f4mes de l&rsquo;infection par le coronavirus ont \u00e9volu\u00e9. On sait d\u00e9sormais que le virus peut avoir des <strong>effets sur la peau<\/strong> (urticaire, autres affections dermatologiques), la sph\u00e8re digestive (vomissements, diarrh\u00e9es&#8230;), <strong>l&rsquo;odorat<\/strong>, le <strong>go\u00fbt <\/strong>et m\u00eame le cerveau.\u00a0<\/p>\n<ul>\n<li><strong>Si vous pr\u00e9sentez des\u00a0sympt\u00f4mes (toux, fi\u00e8vre, mal de t\u00eate) : <\/strong>\u00e9viter les contacts, rester \u00e0 domicile, prenez du parac\u00e9tamol si besoin, appeler un m\u00e9decin pour prendre rendez-vous dans l&rsquo;\u00e9ventualit\u00e9 qu&rsquo;il vous fasse passer un test de d\u00e9pistage.\u00a0<\/li>\n<li><strong>Appeler le\u00a015 en cas de\u00a0difficult\u00e9s respiratoires : \u00ab\u00a0<\/strong><em>Si cette toux et cette fi\u00e8vre s&rsquo;accompagnent d&rsquo;une g\u00eane respiratoire qui devient permanente avec souffle court, difficult\u00e9 \u00e0 inspirer et \u00e0 expirer, d&rsquo;une aggravation importante de la toux, cela peut signifier une \u00e9volution de la maladie sous la forme d&rsquo;une pneumopathie. Il s&rsquo;agit alors d&rsquo;une urgence respiratoire potentielle et comme dans tous les cas d&rsquo;urgence, il faut alors appeler le 15\u00a0qui prendra les meilleures dispositions pour r\u00e9pondre \u00e0 la situation\u00a0\u00bb, <\/em>pr\u00e9vient le Dr\u00a0Patrick Aub\u00e9, m\u00e9decin g\u00e9n\u00e9raliste. \u00a0<\/li>\n<\/ul>\n<table border=\"1\" cellpadding=\"1\" cellspacing=\"1\" style=\"width:100%;\">\n<thead>\n<tr>\n<th scope=\"col\" style=\"text-align: center;\"><strong>DATES CL\u00c9S DE L&rsquo;\u00c9PID\u00c9MIE EN FRANCE<\/strong><\/th>\n<\/tr>\n<\/thead>\n<tbody>\n<tr>\n<td>\n<ul>\n<li><strong>Le 31\u00a0d\u00e9cembre 2019,<\/strong> l&rsquo;Organisation mondiale de la Sant\u00e9 en Chine est inform\u00e9e de plusieurs cas de pneumonies dans la ville de Wuhan. 44\u00a0personnes sont infect\u00e9es entre cette date et le 3\u00a0janvier 2020.<\/li>\n<li><strong>Le 7\u00a0janvier 2020, <\/strong>les autorit\u00e9s chinoises identifient un \u00ab\u00a0nouveau type de coronavirus\u00a0\u00bb.<\/li>\n<li><strong>Le 13\u00a0janvier, <\/strong>un cas import\u00e9 est recens\u00e9 en Tha\u00eflande.<\/li>\n<li><strong>Le 15\u00a0janvier<\/strong>, le virus cause\u00a0la mort d&rsquo;<strong>une premi\u00e8re\u00a0personne \u00e0 Wuhan<\/strong>, un homme de 69\u00a0ans.\u00a0<\/li>\n<li><strong>Le 23\u00a0janvier,<\/strong> trois villes chinoises dont Wuhan sont plac\u00e9es en quarantaine.<\/li>\n<li><strong>Le 25\u00a0janvier, trois personnes\u00a0contamin\u00e9es sont recens\u00e9es en France<\/strong>, deux \u00e0 Paris et une Bordeaux. Ce sont les premiers cas enregistr\u00e9s sur le continent europ\u00e9en.<\/li>\n<li><strong>Le 30\u00a0janvier, <\/strong>l&rsquo;Organisation mondiale de la Sant\u00e9 <strong>d\u00e9cr\u00e8te\u00a0l&rsquo;<a href=\"https:\/\/sante.journaldesfemmes.fr\/fiches-maladies\/2608035-urgence-de-sante-publique-de-portee-internationale-definition-oms-coronavirus\/\" target=\"_blank\" rel=\"noopener noreferrer\">urgence de sant\u00e9 mondiale<\/a><\/strong>.\u00a0Cette mesure n&rsquo;avait \u00e9t\u00e9 d\u00e9cr\u00e9t\u00e9e que 5\u00a0fois depuis sa cr\u00e9ation (pour Ebola (deux fois), la grippe H1N1, Zika et la poliomy\u00e9lite).\u00a0<\/li>\n<li><strong>Le 23\u00a0f\u00e9vrier, <\/strong>la France d\u00e9clenche le <a href=\"https:\/\/sante.journaldesfemmes.fr\/fiches-maladies\/2622449-plan-orsan-reb-definition-signification-qui-declenche-coronavirus-definition-duree\/\" target=\"_blank\" rel=\"noopener noreferrer\">plan ORSAN<\/a>, un dispositif exceptionnel d&rsquo;organisation des soins.<\/li>\n<li><strong>Le 28\u00a0f\u00e9vrier,<\/strong> la France passe en stade 2\u00a0de l&rsquo;\u00e9pid\u00e9mie.<\/li>\n<li><strong>Le 11\u00a0mars, <\/strong>l&rsquo;OMS classifie de <strong>pand\u00e9mie <\/strong>la diffusion de la maladie \u00e0 coronavirus Covid-19\u00a0dans le monde.<\/li>\n<li><strong>Le 12\u00a0mars<\/strong>, le pr\u00e9sident de la R\u00e9publique Emmanuel Macron annonce la fermeture nationale des cr\u00e8ches et \u00e9tablissements scolaires de France \u00e0 compter du 16\u00a0mars et \u00ab\u00a0jusqu&rsquo;\u00e0 nouvel ordre\u00a0\u00bb.<\/li>\n<li><strong>Le 14\u00a0mars<\/strong>, la France passe au <a href=\"https:\/\/sante.journaldesfemmes.fr\/fiches-maladies\/2625289-coronavirus-covid-19-stade-1-2-3-4-duree-mesure-france-signification-quand\/\" target=\"_blank\" rel=\"noopener noreferrer\"><strong>stade 3 <\/strong><\/a>de l&rsquo;\u00e9pid\u00e9mie.<\/li>\n<li><strong>Le 16\u00a0mars\u00a0:<\/strong>\u00a0la France met en place un dispositif de confinement interdisant les d\u00e9placements.<\/li>\n<li><strong>Le\u00a018\u00a0mars<\/strong> le premier transfert de patients Covid-19\u00a0en France est r\u00e9alis\u00e9\u00a0gr\u00e2ce \u00e0 l&rsquo;Arm\u00e9e, par voie terrestre et a\u00e9rienne.\u00a0<\/li>\n<li><strong>Le 26\u00a0mars<\/strong>, un premier cas jeune meurt en France, une adolescente de 16\u00a0ans, en Ile-de-France originaire de Morsang-sur-Orge.<\/li>\n<li><strong>Le 27\u00a0mars,<\/strong> le confinement de la population fran\u00e7aise est renouvel\u00e9 jusqu&rsquo;au 15\u00a0avril.<\/li>\n<li><strong>Le 13\u00a0avril,<\/strong> Emmanuel Macron annonce le prolongement du confinement jusqu&rsquo;au 11\u00a0mai.<\/li>\n<li><strong>Le 11\u00a0mai, <\/strong>la France commence son d\u00e9confinement.<\/li>\n<li><strong>Le 15\u00a0juin<\/strong>, toute la France passe en zone verte, sauf Mayotte et la Guyane. A Paris, les restaurants et bars peuvent rouvrir compl\u00e8tement.<\/li>\n<li><strong>Le 22\u00a0juin, <\/strong>les \u00e9coles sont de nouveaux obligatoires en France pour tous les \u00e9l\u00e8ves. Les cin\u00e9mas, salles de jeux, casinos rouvrent. Les sports collectifs peuvent \u00eatre autoris\u00e9s tout en respectant certaines conditions sanitaires.<\/li>\n<li><strong>Le 10\u00a0juillet<\/strong>, la <strong>France <\/strong>a franchi la barre des 30\u00a0000\u00a0morts. Dans la nuit du 10\u00a0au 11\u00a0juillet \u00e0 minuit, l&rsquo;\u00e9tat d&rsquo;urgence sanitaire prend fin en France.<\/li>\n<li><strong>Le 20\u00a0juillet,<\/strong>\u00a0le <strong>port du masque est obligatoire <\/strong>dans les lieux publics clos en France.<\/li>\n<\/ul>\n<\/td>\n<\/tr>\n<\/tbody>\n<\/table>\n<p><em>Cet article est mis \u00e0 jour quotidiennement par <a href=\"https:\/\/www.journaldesfemmes.fr\/account\/ablaize-11409696\" target=\"_blank\" rel=\"noopener noreferrer\">Aur\u00e9lie Blaize<\/a>, <a href=\"https:\/\/www.journaldesfemmes.fr\/account\/anaisthiebaux-10573564\" target=\"_blank\" rel=\"noopener noreferrer\">Ana\u00efs Thi\u00e9baux<\/a> et <a href=\"https:\/\/www.journaldesfemmes.fr\/account\/samanthapages-11598093\" target=\"_blank\" rel=\"noopener noreferrer\">Samantha Pag\u00e8s<\/a>.\u00a0<\/em><\/p>\n<\/section>\n<\/div>\n<p><script async src=\"http:\/\/platform.twitter.com\/widgets.js\" charset=\"utf-8\"><\/script><br \/>\n<br \/>[ad_2]<br \/>\n<br \/><a href=\"https:\/\/sante.journaldesfemmes.fr\/fiches-maladies\/2605417-coronavirus-france-chiffres-cas-carte-covid-nouvelles-mesures-zone-alerte-annonce-olivier-veran-direct-paris\/\">Source link <\/a><\/p>\n","protected":false},"excerpt":{"rendered":"<p>[ad_1] CORONAVIRUS EN DIRECT. La situation \u00e9pid\u00e9mique li\u00e9e au Covid-19\u00a0s&rsquo;aggrave en France. Des mesures restrictives pourraient \u00eatre mises en place &hellip; <a href=\"http:\/\/www.affinite.fr\/index.php\/2020\/10\/01\/chiffres-et-annonces-dolivier-veran\/\" class=\"more-link\">Plus <span class=\"screen-reader-text\">chiffres et annonces d&rsquo;Olivier V\u00e9ran<\/span> <span class=\"meta-nav\">&rarr;<\/span><\/a><\/p>\n","protected":false},"author":1,"featured_media":5315,"comment_status":"open","ping_status":"open","sticky":false,"template":"","format":"standard","meta":{"_sitemap_exclude":false,"_sitemap_priority":"","_sitemap_frequency":"","footnotes":""},"categories":[1],"tags":[],"class_list":["post-5314","post","type-post","status-publish","format-standard","has-post-thumbnail","hentry","category-tous"],"_links":{"self":[{"href":"http:\/\/www.affinite.fr\/index.php\/wp-json\/wp\/v2\/posts\/5314"}],"collection":[{"href":"http:\/\/www.affinite.fr\/index.php\/wp-json\/wp\/v2\/posts"}],"about":[{"href":"http:\/\/www.affinite.fr\/index.php\/wp-json\/wp\/v2\/types\/post"}],"author":[{"embeddable":true,"href":"http:\/\/www.affinite.fr\/index.php\/wp-json\/wp\/v2\/users\/1"}],"replies":[{"embeddable":true,"href":"http:\/\/www.affinite.fr\/index.php\/wp-json\/wp\/v2\/comments?post=5314"}],"version-history":[{"count":0,"href":"http:\/\/www.affinite.fr\/index.php\/wp-json\/wp\/v2\/posts\/5314\/revisions"}],"wp:featuredmedia":[{"embeddable":true,"href":"http:\/\/www.affinite.fr\/index.php\/wp-json\/wp\/v2\/media\/5315"}],"wp:attachment":[{"href":"http:\/\/www.affinite.fr\/index.php\/wp-json\/wp\/v2\/media?parent=5314"}],"wp:term":[{"taxonomy":"category","embeddable":true,"href":"http:\/\/www.affinite.fr\/index.php\/wp-json\/wp\/v2\/categories?post=5314"},{"taxonomy":"post_tag","embeddable":true,"href":"http:\/\/www.affinite.fr\/index.php\/wp-json\/wp\/v2\/tags?post=5314"}],"curies":[{"name":"wp","href":"https:\/\/api.w.org\/{rel}","templated":true}]}}