{"id":5294,"date":"2020-09-26T17:15:42","date_gmt":"2020-09-26T17:15:42","guid":{"rendered":"https:\/\/www.affinite.fr\/index.php\/2020\/09\/26\/le-point-sur-les-conditions\/"},"modified":"2020-09-26T17:15:42","modified_gmt":"2020-09-26T17:15:42","slug":"le-point-sur-les-conditions","status":"publish","type":"post","link":"http:\/\/www.affinite.fr\/index.php\/2020\/09\/26\/le-point-sur-les-conditions\/","title":{"rendered":"le point sur les conditions"},"content":{"rendered":"<p> [ad_1]<br \/>\n<br \/><img decoding=\"async\" src=\"https:\/\/img-3.journaldesfemmes.fr\/8mw4X-SRfc22vh55DCONkAwgfkc=\/1280x\/smart\/f3c7284973064d2dbc8b5cbb62389b27\/ccmcms-jdf\/16215561.jpg\" \/><\/p>\n<p>\n                Suite \u00e0 l&rsquo;annonce de la fermeture de la fermeture des piscines couvertes, Roxana Maracineanu, Ministre d\u00e9l\u00e9gu\u00e9e des Sports a pr\u00e9cis\u00e9 que les ouvertures et fermetures reviendraient aux Pr\u00e9fets.            <\/p>\n<div>\n<p><strong>[ Mise \u00e0 jour 26\u00a0septembre\u00a015h014\u00a0]<\/strong>\u00a0Face \u00e0 la recrudescence de l&rsquo;\u00e9pid\u00e9mie de Covid-19, le gouvernement impose de nouvelles restrictions qui impactent le monde du sport.\u00a0 Apr\u00e8s l&rsquo;annonce de la<a href=\"https:\/\/www.journaldesfemmes.fr\/beaute\/forme-et-minceur\/2633569-fermeture-salle-de-sport\/\" target=\"_blank\" rel=\"noopener noreferrer\"> <strong>fermeture des salles de sport <\/strong><\/a>\u00a0des villes class\u00e9es en \u00ab\u00a0zone d&rsquo;alerte renforc\u00e9e et maximale\u00a0\u00bb\u00a0pour une dur\u00e9e de 15 jours minimum par Olivier V\u00e9ran, Ministre de la Sant\u00e9, le 23 septembre, <strong>les piscines font aussi l&rsquo;objet de conditions de fermeture.<\/strong><\/p>\n<p>Invit\u00e9e sur l&rsquo;antenne de France Info ce samedi 26 septembre, Roxana Maracineanu, ministre d\u00e9l\u00e9gu\u00e9e charg\u00e9e des Sports a pr\u00e9cis\u00e9 que la d\u00e9cision <strong>d&rsquo;ouvrir ou de fermer les bassins reviendrait<\/strong> aux Pr\u00e9fets.\u00a0\u00ab\u00a0Si elles sont ferm\u00e9es, les publics prioritaires y auront acc\u00e8s, ce sont les enfants et les jeunes de moins de 18 ans, les sportifs dont c&rsquo;est le m\u00e9tier\u00a0\u00bb a- t-elle pr\u00e9cis\u00e9.<strong> Les piscines en plein air quant \u00e0 elles restent ouvertes<\/strong>.\u00a0<\/p>\n<h2>Fermeture des piscines : dans quelles villes ?\u00a0<\/h2>\n<ul>\n<li>Lille<\/li>\n<li>Toulouse<\/li>\n<li>Saint-Etienne<\/li>\n<li>Rennes<\/li>\n<li>Paris (et les d\u00e9partements de la petite couronne)<\/li>\n<li>Rouen<\/li>\n<li>Grenoble<\/li>\n<li>Montpellier<\/li>\n<\/ul>\n<p>Ces mesures s&rsquo;appliquent aussi \u00e0 la Guadeloupe et \u00e0 Marseille class\u00e9es en zone d&rsquo;alerte \u00ab\u00a0maximale\u00a0\u00ab\u00a0.<\/p>\n<h2>Protocole sanitaire en piscine\u00a0<\/h2>\n<p>Depuis leur r\u00e9ouverture le 15 juin, les piscines imposent un protocole sanitaire strict\u00a0d\u00e9taill\u00e9 dans <a href=\"http:\/\/www.sports.gouv.fr\/IMG\/pdf\/sportsguideequipementssportifs.pdf\" target=\"_blank\" rel=\"noopener noreferrer\">le guide de recommandations du Minist\u00e8re des Sports<\/a>\u00a0qui pr\u00e9cise notamment que <strong>l&rsquo;eau chlor\u00e9e est d\u00e9sinfect\u00e9e et d\u00e9sinfectante<\/strong> et ne pr\u00e9sente donc pas de risque de contamination av\u00e9r\u00e9.\u00a0<\/p>\n<ul>\n<li><strong>R\u00e9servation <\/strong>en ligne ou en pr\u00e9vente \u00e0 l&rsquo;accueil d&rsquo;un cr\u00e9neau d&rsquo;1h 30<\/li>\n<li><strong>Port d&rsquo;un bracelet de couleur<\/strong> (bleu, jaune ou vert) pour distinguer les cr\u00e9neaux horaires et limiter le nombre de baigneurs \u00a0<\/li>\n<li>Mise en place d&rsquo;un sens de circulation pour limiter les contacts<\/li>\n<li>Suppression d&rsquo;une douche sur deux<\/li>\n<li>Condamnation d&rsquo;un casier sur deux<\/li>\n<li>Suppression des vestiaires collectifs<\/li>\n<li>Suppression des s\u00e8che-cheveux<\/li>\n<li><strong>Lavage des mains<\/strong> obligatoire avant d&rsquo;aller dans l&rsquo;eau<\/li>\n<li>Acc\u00e8s aux bassins par <strong>groupe de 12\u00a0<\/strong>pour respecter la distance de deux m\u00e8tres carr\u00e9s par baigneur.<\/li>\n<li>Nettoyage et d\u00e9sinfection quotidienne de la piscine, en particulier des vestiaires, douches et\u00a0sanitaires. Une demi-journ\u00e9e ou une journ\u00e9e de fermeture peut y \u00eatre consacr\u00e9e.\u00a0<\/li>\n<\/ul>\n<aside id=\"NL_736861694\" class=\"newsletter_subscription jNlBlock\"><noscript><br \/>\n            <\/noscript><\/p>\n<h3 class=\"newsletter_subscription-title\">Newsletter <\/h3>\n<p><a href=\"\/\/mailing.ccmbg.com\/archive\/last-85\" target=\"_blank\" class=\"a_hover\" rel=\"noopener noreferrer\">Voir un exemple<\/a><\/p>\n<\/aside>\n<p>Ces mesures s&rsquo;ajoutent aux r\u00e8gles d&rsquo;hygi\u00e8ne d\u00e9j\u00e0 en vigueur avant l&rsquo;\u00e9pid\u00e9mie de Covid-19\u00a0\u00e0 savoir, la douche avant l&rsquo;acc\u00e8s aux bassins,\u00a0le port d&rsquo;un\u00a0maillot de bain de piscine\u00a0et d&rsquo;un bonnet obligatoires.\u00a0<\/p>\n<\/p><\/div>\n<p>[ad_2]<br \/>\n<br \/><a href=\"https:\/\/www.journaldesfemmes.fr\/beaute\/forme-et-minceur\/2639591-fermeture-piscine-covid-19-conditions\/\">Source link <\/a><\/p>\n","protected":false},"excerpt":{"rendered":"<p>[ad_1] Suite \u00e0 l&rsquo;annonce de la fermeture de la fermeture des piscines couvertes, Roxana Maracineanu, Ministre d\u00e9l\u00e9gu\u00e9e des Sports a &hellip; <a href=\"http:\/\/www.affinite.fr\/index.php\/2020\/09\/26\/le-point-sur-les-conditions\/\" class=\"more-link\">Plus <span class=\"screen-reader-text\">le point sur les conditions<\/span> <span class=\"meta-nav\">&rarr;<\/span><\/a><\/p>\n","protected":false},"author":1,"featured_media":5295,"comment_status":"open","ping_status":"open","sticky":false,"template":"","format":"standard","meta":{"_sitemap_exclude":false,"_sitemap_priority":"","_sitemap_frequency":"","footnotes":""},"categories":[1],"tags":[],"class_list":["post-5294","post","type-post","status-publish","format-standard","has-post-thumbnail","hentry","category-tous"],"_links":{"self":[{"href":"http:\/\/www.affinite.fr\/index.php\/wp-json\/wp\/v2\/posts\/5294"}],"collection":[{"href":"http:\/\/www.affinite.fr\/index.php\/wp-json\/wp\/v2\/posts"}],"about":[{"href":"http:\/\/www.affinite.fr\/index.php\/wp-json\/wp\/v2\/types\/post"}],"author":[{"embeddable":true,"href":"http:\/\/www.affinite.fr\/index.php\/wp-json\/wp\/v2\/users\/1"}],"replies":[{"embeddable":true,"href":"http:\/\/www.affinite.fr\/index.php\/wp-json\/wp\/v2\/comments?post=5294"}],"version-history":[{"count":0,"href":"http:\/\/www.affinite.fr\/index.php\/wp-json\/wp\/v2\/posts\/5294\/revisions"}],"wp:featuredmedia":[{"embeddable":true,"href":"http:\/\/www.affinite.fr\/index.php\/wp-json\/wp\/v2\/media\/5295"}],"wp:attachment":[{"href":"http:\/\/www.affinite.fr\/index.php\/wp-json\/wp\/v2\/media?parent=5294"}],"wp:term":[{"taxonomy":"category","embeddable":true,"href":"http:\/\/www.affinite.fr\/index.php\/wp-json\/wp\/v2\/categories?post=5294"},{"taxonomy":"post_tag","embeddable":true,"href":"http:\/\/www.affinite.fr\/index.php\/wp-json\/wp\/v2\/tags?post=5294"}],"curies":[{"name":"wp","href":"https:\/\/api.w.org\/{rel}","templated":true}]}}