{"id":5288,"date":"2020-09-25T17:13:51","date_gmt":"2020-09-25T17:13:51","guid":{"rendered":"https:\/\/www.affinite.fr\/index.php\/2020\/09\/25\/tout-ce-que-vous-devez-savoir-sur-lacteur\/"},"modified":"2020-09-25T17:13:51","modified_gmt":"2020-09-25T17:13:51","slug":"tout-ce-que-vous-devez-savoir-sur-lacteur","status":"publish","type":"post","link":"http:\/\/www.affinite.fr\/index.php\/2020\/09\/25\/tout-ce-que-vous-devez-savoir-sur-lacteur\/","title":{"rendered":"tout ce que vous devez savoir sur l&rsquo;acteur"},"content":{"rendered":"<p> [ad_1]<br \/>\n<br \/><img decoding=\"async\" src=\"https:\/\/img-3.journaldesfemmes.fr\/mBCRcFPFt51WTSVuvi6IShBc4uU=\/1280x\/smart\/1f47551c454041ea96d02ec0dbb3c631\/ccmcms-jdf\/18861904.jpg\" \/><\/p>\n<p>\n                En 1988, il incarnait le suicidaire apn\u00e9iste Jacques Mayol dans un \u00ab\u00a0Grand Bleu\u00a0\u00bb magistral. Discret, l&rsquo;acteur qui f\u00eate ses 60\u00a0ans ce dimanche 27\u00a0septembre, a construit sa vie loin des paillettes, entre films ind\u00e9pendants, famille, enfant et d\u00e9fense des oc\u00e9ans.            <\/p>\n<div>\n<p><strong>Le <em>Grand Bleu<\/em><\/strong>, son corps qui dispara\u00eet de l&rsquo;\u00e9cran, le dauphin qui semble lui tenir la main, la musique d&rsquo;Eric Serra, et Jean-Marc Barr qui entre dans l&rsquo;histoire du cin\u00e9ma fran\u00e7ais. Un succ\u00e8s ph\u00e9nom\u00e9nal, puis une vie loin du showbiz, mais jamais loin de sa passion.<br \/>Ce 27 septembre 2020, <strong>Jean-Marc Barr f\u00eate ses 60 ans<\/strong>. L&rsquo;occasion de (re)d\u00e9couvrir 6 secrets et anecdotes de sa vie :<\/p>\n<h2>Fils de militaire\u00a0<\/h2>\n<p>N\u00e9 dans le village de\u00a0<strong>Bitburg en Allemagne de l&rsquo;Ouest le 27 septembre 1960<\/strong>,\u00a0Jean-Marc Barr est le fils d&rsquo;un\u00a0militaire am\u00e9ricain membre de l&rsquo;US Air Force stationn\u00e9 en R\u00e9publique F\u00e9d\u00e9rale d&rsquo;Allemagne, et d&rsquo;une m\u00e8re\u00a0fran\u00e7aise. Il a la double nationalit\u00e9 franco-am\u00e9ricaine.<\/p>\n<h2>Le Grand Flou !\u00a0<\/h2>\n<p>Pus de 9\u00a0millions d&rsquo;entr\u00e9es, v\u00e9ritable carton du box-office, deux C\u00e9sar, mais Jean-Marc Barr <strong><em>\u00ab\u00a0n&rsquo;a jamais revu le Grand Bleu en entier\u00a0\u00bb<\/em><\/strong>, a-t-il assur\u00e9 au <em>Parisien<\/em>. <em>\u00ab\u00a0La premi\u00e8re fois c&rsquo;\u00e9tait au Festival de Cannes en 1988, <strong>j&rsquo;\u00e9tais compl\u00e8tement bourr\u00e9<\/strong>. Le seul souvenir que j&rsquo;ai c&rsquo;est qu&rsquo;il fallait absolument que je trouve des toilettes\u00a0\u00bb, <\/em>avait-il confi\u00e9.<br \/>Depuis cette soir\u00e9e\u00a0alcoolis\u00e9e, il a essay\u00e9 de voir le film qui l&rsquo;a rendu c\u00e9l\u00e8bre, mais n&rsquo;a jamais r\u00e9ussi \u00e0 aller jusqu&rsquo;au bout\u00a0: \u00ab\u00a0<em>Sept ou huit ans apr\u00e8s,\u00a0je l&rsquo;ai revu mais je n&rsquo;ai pas pu le finir.<\/em>\u00a0<em>Le film me paraissait trop juv\u00e9nile. Il parle avant tout aux ados\u00a0\u00bb,\u00a0<\/em>avouait-il au quotidien.\u00a0<\/p>\n<h2>Mensonges&#8230;<\/h2>\n<p>Un film qui a chang\u00e9 sa vie, \u00e0 c\u00f4t\u00e9 duquel il aurait bien pu passer ! A\u00a0l&rsquo;\u00e9poque, \u00e2g\u00e9 de 28\u00a0ans, Jean-Marc Barr avait \u00e9t\u00e9 appel\u00e9 pour le <em>Grand Bleu\u00a0<\/em>\u00e0 la suite du <strong>d\u00e9sistement d&rsquo;un autre grand acteur : Christophe Lambert<\/strong>. Un recrutement durant lequel il a (l\u00e9g\u00e8rement)\u00a0<strong>exag\u00e9r\u00e9\u00a0son exp\u00e9rience en plong\u00e9e<\/strong>. \u00ab\u00a0<em>En fait, j&rsquo;en avais fait juste tr\u00e8s peu\u00a0\u00bb,\u00a0<\/em>reconna\u00eet-il aupr\u00e8s du\u00a0<em>Parisien.<\/em>\u00a0<\/p>\n<h2>Son combat pour les oc\u00e9ans\u00a0<\/h2>\n<p>Un r\u00f4le qui l&rsquo;a sensibilis\u00e9 dans la cause des oc\u00e9ans. En effet, Jean-Marc Barr est aujourd&rsquo;hui parrain de l&rsquo;association CETASEA, engag\u00e9e pour la <strong>protection des mammif\u00e8res marins<\/strong> et de leurs habitats naturels.<\/p>\n<p>Son projet ultime ? La construction d\u02bcun centre de protection de la vie marine.\u00a0Situ\u00e9 dans le sud des Landes, il serait le seul en France et permettrait d&rsquo;accueillir des mammif\u00e8res marins bless\u00e9s ou en besoin. Une belle initiative !\u00a0<\/p>\n<h2>Sa famille<\/h2>\n<p>Apr\u00e8s cet \u00e9norme succ\u00e8s, Jean-Marc Barr enchaine les r\u00f4les, de\u00a0<em>Dancer in the Dark <\/em>de son copain Lars Van Trier\u00a0jusqu&rsquo;au casting des <em>Clefs de Bagnole<\/em>\u00a0de Laurent Baffie.<\/p>\n<p>Mais le plus beau r\u00f4le de sa vie, il le joue depuis le 9 ao\u00fbt 2015, date de\u00a0naissance de <strong>son fils\u00a0Jude,\u00a0fruit de son amour avec la r\u00e9alisatrice Stella Di Tocco<\/strong>: <em>\u00ab\u00a0J&rsquo;ai eu le grand bonheur de tenir mon p\u00e8re dans mes bras \u00e0 sa mort, et il m&rsquo;a donn\u00e9 un sourire tr\u00e8s rassurant, apaisant. Mon fils me donne le m\u00eame sourire, donc il y a une transmission\u00a0\u00bb, a-t-il confi\u00e9<\/em>\u00a0\u00e0<em>\u00a0Gala.<\/em><\/p>\n<h2>Souvenir marin<\/h2>\n<aside id=\"NL_621812173\" class=\"newsletter_subscription jNlBlock\"><noscript><br \/>\n            <\/noscript><\/p>\n<h3 class=\"newsletter_subscription-title\">Newsletter <\/h3>\n<p><a href=\"\/\/mailing.ccmbg.com\/archive\/last-85\" target=\"_blank\" class=\"a_hover\" rel=\"noopener noreferrer\">Voir un exemple<\/a><\/p>\n<\/aside>\n<p>Son premier contact avec l&rsquo;oc\u00e9an\u00a0<em>\u00ab\u00a0C&rsquo;\u00e9tait quand mon p\u00e8re devait aller au Vietnam en 1967, on est all\u00e9s \u00e0 Santa Monica. <strong>J&rsquo;\u00e9tais tellement excit\u00e9 de voir la mer que je suis rentr\u00e9 en courant.<\/strong> (&#8230;) J&rsquo;ai senti la vague qui rentre et qui ressort.\u00a0Cette premi\u00e8re sensation m&rsquo;a fait tomber !\u00a0\u00bb, <\/em>a r\u00e9v\u00e9l\u00e9 l&rsquo;acteur\u00a0dans un entretien pour le Mus\u00e9e Oc\u00e9anographique de Monaco.<\/p>\n<\/p><\/div>\n<p>[ad_2]<br \/>\n<br \/><a href=\"https:\/\/www.journaldesfemmes.fr\/people\/magazine\/2662249-jean-marc-barr-age-femme-enfant-secrets-grand-bleu\/\">Source link <\/a><\/p>\n","protected":false},"excerpt":{"rendered":"<p>[ad_1] En 1988, il incarnait le suicidaire apn\u00e9iste Jacques Mayol dans un \u00ab\u00a0Grand Bleu\u00a0\u00bb magistral. Discret, l&rsquo;acteur qui f\u00eate ses &hellip; <a href=\"http:\/\/www.affinite.fr\/index.php\/2020\/09\/25\/tout-ce-que-vous-devez-savoir-sur-lacteur\/\" class=\"more-link\">Plus <span class=\"screen-reader-text\">tout ce que vous devez savoir sur l&rsquo;acteur<\/span> <span class=\"meta-nav\">&rarr;<\/span><\/a><\/p>\n","protected":false},"author":1,"featured_media":5289,"comment_status":"open","ping_status":"open","sticky":false,"template":"","format":"standard","meta":{"_sitemap_exclude":false,"_sitemap_priority":"","_sitemap_frequency":"","footnotes":""},"categories":[1],"tags":[],"class_list":["post-5288","post","type-post","status-publish","format-standard","has-post-thumbnail","hentry","category-tous"],"_links":{"self":[{"href":"http:\/\/www.affinite.fr\/index.php\/wp-json\/wp\/v2\/posts\/5288"}],"collection":[{"href":"http:\/\/www.affinite.fr\/index.php\/wp-json\/wp\/v2\/posts"}],"about":[{"href":"http:\/\/www.affinite.fr\/index.php\/wp-json\/wp\/v2\/types\/post"}],"author":[{"embeddable":true,"href":"http:\/\/www.affinite.fr\/index.php\/wp-json\/wp\/v2\/users\/1"}],"replies":[{"embeddable":true,"href":"http:\/\/www.affinite.fr\/index.php\/wp-json\/wp\/v2\/comments?post=5288"}],"version-history":[{"count":0,"href":"http:\/\/www.affinite.fr\/index.php\/wp-json\/wp\/v2\/posts\/5288\/revisions"}],"wp:featuredmedia":[{"embeddable":true,"href":"http:\/\/www.affinite.fr\/index.php\/wp-json\/wp\/v2\/media\/5289"}],"wp:attachment":[{"href":"http:\/\/www.affinite.fr\/index.php\/wp-json\/wp\/v2\/media?parent=5288"}],"wp:term":[{"taxonomy":"category","embeddable":true,"href":"http:\/\/www.affinite.fr\/index.php\/wp-json\/wp\/v2\/categories?post=5288"},{"taxonomy":"post_tag","embeddable":true,"href":"http:\/\/www.affinite.fr\/index.php\/wp-json\/wp\/v2\/tags?post=5288"}],"curies":[{"name":"wp","href":"https:\/\/api.w.org\/{rel}","templated":true}]}}