{"id":5282,"date":"2020-09-24T01:24:56","date_gmt":"2020-09-24T01:24:56","guid":{"rendered":"https:\/\/www.affinite.fr\/index.php\/2020\/09\/24\/the-resident-tf1-la-bouleversante-histoire-vraie-qui-a-inspire-lepisode-20-de-la-saison-2-news-series-a-la-tv\/"},"modified":"2020-09-24T01:24:56","modified_gmt":"2020-09-24T01:24:56","slug":"the-resident-tf1-la-bouleversante-histoire-vraie-qui-a-inspire-lepisode-20-de-la-saison-2-news-series-a-la-tv","status":"publish","type":"post","link":"http:\/\/www.affinite.fr\/index.php\/2020\/09\/24\/the-resident-tf1-la-bouleversante-histoire-vraie-qui-a-inspire-lepisode-20-de-la-saison-2-news-series-a-la-tv\/","title":{"rendered":"The Resident (TF1) : la bouleversante histoire vraie qui a inspir\u00e9 l&rsquo;\u00e9pisode 20 de la saison 2 &#8211; News S\u00e9ries \u00e0 la TV"},"content":{"rendered":"<p> [ad_1]<br \/>\n<\/p>\n<p>Diffus\u00e9 ce soir \u00e0 22h sur TF1, l&rsquo;\u00e9pisode 20 de la saison 2 de \u00ab\u00a0The Resident\u00a0\u00bb s&rsquo;attaque de mani\u00e8re frontale au sujet de la mortalit\u00e9 maternelle et des discriminations raciales aux \u00c9tats-Unis. Et s&rsquo;inspire de la terrible histoire vraie de Kira Johnson.<\/p>\n<div id=\"article-content\">\n<figure class=\"article-figure article-main-figure\"><img loading=\"lazy\" decoding=\"async\" class=\"article-figure-img\" width=\"640\" height=\"360\" src=\"http:\/\/fr.web.img2.acsta.net\/r_640_360\/newsv7\/20\/09\/23\/14\/51\/0946047.jpg\"\/><figcaption class=\"article-figcaption-copy\">Guy D&rsquo;Alema\/FOX<\/figcaption><\/figure>\n<p>Apr\u00e8s la conclusion la semaine derni\u00e8re de l&rsquo;intrigue fil rouge autour de QuoVadis, et avant une fin de saison riche en rebondissements qui s&rsquo;annonce \u00e0 ne pas manquer mercredi prochain, TF1 diffusait ce soir l&rsquo;un des \u00e9pisodes les plus bouleversants de <a title=\"The Resident (U.S.A.) (Drame,M\u00e9dical)\" href=\"http:\/\/www.allocine.fr\/series\/ficheserie_gen_cserie=19475.html\">The Resident<\/a>. Intitul\u00e9 \u00ab\u00a0Quatre fois plus souvent\u00a0\u00bb (\u00ab\u00a0If Not Now, When?\u00a0\u00bb en VO), cet \u00e9pisode, le 20\u00e8me de la saison 2, voit Devon (<a title=\"Manish Dayal (U.S.A.) (Acteur,Producteur)\" href=\"http:\/\/www.allocine.fr\/personne\/fichepersonne_gen_cpersonne=446992.html\">Manish Dayal<\/a>) s&rsquo;occuper du premier accouchement de sa carri\u00e8re lorsque Lea Davies, une femme enceinte qui souffre de complications, et son \u00e9poux arrivent aux urgences. Au vu de son \u00e9tat, une c\u00e9sarienne est pratiqu\u00e9e, mais peu apr\u00e8s la naissance du b\u00e9b\u00e9, la patiente commence \u00e0 se plaindre de vives douleurs au ventre et sa sant\u00e9 se d\u00e9grade de minute en minute. Mina (<a title=\"Shaunette Renee Wilson (U.S.A.) (Acteur)\" href=\"http:\/\/www.allocine.fr\/personne\/fichepersonne_gen_cpersonne=801777.html\">Shaunette Ren\u00e9e Wilson<\/a>), AJ (<a title=\"Malcolm-Jamal Warner (U.S.A.) (Acteur,Producteur,R\u00e9alisateur)\" href=\"http:\/\/www.allocine.fr\/personne\/fichepersonne_gen_cpersonne=79658.html\">Malcolm-Jamal Warner<\/a>), et Devon d\u00e9couvrent alors que Lea souffre d&rsquo;une h\u00e9morragie interne massive caus\u00e9e par une entaille \u00e0 la vessie pass\u00e9e inaper\u00e7ue durant la c\u00e9sarienne. Mais malgr\u00e9 tous leurs efforts, Lea d\u00e9c\u00e8de au bloc op\u00e9ratoire.<\/p>\n<p>Si cet \u00e9pisode de The Resident est si fort et si important, c&rsquo;est parce qu&rsquo;il s&rsquo;inspire de l&rsquo;histoire vraie de\u00a0Kira Dixon Johnson, d\u00e9c\u00e9d\u00e9e dans les m\u00eames circonstances, des suites d&rsquo;une c\u00e9sarienne de routine \u00e0 l&rsquo;h\u00f4pital Cedars-Sinai, en Californie, le 13 avril 2016. Et parce qu&rsquo;il met en avant un constat alarmant mais bien r\u00e9el : aux \u00c9tats-Unis, une femme noire a 3,5 \u00e0 4 fois plus de chances de mourir de complications li\u00e9es \u00e0 son accouchement qu&rsquo;une femme blanche. Une r\u00e9alit\u00e9 injuste que les sc\u00e9naristes de la s\u00e9rie ont voulu aborder au cours de cette deuxi\u00e8me saison en racontant le terrible destin de Lea, un personnage inspir\u00e9 de Kira Dixon Johnson, mais aussi le combat de Devon, qui est totalement conscient du fait que le chirurgien obst\u00e9trique en charge du cas de Lea aurait r\u00e9agi bien plus vite si sa patiente avait \u00e9t\u00e9 blanche. Et que les discriminations qui font encore rage au sein des h\u00f4pitaux, comme ailleurs, ont finalement caus\u00e9 la mort de Lea Davies. Qui aurait compl\u00e8tement pu \u00eatre \u00e9vit\u00e9e.<\/p>\n<div class=\"article-figure-holder\">\n<figure class=\"article-figure mceNonEditable\"><img loading=\"lazy\" decoding=\"async\" class=\"article-figure-img\" src=\"data:image\/gif;base64,R0lGODlhAgABAPAAAAAAAAAAACH5BAEAAAAAIf8LSW1hZ2VNYWdpY2sNZ2FtbWE9MC40NTQ1NQAsAAAAAAIAAQAAAgIECgA7\" data-src=\"http:\/\/fr.web.img6.acsta.net\/newsv7\/20\/09\/23\/16\/21\/4815934.jpg\" width=\"640\" height=\"320\"\/><span class=\"article-figcaption-copy\"> Fox <\/span><\/p>\n<\/figure>\n<\/div>\n<p>Depuis la mort de son \u00e9pouse, Charles Johnson tente de sensibiliser \u00e0 la crise de la mortalit\u00e9 maternelle aux \u00c9tats-Unis \u00e0 travers la fondation\u00a04Kira4Moms, qu&rsquo;il a cr\u00e9\u00e9e en l&rsquo;honneur de Kira. Et il a bien \u00e9videmment \u00e9t\u00e9 consult\u00e9 par la cr\u00e9atrice de The Resident\u00a0<a title=\"Amy Holden Jones (U.S.A.) (Sc\u00e9nariste,Producteur d\u00e9l\u00e9gu\u00e9,Cr\u00e9ateur)\" href=\"http:\/\/www.allocine.fr\/personne\/fichepersonne_gen_cpersonne=53972.html\">Amy Holden Jones<\/a> afin que l&rsquo;\u00e9pisode diffus\u00e9 ce soir sur TF1 soit le plus proche de la r\u00e9alit\u00e9 et rende justice au mieux \u00e0 la mort de sa femme.<i> \u00ab\u00a0Je les ai rencontr\u00e9s et nous avons parl\u00e9 durant au moins quatre heures de Kira, de mon histoire, et de ce qui s&rsquo;est pass\u00e9 au Cedars-Sinai le 12 avril\u00a0\u00bb<\/i>, explique Charles Johnson au site <span class=\"ACraHRACr0cHM6Ly90aGVnbG93dXAudGhlcm9vdC5jb20vZm94LXMtdGhlLXJlc2lkZW50LXBhcnRuZXJzLXdpdGgtYWN0aXZpc3QtY2hhcmxlcy1qb2hucy0xODM0MDUwOTI0\" target=\"_blank\">The Root<\/span>. <i>\u00ab\u00a0L&rsquo;impact que \u00e7a a eu sur notre famille, les choses qui selon moi sont la cause de tout \u00e7a. (&#8230;) Et aussi, c&rsquo;est tout \u00e0 leur honneur, nous avons discut\u00e9 des disparit\u00e9s raciales et du r\u00f4le que l&rsquo;origine raciale a jou\u00e9 dans la mort de Kira. Et j&rsquo;ai eu de la chance car il n&rsquo;ont pas juste pris mon histoire pour en faire quelque chose dans leur coin\u00a0\u00bb<\/i>.<\/p>\n<p>De l&rsquo;aveu m\u00eame d&rsquo;Amy Holden Jones, qui a co-\u00e9crit l&rsquo;\u00e9pisode en question et officie au poste de showrunneuse sur The Resident, le r\u00e9cit de Charles Johnson a \u00e9mu aux larmes toute l&rsquo;\u00e9quipe d&rsquo;auteurs de la s\u00e9rie. Mais il les a \u00e9galement nourris d&rsquo;une histoire extr\u00eamement forte qui leur a permis d&rsquo;\u00e9crire l&rsquo;un des \u00e9pisodes les plus importants de The Resident, qui a pour but de sensibiliser les t\u00e9l\u00e9spectateurs \u00e0 un terrible sujet de soci\u00e9t\u00e9. Dans l&rsquo;espoir de faire bouger les choses. Et de faire en sorte que ce qui est arriv\u00e9 \u00e0 Kira ne se reproduise plus. <i>\u00ab\u00a0Nous essayons de mettre en lumi\u00e8re un probl\u00e8me tr\u00e8s important et de le traduire sous la forme d&rsquo;une histoire bien pr\u00e9cise, parce que c&rsquo;est comme \u00e7a que les gens peuvent le comprendre et s&rsquo;y identifier\u00a0\u00bb<\/i>, confie Amy Holden Jones. <i>\u00ab\u00a0Les gens ne comprennent pas les statistiques. Mais ajoutez-y un visage, une histoire, et une situation commence \u00e0 se dessiner. Un probl\u00e8me qui doit \u00eatre r\u00e9solu et des solutions qui peuvent \u00eatre apport\u00e9es\u00a0\u00bb<\/i>. Des solutions qui, selon Amy Holden Jones, pourraient prendre la forme de protocoles encadr\u00e9s et uniformis\u00e9s \u00e0 tous les \u00e9tablissements de sant\u00e9 pour les accouchements, comme c&rsquo;est d\u00e9j\u00e0 le cas pour les autres types d&rsquo;interventions chirurgicales par exemple.<\/p>\n<p>Avec cet \u00e9pisode qui fera certainement date dans l&rsquo;histoire de la s\u00e9rie, The Resident continue en tout cas de se faire le reflet de l&rsquo;actualit\u00e9 et de s&rsquo;attaquer \u00e0 de vrais probl\u00e8mes li\u00e9s au syst\u00e8me de sant\u00e9 am\u00e9ricain. Comme ce fut d\u00e9j\u00e0 le cas avec l&rsquo;intrigue centr\u00e9e sur les fraudes commises par l&rsquo;entreprise QuoVadis ou en saison 1 lors de l&rsquo;arche narrative consacr\u00e9e aux manigances de Lane Hunter (<a title=\"Melina Kanakaredes (U.S.A.) (Acteur,Producteur ex\u00e9cutif,Sc\u00e9nariste)\" href=\"http:\/\/www.allocine.fr\/personne\/fichepersonne_gen_cpersonne=53453.html\">Melina Kanakaredes<\/a>) et aux tentatives de Nic (<a title=\"Emily VanCamp (Canada) (Acteur)\" href=\"http:\/\/www.allocine.fr\/personne\/fichepersonne_gen_cpersonne=97164.html\">Emily VanCamp<\/a>) de la faire arr\u00eater, qui \u00e9tait <a href=\"http:\/\/www.allocine.fr\/article\/fichearticle_gen_carticle=18690648.html\" target=\"_blank\" rel=\"noopener noreferrer\">en partie inspir\u00e9e de\u00a0l&rsquo;histoire vraie d&rsquo;une v\u00e9ritable infirmi\u00e8re \u00ab\u00a0lanceuse d&rsquo;alerte\u00a0\u00bb<\/a>, qui a d\u00e9couvert les agissements d&rsquo;un oncologue peu scrupuleux.\u00a0<\/p>\n<p><strong>La bande-annonce de cet \u00e9pisode bouleversant de The Resident :<\/strong><\/p>\n<p>\u00a0<\/p>\n<\/p><\/div>\n<p>[ad_2]<br \/>\n<br \/><a href=\"http:\/\/rss.allocine.fr\/~r\/ac\/actualites\/~3\/_goDpZY__qI\/fichearticle_gen_carticle=18693163.html\">Source link <\/a><\/p>\n","protected":false},"excerpt":{"rendered":"<p>[ad_1] Diffus\u00e9 ce soir \u00e0 22h sur TF1, l&rsquo;\u00e9pisode 20 de la saison 2 de \u00ab\u00a0The Resident\u00a0\u00bb s&rsquo;attaque de mani\u00e8re &hellip; <a href=\"http:\/\/www.affinite.fr\/index.php\/2020\/09\/24\/the-resident-tf1-la-bouleversante-histoire-vraie-qui-a-inspire-lepisode-20-de-la-saison-2-news-series-a-la-tv\/\" class=\"more-link\">Plus <span class=\"screen-reader-text\">The Resident (TF1) : la bouleversante histoire vraie qui a inspir\u00e9 l&rsquo;\u00e9pisode 20 de la saison 2 &#8211; News S\u00e9ries \u00e0 la TV<\/span> <span class=\"meta-nav\">&rarr;<\/span><\/a><\/p>\n","protected":false},"author":1,"featured_media":5283,"comment_status":"open","ping_status":"open","sticky":false,"template":"","format":"standard","meta":{"_sitemap_exclude":false,"_sitemap_priority":"","_sitemap_frequency":"","footnotes":""},"categories":[1],"tags":[],"class_list":["post-5282","post","type-post","status-publish","format-standard","has-post-thumbnail","hentry","category-tous"],"_links":{"self":[{"href":"http:\/\/www.affinite.fr\/index.php\/wp-json\/wp\/v2\/posts\/5282"}],"collection":[{"href":"http:\/\/www.affinite.fr\/index.php\/wp-json\/wp\/v2\/posts"}],"about":[{"href":"http:\/\/www.affinite.fr\/index.php\/wp-json\/wp\/v2\/types\/post"}],"author":[{"embeddable":true,"href":"http:\/\/www.affinite.fr\/index.php\/wp-json\/wp\/v2\/users\/1"}],"replies":[{"embeddable":true,"href":"http:\/\/www.affinite.fr\/index.php\/wp-json\/wp\/v2\/comments?post=5282"}],"version-history":[{"count":0,"href":"http:\/\/www.affinite.fr\/index.php\/wp-json\/wp\/v2\/posts\/5282\/revisions"}],"wp:featuredmedia":[{"embeddable":true,"href":"http:\/\/www.affinite.fr\/index.php\/wp-json\/wp\/v2\/media\/5283"}],"wp:attachment":[{"href":"http:\/\/www.affinite.fr\/index.php\/wp-json\/wp\/v2\/media?parent=5282"}],"wp:term":[{"taxonomy":"category","embeddable":true,"href":"http:\/\/www.affinite.fr\/index.php\/wp-json\/wp\/v2\/categories?post=5282"},{"taxonomy":"post_tag","embeddable":true,"href":"http:\/\/www.affinite.fr\/index.php\/wp-json\/wp\/v2\/tags?post=5282"}],"curies":[{"name":"wp","href":"https:\/\/api.w.org\/{rel}","templated":true}]}}