{"id":528,"date":"2020-03-11T22:13:33","date_gmt":"2020-03-11T22:13:33","guid":{"rendered":"https:\/\/www.affinite.fr\/index.php\/2020\/03\/11\/apple-annule-son-evenement-de-mars-le-successeur-de-liphone-se-attendra\/"},"modified":"2020-03-11T22:13:33","modified_gmt":"2020-03-11T22:13:33","slug":"apple-annule-son-evenement-de-mars-le-successeur-de-liphone-se-attendra","status":"publish","type":"post","link":"http:\/\/www.affinite.fr\/index.php\/2020\/03\/11\/apple-annule-son-evenement-de-mars-le-successeur-de-liphone-se-attendra\/","title":{"rendered":"Apple annule son \u00e9v\u00e9nement de mars, le successeur de l\u2019iPhone SE attendra"},"content":{"rendered":"<p> [ad_1]<br \/>\n<br \/><img decoding=\"async\" src=\"https:\/\/img.bfmtv.com\/i\/0\/0\/693\/48f0de1b256843236b0ac6b62145a.jpg\" \/><\/p>\n<div itemprop=\"articleBody\">\n<p>Le nouvel iPhone \u00ab\u00a0low cost\u00a0\u00bb est-il la derni\u00e8re victime du Covid-19 ? D\u2019apr\u00e8s plusieurs rumeurs concordantes, y compris en provenance\u00a0d\u2019analystes aussi fiables que Ming-Chi Kuo, Apple devait d\u00e9voiler un <a href=\"https:\/\/www.01net.com\/actualites\/iphone-se-2-l-oracle-kuo-predit-le-prix-les-coloris-et-les-capacites-1786877.html\" target=\"_blank\" rel=\"noopener noreferrer\">successeur \u00e0 l\u2019iPhone SE<\/a> fin mars lors d\u2019un \u00e9v\u00e9nement d\u00e9di\u00e9 \u00e0 la presse. Le site sp\u00e9cialis\u00e9 Cult of Mac, affirme avoir obtenu la confirmation, de la part d\u2019un officiel d\u2019Apple, que l\u2019\u00e9v\u00e9nement \u00e9tait annul\u00e9.\u00a0<\/p>\n<h3 style=\"color:#333; font-family:arial,helvetica,sans-serif; font-size:23px; font-weight:700\">Quid de la WWDC ?<\/h3>\n<p>Plusieurs facteurs concomitants auraient abouti \u00e0 cette d\u00e9cision. Il y a bien \u00e9videmment l\u2019\u00e9pid\u00e9mie de coronavirus qui aurait eu un impact sur la <a href=\"https:\/\/www.01net.com\/actualites\/coronavirus-apple-serait-en-penurie-d-iphone-de-remplacement-1869530.html\" target=\"_blank\" rel=\"noopener noreferrer\">production des smartphones \u00e0 la pomme croqu\u00e9e<\/a>. Mais il y aussi la d\u00e9cision que le\u00a0d\u00e9partement de sant\u00e9 publique du comt\u00e9 de Santa Clara, dans lequel se trouve Cupertino, a prise le 9 mars. En effet l\u2019organisme a ordonn\u00e9 l\u2019interdiction des r\u00e9unions publiques de plus de 1 000 personnes sur son territoire. Selon la source d\u2019Apple, cit\u00e9e par Cult of Mac, cette ordonnance aurait jou\u00e9 un r\u00f4le majeur dans la d\u00e9cision d\u2019annuler l\u2019\u00e9v\u00e9nement de mars.\u00a0<\/p>\n<p>Toujours selon la m\u00eame source, Apple aurait d\u00e9j\u00e0 \u00e9tabli un nouveau calendrier de lancement mais il serait conditionn\u00e9 par l\u2019\u00e9volution de la situation sanitaire. Quant au prochain \u00e9v\u00e9nement majeur de Cupertino, la conf\u00e9rence des d\u00e9veloppeurs (WWDC), pr\u00e9vue en juin, elle serait, elle aussi, tr\u00e8s largement menac\u00e9e.<\/p>\n<aside class=\"bg-color-0 padding-inside-all-s bloc border-s\">\n<h4 class=\"box-txt-normal\">\n<p><strong>\u00c0 d\u00e9couvrir aussi en  vid\u00e9o :\u00a0<\/strong><\/p>\n<\/h4>\n<\/aside>\n<p>En revanche, si l\u2019on en croit le youtubeur John Prosser qui avait \u00e9galement annonc\u00e9 l\u2019annulation de l\u2019\u00e9v\u00e9nement de mars, Apple plancherait d\u00e9j\u00e0 sur un format de conf\u00e9rence en ligne pour d\u00e9voiler <a href=\"https:\/\/www.01net.com\/actualites\/iphone-9-nouvel-ipad-pro-airtag-ios-14-continue-de-reveler-les-futures-nouveautes-d-apple-1872672.html\" target=\"_blank\" rel=\"noopener noreferrer\">iOS 14 et les autres nouveaut\u00e9s logicielles<\/a> \u00e0 venir cette ann\u00e9e.\u00a0<\/p>\n<p>Source : <a href=\"https:\/\/www.cultofmac.com\/690981\/iphone-se-2-delayed-indefinitely-apple-nixes-march-product-event\/\" target=\"_blank\" rel=\"noopener noreferrer\">Cult of Mac<\/a><\/p>\n<\/p><\/div>\n<p><script>\n         !function(f,b,e,v,n,t,s){if(f.fbq)return;n=f.fbq=function()\n         {n.callMethod? n.callMethod.apply(n,arguments):n.queue.push(arguments)}\n         ;if(!f._fbq)f._fbq=n;\n             n.push=n;n.loaded=!0;n.version='2.0';n.queue=[];t=b.createElement(e);t.async=!0;\n             t.src=v;s=b.getElementsByTagName(e)[0];s.parentNode.insertBefore(t,s)}(window,\n                 document,'script','https:\/\/connect.facebook.net\/en_US\/fbevents.js');\n         fbq('init', '1065890633454496');\n         fbq('track', 'PageView');\n     <\/script><br \/>\n<br \/>[ad_2]<br \/>\n<br \/><a href=\"https:\/\/www.01net.com\/actualites\/apple-annule-son-evenement-de-mars-le-successeur-de-l-iphone-se-attendra-1872818.html\">Source link <\/a><\/p>\n","protected":false},"excerpt":{"rendered":"<p>[ad_1] Le nouvel iPhone \u00ab\u00a0low cost\u00a0\u00bb est-il la derni\u00e8re victime du Covid-19 ? D\u2019apr\u00e8s plusieurs rumeurs concordantes, y compris en &hellip; <a href=\"http:\/\/www.affinite.fr\/index.php\/2020\/03\/11\/apple-annule-son-evenement-de-mars-le-successeur-de-liphone-se-attendra\/\" class=\"more-link\">Plus <span class=\"screen-reader-text\">Apple annule son \u00e9v\u00e9nement de mars, le successeur de l\u2019iPhone SE attendra<\/span> <span class=\"meta-nav\">&rarr;<\/span><\/a><\/p>\n","protected":false},"author":1,"featured_media":529,"comment_status":"open","ping_status":"open","sticky":false,"template":"","format":"standard","meta":{"_sitemap_exclude":false,"_sitemap_priority":"","_sitemap_frequency":"","footnotes":""},"categories":[1],"tags":[],"class_list":["post-528","post","type-post","status-publish","format-standard","has-post-thumbnail","hentry","category-tous"],"_links":{"self":[{"href":"http:\/\/www.affinite.fr\/index.php\/wp-json\/wp\/v2\/posts\/528"}],"collection":[{"href":"http:\/\/www.affinite.fr\/index.php\/wp-json\/wp\/v2\/posts"}],"about":[{"href":"http:\/\/www.affinite.fr\/index.php\/wp-json\/wp\/v2\/types\/post"}],"author":[{"embeddable":true,"href":"http:\/\/www.affinite.fr\/index.php\/wp-json\/wp\/v2\/users\/1"}],"replies":[{"embeddable":true,"href":"http:\/\/www.affinite.fr\/index.php\/wp-json\/wp\/v2\/comments?post=528"}],"version-history":[{"count":0,"href":"http:\/\/www.affinite.fr\/index.php\/wp-json\/wp\/v2\/posts\/528\/revisions"}],"wp:featuredmedia":[{"embeddable":true,"href":"http:\/\/www.affinite.fr\/index.php\/wp-json\/wp\/v2\/media\/529"}],"wp:attachment":[{"href":"http:\/\/www.affinite.fr\/index.php\/wp-json\/wp\/v2\/media?parent=528"}],"wp:term":[{"taxonomy":"category","embeddable":true,"href":"http:\/\/www.affinite.fr\/index.php\/wp-json\/wp\/v2\/categories?post=528"},{"taxonomy":"post_tag","embeddable":true,"href":"http:\/\/www.affinite.fr\/index.php\/wp-json\/wp\/v2\/tags?post=528"}],"curies":[{"name":"wp","href":"https:\/\/api.w.org\/{rel}","templated":true}]}}