{"id":5276,"date":"2020-09-22T17:11:09","date_gmt":"2020-09-22T17:11:09","guid":{"rendered":"https:\/\/www.affinite.fr\/index.php\/2020\/09\/22\/alicia-keys-se-lance-dans-la-beaute\/"},"modified":"2020-09-22T17:11:09","modified_gmt":"2020-09-22T17:11:09","slug":"alicia-keys-se-lance-dans-la-beaute","status":"publish","type":"post","link":"http:\/\/www.affinite.fr\/index.php\/2020\/09\/22\/alicia-keys-se-lance-dans-la-beaute\/","title":{"rendered":"Alicia Keys se lance dans la beaut\u00e9"},"content":{"rendered":"<p> [ad_1]<br \/>\n<br \/><img decoding=\"async\" src=\"https:\/\/img-3.journaldesfemmes.fr\/wzNgQSM1_rDDW_VuyB82k8tWBx4=\/1280x\/smart\/83e3b273d844410f96a4fa1c5ba81809\/ccmcms-jdf\/18796028.jpg\" \/><\/p>\n<p>\n                La star d\u00e9voile \u00ab\u00a0Keys Soulcare\u00a0\u00bb, une marque de beaut\u00e9 pour toutes en collaboration avec e.l.f Beauty. D\u00e9couverte.            <\/p>\n<div>\n<p>Apr\u00e8s <a href=\"https:\/\/www.journaldesfemmes.fr\/beaute\/maquillage\/2612047-selena-gomez-rare-beauty-marque-maquillage-sephora\/\" target=\"_blank\" rel=\"noopener noreferrer\">Selena Gomez<\/a>\u00a0et <a href=\"https:\/\/www.journaldesfemmes.fr\/beaute\/maquillage\/2429282-lady-gaga-haus-laboratories\/\" target=\"_blank\" rel=\"noopener noreferrer\">Lady Gaga<\/a>, Alicia Keys se lance \u00e0 son tour dans la beaut\u00e9.\u00a0L&rsquo;artiste a collabor\u00e9\u00a0avec le groupe am\u00e9ricain\u00a0e.l.f Beauty et a cr\u00e9\u00e9\u00a0\u00ab\u00a0Keys Soulcare\u00a0\u00bb. Une marque innovante qui sera disponible en France au printemps 2021. Le concept ? Des soins s&rsquo;appuyant sur 4\u00a0piliers :\u00a0Body, Spirit, Mind et Connection. La star a souhait\u00e9 mettre en avant une beaut\u00e9 holistique et inclusive pour se (re)centrer sur soi et profiter davantage avec les autres. \u00ab\u00a0<em>Nous sommes si souvent occup\u00e9s que nous ne prenons pas le temps de cr\u00e9er des petits rituels pour prendre soin de nous. M\u00eame avec les 5\u00a0minutes qu&rsquo;il me faut pour nettoyer mon visage &#8211; quand j&rsquo;arrive \u00e0 me cr\u00e9er ce moment pour moi &#8211; je me sens plus belle, plus puissante et plus confiante. C&rsquo;est \u00e7a le \u00ab\u00a0soulcare\u00a0\u00bb.\u00a0\u00bb\u00a0<\/em>explique <a href=\"https:\/\/www.journaldesfemmes.fr\/people\/alicia-keys\/\" title=\"Alicia Keys\">Alicia Keys<\/a>.\u00a0\n<\/p>\n<aside id=\"NL_2033209461\" class=\"newsletter_subscription jNlBlock\"><noscript><br \/>\n            <\/noscript><\/p>\n<h3 class=\"newsletter_subscription-title\">Newsletter <\/h3>\n<p><a href=\"\/\/mailing.ccmbg.com\/archive\/last-85\" target=\"_blank\" class=\"a_hover\" rel=\"noopener noreferrer\">Voir un exemple<\/a><\/p>\n<\/aside>\n<p>Le lancement de\u00a0\u00ab\u00a0Keys Soulcare\u00a0\u00bb d\u00e9butera sur les r\u00e9seaux sociaux via la cr\u00e9ation d&rsquo;un compte Instagram baptis\u00e9e <a href=\"https:\/\/www.instagram.com\/keyssoulcare\/?utm_source=ig_embed&amp;utm_campaign=loading\" target=\"_blank\" rel=\"noopener noreferrer\">@keyssoulcare<\/a>. Mais ce n&rsquo;est pas tout&#8230; La chanteuse a \u00e9galement\u00a0cr\u00e9\u00e9 un site internet nomm\u00e9\u00a0<a href=\"https:\/\/www.keyssoulcare.com\/\" target=\"_blank\" rel=\"noopener noreferrer\">heyssoulcare.com<\/a>, qui offrira conseils,\u00a0t\u00e9moignages et inspirations au quotidien\u00a0et \u00e0 travers une newsletter hebdomadaire.\u00a0C&rsquo;est une vraie communaut\u00e9 que la jeune femme souhaite d\u00e9velopper autour de sa marque. D\u00e8s le mois de d\u00e9cembre,\u00a0\u00ab\u00a0Keys Soulcare\u00a0\u00bb proposera un rituel pour les f\u00eates et d\u00e8s 2021, une gamme compl\u00e8te\u00a0de produits pour le visage,\u00a0le corps et bien plus encore. Tous \u00ab\u00a0clean\u00a0\u00bb et cruelty-free.\u00a0<em>\u00ab\u00a0<\/em><em>La premi\u00e8re fois que nous avons rencontr\u00e9 Alicia, nous savions que nous allions cr\u00e9er une marque qui allait au-del\u00e0 du skincare. Ses paroles et sa passion \u00e0 prendre soin d&rsquo;elle, de mani\u00e8re holistique, nous ont inspir\u00e9 pour cr\u00e9er une marque qui propose \u00e0 la fois une exp\u00e9rience lifestyle et une expertise soin pointue\u00a0\u00bb\u00a0<\/em>a ajout\u00e9 Kory Marchisotto, Directeur Marketing e.l.f Beauty et Pr\u00e9sident de Keys Soulcare. Et pour conclure ce beau projet, Alicia Keys s&rsquo;est engag\u00e9e \u00e0 reverser une partie de ses b\u00e9n\u00e9fices \u00e0 des organisations \u00e0 but non lucratif. On aime\u00a0!<\/p>\n<\/p><\/div>\n<p><script async defer src=\"https:\/\/platform.instagram.com\/en_US\/embeds.js\"><\/script><br \/>\n<br \/>[ad_2]<br \/>\n<br \/><a href=\"https:\/\/www.journaldesfemmes.fr\/beaute\/conseils-soins\/2661653-alicia-keys-marque-beaute-skincare\/\">Source link <\/a><\/p>\n","protected":false},"excerpt":{"rendered":"<p>[ad_1] La star d\u00e9voile \u00ab\u00a0Keys Soulcare\u00a0\u00bb, une marque de beaut\u00e9 pour toutes en collaboration avec e.l.f Beauty. D\u00e9couverte. Apr\u00e8s Selena &hellip; <a href=\"http:\/\/www.affinite.fr\/index.php\/2020\/09\/22\/alicia-keys-se-lance-dans-la-beaute\/\" class=\"more-link\">Plus <span class=\"screen-reader-text\">Alicia Keys se lance dans la beaut\u00e9<\/span> <span class=\"meta-nav\">&rarr;<\/span><\/a><\/p>\n","protected":false},"author":1,"featured_media":5277,"comment_status":"open","ping_status":"open","sticky":false,"template":"","format":"standard","meta":{"_sitemap_exclude":false,"_sitemap_priority":"","_sitemap_frequency":"","footnotes":""},"categories":[1],"tags":[],"class_list":["post-5276","post","type-post","status-publish","format-standard","has-post-thumbnail","hentry","category-tous"],"_links":{"self":[{"href":"http:\/\/www.affinite.fr\/index.php\/wp-json\/wp\/v2\/posts\/5276"}],"collection":[{"href":"http:\/\/www.affinite.fr\/index.php\/wp-json\/wp\/v2\/posts"}],"about":[{"href":"http:\/\/www.affinite.fr\/index.php\/wp-json\/wp\/v2\/types\/post"}],"author":[{"embeddable":true,"href":"http:\/\/www.affinite.fr\/index.php\/wp-json\/wp\/v2\/users\/1"}],"replies":[{"embeddable":true,"href":"http:\/\/www.affinite.fr\/index.php\/wp-json\/wp\/v2\/comments?post=5276"}],"version-history":[{"count":0,"href":"http:\/\/www.affinite.fr\/index.php\/wp-json\/wp\/v2\/posts\/5276\/revisions"}],"wp:featuredmedia":[{"embeddable":true,"href":"http:\/\/www.affinite.fr\/index.php\/wp-json\/wp\/v2\/media\/5277"}],"wp:attachment":[{"href":"http:\/\/www.affinite.fr\/index.php\/wp-json\/wp\/v2\/media?parent=5276"}],"wp:term":[{"taxonomy":"category","embeddable":true,"href":"http:\/\/www.affinite.fr\/index.php\/wp-json\/wp\/v2\/categories?post=5276"},{"taxonomy":"post_tag","embeddable":true,"href":"http:\/\/www.affinite.fr\/index.php\/wp-json\/wp\/v2\/tags?post=5276"}],"curies":[{"name":"wp","href":"https:\/\/api.w.org\/{rel}","templated":true}]}}