{"id":5269,"date":"2020-09-19T17:08:31","date_gmt":"2020-09-19T17:08:31","guid":{"rendered":"https:\/\/www.affinite.fr\/index.php\/2020\/09\/19\/89-ecoles-fermees-protocole-assoupli-masque-a-la-creche\/"},"modified":"2020-09-19T17:08:31","modified_gmt":"2020-09-19T17:08:31","slug":"89-ecoles-fermees-protocole-assoupli-masque-a-la-creche","status":"publish","type":"post","link":"http:\/\/www.affinite.fr\/index.php\/2020\/09\/19\/89-ecoles-fermees-protocole-assoupli-masque-a-la-creche\/","title":{"rendered":"89\u00a0\u00e9coles ferm\u00e9es, protocole assoupli, masque \u00e0 la cr\u00e8che"},"content":{"rendered":"<p> [ad_1]<br \/>\n<br \/><img decoding=\"async\" src=\"https:\/\/img-3.journaldesfemmes.fr\/-mrTn15YazmoM8EPFn6-5O7zNHo=\/1280x\/smart\/d320ed26cb3744f8aff040c94692e2d0\/ccmcms-jdf\/18729080.jpg\" \/><\/p>\n<p>\n                89\u00a0\u00e9coles sont ferm\u00e9es et 5056\u00a0\u00e9l\u00e8ves ont \u00e9t\u00e9 test\u00e9s positifs au coronavirus ces 7\u00a0derniers jours. Le protocole sanitaire devrait \u00eatre all\u00e9g\u00e9 dans les \u00e9coles primaires (de la maternelle au CM2), et le masque est d\u00e9sormais obligatoire pour les personnels de cr\u00e8che.            <\/p>\n<div>\n<aside class=\"ccmsummary marqueur_module ccmcss_cms_summary ccmcss_cms_summary--right\">\n<p>Sommaire<\/p>\n<\/aside>\n<p><strong>[Mis \u00e0 jour le 19 septembre \u00e0 15h15].<\/strong>\u00a0Trois semaines apr\u00e8s la rentr\u00e9e scolaire, <strong>89 \u00e9tablissements scolaires sont ferm\u00e9s<\/strong> en France : on compte\u00a0<strong>76 \u00e9coles, 5 coll\u00e8ges et 8 lyc\u00e9es.<\/strong>\u00a0Parmi les <strong>cas de Covid confirm\u00e9s en milieu scolaire,<\/strong> le minist\u00e8re de l&rsquo;Education nationale enregistre 5056 \u00e9l\u00e8ves (sur plus de 12 millions) test\u00e9s positifs ces 7 derniers jours et 1307 du c\u00f4t\u00e9 des personnels. Les cas sont en hausse dans les \u00e9coles et les \u00e9l\u00e8ves sont tenus de rester \u00e0 domicile s&rsquo;il s&rsquo;agit d&rsquo;un<strong> cas de Covid confirm\u00e9<\/strong>.\u00a0Ils b\u00e9n\u00e9ficient alors de la<strong> continuit\u00e9 p\u00e9dagogique<\/strong> assur\u00e9e par leurs professeurs.\u00a0<\/p>\n<h2>Quelles\u00a0nouvelles mesures \u00e0 l&rsquo;\u00e9cole ?<\/h2>\n<p>Ce 17 septembre,\u00a0<strong>Olivier V\u00e9ran <\/strong>a annonc\u00e9 de <strong>nouvelles mesures pour les \u00e9coles<\/strong>, avec un<strong> <a href=\"https:\/\/www.journaldesfemmes.fr\/maman\/enfant\/2638931-protocole-sanitaire-ecole-covid-assouplissement-primaire\/\" target=\"_blank\" rel=\"noopener noreferrer\">assouplissement du protocole sanitaire<\/a>.<\/strong> Si le gouvernement compte <strong>all\u00e9ger les mesures \u00e0 l&rsquo;\u00e9cole primaire (de la maternelle au CM2),<\/strong> rien ne devrait changer pour les coll\u00e8ges et les lyc\u00e9e, selon <a href=\"https:\/\/www.leparisien.fr\/societe\/covid-19-comment-l-ecole-va-assouplir-son-protocole-sanitaire-18-09-2020-8387658.php\" target=\"_blank\" rel=\"noopener noreferrer\">le Parisien.<\/a>\u00a0Concr\u00e8tement,\u00a0<em>\u00ab\u00a0lorsqu&rsquo;un enfant est test\u00e9 positif (souvent parce qu&rsquo;il a \u00e9t\u00e9 contamin\u00e9 au sein de sa famille), il doit \u00eatre isol\u00e9 7\u00a0jours chez lui. <strong>Mais les autres enfants de sa classe pourront normalement continuer de se rendre \u00e0 l&rsquo;\u00e9cole<\/strong><\/em><strong>\u00ab\u00a0<\/strong> a pr\u00e9cis\u00e9 le ministre de la Sant\u00e9 ce 17 septembre, lors d&rsquo;une conf\u00e9rence de presse.\u00a0Cela vaut aussi pour<strong> les enfants accueillis en cr\u00e8che ou chez un assistant maternel<\/strong>. \u00ab\u00a0La situation est bien \u00e9videmment diff\u00e9rente si plusieurs enfants sont test\u00e9s positifs dans la classe\u00a0\u00bb, a-t-il ajout\u00e9.<\/p>\n<p>Ces<strong> mesures \u00e0 l&rsquo;\u00e9cole<\/strong> font suite \u00e0 un<strong> nouvel avis du\u00a0Haut Conseil \u00e0 la sant\u00e9 publique<\/strong> concernant la<strong> <a href=\"https:\/\/sante.journaldesfemmes.fr\/fiches-maladies\/2623333-coronavirus-enfant-bebe-symptomes-test-covid-transmission-risque-contagion-ecole-depistage\/\" target=\"_blank\" rel=\"noopener noreferrer\">contagiosit\u00e9 des enfants<\/a>.<\/strong>\u00a0<em>\u00ab\u00a0Les enfants jeunes sont peu \u00e0 risque de formes graves et peu actifs dans la cha\u00eene de transmission du coronavirus<\/em>\u00ab\u00a0, pr\u00e9cise Olivier V\u00e9ran.\u00a0Il rappelle que \u00ab\u00a0<em><strong>le risque de transmission existe principalement d&rsquo;adulte \u00e0 adulte, d&rsquo;adulte \u00e0 enfant, mais rarement d&rsquo;enfant \u00e0 enfant ou d&rsquo;enfant \u00e0 adulte<\/strong><\/em>\u00ab\u00a0. Cette information a des cons\u00e9quences directes sur la <strong>scolarit\u00e9 des enfants.<\/strong> Ainsi, les enfants de primaire, de maternelle et de cr\u00e8che sont peu susceptibles de se contaminer entre eux et de contaminer les adultes autour d&rsquo;eux.\u00a0<\/p>\n<p>Le ministre de la Sant\u00e9 a annonc\u00e9 que les mesures allaient \u00eatre renforc\u00e9es pour limiter les contaminations entre les adultes et les enfants. Par cons\u00e9quent,<strong> <a href=\"https:\/\/www.journaldesfemmes.fr\/maman\/bebe\/2632411-protocole-sanitaire-creche-masques-obligatoires-bebe\/\" target=\"_blank\" rel=\"noopener noreferrer\">le port du masque sera obligatoire pour tous les professionnels de cr\u00e8che<\/a> y compris en pr\u00e9sence des enfants<\/strong>, m\u00eame si des d\u00e9rogations pourront \u00eatre envisageables, notamment pour les enfants qui pr\u00e9senteraient des troubles du comportement. Ainsi, le protocole sanitaire sera assoupli dans les prochains jours, dans les \u00e9coles et dans les cr\u00e8ches. Jean-Michel Blanquer devrait pr\u00e9ciser ces \u00e9l\u00e9ments dans les prochains jours, dans le but de faire revenir les enfants \u00e0 l&rsquo;\u00e9cole et \u00e9viter les \u00ab\u00a0fermetures d&rsquo;\u00e9tablissements entiers \u00e0 la premi\u00e8re alerte\u00a0\u00bb a ajout\u00e9 Olivier V\u00e9ran.<\/p>\n<h3><a id=\"creche-covid\" name=\"creche-covid\" target=\"_blank\" rel=\"noopener noreferrer\">Quelles mesures pour les b\u00e9b\u00e9s \u00e0 la cr\u00e8che\u00a0?<\/a><\/h3>\n<ul>\n<li><strong>Jusqu&rsquo;\u00e0 pr\u00e9sent, les professionnels des cr\u00e8ches et micro-cr\u00e8ches<\/strong>\u00a0n&rsquo;\u00e9taient masqu\u00e9s que lorsque la distance d&rsquo;un m\u00e8tre avec un autre adulte ne pouvait\u00a0pas \u00eatre respect\u00e9e, comme c&rsquo;\u00e9tait le cas depuis le 22\u00a0juin. D\u00e9sormais, ils devront porter le masque syst\u00e9matiquement, m\u00eame en pr\u00e9sence des enfants.<\/li>\n<li>Aussi, les parents munis d&rsquo;un masque peuvent entrer dans les locaux pour venir chercher leur b\u00e9b\u00e9 ou le d\u00e9poser.<\/li>\n<li>Quant aux doudous, ils peuvent \u00eatre emmen\u00e9s entre la cr\u00e8che et la maison, mais devront \u00eatre lav\u00e9s r\u00e9guli\u00e8rement (tous les deux jours).<\/li>\n<\/ul>\n<ul>\n<li><strong>Le protocole sanitaire devrait \u00eatre all\u00e9g\u00e9 \u00e0 l&rsquo;\u00e9cole primaire <\/strong>(de la maternelle au CM2) pour permettre \u00e0 tous les enfants de venir en classe.\u00a0Mais rien ne devrait changer pour les coll\u00e8ges et les lyc\u00e9es, selon le Parisien. Jean-Michel Blanquer devrait pr\u00e9ciser le nouveau protocole dans les prochains jours.<\/li>\n<li><strong>89 \u00e9tablissements scolaires sont actuellement ferm\u00e9s en France<\/strong>.\u00a0On compte 79 \u00e9coles, 5 coll\u00e8ges et 8 lyc\u00e9es. Parmi les cas de Covid confirm\u00e9s : 5056 \u00e9l\u00e8ves ont \u00e9t\u00e9 signal\u00e9s soit 891 de plus en 24 heures, et 1307 personnels, soit 284 de plus en 24h. \u00ab\u00a0Certaines zones de circulation active du virus sont plus fortement impact\u00e9es comme les acad\u00e9mies de Lille, Toulouse, Aix-Marseille, Bordeaux et Versailles.<\/li>\n<li><strong>Port du masque obligatoire pour les personnels de cr\u00e8che.\u00a0<\/strong>Olivier V\u00e9ran a annonc\u00e9 que le port du masque serait d\u00e9sormais obligatoire pour tous les professionnels des cr\u00e8ches, m\u00eame en pr\u00e9sence des enfants.<\/li>\n<li><strong>Rentr\u00e9e scolaire et arriv\u00e9e de l&rsquo;automne.\u00a0<\/strong>Selon l&rsquo;OMS, avec la rentr\u00e9e scolaire et l&rsquo;arriv\u00e9e de l&rsquo;automne, qui incite la population \u00e0 se r\u00e9unir dans des espaces int\u00e9rieurs, <strong>l&rsquo;Europe est \u00e0 un stade d\u00e9cisif dans la lutte contre le coronavirus.<\/strong> Pour\u00a0le directeur des Situations d&rsquo;urgence de l&rsquo;OMS Michael Ryan, des compromis doivent \u00eatre faits pour <strong>maintenir les enfants \u00e0 l&rsquo;\u00e9cole<\/strong> et prot\u00e9ger les plus vuln\u00e9rables. \u00ab\u00a0<em>Le seul moyen est que les adultes maintiennent une distance suffisante pour favoriser une baisse de la contagion.\u00a0\u00bb \u00ab\u00a0Qu&rsquo;est ce qui est le plus important\u00a0: le retour de nos enfants dans les classes ou l&rsquo;ouverture des nightclubs et des bars\u00a0?\u00a0\u00bb <\/em>a-t-il ajout\u00e9 lors d&rsquo;une conf\u00e9rence de presse virtuelle ce 15 septembre.<\/li>\n<li><strong>Des Clusters dans les universit\u00e9s<\/strong>. La ministre de l&rsquo;Enseignement sup\u00e9rieur Fr\u00e9d\u00e9rique Vidal a de nouveau pr\u00e9cis\u00e9 lors d&rsquo;une conf\u00e9rence de presse ce mardi, qu&rsquo;une dizaine d&rsquo;universit\u00e9s avaient \u00e9t\u00e9 confront\u00e9es \u00e0 des cas de coronavirus. Selon l&rsquo;ARS, ces clusters se seraient davantage d\u00e9velopp\u00e9s lors des <strong>soir\u00e9es priv\u00e9es entre \u00e9tudiants <\/strong>ou parmi ceux qui partagent une <strong>colocation<\/strong>, plut\u00f4t qu&rsquo;au sein des \u00e9tablissements.<\/li>\n<li><strong>A l&rsquo;universit\u00e9 de m\u00e9decine de Montpellier,<\/strong> 60 cas sur 200 \u00e9tudiants ont \u00e9t\u00e9 enregistr\u00e9s quelques jours apr\u00e8s la rentr\u00e9e universitaire 2020, selon le quotidien Midi Libre. A l&rsquo;origine de ce nouveau cluster ?\u00a0Il s&rsquo;agirait d&rsquo;une soir\u00e9e d&rsquo;int\u00e9gration pour les \u00e9tudiants de deuxi\u00e8me ann\u00e9e de m\u00e9decine, qui avait lieu d\u00e9but septembre.<\/li>\n<li><strong>Pour cette rentr\u00e9e universitaire<\/strong>, les \u00e9tudiants masqu\u00e9s devront respecter la distanciation physique \u00ab\u00a0chaque fois que c&rsquo;est possible\u00a0\u00bb et selon la situation sanitaire, certains \u00e9l\u00e8ves suivront des cours en pr\u00e9sentiel et \u00e0 distance, ou en distanciel total.<\/li>\n<li><strong>De nouvelles restrictions \u00e0 Bordeaux et Marseille.<\/strong>\u00a0La pr\u00e9f\u00e8te de Bordeaux, Fabienne Buccio, a annonc\u00e9 de nouvelles mesures ce 14 septembre : \u00ab\u00a0<strong>les f\u00eates \u00e9tudiantes seront annul\u00e9es ou emp\u00each\u00e9es<\/strong>\u00ab\u00a0, les rassemblements familiaux et festifs sont limit\u00e9s \u00e0 10 personnes maximum.\u00a0Par ailleurs,\u00a0les<strong> sorties scolaires seront suspendues<\/strong> dans l&rsquo;enseignement primaire et secondaire. M\u00eames mesures \u00e0 Marseille qui annule aussi sa foire, les journ\u00e9es du Patrimoine, la f\u00eate des voisins, et \u00e9tend l&rsquo;obligation du port du masque de 6h \u00e0 2h sur l&rsquo;ensemble des communes.<\/li>\n<li><strong>Les \u00e9valuations d&rsquo;\u00e9l\u00e8ves ont d\u00e9but\u00e9\u00a0ce 14 septembre<\/strong>.\u00a0Les \u00e9l\u00e8ves de primaire, du coll\u00e8ge ainsi que les lyc\u00e9ens seront soumis \u00e0 des \u00e9valuations,\u00a0<a href=\"https:\/\/www.journaldesfemmes.fr\/maman\/enfant\/2563928-evaluations-nationales-cp-ce1-6e-covid\/\" target=\"_blank\" rel=\"noopener noreferrer\">pour les classes de CP et de CE1<\/a>.\u00a0L&rsquo;objectif\u00a0?\u00a0Mieux rep\u00e9rer les \u00e9l\u00e8ves d\u00e9crocheurs afin de leur proposer un accompagnement adapt\u00e9. Apr\u00e8s plusieurs semaines d&rsquo;\u00e9cole \u00e0 distance, l&rsquo;objectif de ces \u00e9valuations sera plus que jamais d&rsquo;\u00e9valuer les besoins des \u00e9l\u00e8ves.<\/li>\n<li><strong>A Calais et dans le Calaisis (Pas-de-Calais)<\/strong>, le masque devient obligatoire pour les \u00e9l\u00e8ves et parents d&rsquo;\u00e9l\u00e8ves \u00ab\u00a0dans un p\u00e9rim\u00e8tre de 50 m\u00e8tres autour des entr\u00e9es et des sorties des cr\u00e8ches et des \u00e9tablissements scolaires\u00a0\u00bb a annonc\u00e9 le pr\u00e9fet du d\u00e9partement Louis Le Franc.<\/li>\n<li><strong>7 jours d&rsquo;isolement au lieu de 14 jours.<\/strong>\u00a0Dans son discours en direct de Matignon ce 11 septembre, <strong>Jean Castex<\/strong> a annonc\u00e9 que <strong>42 d\u00e9partements \u00e9taient class\u00e9s rouges<\/strong>, en circulation active du virus.\u00a0En outre, <strong>la <a href=\"https:\/\/sante.journaldesfemmes.fr\/fiches-maladies\/2621211-isolement-covid-19-coronavirus-7-jours-quatorzaine-septaine-france-test-positif-negatif-cas-contact\/\" target=\"_blank\" rel=\"noopener noreferrer\">dur\u00e9e d&rsquo;isolement<\/a> est port\u00e9e \u00e0 7 jours<\/strong> (au lieu de 14 jours), p\u00e9riode durant laquelle le risque de contagion est le plus important.\u00a0<\/li>\n<li><strong>Retour des enfants \u00e0 l&rsquo;\u00e9cole : pas de certificat m\u00e9dical obligatoire<\/strong>.\u00a0L&rsquo;Ordre national des m\u00e9decins a rappel\u00e9 ce vendredi que les m\u00e9decins n&rsquo;ont pas \u00e0 remettre de certificat m\u00e9dical \u00ab\u00a0de non-contre-indication au retour \u00e0 l&rsquo;\u00e9cole\u00a0\u00bb lorsque les enfants pr\u00e9sentent des sympt\u00f4mes \u00e9vocateurs du Covid-19. En effet, certains professionnels de sant\u00e9 ont subi des pressions pour en \u00e9tablir.\u00a0Le protocole sanitaire pr\u00e9voit un retour possible des \u00e9l\u00e8ves \u00e0 l&rsquo;\u00e9cole en cas de \u00ab\u00a0test n\u00e9gatif ou de respect des d\u00e9lais prescrits par les autorit\u00e9s sanitaires\u00e9.<\/li>\n<li><strong>Pour le SNUIPP-FSU<\/strong> (premier syndicat du primaire), les <strong>masques en tissu AFNOR fournis par l&rsquo;Education nationale<\/strong> aux professeurs ne sont pas suffisamment protecteurs contre le coronavirus. Ils r\u00e9clament \u00ab\u00a0<strong>des masques chirurgicaux dans les \u00e9coles pour prot\u00e9ger \u00e9l\u00e8ves et personnels\u00a0\u00bb. <\/strong>Selon le syndicat, les enseignants <em>\u00ab\u00a0seront donc consid\u00e9r\u00e9s comme &lsquo;contacts \u00e0 risque&rsquo; si un enfant de leur classe est test\u00e9 <strong>positif au Covid-19. <\/strong>De m\u00eame l&rsquo;ensemble des enfants d&rsquo;une classe sera consid\u00e9r\u00e9 comme contact \u00e0 risque si un personnel est test\u00e9 positif.\u00a0\u00bb\u00a0<\/em>Il ajoute que les conditions actuelles ne permettent pas d&rsquo;\u00e9viter le brassage des \u00e9l\u00e8ves et par cons\u00e9quent la propagation de l&rsquo;\u00e9pid\u00e9mie, et la fermeture des classes ou de l&rsquo;\u00e9cole.\u00a0\u00a0Autre recommandation de la part du collectif Stop-Postillons\u00a0: le <strong>port du masque d\u00e8s l&rsquo;\u00e9cole primaire <\/strong>au lieu du coll\u00e8ge, soit \u00e0 partir de<strong> 6\u00a0ans au lieu de 11\u00a0ans.<\/strong><\/li>\n<li><strong>L&rsquo;aide \u00e0 l&rsquo;acc\u00e8s \u00e0 l&rsquo;enseignement sup\u00e9rieur.\u00a0<\/strong>Ce 8 septembre, <strong>Emmanuel Macron<\/strong> a annonc\u00e9 que le dispositif visant \u00e0 soutenir les jeunes et les aider \u00e0 acc\u00e9der \u00e0 l&rsquo;enseignement sup\u00e9rieur passerait de 80\u00a0000 \u00e0 200\u00a0000 places, pour promouvoir l&rsquo;\u00e9galit\u00e9 des chances.\u00a0<em>\u00ab\u00a0Cette nouvelle \u00ab\u00a0cord\u00e9e de la r\u00e9ussite\u00a0\u00bb, nous allons la passer de 80\u00a0000\u00a0aujourd&rsquo;hui \u00e0 200\u00a0000\u00a0[places], avec ce syst\u00e8me de bourses, avec le renforcement des moyens que nous allons mettre en place, pour permettre d&rsquo;identifier, d\u00e8s la 4e, des jeunes et de les emmener jusqu&rsquo;\u00e0 l&rsquo;apr\u00e8s-baccalaur\u00e9at\u00a0\u00bb,\u00a0<\/em>a-t-il d\u00e9clar\u00e9 lors d&rsquo;une visite dans un\u00a0lyc\u00e9e professionnel en Auvergne-Rh\u00f4ne-Alpes.<\/li>\n<li>Jean-Michel Blanquer a\u00a0annonc\u00e9 qu&rsquo;une<strong> indemnit\u00e9 d&rsquo;un montant de 450 <\/strong>serait vers\u00e9e d\u00e8s la fin de l&rsquo;ann\u00e9e 2020\u00a0aux <strong>directrices et directeurs d&rsquo;\u00e9tablissements scolaires<\/strong>, afin de les accompagner dans la gestion de cette crise sanitaire.\u00a0\u00a0<\/li>\n<li><strong>Un Grenelle des professeurs.<\/strong>\u00a0Pour redonner confiance aux enseignants, Jean-Michel Blanquer a annonc\u00e9 au <a href=\"https:\/\/www.lejdd.fr\/Politique\/exclusif-jean-michel-blanquer-lance-un-grenelle-des-professeurs-3988435\" target=\"_blank\" rel=\"noopener noreferrer\">Journal du Dimanche<\/a> qu&rsquo;il allait lancer un <strong>Grenelle des professeurs<\/strong>. \u00ab\u00a0<em>D&rsquo;ici \u00e0 octobre, nous discuterons de la <strong>hausse des r\u00e9mun\u00e9rations pour 2021<\/strong>, gr\u00e2ce aux 400\u00a0millions d&rsquo;euros suppl\u00e9mentaires obtenus.\u00a0Et \u00e0 partir de novembre, nous n\u00e9gocierons pour d\u00e9finir une loi de programmation pluriannuelle\u00a0\u00bb <\/em>en pr\u00e9cisant qu&rsquo;il souhaitait<strong> am\u00e9liorer\u00a0\u00ab\u00a0<em>la place des enseignants dans la soci\u00e9t\u00e9\u00a0\u00bb.<\/em><\/strong><\/li>\n<li><strong>Une prime pour le mat\u00e9riel informatique.\u00a0Jean-Michel Blanquer <\/strong>pr\u00e9voit une <strong>prime<\/strong> pour permettre aux enseignants et aux \u00e9l\u00e8ves d&rsquo;\u00eatre \u00e9quip\u00e9s en<strong> mat\u00e9riel informatique<\/strong>.\u00a0\u00ab\u00a0<em>Le fait que nous allions vers un \u00e9quipement syst\u00e9matique de chaque \u00e9l\u00e8ve et chaque professeur est notre objectif<\/em>\u00a0\u00bb a d\u00e9clar\u00e9 le ministre de l&rsquo;Education le 27\u00a0juillet\u00a0sur <a href=\"https:\/\/www.francetvinfo.fr\/societe\/education\/video-rentree-scolaire-jean-michel-blanquer-envisage-une-prime-pour-equiper-eleves-et-enseignants-en-materiel-informatique_4057407.html#xtor=AL-79-%5Barticle_video%5D-%5Bconnexe%5D\" target=\"_blank\" rel=\"noopener noreferrer\">France Info<\/a>. Il pr\u00e9cise \u00e9galement qu&rsquo;une \u00ab\u00a0<strong><em><a href=\"http:\/\/www.affinite.fr\/index.php\/2022\/11\/09\/formation-de-glacier-apprenez-le-metier-de-glacier-et-changez-votre-vie\/\">formation<\/a> \u00e0 l&rsquo;enseignement \u00e0 distance va se g\u00e9n\u00e9raliser\u00a0\u00bb <\/em><\/strong>et rappelle que \u00ab\u00a0<em>la France est un des pays qui a le mieux r\u00e9ussi l&rsquo;enseignement \u00e0 distance<\/em>\u00a0\u00bb durant la p\u00e9riode de confinement.\u00a0<\/li>\n<\/ul>\n<p>Le\u00a0<strong><a href=\"https:\/\/www.journaldesfemmes.fr\/maman\/enfant\/2638931-protocole-sanitaire-ecole-covid-assouplissement-primaire\/\" target=\"_blank\" rel=\"noopener noreferrer\">protocole sanitaire \u00e0 l&rsquo;\u00e9cole<\/a><\/strong>\u00a0pr\u00e9cise les mesures \u00e0 prendre en cas de fermeture de classe ou d&rsquo;\u00e9cole. D\u00e8s lors que <strong>plus de trois cas de Covid-19\u00a0sont d\u00e9clar\u00e9s dans une \u00e9cole<\/strong>, \u00ab\u00a0<em>\u00e7a d\u00e9clenche la fermeture d&rsquo;une structure scolaire<\/em>\u00ab\u00a0.\u00a0<\/p>\n<p><strong>Si un enfant pr\u00e9sente des sympt\u00f4mes de fi\u00e8vre ou de la toux avant de se rendre \u00e0 l&rsquo;\u00e9cole<\/strong>, il devra rester \u00e0 la maison et consulter un m\u00e9decin, qui d\u00e9cidera de lui faire passer un d\u00e9pistage, s&rsquo;il peut retourner en classe, ou apr\u00e8s 7\u00a0jours.<\/p>\n<p><strong>Si l&rsquo;enfant pr\u00e9sente des sympt\u00f4mes \u00e0 l&rsquo;\u00e9cole<\/strong>, il devra alors \u00eatre isol\u00e9 dans une salle, et dans ce cas, le masque est recommand\u00e9 \u00e0 partir de 6\u00a0ans. L&rsquo;\u00e9tablissement pr\u00e9vient alors les parents qui devront venir le chercher.\u00a0<\/p>\n<p><strong>Si le cas est confirm\u00e9<\/strong>, l&rsquo;\u00e9cole pr\u00e9vient alors l&rsquo;agence r\u00e9gionale de la sant\u00e9 (ARS) qui dressera une liste des personnes ayant \u00e9t\u00e9 en contact avec l&rsquo;enfant ou l&rsquo;adulte.\u00a0Les personnes figurant sur la liste devront rester \u00e0 domicile en attendant de savoir quelles sont ceux qui doivent se faire d\u00e9pister.\u00a0M\u00eame si le test est n\u00e9gatif, une quatorzaine est exig\u00e9e.\u00a0\u00ab\u00a0<em>Dans les quarante-huit\u00a0heures qui suivent ce test, l&rsquo;ensemble des mesures pour briser la cha\u00eene de contamination est prise. Cela peut aller jusqu&rsquo;\u00e0 la<strong> fermeture d&rsquo;une classe ou m\u00eame la fermeture d&rsquo;une \u00e9cole <\/strong>ou d&rsquo;un \u00e9tablissement, ou m\u00eame de plusieurs \u00e9coles<\/em>\u00ab\u00a0, a d\u00e9clar\u00e9\u00a0Jean-Michel Blanquer ce mercredi 26\u00a0ao\u00fbt.\u00a0Le minist\u00e8re de l&rsquo;Education rappelle que l&rsquo;\u00e9cole <a href=\"http:\/\/www.affinite.fr\/index.php\/2022\/10\/22\/la-creme-glacee-la-nouvelle-culture-commerciale\/\">ferme<\/a> totalement ou partiellement \u00e0 partir de trois cas av\u00e9r\u00e9s.<\/p>\n<p>Selon\u00a0les situations, notamment\u00a0<strong>en cas de fermeture d&rsquo;\u00e9cole suite \u00e0 un cas de Covid<\/strong>, l&rsquo;enseignement \u00e0 distance sera mis en place, avec \u00ab\u00a0<em>une capacit\u00e9 d&rsquo;adaptation territoire par territoire\u00a0\u00bb<\/em>, pr\u00e9cise le ministre. <em>\u00a0<\/em>La commune, la pr\u00e9fecture et l&rsquo;ARS seront d\u00e9cisionnaires. Si la pr\u00e9fecture ordonne de fermer l&rsquo;\u00e9cole, la commune se devra d&rsquo;ob\u00e9ir. Mais si la pr\u00e9fecture ne donne pas d&rsquo;obligation,<strong> la commune aura un pouvoir d\u00e9cisionnel,<\/strong> ont pr\u00e9cis\u00e9 Agn\u00e8s Lebrun et Jean-Michel\u00a0Blanquer ce 26\u00a0ao\u00fbt.\u00a0<\/p>\n<h3>Voici la proc\u00e9dure si des cas de Covid sont suspect\u00e9s \u00e0 l&rsquo;\u00e9cole\u00a0:\u00a0<\/h3>\n<ul>\n<li>Isolement de la personne\u00a0: <strong>la dur\u00e9e d&rsquo;isolement est d\u00e9sormais port\u00e9e \u00e0 7\u00a0jours au lieu de 14\u00a0jours<\/strong><\/li>\n<li>Remise de la liste des personnes contacts \u00e0 l&rsquo;agence r\u00e9gionale de sant\u00e9<\/li>\n<li>D\u00e9pistage rapide et syst\u00e9matique des cas contacts<\/li>\n<li>Fermeture partielle ou totale de la classe ou de l&rsquo;\u00e9cole de mani\u00e8re temporaire, en fonction de la situation sanitaire<\/li>\n<li>La continuit\u00e9 p\u00e9dagogique (en pr\u00e9sentiel ou \u00e0 distance) sera assur\u00e9e dans toutes les situations, pour tous les \u00e9l\u00e8ves<\/li>\n<\/ul>\n<p>Selon le <strong>protocole sanitaire<\/strong>, la <a href=\"https:\/\/www.journaldesfemmes.fr\/maman\/enfant\/2633239-fermeture-d-ecole-covid-enfant-symptomes-cas-contact-que-faire\/\" target=\"_blank\" rel=\"noopener noreferrer\">fermeture d&rsquo;un \u00e9tablissement scolaire<\/a> est \u00ab\u00a0envisageable\u00a0\u00bb \u00e0 partir de <strong>trois cas de coronavirus<\/strong>, avait pr\u00e9cis\u00e9 Jean-Michel Blanquer. Des solutions \u00e9taient donc attendues pour les parents contraints de rester \u00e0 la maison pour garde d&rsquo;enfants.\u00a0\u00ab\u00a0<em>Les<strong> mesures d&rsquo;indemnisation d\u00e9rogatoires en vigueur avant l&rsquo;\u00e9t\u00e9<\/strong> seront donc r\u00e9activ\u00e9es pour que les parents concern\u00e9s puissent b\u00e9n\u00e9ficier d&rsquo;un niveau de r\u00e9mun\u00e9ration garanti<\/em>\u00ab\u00a0, pr\u00e9cise le minist\u00e8re de la Sant\u00e9 dans un communiqu\u00e9 du 9\u00a0septembre. Pour en b\u00e9n\u00e9ficier,<strong> les deux parents doivent \u00eatre dans l&rsquo;impossibilit\u00e9 de faire du t\u00e9l\u00e9travail<\/strong>, et devront fournir un justificatif attestant que la classe ferme ou que l&rsquo;enfant est un cas contact.\u00a0En outre,<strong> seul un des deux parents pourra b\u00e9n\u00e9ficier d&rsquo;une indemnisation<\/strong> de l&rsquo;Etat. <em>\u00ab\u00a0Les parents qui sont dans l&rsquo;impossibilit\u00e9 de t\u00e9l\u00e9travailler pourront b\u00e9n\u00e9ficier d&rsquo;un revenu de remplacement d\u00e8s le premier jour de leur arr\u00eat de travail, et au plus tard jusqu&rsquo;\u00e0 la fin de la p\u00e9riode d&rsquo;isolement\u00a0\u00bb.<\/em><\/p>\n<p><a id=\"masque-ecole\" name=\"masque-ecole\" target=\"_blank\" rel=\"noopener noreferrer\">Qui doit\u00a0porter un masque \u00e0 l&rsquo;\u00e9cole\u00a0?<\/a><\/p>\n<p>Syst\u00e9matique et obligatoire \u00e0 l&rsquo;\u00e9cole d\u00e8s le coll\u00e8ge, \u00ab\u00a0<strong><em>le masque devra \u00eatre port\u00e9 par tous, professeurs ou \u00e9l\u00e8ves, d\u00e8s l&rsquo;\u00e2ge de 11\u00a0ans dans les espaces clos m\u00eame lorsqu&rsquo;une distance physique d&rsquo;un m\u00e8tre est respect\u00e9e<\/em><\/strong>\u00ab\u00a0, pr\u00e9cise le gouvernement. Jean-Michel Blanquer a ajout\u00e9 ce 26\u00a0ao\u00fbt\u00a0: \u00ab\u00a0<em>ce que chacun doit comprendre de mani\u00e8re simple, c&rsquo;est que<strong> tous les adultes portent le masque, et\u00a0que les enfants et les adolescents le portent \u00e0 partir de la classe de sixi\u00e8me<\/strong><\/em>\u00ab\u00a0. Contrairement \u00e0 ce qui avait \u00e9t\u00e9 annonc\u00e9 concernant les exceptions du port du masque pour les enseignants de maternelle\u00a0: \u00ab\u00a0<em>nous avons pr\u00e9f\u00e9r\u00e9 ne pas maintenir ces exceptions\u00a0\u00bb <\/em>a pr\u00e9cis\u00e9 Jean-Michel\u00a0Blanquer.\u00a0<\/p>\n<h3><a id=\"masques-transparents-enseignants\" name=\"masques-transparents-enseignants\" target=\"_blank\" rel=\"noopener noreferrer\"><strong>Des masques transparents pour les enseignants<\/strong><\/a><\/h3>\n<p>Sophie Cluzel,\u00a0secr\u00e9taire d&rsquo;Etat charg\u00e9e des personnes handicap\u00e9es, a annonc\u00e9 au JDD que tous les<strong> enseignants de maternelle et des classes qui accueillent des enfants malentendants<\/strong> seront prochainement \u00e9quip\u00e9s de<strong> masques \u00ab\u00a0inclusifs\u00a0\u00bb.\u00a0Ces masques transparents <\/strong>permettront ainsi \u00e0 tous les \u00e9l\u00e8ves de mieux comprendre les professeurs en lisant sur les l\u00e8vres. \u00ab\u00a0<em>Plus de 100\u00a0000\u00a0masques seront fabriqu\u00e9s d&rsquo;ici \u00e0 la fin du mois. <strong>Des masques transparents, r\u00e9utilisables, lavables 25\u00a0fois \u00e0 60\u00a0\u00b0C<\/strong>, qui vont \u00eatre disponibles en grand nombre dans le courant de l&rsquo;automne\u00a0\u00bb.\u00a0<\/em><\/p>\n<h3>Masque obligatoire pendant les r\u00e9cr\u00e9ations<\/h3>\n<p>En dehors de la classe,<strong> dans les espaces a\u00e9r\u00e9s,\u00a0le port du masque se fera \u00ab\u00a0selon l&rsquo;appr\u00e9ciation locale\u00a0\u00bb<\/strong>. Par ailleurs, le masque sera obligatoire pour les \u00e9l\u00e8ves et le personnel de l&rsquo;\u00e9ducation <strong>pendant les r\u00e9cr\u00e9ations<\/strong> au coll\u00e8ge et au lyc\u00e9e, mais uniquement pour les personnels en primaire, a d\u00e9clar\u00e9 le ministre sur France Inter ce 27\u00a0ao\u00fbt.<\/p>\n<ul>\n<li>Pour les \u00e9l\u00e8ves scolaris\u00e9s <strong>en maternelle<\/strong> : le masque est \u00e0 proscrire.\u00a0<\/li>\n<li>Pour les \u00e9l\u00e8ves scolaris\u00e9s <strong>\u00e0 l&rsquo;\u00e9cole \u00e9l\u00e9mentaire<\/strong> : le masque n&rsquo;est pas recommand\u00e9, mais des masques sont \u00e0 disposition pour ceux qui pr\u00e9sentent des sympt\u00f4mes, dans l&rsquo;attente de leur d\u00e9part de l&rsquo;\u00e9cole.<\/li>\n<li>Pour \u00e9l\u00e8ves de <strong>coll\u00e8ge et lyc\u00e9e<\/strong>, le masque est obligatoire dans les espaces clos, m\u00eame lorsqu&rsquo;une distanciation d&rsquo;un m\u00e8tre est respect\u00e9e.<\/li>\n<li>Pour les <strong>membres du\u00a0personnel\u00a0:<\/strong> le masque est obligatoire en\u00a0primaire, au coll\u00e8ge et au\u00a0lyc\u00e9e m\u00eame quand la distanciation d&rsquo;au moins un m\u00e8tre est garantie, soit de la maternelle \u00e0 la terminale.<\/li>\n<li><em><strong>\u00ab\u00a0Dans l&rsquo;enseignement sup\u00e9rieur, le masque sera obligatoire pour tout le monde<\/strong><\/em><strong>\u00ab\u00a0<\/strong> a d\u00e9clar\u00e9\u00a0le premier ministre Jean Castex ce 27\u00a0ao\u00fbt.<\/li>\n<\/ul>\n<p>A\u00e9ration des classes, limitation du brassage des classes, lavage des mains&#8230;<strong>\u00a0Le protocole sanitaire sera bien celui d\u00e9voil\u00e9 au mois de juillet, qui avait \u00e9t\u00e9 assoupli.<\/strong><em>\u00ab\u00a0Nous avons demand\u00e9 qu&rsquo;il n&rsquo;y ait de brassage que par niveau et non pas inter-niveau, dans le fonctionnement des lyc\u00e9es en particulier. Concr\u00e8tement, il pourra y avoir des \u00e9l\u00e8ves de seconde qui se croisent dans un lyc\u00e9e. Mais normalement, <strong>les emplois du temps sont con\u00e7us de telle fa\u00e7on que les \u00e9l\u00e8ves de seconde ne croisent pas les \u00e9l\u00e8ves de premi\u00e8re, et vice versa\u00a0\u00bb,\u00a0<\/strong><\/em>a pr\u00e9cis\u00e9 Jean-Michel Blanquer ce 26\u00a0ao\u00fbt.<\/p>\n<p>Voici les mesures\u00a0mises en place apr\u00e8s l&rsquo;avis du\u00a0<strong><a href=\"https:\/\/www.hcsp.fr\/Explore.cgi\/avisrapportsdomaine?clefr=877\" target=\"_blank\" rel=\"noopener noreferrer\">Haut Conseil de la sant\u00e9 publique<\/a>\u00a0<\/strong>pour la rentr\u00e9e de septembre. N\u00e9anmoins,\u00a0le ministre de l&rsquo;Education nationale a expliqu\u00e9 ce mercredi 26\u00a0ao\u00fbt que des \u00ab\u00a0<strong><em>adaptations locales<\/em><\/strong>\u00a0\u00bb pourraient \u00eatre mises en place en fonction de l&rsquo;\u00e9volution de l&rsquo;\u00e9pid\u00e9mie.\u00a0<\/p>\n<ul>\n<li><strong>La distanciation physique d&rsquo;un m\u00e8tre n&rsquo;est plus obligatoire pour tous les cycles dans les espaces clos, <\/strong>lorsqu&rsquo;elle n&rsquo;est pas mat\u00e9riellement possible et qu&rsquo;elle ne permet pas d&rsquo;accueillir tous les \u00e9l\u00e8ves. Cette r\u00e8gle concerne tous les espaces clos\u00a0: salles de classe, ateliers, biblioth\u00e8ques, r\u00e9fectoires, cantines, internats&#8230;\u00a0Si la configuration des salles de classe ne permet pas de respecter la distanciation physique d&rsquo;au moins un m\u00e8tre, l&rsquo;espace est organis\u00e9 de mani\u00e8re \u00e0 maintenir la plus grande distance possible entre les \u00e9l\u00e8ves<\/li>\n<li><strong>Pas de distanciation physique dans les espaces ext\u00e9rieurs<\/strong> (mais les plus de 11\u00a0ans doivent porter un masque)<\/li>\n<li><strong>La limitation du brassage\u00a0entre classes et groupes d&rsquo;\u00e9l\u00e8ves n&rsquo;est plus obligatoire<\/strong>, y compris dans <strong>les transports scolaires <\/strong>(mais les coll\u00e9giens et lyc\u00e9ens doivent porter un masque lors des d\u00e9placements dans l&rsquo;\u00e9tablissement scolaire, ou lorsque la distanciation ne peut \u00eatre garantie dans les transports). Cependant, le d\u00e9roulement de la journ\u00e9e et des activit\u00e9s scolaires est organis\u00e9 pour <strong>limiter les regroupements et les croisements importants<\/strong>. Les arriv\u00e9es et d\u00e9parts sont particuli\u00e8rement \u00e9tudi\u00e9s pour limiter au maximum les regroupements d&rsquo;\u00e9l\u00e8ves et\/ou de parents.\u00a0<\/li>\n<li>L&rsquo;acc\u00e8s <strong>aux jeux, aux bancs et espaces collectifs ext\u00e9rieurs<\/strong> est d\u00e9sormais autoris\u00e9. Des objets partag\u00e9s au sein d&rsquo;une m\u00eame classe ou d&rsquo;un m\u00eame groupe peuvent \u00eatre mis \u00e0 disposition\u00a0: ballons, jouets, livres, jeux, journaux, d\u00e9pliants r\u00e9utilisables, crayons&#8230;<\/li>\n<li><strong>Un nettoyage des sols et des grandes surfaces<\/strong> (tables, bureaux) est r\u00e9alis\u00e9 au minimum <strong>une fois par jour<\/strong>, ainsi qu&rsquo;une d\u00e9sinfection des surfaces les plus fr\u00e9quemment touch\u00e9es par les \u00e9l\u00e8ves et les personnels dans tous les espaces communs (les poign\u00e9es de portes, les interrupteurs&#8230;). Les tables du r\u00e9fectoire sont nettoy\u00e9es et d\u00e9sinfect\u00e9es apr\u00e8s chaque service.<\/li>\n<li><strong>A la cantine :<\/strong> il faudra respecter un m\u00e8tre de distance entre chaque enfant. Si ce n&rsquo;est pas possible, il faudra par exemple utiliser de nouvelles salles pour prendre son d\u00e9jeuner ou augmenter le nombre de services pour diviser les passages simultan\u00e9s \u00e0 la cantine. Les tables devront \u00eatre nettoy\u00e9es et d\u00e9sinfect\u00e9es apr\u00e8s chaque service. Le ministre de l&rsquo;Education recommande des horaires diff\u00e9rentes selon les \u00e9l\u00e8ves \u00ab\u00a0de mani\u00e8re \u00e0 limiter les flux et la densit\u00e9 d&rsquo;occupation\u00a0\u00bb. Enfin,<strong> les cours de sport \u00e0 l&rsquo;\u00e9cole<\/strong> font \u00e9galement exception\u00a0: les \u00e9l\u00e8ves pourront ne pas porter de masque mais \u00ab\u00a0aucune activit\u00e9 n&rsquo;est proscrite\u00a0\u00bb.\u00a0Elle devront se d\u00e9rouler \u00ab\u00a0dans le respect des r\u00e8gles sanitaires\u00a0\u00bb.<\/li>\n<li><strong>Concernant les universit\u00e9s<\/strong> : \u00ab\u00a0<em>Un certain nombre d&rsquo;universit\u00e9s ont d\u00e9cid\u00e9 de faire une partie de leurs cours en t\u00e9l\u00e9travail\u00a0\u00bb, pr\u00e9cise le Pr Delfraissy.<\/em>\u00a0<\/li>\n<\/ul>\n<p>Le minist\u00e8re a anticip\u00e9 les diff\u00e9rentes situations.\u00a0\u00ab\u00a0<em><strong>Dans l&rsquo;hypoth\u00e8se o\u00f9 la situation sanitaire exigerait des mesures plus strictes, du fait d&rsquo;une circulation active du virus sur tout ou partie du territoire national, un plan de continuit\u00e9 p\u00e9dagogique sera mis en place<\/strong> pour assurer l&rsquo;<strong>enseignement \u00e0 distance<\/strong><\/em><strong>\u00ab\u00a0<\/strong>, indiquait\u00a0la circulaire de rentr\u00e9e scolaire publi\u00e9e le 10 juillet. Ce 26 ao\u00fbt, Jean-Michel Blanquer a de nouveau insist\u00e9 et confirm\u00e9 ce point.\u00a0\u00ab\u00a0<em>Le minist\u00e8re a \u00e9labor\u00e9 <strong>un plan comprenant, outre le protocole sanitaire<\/strong>, le rappel des principales actions \u00e0 conduire, des conseils et bonnes pratiques sur l&rsquo;organisation du service et l&rsquo;\u00e9quipement num\u00e9rique, les modalit\u00e9s d&rsquo;activation des <strong>classes virtuelles du Cned et de Ma classe \u00e0 la maison,<\/strong> et une s\u00e9lection de ressources p\u00e9dagogiques num\u00e9riques \u00e0 disposition des professeurs et des familles<\/em>\u00ab\u00a0. <strong>Voici les diff\u00e9rentes hypoth\u00e8ses :<\/strong><\/p>\n<h3>En cas de circulation active du virus<\/h3>\n<p>Concr\u00e8tement, <strong>si le nombre d&rsquo;\u00e9l\u00e8ves devait de nouveau \u00eatre limit\u00e9 dans les \u00e9coles\u00a0<\/strong>en raison d&rsquo;une <strong>circulation active et localis\u00e9e du virus<\/strong>, n\u00e9cessitant la mise en place d&rsquo;un <strong>protocole sanitaire stricte<\/strong>,\u00a0les enfants\u00a0pourraient (selon les situations et comme pendant le confinement) suivre les <strong><a href=\"https:\/\/www.journaldesfemmes.fr\/maman\/enfant\/2626571-ecole-a-la-maison-cned-ma-classe-a-la-maison\/\" target=\"_blank\" rel=\"noopener noreferrer\">cours \u00e0 distance avec Ma Classe \u00e0 la maison<\/a> ou le Cned<\/strong>, et \u00eatre pris en charge en participant au\u00a0<a href=\"https:\/\/www.journaldesfemmes.fr\/maman\/enfant\/2638135-2s2c-sport-sante-culture-civisme\/\" target=\"_blank\" rel=\"noopener noreferrer\"><strong>dispositif 2S2C (sport, sant\u00e9, culture, civisme)<\/strong><\/a>. Les autres locaux des \u00e9coles, coll\u00e8ges et lyc\u00e9es devront notamment \u00eatre mobilis\u00e9s afin d&rsquo;accueillir les \u00e9l\u00e8ves dans de meilleures conditions. Dans cette situation \u00ab\u00a0<strong><em>tous les \u00e9l\u00e8ves doivent avoir acc\u00e8s \u00e0 des cours en pr\u00e9sentiel chaque semaine<\/em>\u00ab\u00a0<\/strong> pr\u00e9cise le minist\u00e8re, mais des groupes pourraient aussi alterner \u00e0 la journ\u00e9e ou \u00e0 la demi-journ\u00e9e. En revanche, \u00ab\u00a0<em>les \u00e9l\u00e8ves scolaris\u00e9s en CP et CE1\u00a0d\u00e9doubl\u00e9s en \u00e9ducation prioritaire devront imp\u00e9rativement \u00eatre scolaris\u00e9s \u00e0 temps plein<\/em>\u00ab\u00a0.<\/p>\n<h3>En cas de circulation tr\u00e8s active du virus n\u00e9cessitant la fermeture des \u00e9coles<\/h3>\n<aside id=\"NL_234784830\" class=\"newsletter_subscription jNlBlock\"><noscript><br \/>\n            <\/noscript><\/p>\n<h3 class=\"newsletter_subscription-title\">Newsletter <\/h3>\n<p><a href=\"\/\/mailing.ccmbg.com\/archive\/last-85\" target=\"_blank\" class=\"a_hover\" rel=\"noopener noreferrer\">Voir un exemple<\/a><\/p>\n<\/aside>\n<p>Le minist\u00e8re de l&rsquo;Education anticipe l&rsquo;hypoth\u00e8se selon laquelle des \u00e9tablissements scolaires n\u00e9cessiteraient d&rsquo;\u00eatre ferm\u00e9s, au niveau local. Les enseignants pourront alors s&rsquo;appuyer sur les<strong> cours\u00a0des professeurs diffus\u00e9s sur la Maison Lumni <\/strong>et suivre les cours \u00e0 distance.\u00a0En outre, les \u00e9l\u00e8ves en situation de \u00ab\u00a0d\u00e9connexion num\u00e9rique\u00a0\u00bb devront \u00eatre identifi\u00e9s en amont.<\/p>\n<table align=\"center\" border=\"1\" cellpadding=\"1\" cellspacing=\"1\" style=\"width:80%;\">\n<tbody>\n<tr>\n<td>\n<h2 style=\"text-align: center;\">Quels gestes barri\u00e8re \u00e0 l&rsquo;\u00e9cole ?<\/h2>\n<p>Tous les \u00e9l\u00e8ves doivent respecter les gestes barri\u00e8re lorsqu&rsquo;ils arrivent dans l&rsquo;\u00e9tablissement, avant chaque repas, avant, pendant et apr\u00e8s la r\u00e9cr\u00e9ation, apr\u00e8s \u00eatre all\u00e9 aux toilettes et le soir, avant de rentrer chez eux.\u00a0<\/p>\n<ul>\n<li>se laver tr\u00e8s r\u00e9guli\u00e8rement les mains\u00a0;<\/li>\n<li>tousser ou \u00e9ternuer dans son coude ou dans un mouchoir\u00a0;<\/li>\n<li>utiliser un mouchoir \u00e0 usage unique et le jeter\u00a0;<\/li>\n<li>saluer sans se serrer la main, \u00e9viter les embrassades<\/li>\n<\/ul>\n<\/td>\n<\/tr>\n<\/tbody>\n<\/table>\n<\/div>\n<p>[ad_2]<br \/>\n<br \/><a href=\"https:\/\/www.journaldesfemmes.fr\/maman\/enfant\/1849367-ecole-covid-olivier-veran-masque-obligatoire-a-la-creche-protocole-assoupli-a-l-ecole\/\">Source link <\/a><\/p>\n","protected":false},"excerpt":{"rendered":"<p>[ad_1] 89\u00a0\u00e9coles sont ferm\u00e9es et 5056\u00a0\u00e9l\u00e8ves ont \u00e9t\u00e9 test\u00e9s positifs au coronavirus ces 7\u00a0derniers jours. Le protocole sanitaire devrait \u00eatre &hellip; <a href=\"http:\/\/www.affinite.fr\/index.php\/2020\/09\/19\/89-ecoles-fermees-protocole-assoupli-masque-a-la-creche\/\" class=\"more-link\">Plus <span class=\"screen-reader-text\">89\u00a0\u00e9coles ferm\u00e9es, protocole assoupli, masque \u00e0 la cr\u00e8che<\/span> <span class=\"meta-nav\">&rarr;<\/span><\/a><\/p>\n","protected":false},"author":1,"featured_media":5270,"comment_status":"open","ping_status":"open","sticky":false,"template":"","format":"standard","meta":{"_sitemap_exclude":false,"_sitemap_priority":"","_sitemap_frequency":"","footnotes":""},"categories":[1],"tags":[],"class_list":["post-5269","post","type-post","status-publish","format-standard","has-post-thumbnail","hentry","category-tous"],"_links":{"self":[{"href":"http:\/\/www.affinite.fr\/index.php\/wp-json\/wp\/v2\/posts\/5269"}],"collection":[{"href":"http:\/\/www.affinite.fr\/index.php\/wp-json\/wp\/v2\/posts"}],"about":[{"href":"http:\/\/www.affinite.fr\/index.php\/wp-json\/wp\/v2\/types\/post"}],"author":[{"embeddable":true,"href":"http:\/\/www.affinite.fr\/index.php\/wp-json\/wp\/v2\/users\/1"}],"replies":[{"embeddable":true,"href":"http:\/\/www.affinite.fr\/index.php\/wp-json\/wp\/v2\/comments?post=5269"}],"version-history":[{"count":0,"href":"http:\/\/www.affinite.fr\/index.php\/wp-json\/wp\/v2\/posts\/5269\/revisions"}],"wp:featuredmedia":[{"embeddable":true,"href":"http:\/\/www.affinite.fr\/index.php\/wp-json\/wp\/v2\/media\/5270"}],"wp:attachment":[{"href":"http:\/\/www.affinite.fr\/index.php\/wp-json\/wp\/v2\/media?parent=5269"}],"wp:term":[{"taxonomy":"category","embeddable":true,"href":"http:\/\/www.affinite.fr\/index.php\/wp-json\/wp\/v2\/categories?post=5269"},{"taxonomy":"post_tag","embeddable":true,"href":"http:\/\/www.affinite.fr\/index.php\/wp-json\/wp\/v2\/tags?post=5269"}],"curies":[{"name":"wp","href":"https:\/\/api.w.org\/{rel}","templated":true}]}}