{"id":5265,"date":"2020-09-18T17:07:32","date_gmt":"2020-09-18T17:07:32","guid":{"rendered":"https:\/\/www.affinite.fr\/index.php\/2020\/09\/18\/mon-enfant-a-des-symptomes-cas-contact-que-faire\/"},"modified":"2020-09-18T17:07:32","modified_gmt":"2020-09-18T17:07:32","slug":"mon-enfant-a-des-symptomes-cas-contact-que-faire","status":"publish","type":"post","link":"http:\/\/www.affinite.fr\/index.php\/2020\/09\/18\/mon-enfant-a-des-symptomes-cas-contact-que-faire\/","title":{"rendered":"mon enfant a des sympt\u00f4mes, cas contact, que faire\u00a0?"},"content":{"rendered":"<p> [ad_1]<br \/>\n<br \/><img decoding=\"async\" src=\"https:\/\/img-3.journaldesfemmes.fr\/4dm92uJSw_x-phLdegGsMwgG164=\/1280x\/smart\/86f3f1671d0b4aac99f46d3c4de3cdb7\/ccmcms-jdf\/18705775.jpg\" \/><\/p>\n<p>\n                89\u00a0\u00e9tablissements scolaires sont ferm\u00e9s en France. Olivier V\u00e9ran a annonc\u00e9 de nouvelles mesures pour faciliter le retour \u00e0 l&rsquo;\u00e9cole des \u00e9l\u00e8ves et \u00e9viter les fermetures de classes massives. Que faire si mon enfant pr\u00e9sente des sympt\u00f4mes, ou s&rsquo;il est cas contact\u00a0?            <\/p>\n<div>\n<aside class=\"ccmsummary marqueur_module ccmcss_cms_summary ccmcss_cms_summary--right\">\n<p>Sommaire<\/p>\n<\/aside>\n<p><strong>[Mise \u00e0 jour du 18\u00a0septembre \u00e0 17h50]. <\/strong>\u00ab\u00a0<em>Les enfants en primaire, maternelle, et cr\u00e8che sont peu susceptibles de se contaminer entre eux et de contaminer les adultes<\/em>\u00ab\u00a0, a d\u00e9clar\u00e9 Olivier V\u00e9ran ce 17 septembre lors d&rsquo;une conf\u00e9rence de presse.\u00a0Partant de ce constat, qui \u00e9mane du dernier avis du Haut conseil de la sant\u00e9 publique, le <a href=\"https:\/\/www.journaldesfemmes.fr\/maman\/enfant\/2638931-protocole-sanitaire-ecole-covid-assouplissement-olivier-veran\/\" target=\"_blank\" rel=\"noopener noreferrer\"><strong>protocole sanitaire \u00e0 l&rsquo;\u00e9cole<\/strong><\/a> va \u00eatre assoupli, de mani\u00e8re \u00e0 \u00e9viter les fermetures massives des classes et des \u00e9coles.\u00a0En effet, suite \u00e0 des <a href=\"https:\/\/www.journaldesfemmes.fr\/maman\/enfant\/1849367-ecole-covid-olivier-veran-masque-obligatoire-a-la-creche-protocole-assoupli-a-l-ecole\/\" target=\"_blank\" rel=\"noopener noreferrer\">cas de Covid-19 \u00e0 l&rsquo;\u00e9cole<\/a>,<strong>\u00a0Actuellement, 89 \u00e9tablissements scolaires sont ferm\u00e9s en France<\/strong>, et 5056 \u00e9l\u00e8ves ayant \u00e9t\u00e9 test\u00e9s positifs doivent suivre les cours \u00e0 distance.\u00a0Par cons\u00e9quent, \u00ab\u00a0<em>\u00ab\u00a0lorsqu&rsquo;un enfant est test\u00e9 positif (souvent parce qu&rsquo;il a \u00e9t\u00e9 contamin\u00e9 au sein de sa famille), il doit \u00eatre isol\u00e9 7\u00a0jours chez lui. <strong>Mais les autres enfants de sa classe pourront normalement continuer de se rendre \u00e0 l&rsquo;\u00e9cole<\/strong><\/em><strong>\u00ab\u00a0, <\/strong>a pr\u00e9cis\u00e9 le ministre de la Sant\u00e9.\u00a0Enfin, les professionnels de cr\u00e8che devront porter un masque, m\u00eame en pr\u00e9sence des enfants.<\/p>\n<h3>Quelles mesures en cas de suspicion d&rsquo;un cas de Covid \u00e0 l&rsquo;\u00e9cole ?<\/h3>\n<ul>\n<li><strong>isoler la personne qui pr\u00e9sente des sympt\u00f4mes : la dur\u00e9e d&rsquo;isolement est d\u00e9sormais de 7 jours<\/strong><\/li>\n<li><strong>\u00e0 remettre la liste des personnes contacts \u00e0 l&rsquo;ARS, <\/strong><\/li>\n<li><strong>d\u00e9pister rapidement et syst\u00e9matiquement les cas contacts et analyser les r\u00e9sultats<\/strong>.\u00a0<\/li>\n<li>Ces mesures permettront aux \u00e9tablissements de fermer, selon la situation sanitaire et de mani\u00e8re temporaire, une ou plusieurs classes, ou l&rsquo;\u00e9cole.<\/li>\n<\/ul>\n<p><strong>En cas de fermeture d&rsquo;\u00e9cole<\/strong>, \u00ab\u00a0<em>nous sommes en mesure d&rsquo;assurer la <strong>continuit\u00e9 p\u00e9dagogique<\/strong> d&rsquo;un \u00e9tablissement ou d&rsquo;une classe\u00a0\u00bb<\/em>, avait d\u00e9clar\u00e9\u00a0le ministre de l&rsquo;Education. Enseignement \u00e0 distance, distribution de mat\u00e9riel informatique&#8230;\u00a0Autant de mesures d\u00e9j\u00e0 mises en place depuis le confinement.\u00a0On fait le point sur la prise en charge des petits \u00e9coliers, avec les recommandations du Conseil scientifique concernant les cas suspects qui peuvent survenir \u00e0 l&rsquo;\u00e9cole.<\/p>\n<h3><a id=\"fermeture-ecole-enfant-positif-covid-19\" name=\"fermeture-ecole-enfant-positif-covid-19\" target=\"_blank\" rel=\"noopener noreferrer\">D\u00e9pistage des \u00e9l\u00e8ves et fermeture de la classe<\/a><\/h3>\n<p>Pour <strong>r\u00e9duire les risques de propagation<\/strong>, il est important de <strong>d\u00e9pister\u00a0tous les \u00e9l\u00e8ves<\/strong> <strong>de la m\u00eame classe ou de toutes les classes du m\u00eame niveau. <\/strong>Ce\u00a0d\u00e9pistage sera effectu\u00e9 au sein m\u00eame de l&rsquo;\u00e9tablissement scolaire. Par ailleurs, une <strong>fermeture de la classe<\/strong> incluant l&rsquo;<strong>\u00e9viction des \u00e9l\u00e8ves<\/strong> contamin\u00e9s, mais aussi, dans certains cas, des classes de m\u00eame niveau voire de l&rsquo;\u00e9cole\u00a0pourra \u00eatre observ\u00e9e pendant <strong>7\u00a0jours<\/strong>. Le minist\u00e8re de l&rsquo;Education Nationale pr\u00e9cise dans son\u00a0protocole sanitaire que ce sont les autorit\u00e9s sanitaires en lien avec les autorit\u00e9s acad\u00e9miques qui prendront les d\u00e9cisions relatives \u00e0 la <strong>fermeture de tout ou partie d&rsquo;un \u00e9tablissement ou au d\u00e9pistage des cas contacts.<\/strong> Ce protocole sanitaire pr\u00e9cise qu&rsquo;un\u00a0nettoyage minutieux et la d\u00e9sinfection des locaux occup\u00e9s, mais aussi des objets touch\u00e9s par l&rsquo;\u00e9l\u00e8ve contamin\u00e9 devront \u00eatre effectu\u00e9s.<\/p>\n<h3><strong>Mon enfant pr\u00e9sente des sympt\u00f4mes \u00e0 la maison <\/strong><\/h3>\n<p><strong>\u00ab\u00a0Les parents d&rsquo;\u00e9l\u00e8ves s&rsquo;engagent \u00e0 ne pas mettre leurs enfants \u00e0 l&rsquo;\u00e9cole,<\/strong> au coll\u00e8ge ou au lyc\u00e9e en cas de fi\u00e8vre (38\u00a0\u00b0C ou plus) ou en cas d&rsquo;apparition de sympt\u00f4mes \u00e9voquant la <a href=\"https:\/\/sante.journaldesfemmes.fr\/maladies\/2619933-maladie-covid-19-que-veut-dire-prevention-mutation-incubation-origine-personne-a-risque-transmission-virus-sars-cov-2\/\" title=\"Covid 19\">Covid-19<\/a>\u00a0chez l&rsquo;\u00e9l\u00e8ve ou dans sa famille\u00a0\u00bb pr\u00e9cise le gouvernement. Les parents doivent donc garder leur enfant \u00e0 domicile, \u00e9viter les contacts, consulter un m\u00e9decin qui d\u00e9cidera de la n\u00e9cessit\u00e9 de faire ou non un d\u00e9pistage.\u00a0Apr\u00e8s avis m\u00e9dical ou apr\u00e8s 7 jours, l&rsquo;\u00e9l\u00e8ve pourra alors retourner \u00e0 l&rsquo;\u00e9cole.<\/p>\n<h3>Une attestation sur l&rsquo;honneur des parents<\/h3>\n<p>\u00ab\u00a0<em>Si on a un enfant a de la fi\u00e8vre, on ne l&rsquo;envoie pas \u00e0 l&rsquo;\u00e9cole. Par contre, s&rsquo;il a eu de la fi\u00e8vre et qu&rsquo;on le renvoie \u00e0 l&rsquo;\u00e9cole, on atteste sur l&rsquo;honneur qu&rsquo;il n&rsquo;a pas le Covid<\/em>\u00ab\u00a0, a pr\u00e9cis\u00e9 Jean-Michel Blanquer sur LCI ce 16 septembre.\u00a0Nul besoin donc de demander un certificat m\u00e9dical \u00e0 son m\u00e9decin pour pouvoir remettre son enfant \u00e0 l&rsquo;\u00e9cole.<\/p>\n<h3>Mon enfant pr\u00e9sente des sympt\u00f4mes \u00e0 l&rsquo;\u00e9cole<\/h3>\n<p>Si l&rsquo;enfant est d\u00e9j\u00e0 \u00e0 l&rsquo;\u00e9cole, tout sympt\u00f4me \u00e9vocateur d&rsquo;<strong>infection au Covid-19 (toux, \u00e9ternuement, essoufflement, mal de gorge, fatigue, troubles digestifs, sensation de fi\u00e8vre, etc.)<\/strong>\u00a0doit conduire \u00e0 \u00ab\u00a0l&rsquo;\u00e9viction imm\u00e9diate de l&rsquo;\u00e9l\u00e8ve\u00a0\u00bb. En attendant l&rsquo;arriv\u00e9e de ses parents, le protocole sanitaire \u00e9tabli par le minist\u00e8re de l&rsquo;Education nationale recommande:\u00a0<\/p>\n<ul>\n<li>d<strong>&lsquo;isoler l&rsquo;\u00e9l\u00e8ve dans une pi\u00e8ce d\u00e9di\u00e9e<\/strong>,<\/li>\n<li>de lui faire porter un masque \u00e0 partir de 6 ans et en pr\u00e9sence d&rsquo;un adulte masqu\u00e9, en attendant l&rsquo;arriv\u00e9e des parents<\/li>\n<li>La pi\u00e8ce devra ensuite \u00eatre nettoy\u00e9e de fa\u00e7on approfondie.<\/li>\n<\/ul>\n<p>Les parents devront ensuite consulter leur m\u00e9decin traitant qui d\u00e9cidera s&rsquo;il est n\u00e9cessaire de\u00a0faire r\u00e9aliser un <a href=\"https:\/\/sante.journaldesfemmes.fr\/fiches-maladies\/2623965-coronavirus-test-pcr-nez-serologique-antigenique-rapide-salivaire-ordonnance-gratuit-pharmacie-laboratoire\/\" target=\"_blank\" rel=\"noopener noreferrer\"><strong>test de d\u00e9pistage<\/strong><\/a> \u00e0 l&rsquo;enfant dans un centre sp\u00e9cialis\u00e9, et attendre le r\u00e9sultat avant qu&rsquo;il ne puisse r\u00e9int\u00e9grer l&rsquo;\u00e9tablissement scolaire.\u00a0Il en va bien s\u00fbr des parents de <strong>pr\u00e9venir l&rsquo;\u00e9cole<\/strong>, de leur plein gr\u00e9, en cas d&rsquo;<strong>apparition\u00a0de\u00a0sympt\u00f4mes<\/strong> \u00e9vocateurs d&rsquo;infection <strong>Covid-19<\/strong>.<\/p>\n<h3>Mon enfant est identifi\u00e9 comme \u00ab\u00a0cas contact\u00a0\u00bb<\/h3>\n<p>Les parents se doivent de pr\u00e9venir le directeur de l&rsquo;\u00e9cole et de la m\u00eame mani\u00e8re que les cas pr\u00e9c\u00e9dents, devront garder leur enfant \u00e0 la maison, \u00e9viter les contacts et consulter un m\u00e9decin.<\/p>\n<h3><a name=\"temperature-symptome-enfant-covid-19\">Prise de temp\u00e9rature, au cas par cas<\/a><\/h3>\n<p><strong>En cas de suspicion de sympt\u00f4mes<\/strong>,\u00a0une prise de <a href=\"https:\/\/www.journaldesfemmes.fr\/maman\/guide-bebe\/2112229-meilleurs-thermometres-notre-selection-des-modeles-les-plus-fiables\/\" target=\"_blank\" rel=\"noopener noreferrer\">temp\u00e9rature frontale<\/a> peut \u00eatre effectu\u00e9e \u00e0 l&rsquo;\u00e9l\u00e8ve par un enseignant ou l&rsquo;infirmi\u00e8re scolaire\u00a0N\u00e9anmoins, le<strong>\u00a0Conseil Scientifique ne juge pas\u00a0la prise syst\u00e9matique de temp\u00e9rature des \u00e9l\u00e8ves n\u00e9cessaire<\/strong>. Et ce, pour deux raisons\u00a0: d&rsquo;abord, ne pas avoir de fi\u00e8vre ne signifie pas forc\u00e9ment qu&rsquo;il n&rsquo;y a pas d&rsquo;infection. D&rsquo;autre part, prendre la temp\u00e9rature de chaque enfant\u00a0est difficile \u00e0 r\u00e9aliser quotidiennement, surtout en respectant les <a href=\"https:\/\/www.journaldesfemmes.fr\/societe\/actu\/2631735-confinement-et-distanciation-sociale-jusqu-en-2022\/\" target=\"_blank\" rel=\"noopener noreferrer\">r\u00e8gles de distanciation sociale<\/a>.<\/p>\n<p><strong>Si un enfant est porteur du Covid-19 apr\u00e8s son\u00a0retour \u00e0 l&rsquo;\u00e9cole,<\/strong> il devra rester <strong>confin\u00e9\u00a0<\/strong>\u00e0 la maison et ne pourra revenir \u00e0 l&rsquo;\u00e9cole qu&rsquo;apr\u00e8s \u00ab\u00a0<em>un avis de son m\u00e9decin traitant, du m\u00e9decin de la plateforme Covid-19 ou du m\u00e9decin de l&rsquo;Education nationale\u00a0\u00bb <\/em>pr\u00e9cise le site du minist\u00e8re. <strong>La dur\u00e9e d&rsquo;isolement est d\u00e9sormais port\u00e9e \u00e0 7 jours au lieu de 14 jours,<\/strong> a annonc\u00e9 Jean Castex ce 11 septembre.\u00a0<\/p>\n<p>Parents, fr\u00e8re(s) et s\u0153ur(s) devront, eux aussi, se soumettre\u00a0\u00e0 un test\u00a0pour \u00e9valuer l&rsquo;\u00e9tendue et le risque des transmissions au sein du foyer.\u00a0Le but ? Que le\u00a0m\u00e9decin d\u00e9termine, en accord avec les parents,\u00a0la <strong>strat\u00e9gie d&rsquo;isolement familial<\/strong>\u00a0la mieux\u00a0adapt\u00e9e. Mais, en principe, l&rsquo;ensemble du foyer doit rester confin\u00e9 pour la m\u00eame dur\u00e9e. Celle-ci peut-\u00eatre prolong\u00e9e, pr\u00e9cise le Conseil Scientifique <em>\u00ab\u00a0si d&rsquo;autres cas sont d\u00e9tect\u00e9s\u00a0\u00bb <\/em>au cours de ce confinement.\u00a0Un isolement dans une structure d\u00e9di\u00e9e avec l&rsquo;un des parents peut \u00e9galement \u00eatre propos\u00e9, par exemple,\u00a0si le foyer compte un membre \u00e0 la sant\u00e9 fragile.<\/p>\n<h2><strong>Les parents stress\u00e9s par les fermetures de classes<\/strong><\/h2>\n<aside id=\"NL_1734603509\" class=\"newsletter_subscription jNlBlock\"><noscript><br \/>\n            <\/noscript><\/p>\n<h3 class=\"newsletter_subscription-title\">Newsletter <\/h3>\n<p><a href=\"\/\/mailing.ccmbg.com\/archive\/last-85\" target=\"_blank\" class=\"a_hover\" rel=\"noopener noreferrer\">Voir un exemple<\/a><\/p>\n<\/aside>\n<p>Selon un<strong>\u00a0<\/strong>sondage r\u00e9alis\u00e9 en ao\u00fbt 2020 par\u00a0OpinionWay pour Microsoft France <i>, <\/i><strong>68% des\u00a0parents fran\u00e7ais appr\u00e9hendent le retour de la classe \u00e0 la maison<\/strong> en cas de cas positifs au <a href=\"https:\/\/sante.journaldesfemmes.fr\/fiches-maladies\/2605417-coronavirus-france-paris-nombre-cas-morts-carte-evolution-dernier-bilan-zones-rouges-paris-chiffre-mesure-lyon-nice-marseille\/\" title=\"N-Cov\">coronavirus<\/a>\u00a0dans la classe de leur enfant.\u00a0Men\u00e9 aupr\u00e8s de 575\u00a0parents d&rsquo;\u00e9l\u00e8ves, ce sondage appel\u00e9 \u00ab\u00a0<i>Rentr\u00e9e scolaire 2020\u00a0: quelle place pour le num\u00e9rique\u00a0? \u00ab\u00a0<\/i>\u00a0r\u00e9v\u00e8le que les femmes\u00a0(36% contre 28% pour les hommes)\u00a0redoutent d&rsquo;\u00eatre amen\u00e9es \u00e0 faire la classe elles-m\u00eames. Une inqui\u00e9tude partag\u00e9e par\u00a0les\u00a0parents les moins dipl\u00f4m\u00e9s. 67% des parents estiment aussi que leurs enfants ne ma\u00eetrisent pas suffisamment l&rsquo;outil num\u00e9rique pour faire leurs devoirs, r\u00e9aliser des recherches sur internet ou simplement travailler en autonomie devant un \u00e9cran. Enfin, le sondage explique que ce sont surtout les parents d&rsquo;enfants en \u00e9l\u00e9mentaire et dans une moindre mesure au coll\u00e8ge qui appr\u00e9hendent le plus de faire l&rsquo;\u00e9cole \u00e0 la maison, alors que les parents de lyc\u00e9ens semblent plus confiants.<\/p>\n<\/p><\/div>\n<p>[ad_2]<br \/>\n<br \/><a href=\"https:\/\/www.journaldesfemmes.fr\/maman\/enfant\/2633239-fermeture-d-ecole-covid-enfant-symptomes-cas-contact-que-faire\/\">Source link <\/a><\/p>\n","protected":false},"excerpt":{"rendered":"<p>[ad_1] 89\u00a0\u00e9tablissements scolaires sont ferm\u00e9s en France. Olivier V\u00e9ran a annonc\u00e9 de nouvelles mesures pour faciliter le retour \u00e0 l&rsquo;\u00e9cole &hellip; <a href=\"http:\/\/www.affinite.fr\/index.php\/2020\/09\/18\/mon-enfant-a-des-symptomes-cas-contact-que-faire\/\" class=\"more-link\">Plus <span class=\"screen-reader-text\">mon enfant a des sympt\u00f4mes, cas contact, que faire\u00a0?<\/span> <span class=\"meta-nav\">&rarr;<\/span><\/a><\/p>\n","protected":false},"author":1,"featured_media":5266,"comment_status":"open","ping_status":"open","sticky":false,"template":"","format":"standard","meta":{"_sitemap_exclude":false,"_sitemap_priority":"","_sitemap_frequency":"","footnotes":""},"categories":[1],"tags":[],"class_list":["post-5265","post","type-post","status-publish","format-standard","has-post-thumbnail","hentry","category-tous"],"_links":{"self":[{"href":"http:\/\/www.affinite.fr\/index.php\/wp-json\/wp\/v2\/posts\/5265"}],"collection":[{"href":"http:\/\/www.affinite.fr\/index.php\/wp-json\/wp\/v2\/posts"}],"about":[{"href":"http:\/\/www.affinite.fr\/index.php\/wp-json\/wp\/v2\/types\/post"}],"author":[{"embeddable":true,"href":"http:\/\/www.affinite.fr\/index.php\/wp-json\/wp\/v2\/users\/1"}],"replies":[{"embeddable":true,"href":"http:\/\/www.affinite.fr\/index.php\/wp-json\/wp\/v2\/comments?post=5265"}],"version-history":[{"count":0,"href":"http:\/\/www.affinite.fr\/index.php\/wp-json\/wp\/v2\/posts\/5265\/revisions"}],"wp:featuredmedia":[{"embeddable":true,"href":"http:\/\/www.affinite.fr\/index.php\/wp-json\/wp\/v2\/media\/5266"}],"wp:attachment":[{"href":"http:\/\/www.affinite.fr\/index.php\/wp-json\/wp\/v2\/media?parent=5265"}],"wp:term":[{"taxonomy":"category","embeddable":true,"href":"http:\/\/www.affinite.fr\/index.php\/wp-json\/wp\/v2\/categories?post=5265"},{"taxonomy":"post_tag","embeddable":true,"href":"http:\/\/www.affinite.fr\/index.php\/wp-json\/wp\/v2\/tags?post=5265"}],"curies":[{"name":"wp","href":"https:\/\/api.w.org\/{rel}","templated":true}]}}