{"id":5259,"date":"2020-09-16T19:33:04","date_gmt":"2020-09-16T19:33:04","guid":{"rendered":"https:\/\/www.affinite.fr\/index.php\/2020\/09\/16\/cheesecake-avec-cuisson-vanille-caramel\/"},"modified":"2020-09-16T19:33:04","modified_gmt":"2020-09-16T19:33:04","slug":"cheesecake-avec-cuisson-vanille-caramel","status":"publish","type":"post","link":"http:\/\/www.affinite.fr\/index.php\/2020\/09\/16\/cheesecake-avec-cuisson-vanille-caramel\/","title":{"rendered":"Cheesecake (avec cuisson) vanille &#038; caramel"},"content":{"rendered":"<p> [ad_1]<br \/>\n<\/p>\n<div id=\"post-34054\">\n<div class=\"post-header-inner\">\n<div class=\"post-header-title\">\n<div class=\"post-meta single-post-meta\">\n\t\t\t\t<span class=\"time\"><time class=\"post-published updated\" datetime=\"2020-09-16T14:15:47+02:00\">Publi\u00e9 le <b>16 septembre 2020<\/b><\/time><\/span><br \/>\n\t\t\t<a href=\"https:\/\/www.chefnini.com\/cheesecake-vanille-et-chocolat\/#comments\" title=\"Laisser un commentaire sur &quot;Cheesecake (avec cuisson) vanille &amp; caramel&quot;\" class=\"comments\"><i class=\"fa fa-comments-o\"\/> 1<\/a><\/div>\n<\/p><\/div>\n<\/p><\/div>\n<div class=\"entry-content clearfix single-post-content\">\n<p><img itemprop=\"image\" class=\"aligncenter size-full wp-image-38733\" data-src=\"https:\/\/static.chefnini.com\/wp-content\/uploads\/2020\/09\/cheesecake-vanille-caramel2.jpg\" alt=\"\" width=\"500\" height=\"750\" srcset=\"https:\/\/static.chefnini.com\/wp-content\/uploads\/2020\/09\/cheesecake-vanille-caramel2.jpg 500w, https:\/\/static.chefnini.com\/wp-content\/uploads\/2020\/09\/cheesecake-vanille-caramel2-200x300.jpg 200w\" sizes=\"(max-width: 500px) 100vw, 500px\"\/><\/p>\n<p itemprop=\"description\">C\u2019est incroyable toutes les recettes de cheesecake possibles ! Il y a les cheesecakes avec ou sans cuisson, les cheesecakes sucr\u00e9s ou sal\u00e9s, les cheesecakes avec une p\u00e2te \u00e0 tarte ou des biscuits \u00e9cras\u00e9s.<\/p>\n<p>Les cheesecakes sans cuisson sont onctueux et tr\u00e8s cr\u00e9meux. Les cheesecakes avec cuisson sont diff\u00e9rents. Ils se rapprochent en quelque sorte du flan avec plus de texture.<\/p>\n<p>Le cheesecake d\u2019aujourd\u2019hui est un cheesecake qui n\u00e9cessite donc une cuisson. L\u2019appareil est l\u00e9ger (ricotta \/ fromage blanc) et aromatis\u00e9 \u00e0 la vanille. J\u2019ai recouvert le dessus de sauce caramel et de caramels concass\u00e9s. Vous pouvez aussi le servir nature ou avec un coulis de <a href=\"http:\/\/www.affinite.fr\/index.php\/2023\/07\/29\/valoriser-ses-invendus-une-demarche-ecologique-et-rentable-pour-les-marchands-de-fruits\/\">fruits<\/a> rouges.<\/p>\n<p>Pour d\u2019autres recettes de cheesecakes, <a href=\"https:\/\/www.chefnini.com\/?s=cheesecake\">cliquez-ici<\/a>.<\/p>\n<p><img itemprop=\"image\" class=\"aligncenter size-full wp-image-38737\" data-src=\"https:\/\/static.chefnini.com\/wp-content\/uploads\/2020\/09\/cheesecake-vanille-caramel6.jpg\" alt=\"\" width=\"500\" height=\"750\" srcset=\"https:\/\/static.chefnini.com\/wp-content\/uploads\/2020\/09\/cheesecake-vanille-caramel6.jpg 500w, https:\/\/static.chefnini.com\/wp-content\/uploads\/2020\/09\/cheesecake-vanille-caramel6-200x300.jpg 200w\" sizes=\"(max-width: 500px) 100vw, 500px\"\/><\/p>\n<p><img itemprop=\"image\" class=\"aligncenter size-full wp-image-38735\" data-src=\"https:\/\/static.chefnini.com\/wp-content\/uploads\/2020\/09\/cheesecake-vanille-caramel4.jpg\" alt=\"\" width=\"730\" height=\"487\" srcset=\"https:\/\/static.chefnini.com\/wp-content\/uploads\/2020\/09\/cheesecake-vanille-caramel4.jpg 730w, https:\/\/static.chefnini.com\/wp-content\/uploads\/2020\/09\/cheesecake-vanille-caramel4-300x200.jpg 300w, https:\/\/static.chefnini.com\/wp-content\/uploads\/2020\/09\/cheesecake-vanille-caramel4-450x300.jpg 450w\" sizes=\"(max-width: 730px) 100vw, 730px\"\/><\/p>\n<p><img itemprop=\"image\" class=\"aligncenter size-full wp-image-38732\" data-src=\"https:\/\/static.chefnini.com\/wp-content\/uploads\/2020\/09\/cheesecake-vanille-caramel.jpg\" alt=\"\" width=\"500\" height=\"750\" srcset=\"https:\/\/static.chefnini.com\/wp-content\/uploads\/2020\/09\/cheesecake-vanille-caramel.jpg 500w, https:\/\/static.chefnini.com\/wp-content\/uploads\/2020\/09\/cheesecake-vanille-caramel-200x300.jpg 200w\" sizes=\"(max-width: 500px) 100vw, 500px\"\/><\/p>\n<h3 itemprop=\"recipeYield\">Pour 6 personnes :<\/h3>\n<ul>\n<li itemprop=\"ingredients\">1 p\u00e2te sabl\u00e9e<\/li>\n<li itemprop=\"ingredients\">150 g de ricotta<\/li>\n<li itemprop=\"ingredients\">150 g de fromage blanc<\/li>\n<li itemprop=\"ingredients\">120 g de sucre en poudre<\/li>\n<li itemprop=\"ingredients\">2 \u0153ufs<\/li>\n<li itemprop=\"ingredients\">40 g de f\u00e9cule de ma\u00efs<\/li>\n<li itemprop=\"ingredients\">15 cl de cr\u00e8me fleurette enti\u00e8re bien froide<\/li>\n<li itemprop=\"ingredients\">2 gousses de vanille<\/li>\n<li itemprop=\"ingredients\">Du coulis caramel + quelques bonbons caramel concass\u00e9s<\/li>\n<\/ul>\n<div itemprop=\"recipeInstructions\">\n<p><img itemprop=\"image\" class=\"aligncenter size-full wp-image-38736\" data-src=\"https:\/\/static.chefnini.com\/wp-content\/uploads\/2020\/09\/cheesecake-vanille-caramel5.jpg\" alt=\"\" width=\"730\" height=\"487\" srcset=\"https:\/\/static.chefnini.com\/wp-content\/uploads\/2020\/09\/cheesecake-vanille-caramel5.jpg 730w, https:\/\/static.chefnini.com\/wp-content\/uploads\/2020\/09\/cheesecake-vanille-caramel5-300x200.jpg 300w, https:\/\/static.chefnini.com\/wp-content\/uploads\/2020\/09\/cheesecake-vanille-caramel5-450x300.jpg 450w\" sizes=\"(max-width: 730px) 100vw, 730px\"\/><\/p>\n<p>1- Foncez un moule \u00e0 tarte de 22 cm de diam\u00e8tre avec la p\u00e2te sabl\u00e9e.<\/p>\n<p>2- M\u00e9langez dans un saladier la ricotta avec le fromage blanc, le sucre, les \u0153ufs, les graines des gousses de vanille et la f\u00e9cule.<\/p>\n<p>3- Fouettez la cr\u00e8me fleurette afin de l\u2019\u00e9paissir. Le but n\u2019est pas de la monter fermement, juste de lui donner plus d\u2019onctuosit\u00e9.<\/p>\n<p>4- Ajoutez-la d\u00e9licatement \u00e0 la pr\u00e9paration pr\u00e9c\u00e9dente \u00e0 la spatule.<\/p>\n<p>5- Versez sur la p\u00e2te.<\/p>\n<p>6- Faites pr\u00e9chauffer votre four \u00e0 180\u00b0C et enfournez pour 45 minutes.<\/p>\n<p>7- Faites refroidir avant de d\u00e9mouler.<\/p>\n<p>8- Servez le cheesecake avec de la sauce caramel et les bonbons concass\u00e9s.<\/p>\n<p><img itemprop=\"image\" class=\"aligncenter size-full wp-image-38734\" data-src=\"https:\/\/static.chefnini.com\/wp-content\/uploads\/2020\/09\/cheesecake-vanille-caramel3.jpg\" alt=\"\" width=\"500\" height=\"750\" srcset=\"https:\/\/static.chefnini.com\/wp-content\/uploads\/2020\/09\/cheesecake-vanille-caramel3.jpg 500w, https:\/\/static.chefnini.com\/wp-content\/uploads\/2020\/09\/cheesecake-vanille-caramel3-200x300.jpg 200w\" sizes=\"(max-width: 500px) 100vw, 500px\"\/><\/p>\n<\/div>\n<p> <!-- recipeInstructions --> \t\t\t\t\t\t\t\t\t<\/div>\n<\/p><\/div>\n<p>[ad_2]<br \/>\n<br \/><a href=\"https:\/\/www.chefnini.com\/cheesecake-vanille-et-chocolat\/\">Source link <\/a><\/p>\n","protected":false},"excerpt":{"rendered":"<p>[ad_1] Publi\u00e9 le 16 septembre 2020 1 C\u2019est incroyable toutes les recettes de cheesecake possibles ! Il y a les &hellip; <a href=\"http:\/\/www.affinite.fr\/index.php\/2020\/09\/16\/cheesecake-avec-cuisson-vanille-caramel\/\" class=\"more-link\">Plus <span class=\"screen-reader-text\">Cheesecake (avec cuisson) vanille &#038; caramel<\/span> <span class=\"meta-nav\">&rarr;<\/span><\/a><\/p>\n","protected":false},"author":1,"featured_media":5260,"comment_status":"open","ping_status":"open","sticky":false,"template":"","format":"standard","meta":{"_sitemap_exclude":false,"_sitemap_priority":"","_sitemap_frequency":"","footnotes":""},"categories":[1],"tags":[],"class_list":["post-5259","post","type-post","status-publish","format-standard","has-post-thumbnail","hentry","category-tous"],"_links":{"self":[{"href":"http:\/\/www.affinite.fr\/index.php\/wp-json\/wp\/v2\/posts\/5259"}],"collection":[{"href":"http:\/\/www.affinite.fr\/index.php\/wp-json\/wp\/v2\/posts"}],"about":[{"href":"http:\/\/www.affinite.fr\/index.php\/wp-json\/wp\/v2\/types\/post"}],"author":[{"embeddable":true,"href":"http:\/\/www.affinite.fr\/index.php\/wp-json\/wp\/v2\/users\/1"}],"replies":[{"embeddable":true,"href":"http:\/\/www.affinite.fr\/index.php\/wp-json\/wp\/v2\/comments?post=5259"}],"version-history":[{"count":0,"href":"http:\/\/www.affinite.fr\/index.php\/wp-json\/wp\/v2\/posts\/5259\/revisions"}],"wp:featuredmedia":[{"embeddable":true,"href":"http:\/\/www.affinite.fr\/index.php\/wp-json\/wp\/v2\/media\/5260"}],"wp:attachment":[{"href":"http:\/\/www.affinite.fr\/index.php\/wp-json\/wp\/v2\/media?parent=5259"}],"wp:term":[{"taxonomy":"category","embeddable":true,"href":"http:\/\/www.affinite.fr\/index.php\/wp-json\/wp\/v2\/categories?post=5259"},{"taxonomy":"post_tag","embeddable":true,"href":"http:\/\/www.affinite.fr\/index.php\/wp-json\/wp\/v2\/tags?post=5259"}],"curies":[{"name":"wp","href":"https:\/\/api.w.org\/{rel}","templated":true}]}}