{"id":5247,"date":"2020-09-14T01:19:59","date_gmt":"2020-09-14T01:19:59","guid":{"rendered":"https:\/\/www.affinite.fr\/index.php\/2020\/09\/14\/quels-sont-les-films-a-voir-en-vod-cette-semaine-du-13-au-19-septembre-actus-cine\/"},"modified":"2020-09-14T01:19:59","modified_gmt":"2020-09-14T01:19:59","slug":"quels-sont-les-films-a-voir-en-vod-cette-semaine-du-13-au-19-septembre-actus-cine","status":"publish","type":"post","link":"http:\/\/www.affinite.fr\/index.php\/2020\/09\/14\/quels-sont-les-films-a-voir-en-vod-cette-semaine-du-13-au-19-septembre-actus-cine\/","title":{"rendered":"Quels sont les films \u00e0 voir en VOD cette semaine du 13 au 19 septembre ? &#8211; Actus Cin\u00e9"},"content":{"rendered":"<p> [ad_1]<br \/>\n<\/p>\n<p>Quelles sont les derni\u00e8res sorties VOD ? La r\u00e9ponse dans notre r\u00e9capitulatif hebdomadaire.<\/p>\n<div id=\"article-content\">\n<figure class=\"article-figure article-main-figure\"><img loading=\"lazy\" decoding=\"async\" class=\"article-figure-img\" width=\"640\" height=\"360\" src=\"http:\/\/fr.web.img6.acsta.net\/r_640_360\/newsv7\/20\/09\/11\/11\/55\/4110586.jpg\"\/><figcaption class=\"article-figcaption-copy\">Zelig Films Distribution<\/figcaption><\/figure>\n<p>Gutland<\/p>\n<p><strong>Disponible en VOD le 16 septembre 2020<\/strong><\/p>\n<p>Au d\u00e9but de l&rsquo;\u00e9t\u00e9, Jens trouve refuge dans un village luxembourgeois. Il s&rsquo;acclimate et s&rsquo;int\u00e8gre non sans mal \u00e0 la petite communaut\u00e9 et se rapproche rapidement de Lucy, la fille du maire. Qui de Jens ou des habitants de ce paisible village a le plus \u00e0 craindre et \u00e0 cacher ?<\/p>\n<p>Les Reines de la nuit<\/p>\n<p><strong>Disponible en VOD le 16 septembre 2020<\/strong><\/p>\n<p>Les transformistes vivent dans l&rsquo;attente de ce moment magique o\u00f9 sur sc\u00e8ne ils deviennent femmes et idoles de la chanson. Hier m\u00e9decin, styliste, libraire, agriculteur, enfant de la DASS, ils sont aujourd&rsquo;hui com\u00e9diens, maquilleurs, danseurs, chanteurs, metteurs en sc\u00e8ne&#8230; ils forment un microcosme de \u00a0\u00bb soeurs \u00ab\u00a0, uni quoique disparate. Pour tous, le transformisme a \u00e9t\u00e9 une r\u00e9v\u00e9lation et ils ont tout quitt\u00e9 pour exercer leur passion. Il y a des jeunes, des vieux, des beaux, des gros. Certains provoquent le d\u00e9sir, d&rsquo;autres le rire. Certains font de la ressemblance, d&rsquo;autres du burlesque. Certains sont f\u00e9minins voire transgenres ou transsexuelles, d&rsquo;autres redeviennent des hommes, d\u00e8s la fin du spectacle. Souvent seuls, ils sont stars d&rsquo;un milieu gay qu&rsquo;ils attirent autant qu&rsquo;ils repoussent. En dehors des paillettes et des lumi\u00e8res de la sc\u00e8ne, ces artistes livrent leurs histoires et leurs espoirs, r\u00e9v\u00e9lant avec une grande humanit\u00e9 l&rsquo;\u00e9cart entre le personnage public et leur vie priv\u00e9e.<\/p>\n<p>La Souffleuse de verre<\/p>\n<p><strong>Disponible en VOD le 17 septembre 2020<\/strong><\/p>\n<p>No\u00ebl 1890, dans la for\u00eat de Thuringe. \u00c0 la mort de leur p\u00e8re, souffleur de verre, Johanna et Marie se voient contraintes d&rsquo;accepter des emplois ingrats et mal pay\u00e9s pour survivre. Mais elles nourrissent un r\u00eave secret : relancer l&rsquo;atelier de verrerie paternel. Un pari insens\u00e9 dans cet univers domin\u00e9 par les hommes. Confront\u00e9es \u00e0 l&rsquo;injustice, les deux soeurs vont devoir se rapprocher et trouver ensemble la force de se rebeller.<\/p>\n<\/p><\/div>\n<p>[ad_2]<br \/>\n<br \/><a href=\"http:\/\/rss.allocine.fr\/~r\/ac\/actualites\/~3\/jnteD_EEfc4\/fichearticle_gen_carticle=18692879.html\">Source link <\/a><\/p>\n","protected":false},"excerpt":{"rendered":"<p>[ad_1] Quelles sont les derni\u00e8res sorties VOD ? La r\u00e9ponse dans notre r\u00e9capitulatif hebdomadaire. Zelig Films Distribution Gutland Disponible en &hellip; <a href=\"http:\/\/www.affinite.fr\/index.php\/2020\/09\/14\/quels-sont-les-films-a-voir-en-vod-cette-semaine-du-13-au-19-septembre-actus-cine\/\" class=\"more-link\">Plus <span class=\"screen-reader-text\">Quels sont les films \u00e0 voir en VOD cette semaine du 13 au 19 septembre ? &#8211; Actus Cin\u00e9<\/span> <span class=\"meta-nav\">&rarr;<\/span><\/a><\/p>\n","protected":false},"author":1,"featured_media":5248,"comment_status":"open","ping_status":"open","sticky":false,"template":"","format":"standard","meta":{"_sitemap_exclude":false,"_sitemap_priority":"","_sitemap_frequency":"","footnotes":""},"categories":[1],"tags":[],"class_list":["post-5247","post","type-post","status-publish","format-standard","has-post-thumbnail","hentry","category-tous"],"_links":{"self":[{"href":"http:\/\/www.affinite.fr\/index.php\/wp-json\/wp\/v2\/posts\/5247"}],"collection":[{"href":"http:\/\/www.affinite.fr\/index.php\/wp-json\/wp\/v2\/posts"}],"about":[{"href":"http:\/\/www.affinite.fr\/index.php\/wp-json\/wp\/v2\/types\/post"}],"author":[{"embeddable":true,"href":"http:\/\/www.affinite.fr\/index.php\/wp-json\/wp\/v2\/users\/1"}],"replies":[{"embeddable":true,"href":"http:\/\/www.affinite.fr\/index.php\/wp-json\/wp\/v2\/comments?post=5247"}],"version-history":[{"count":0,"href":"http:\/\/www.affinite.fr\/index.php\/wp-json\/wp\/v2\/posts\/5247\/revisions"}],"wp:featuredmedia":[{"embeddable":true,"href":"http:\/\/www.affinite.fr\/index.php\/wp-json\/wp\/v2\/media\/5248"}],"wp:attachment":[{"href":"http:\/\/www.affinite.fr\/index.php\/wp-json\/wp\/v2\/media?parent=5247"}],"wp:term":[{"taxonomy":"category","embeddable":true,"href":"http:\/\/www.affinite.fr\/index.php\/wp-json\/wp\/v2\/categories?post=5247"},{"taxonomy":"post_tag","embeddable":true,"href":"http:\/\/www.affinite.fr\/index.php\/wp-json\/wp\/v2\/tags?post=5247"}],"curies":[{"name":"wp","href":"https:\/\/api.w.org\/{rel}","templated":true}]}}