{"id":5245,"date":"2020-09-13T17:02:59","date_gmt":"2020-09-13T17:02:59","guid":{"rendered":"https:\/\/www.affinite.fr\/index.php\/2020\/09\/13\/de-10-000-nouveaux-cas-bars-fermes-a-20h-en-paca\/"},"modified":"2020-09-13T17:02:59","modified_gmt":"2020-09-13T17:02:59","slug":"de-10-000-nouveaux-cas-bars-fermes-a-20h-en-paca","status":"publish","type":"post","link":"http:\/\/www.affinite.fr\/index.php\/2020\/09\/13\/de-10-000-nouveaux-cas-bars-fermes-a-20h-en-paca\/","title":{"rendered":"+ de 10\u00a0000\u00a0nouveaux cas, bars ferm\u00e9s \u00e0 20h en PACA\u00a0?"},"content":{"rendered":"<p> [ad_1]<br \/>\n<\/p>\n<p>\n                CORONAVIRUS EN DIRECT. Avec 10\u00a0561\u00a0nouveaux cas en 24\u00a0heures, la situation en France est de plus en plus pr\u00e9occupante. Des foyers de contaminations ont \u00e9t\u00e9 d\u00e9tect\u00e9s dans l&rsquo;Ain, dans le Cher et dans l&rsquo;Aveyron. A Marseille, les bars et les plages pourraient bient\u00f4t fermer \u00e0 20h, alors que la dur\u00e9e de la quarantaine a \u00e9t\u00e9 ramen\u00e9e \u00e0 7\u00a0jours. Chiffres, bilan et actus en France.            <\/p>\n<div>\n<aside class=\"ccmsummary marqueur_module ccmcss_cms_summary ccmcss_cms_summary--right\">\n<p>\u00a0Sommaire<\/p>\n<\/aside>\n<p><strong>[Mis\u00a0\u00e0 jour le dimanche 13\u00a0septembre \u00e0 17h52] <\/strong>La France conna\u00eet un rebond \u00e9pid\u00e9mique. Selon le dernier bilan \u00e9tabli par <a href=\"https:\/\/www.santepubliquefrance.fr\/dossiers\/coronavirus-covid-19\/coronavirus-chiffres-cles-et-evolution-de-la-covid-19-en-france-et-dans-le-monde\" target=\"_blank\" rel=\"noopener noreferrer\">Sant\u00e9 publique France<\/a>, la circulation du coronavirus continue sa progression entra\u00eenant une <strong>nette d\u00e9gradation <\/strong>de la situation.<strong> 42 d\u00e9partements sont d\u00e9sormais class\u00e9s en zone rouge<\/strong> car la situation du virus y est active et l&rsquo;\u00e9volution\u00a0de l&rsquo;\u00e9pid\u00e9mie d\u00e9favorable.<strong><em> \u00ab\u00a0Si la dynamique de l&rsquo;\u00e9pid\u00e9mie se maintient, le nombre de cas confirm\u00e9s hebdomadaire doublera dans 14\u00a0jours\u00a0\u00bb <\/em><\/strong>pr\u00e9vient Sant\u00e9 Publique France. Le 12 septembre, <strong>10 561 nouveaux cas positifs <\/strong>de Covid-19 sont compt\u00e9s en France et <strong>17 d\u00e9c\u00e8s suppl\u00e9mentaires<\/strong>. Un conseil de d\u00e9fense a eu lieu vendredi matin. Le<strong>\u00a0<\/strong>Premier ministre, Jean Castex, a annonc\u00e9 de <strong>nouvelles\u00a0mesures<\/strong> le 11 septembre\u00a0en France lors d&rsquo;une\u00a0allocution \u00e0 Matignon relay\u00e9e sur le compte <a href=\"https:\/\/twitter.com\/gouvernementFR\/status\/1304443204079505413\" target=\"_blank\" rel=\"noopener noreferrer\">Twitter<\/a> du gouvernement. <em>\u00ab\u00a0Un \u00e9l\u00e9ment suscite particuli\u00e8rement notre inqui\u00e9tude\u00a0: <strong>pour la premi\u00e8re fois depuis de longues semaines, nous avons une augmentation sensible du nombre de personnes hospitalis\u00e9es<\/strong> suite \u00e0 une infection par la Covid-19&Prime;<\/em>\u00a0a-t-il pr\u00e9cis\u00e9 tout en expliquant que la strat\u00e9gie du gouvernement\u00a0<em>\u00ab\u00a0<strong>ne varie pas<\/strong>\u00a0: lutter contre le virus en \u00e9vitant de devoir mettre entre parenth\u00e8ses notre vie sociale, culturelle, \u00e9conomique, l&rsquo;\u00e9ducation de nos enfants et notre capacit\u00e9 \u00e0 vivre normalement\u00a0\u00bb<\/em>\u00a0.\u00a0Concernant un\u00a0\u00e9ventuel <strong>reconfinement<\/strong>, le Premier ministre a expliqu\u00e9 que<em> \u00ab\u00a0le\u00a0virus est l\u00e0 pour quelques mois encore et nous devons r\u00e9ussir \u00e0 vivre avec lui <strong>sans entrer dans une logique de confinement g\u00e9n\u00e9ralis\u00e9<\/strong>\u00ab\u00a0.\u00a0<\/em><strong>Combien de cas de coronavirus en France \u00e0 date\u00a0?<\/strong> Combien de <strong>morts<\/strong> ? Quels sont les <strong>r\u00e9gions et les d\u00e9partements les plus touch\u00e9s<\/strong> ? Comment se passent les <a href=\"https:\/\/sante.journaldesfemmes.fr\/fiches-maladies\/2623965-coronavirus-test-pcr-nez-serologique-antigenique-gratuit-rapide-pharmacie-france-quand-le-faire-duree-enfant\/\" target=\"_blank\" rel=\"noopener noreferrer\"><strong>tests de d\u00e9pistage<\/strong><\/a>\u00a0? Et <a href=\"https:\/\/sante.journaldesfemmes.fr\/fiches-maladies\/2623333-coronavirus-enfant-bebe-symptomes-transmission-risque-contagion-foetus-grossesse-ecole-depistage-test\/\" target=\"_blank\" rel=\"noopener noreferrer\">pour les enfants<\/a> ?\u00a0<a href=\"https:\/\/sante.journaldesfemmes.fr\/fiches-maladies\/2629823-r0-coronavirus-covid-france-taux-de-reproduction-virus-calcul-carte-departement-region-courbe-evolution\/\" target=\"_blank\" rel=\"noopener noreferrer\">Quel est le taux du R0\u00a0en France\u00a0?<\/a>\u00a0<a href=\"https:\/\/sante.journaldesfemmes.fr\/maladies\/2619933-maladie-covid-19-que-veut-dire-prevention-mutation-incubation-origine-personne-a-risque-transmission-virus-sars-cov-2\/\" target=\"_blank\" rel=\"noopener noreferrer\">Que sait-on aujourd&rsquo;hui de ce coronavirus<\/a> ?\u00a0Actualit\u00e9s et chiffres en direct.\u00a0<\/p>\n<p><u><b>Derni\u00e8res infos en direct :<\/b><\/u>\u00a0<\/p>\n<ul>\n<li><strong>70 cas et 1 nouveau d\u00e9c\u00e8s dans un Ephad en Aveyron. <\/strong>Un cinqui\u00e8me d\u00e9c\u00e8s a \u00e9t\u00e9 enregistr\u00e9 dans la nuit de samedi \u00e0 dimanche \u00e0 <strong>l&rsquo;Ehpad Gloriande \u00e0 S\u00e9v\u00e9rac d&rsquo;Aveyron<\/strong>, situ\u00e9 \u00e0 l&rsquo;est de Rodez, a annonc\u00e9 Benjamin Ramel de l&rsquo;Agence r\u00e9gionale de Sant\u00e9\u00a0Occitanie ce dimanche 13\u00a0septembre.\u00a0Parmi les 75\u00a0r\u00e9sidents, 49\u00a0ont \u00e9t\u00e9 test\u00e9s positifs au Covid-19, ainsi que 20\u00a0membres du personnel. Pour limiter la propagation virale, \u00ab\u00a0<em>en plus des renforts soignants d\u00e9j\u00e0 sur place (infirmiers et aide-soignant), 4\u00a0personnes de la protection civile sont arriv\u00e9es samedi\u00a0\u00bb<\/em>, pr\u00e9cise\u00a0l&rsquo;ARS.<\/li>\n<li><strong>Cluster \u00e0 Bourges.<\/strong> 8\u00a0r\u00e9sidents et un membre du personnel de l&rsquo;Ehpad \u00ab\u00a0Les R\u00e9sidences de Bellevue\u00a0\u00bb \u00e0 Bourges (Cher) ont \u00e9t\u00e9 test\u00e9s positifs au Covid-19, indiquent nos confr\u00e8res de <a href=\"https:\/\/www.francebleu.fr\/infos\/societe\/covid-19-un-foyer-epidemique-au-sein-de-l-ehpad-bellevue-a-bourges-1599936117\" target=\"_blank\" rel=\"noopener noreferrer\">France Bleu<\/a>\u00a0ce dimanche. Il s&rsquo;agit d&rsquo;une troisi\u00e8me plus grand Ehpad de France en terme de taille.\u00a0Suite \u00e0 la d\u00e9tection de ce cluster, plusieurs pavillons ont \u00e9t\u00e9 ferm\u00e9s au public.\u00a0<\/li>\n<li><strong>Nouvelles restrictions en PACA.<\/strong>\u00a0Invit\u00e9 du Grand Jury LCI-RTL-<em>Le Figaro <\/em>ce dimanche 13 septembre<em>,\u00a0<\/em>Renaud Muselier, le pr\u00e9sident LR de la r\u00e9gion Provence-Alpes-C\u00f4te-d&rsquo;Azur a demand\u00e9 \u00ab\u00a0<em>la fermeture des plages et des parcs \u00e0 20\u00a0heures<\/em>\u00a0\u00bb\u00a0et \u00ab\u00a0<em>l&rsquo;interdiction des f\u00eates de mariage<\/em>\u00a0\u00bb \u00e0 Marseille et plus globalement dans toute la r\u00e9gion.\u00a0\u00ab\u00a0<em>On va voir ce que le pr\u00e9fet va proposer au Premier ministre. C&rsquo;est ma proposition aupr\u00e8s du pr\u00e9fet<\/em>\u00ab\u00a0, a-t-il indiqu\u00e9. Par ailleurs, le pr\u00e9sident de r\u00e9gion a demand\u00e9 \u00e0 l&rsquo;Etat un renfort de 250\u00a0policiers pour accompagner les mesures sanitaires dans la ville.<\/li>\n<li><strong>R\u00e9animation\u00a0: bilan positif\u00a0en Mayenne.<\/strong> Selon le <a href=\"https:\/\/www.pays-de-la-loire.ars.sante.fr\/coronavirus-actualite-et-conduite-tenir-0\" target=\"_blank\" rel=\"noopener noreferrer\">dernier bilan de l&rsquo;Agence r\u00e9gionale de Sant\u00e9<\/a> Pays de la Loire, 1\u00a0584\u00a0cas de Covid-19\u00a0sont actuellement confirm\u00e9s en Mayenne (+39\u00a0par rapport \u00e0 la semaine derni\u00e8re).\u00a0Parmi eux, 9\u00a0personnes sont hospitalis\u00e9es. En revanche, plus aucune personne n&rsquo;est admise en r\u00e9animation.\u00a0<\/li>\n<li><strong>1\u00a0500\u00a0personnes \u00e0 une free party \u00e0 Nantes. <\/strong>Plus de 1\u00a0500\u00a0personnes se sont rassembl\u00e9s \u00e0 Basse-Goulaine, une commune pr\u00e8s de Nantes (Loire-Atlantique) lors d&rsquo;une free party qui avait d\u00e9but\u00e9 dans la nuit de vendredi \u00e0 samedi et o\u00f9 les gestes barri\u00e8res n&rsquo;ont pas \u00e9t\u00e9 respect\u00e9s.\u00a0Ce 13\u00a0septembre, les gendarmes ont dress\u00e9 une vingtaine de verbalisations et ont proc\u00e9d\u00e9 au contr\u00f4le syst\u00e9matique de tous les v\u00e9hicules quittant la zone.\u00a0<\/li>\n<li><strong>Fin de l&rsquo;isolement pour le Premier ministre<\/strong> Jean Castex samedi 12 septembre apr\u00e8s un test n\u00e9gatif du coronavirus.\u00a0Le Premier ministre a \u00e9t\u00e9 isol\u00e9 en tant que cas contact apr\u00e8s avoir pass\u00e9 du temps au c\u00f4t\u00e9 de Christian Prudhomme, test\u00e9 positif au coronavirus mardi dernier.<\/li>\n<li><strong>Mise en garde de m\u00e9decins.\u00a0<\/strong>Des m\u00e9decins et professeurs appellent dimanche \u00e0 \u00ab\u00a0siffler la fin de la r\u00e9cr\u00e9ation\u00a0\u00bb face \u00e0 la d\u00e9gradation de l&rsquo;\u00e9pid\u00e9mie de Covid-19, en demandant aux Fran\u00e7ais d'\u00a0\u00bb<strong>\u00e9viter les rassemblements priv\u00e9s<\/strong>\u00ab\u00a0. \u00ab\u00a0Nous sommes \u00e0 une nouvelle \u00e9tape de l&rsquo;\u00e9pid\u00e9mie\u00a0: celle de sa diffusion (\u2026). Il reste probablement peu de temps pour agir collectivement\u00a0\u00bb, avertissent-ils dans une tribune au\u00a0<a href=\"https:\/\/www.lejdd.fr\/\" rel=\"nofollow noopener noreferrer\" style=\"font-size: 1rem; background-color: rgb(255, 255, 255);\" target=\"_blank\">Journal du dimanche.<\/a><\/li>\n<li><strong>Cluster \u00e0 Illkirch.<\/strong>\u00a0La mairie d&rsquo;Illkirch-Graffenstaden, au sud de Strasbourg, a confirm\u00e9 le 11\u00a0septembre la pr\u00e9sence d&rsquo;un cluster de coronavirus dans sa commune.\u00a0Le centre socio-culturel\u00a0Le Phare de l&rsquo;Ill prolonge sa fermeture jusqu&rsquo;au 20\u00a0septembre inclus. Les \u00e9l\u00e8ves de l&rsquo;\u00e9cole \u00e9l\u00e9mentaire Libermann, qui l&rsquo;utilisent comme cantine, prendront leur repas dans leur salle de classe.\u00a0<\/li>\n<li><strong>40 cas positifs dans un Ehpad de l&rsquo;Ain.\u00a0<\/strong>Dans l&rsquo;Ain,\u00a0un cluster a \u00e9t\u00e9 d\u00e9tect\u00e9 dans une maison de <a href=\"http:\/\/www.affinite.fr\/index.php\/2023\/07\/29\/changer-de-vie-voyager-complement-de-retraite-devenez-vendeur-de-glace-a-litalienne\/\">retraite<\/a> de Bourg-en-Bresse. 40\u00a0cas positifs au coronavirus qui ont \u00e9t\u00e9 r\u00e9v\u00e9l\u00e9s \u00e0 l&rsquo;occasion d&rsquo;un d\u00e9pistage collectif des r\u00e9sidents et des membres du personnel.<\/li>\n<li><strong>Astrazeneca reprend ses essais pour un vaccin<\/strong> anti Covid. Apr\u00e8s avoir arr\u00eat\u00e9 ses essais il y a quelques jours, le laboratoire anglais annonce samedi 12 septembre avoir eu le feu vert des autorit\u00e9s sanitaires pour reprendre ses tests pour la mise au point d&rsquo;un vaccin contre le Sars-CoV-2.\u00a0L&rsquo;arr\u00eat\u00a0avait \u00e9t\u00e9 d\u00e9cid\u00e9\u00a0apr\u00e8s l&rsquo;apparition d&rsquo;une\u00a0<em>\u00ab\u00a0maladie potentiellement inexpliqu\u00e9e\u00a0\u00bb<\/em>, peut-\u00eatre un effet secondaire grave, chez un participant au Royaume-Uni.\u00a0<\/li>\n<li><strong>Situation inqui\u00e9tante en Guadeloupe<\/strong>.\u00a0800\u00a0cas positifs recens\u00e9s la semaine derni\u00e8re en Guadeloupe : \u00a0le pr\u00e9fet de Guadeloupe Alexandre Rochatte a annonc\u00e9 le 12\u00a0septembre de nouvelles restrictions jusqu&rsquo;au 29 septembre\u00a0: restriction des rassemblements, les\u00a0\u00e9tablissements recevant du public, comme les <strong>bars et les restaurants<\/strong>, ne pourront <strong>plus \u00ab\u00a0accueillir de public \u00e0 compter de\u00a022\u00a0heures <\/strong>en semaine (du dimanche soir au mercredi soir) et \u00e0 compter de minuit du jeudi soir au samedi soir inclus\u00a0\u00bb.\u00a0<\/li>\n<li>Vendredi, Jean Castex a annonc\u00e9 une s\u00e9rie de <strong>mesures en France :<\/strong>\u00a0la <strong>dur\u00e9e d&rsquo;isolement est ramen\u00e9e \u00e0 7\u00a0jours,<\/strong> c&rsquo;est-\u00e0-dire la dur\u00e9e pendant laquelle il y a un v\u00e9ritable risque de contagion.\u00a02000\u00a0recrutements suppl\u00e9mentaires seront effectu\u00e9s au sein de l&rsquo;Assurance Maladie et dans les agences r\u00e9gionales de sant\u00e9 pour r\u00e9aliser le tra\u00e7age du Covid-19.\u00a0Pour les <strong>personnes prioritaires au d\u00e9pistage<\/strong>, des cr\u00e9neaux seront r\u00e9serv\u00e9s dans les laboratoires et des tentes de d\u00e9pistages leur pourront leur \u00eatre d\u00e9di\u00e9es.<\/li>\n<\/ul>\n<figure class=\"image\" style=\"float:right\"><a class=\"fancy\" href=\"https:\/\/img-3.journaldesfemmes.fr\/4EvnFIY4PMl6a35ve2HwAARVX3o=\/1080x\/smart\/a13f67dddc7a4e45b9da27027bf4c26e\/ccmcms-jdf\/18577156.jpg\" target=\"_blank\" rel=\"noopener noreferrer\"><img decoding=\"async\" alt=\"carte du taux d'incidence des cas covid france r\u00e9gion\" src=\"https:\/\/img-3.journaldesfemmes.fr\/d_LM16DpVNGizUEks6g-_mExkyY=\/450x\/smart\/a13f67dddc7a4e45b9da27027bf4c26e\/ccmcms-jdf\/18577156.jpg\"\/><\/a><figcaption data-credit=\"Gouvernement.fr\" data-legend=\"Carte montrant les r\u00e9gions ayant les plus forts taux d'incidence d'infection au Covid-19 en France au 6 septembre.\">Carte montrant les r\u00e9gions ayant les plus forts taux d&rsquo;incidence d&rsquo;infection au Covid-19\u00a0en France au 6\u00a0septembre. <small>\u00a9\u00a0Gouvernement.fr<\/small><\/figcaption><\/figure>\n<p>Selon les derniers chiffres de <a href=\"https:\/\/www.santepubliquefrance.fr\/dossiers\/coronavirus-covid-19\/coronavirus-chiffres-cles-et-evolution-de-la-covid-19-en-france-et-dans-le-monde\" target=\"_blank\" rel=\"noopener noreferrer\">Sant\u00e9 publique France<\/a>, <strong>au 12\u00a0septembre<\/strong>, la <strong>France <\/strong>fait \u00e9tat de<strong>\u00a010 561 nouveaux cas de coronavirus\u00a0<\/strong>recens\u00e9s en 24h (surtout chez les jeunes adultes) et <strong>17 nouveaux d\u00e9c\u00e8s.<\/strong><\/p>\n<p>\u2022 30\u00a0910 personnes sont d\u00e9c\u00e9d\u00e9es en France<\/p>\n<p>\u2022 2432\u00a0nouvelles\u00a0hospitalisations en 7 jours<\/p>\n<p>\u2022 772 clusters en cours d&rsquo;investigation (+86 en 24 heures)<\/p>\n<p>La circulation du virus progresse dans toutes les tranches d&rsquo;\u00e2ge, notamment chez les jeunes adultes, indique Sant\u00e9 Publique France.\u00a0Bien que les niveaux d&rsquo;hospitalisations et des admissions en r\u00e9animation restent mod\u00e9r\u00e9s, la progression de ces indicateurs est pr\u00e9occupante, <strong>particuli\u00e8rement en r\u00e9gion Provence-Alpes-C\u00f4te d&rsquo;Azur.<\/strong>\u00a0Le risque d&rsquo;une intensification de la diffusion du virus dans les populations \u00e0 risque fait craindre une augmentation des hospitalisations dans un futur proche.\u00a0Dans les d\u00e9partements d&rsquo;Outre-Mer, \u00e0 La R\u00e9union et aux Antilles (particuli\u00e8rement en Guadeloupe), les indicateurs \u00e9pid\u00e9miologiques confirment une augmentation de la circulation du SARS-COV-2. En Guyane et \u00e0 Mayotte, m\u00eame si la tendance est \u00e0 la r\u00e9gression de l&rsquo;\u00e9pid\u00e9mie, le virus continue de circuler.<\/p>\n<blockquote>\n<p style=\"text-align: right;\">Les personnes \u00e2g\u00e9es appel\u00e9es \u00ab\u00a0\u00e0 la plus grande prudence\u00a0\u00bb<\/p>\n<\/blockquote>\n<p>Au 12 septembre, Sant\u00e9 Publique France rapporte un total de<strong>\u00a0363 373 9111 cas\u00a0confirm\u00e9s<\/strong> de coronavirus depuis le d\u00e9but de la pand\u00e9mie. 10 561 de plus sur les derni\u00e8res 24 heures. La circulation du virus se fait principalement chez les jeunes adultes. Sur un total de 67 millions d&rsquo;habitants, cela repr\u00e9sente\u00a0<strong>0,53%.<\/strong> Le <strong>pic \u00e9pid\u00e9mique<\/strong>\u00a0a \u00e9t\u00e9 observ\u00e9 la <strong>semaine du 23-29\u00a0mars<\/strong>, soit une semaine apr\u00e8s la mise en \u0153uvre des mesures de confinement de la population g\u00e9n\u00e9rale, le 17\u00a0mars 2020. Depuis mi-juin, le <strong>nombre de nouveaux cas confirm\u00e9s de COVID-19\u00a0augmente r\u00e9guli\u00e8rement.<\/strong>\u00a0Le Premier ministre Jean Castex a demand\u00e9 le 11 septembre\u00a0<em>\u00ab\u00a0aux personnes \u00e2g\u00e9es d&rsquo;observer la plus grande prudence au quotidien\u00a0\u00bb.<\/em><\/p>\n<h3>Nombre incident de cas confirm\u00e9s de COVID-19\u00a0par semaine du 10\u00a0mai au 06\u00a0septembre 2020\u00a0<\/h3>\n<div style=\"text-align:center\">\n<figure class=\"image\" style=\"display:inline-block\"><a class=\"fancy\" href=\"https:\/\/img-3.journaldesfemmes.fr\/hO5wufr-dGRWVJ7xAivzfH3ZeaQ=\/1080x\/smart\/12c1695a363c432eb5222f74c97bb64b\/ccmcms-jdf\/18559368.jpg\" target=\"_blank\" rel=\"noopener noreferrer\"><img decoding=\"async\" alt=\"Nombre incident de cas confirm\u00e9s de COVID-19 par semaine, rapport\u00e9s \u00e0 Sant\u00e9 publique France, du 10 mai au 06 septembre 2020 \" src=\"https:\/\/img-3.journaldesfemmes.fr\/4K0Mdkq3UGT3EW0_BsZE-MuB5cY=\/600x\/smart\/12c1695a363c432eb5222f74c97bb64b\/ccmcms-jdf\/18559368.jpg\"\/><\/a><figcaption data-credit=\"Sant\u00e9 Publique France\" data-legend=\"Nombre incident de cas confirm\u00e9s de COVID-19 par semaine, rapport\u00e9s \u00e0 Sant\u00e9 publique France, du 10 mai au 06 septembre 2020 \">Nombre incident de cas confirm\u00e9s de COVID-19\u00a0par semaine, rapport\u00e9s \u00e0 Sant\u00e9 publique France, du 10\u00a0mai au 06\u00a0septembre 2020 <small>\u00a9\u00a0Sant\u00e9 Publique France<\/small><\/figcaption><\/figure>\n<\/div>\n<h3>Nombre de cas confirm\u00e9s de COVID-19\u00a0par semaine\u00a0du 23\u00a0janvier au 29\u00a0ao\u00fbt 2020.<\/h3>\n<div style=\"text-align:center\">\n<figure class=\"image\" style=\"display:inline-block\"><a class=\"fancy\" href=\"https:\/\/img-3.journaldesfemmes.fr\/JgC5y0y6K2xVGYri0QN8nClLB2s=\/1080x\/smart\/b61aaed3d4e64bbcb94690d493d2bccf\/ccmcms-jdf\/18415522.jpg\" target=\"_blank\" rel=\"noopener noreferrer\"><img decoding=\"async\" alt=\"Nombre de cas confirm\u00e9s de Covid-19 en France\" src=\"https:\/\/img-3.journaldesfemmes.fr\/Eld9eOO8e_MaWlVhCCSMoI4deLM=\/600x\/smart\/b61aaed3d4e64bbcb94690d493d2bccf\/ccmcms-jdf\/18415522.jpg\"\/><\/a><figcaption data-credit=\"Sant\u00e9 Publique France\" data-legend=\"Nombre incident de cas confirm\u00e9s de COVID-19 par semaine, rapport\u00e9s \u00e0 Sant\u00e9 publique France, du 23\/01 au 29\/08\/2020 (donn\u00e9es au 2 septembre)\">Nombre incident de cas confirm\u00e9s de COVID-19\u00a0par semaine, rapport\u00e9s \u00e0 Sant\u00e9 publique France, du 23\/01\u00a0au 29\/08\/2020\u00a0(donn\u00e9es au 2\u00a0septembre) <small>\u00a9\u00a0Sant\u00e9 Publique France<\/small><\/figcaption><\/figure>\n<\/div>\n<p>Au 12 septembre, la France recense<strong>\u00a02 432\u00a0nouvelles hospitalisations<\/strong><strong> <\/strong>sur les 7 derniers jours dont +<strong>417 de plus en r\u00e9animation<\/strong>. Au 11 septembre,\u00a0<strong>635 personnes sont en\u00a0r\u00e9animation \u00e0 cause du Covid-19 (+10 en 24 heures).<\/strong>\u00a0Le taux hebdomadaire d&rsquo;admissions en r\u00e9animation de patients COVID-19\u00a0a augment\u00e9 dans toutes les r\u00e9gions except\u00e9 en Corse et en Bretagne (taux stables). Au global, les\u00a0<strong>nouvelles hospitalisations augmentent <\/strong>dans toutes les r\u00e9gions (sauf dans le Grand Est) et notamment en Provence-Alpes-C\u00f4te d&rsquo;Azur, note Sant\u00e9 Publique France dans son dernier\u00a0<a href=\"https:\/\/www.santepubliquefrance.fr\/maladies-et-traumatismes\/maladies-et-infections-respiratoires\/infection-a-coronavirus\/documents\/bulletin-national\/covid-19-point-epidemiologique-du-10-septembre-2020\" target=\"_blank\" rel=\"noopener noreferrer\">rapport hebdomadaire<\/a>. Depuis d\u00e9but juillet, les <strong>personnes hospitalis\u00e9es \u00e2g\u00e9es de moins de 40\u00a0ans repr\u00e9sentent 19% des admissions <\/strong>alors que cette proportion \u00e9tait de 8% sur la p\u00e9riode mars-juin. Depuis le 1er mars 2020,\u00a0<strong>114 196\u00a0patients ont \u00e9t\u00e9 hospitalis\u00e9s.\u00a0<\/strong>L&rsquo;\u00e2ge m\u00e9dian des patients est de <strong>71\u00a0ans<\/strong> et <strong>53% sont des hommes<\/strong>.<strong> <\/strong>88 742\u00a0patients sont retourn\u00e9s \u00e0 domicile, un chiffre en constante augmentation au fil des jours.<strong> <\/strong><\/p>\n<p><iframe loading=\"lazy\" height=\"600\" src=\"https:\/\/geodes.santepubliquefrance.fr\/?view=map2&amp;indics=covid_hospit_incid.incid_rea&amp;serie=2020-09-07&amp;lang=fr&amp;iframe=1\" width=\"600\"><\/iframe><\/p>\n<p><strong>Dans les \u00e9tablissements de sant\u00e9,\u00a0le gouvernement a activ\u00e9 plusieurs plans\u00a0:\u00a0<\/strong>le\u00a0<a href=\"https:\/\/sante.journaldesfemmes.fr\/fiches-maladies\/2624681-plan-blanc-elargi-c-est-quoi-hopital-coronavirus-hospitalisation-deprogrammees-non-urgentes\/\" target=\"_blank\" rel=\"noopener noreferrer\">plan blanc <\/a>\u00e9largi g\u00e9n\u00e9ralis\u00e9 (plan de mobilisation interne) depuis le 19\u00a0mars, dans tous les \u00e9tablissements de sant\u00e9 (publics et priv\u00e9s),\u00a0le <a href=\"https:\/\/sante.journaldesfemmes.fr\/fiches-maladies\/2624771-plan-bleu-c-est-quoi-definition-ehpad-coronavirus-covid-exemple\/\" target=\"_blank\" rel=\"noopener noreferrer\">plan bleu<\/a> dans les Ehpad (Etablissement H\u00e9bergeant des Personnes \u00c2g\u00e9es D\u00e9pendantes) le 6\u00a0mars, la<strong>\u00a0<a href=\"https:\/\/sante.journaldesfemmes.fr\/fiches-maladies\/2624921-reserve-sanitaire-covid-france-coronavirus-s-inscrire-salaire-missions-france-reserviste\/\" target=\"_blank\" rel=\"noopener noreferrer\">r\u00e9serve sanitaire<\/a><\/strong>\u00a0et la r\u00e9serve civique (aide alimentaire d&rsquo;urgence, garde exceptionnelle d&rsquo;enfants, lien avec les personnes fragiles isol\u00e9es, solidarit\u00e9 de proximit\u00e9).<\/p>\n<p>Selon les <a href=\"https:\/\/www.gouvernement.fr\/info-coronavirus\/carte-et-donnees\" target=\"_blank\" rel=\"noopener noreferrer\">chiffres communiqu\u00e9s par le gouvernement<\/a>, consolid\u00e9s avec l&rsquo;Agence Sant\u00e9 Publique France et\u00a0les ARS (Agences r\u00e9gionales de Sant\u00e9), voici l&rsquo;\u00e9volution des hospitalisations (dont la r\u00e9animation) et des d\u00e9c\u00e8s\u00a0en France par r\u00e9gion.<\/p>\n<h3 style=\"text-align: center;\">Evolution des hospitalisations (dont en r\u00e9animation) et d\u00e9c\u00e8s \u00e0 l&rsquo;h\u00f4pital du Covid-19\u00a0par r\u00e9gion au 11\u00a0septembre (source\u00a0: Sant\u00e9 publique France)<\/h3>\n<table border=\"1\" cellpadding=\"1\" cellspacing=\"1\" style=\"width:100%;\">\n<thead>\n<tr>\n<th scope=\"col\" style=\"width: 210px;\">R\u00e9gions<\/th>\n<th scope=\"col\" style=\"width: 217px; text-align: center;\">Hospitalisations en cours<\/th>\n<th scope=\"col\" style=\"width: 176px; text-align: center;\">Evolution des nouveaux patients sur les\u00a0 derni\u00e8res 24\u00a0H<\/th>\n<th scope=\"col\" style=\"width: 156px; text-align: center;\">R\u00e9animation Soins intensif<\/th>\n<th scope=\"col\" style=\"width: 160px; text-align: center;\">Evolution des nouveaux patients sur les\u00a0 derni\u00e8res 24\u00a0H<\/th>\n<th scope=\"col\" style=\"width: 220px; text-align: center;\">D\u00e9c\u00e8s<\/th>\n<\/tr>\n<tr>\n<td style=\"width: 210px;\"><b>\u00cele-de-France<\/b><\/td>\n<td style=\"width: 217px;\">2 383<\/td>\n<td style=\"width: 176px;\">+12<\/td>\n<td style=\"width: 156px;\">206<\/td>\n<td style=\"width: 160px;\">+2<\/td>\n<td style=\"width: 220px;\">7\u00a0784<\/td>\n<\/tr>\n<tr>\n<td style=\"width: 210px;\"><strong>Grand Est<\/strong><\/td>\n<td style=\"width: 217px;\">271<\/td>\n<td style=\"width: 176px;\">+5<\/td>\n<td style=\"width: 156px;\">17<\/td>\n<td style=\"width: 160px;\">-1<\/td>\n<td style=\"width: 220px;\">3\u00a0707<\/td>\n<\/tr>\n<tr>\n<td style=\"width: 210px;\"><strong>Auvergne-Rh\u00f4ne-Alpes<\/strong><\/td>\n<td style=\"width: 217px;\">500<\/td>\n<td style=\"width: 176px;\">+17<\/td>\n<td style=\"width: 156px;\">67<\/td>\n<td style=\"width: 160px;\">-7<\/td>\n<td style=\"width: 220px;\">1 801<\/td>\n<\/tr>\n<tr>\n<td style=\"width: 210px;\"><strong>Hauts-de-France<\/strong><\/td>\n<td style=\"width: 217px;\">407<\/td>\n<td style=\"width: 176px;\">+4<\/td>\n<td style=\"width: 156px;\">40<\/td>\n<td style=\"width: 160px;\">+1<\/td>\n<td style=\"width: 220px;\">1\u00a0962<\/td>\n<\/tr>\n<tr>\n<td style=\"width: 210px;\"><strong>Bourgogne-Franche-Comt\u00e9<\/strong><\/td>\n<td style=\"width: 217px;\">46<\/td>\n<td style=\"width: 176px;\">-7<\/td>\n<td style=\"width: 156px;\">8<\/td>\n<td style=\"width: 160px;\">-1<\/td>\n<td style=\"width: 220px;\">1\u00a0067<\/td>\n<\/tr>\n<tr>\n<td style=\"width: 210px;\"><strong>Provence-Alpes-C\u00f4te d&rsquo;Azur<\/strong><\/td>\n<td style=\"width: 217px;\">572<\/td>\n<td style=\"width: 176px;\">+48<\/td>\n<td style=\"width: 156px;\">116<\/td>\n<td style=\"width: 160px;\">+11<\/td>\n<td style=\"width: 220px;\">1\u00a0036<\/td>\n<\/tr>\n<tr>\n<td style=\"width: 210px;\"><strong>Occitanie<\/strong><\/td>\n<td style=\"width: 217px;\">215<\/td>\n<td style=\"width: 176px;\">+10<\/td>\n<td style=\"width: 156px;\">43<\/td>\n<td style=\"width: 160px;\">-1<\/td>\n<td style=\"width: 220px;\">543<\/td>\n<\/tr>\n<tr>\n<td style=\"width: 210px;\"><strong>Bretagne<\/strong><\/td>\n<td style=\"width: 217px;\">98<\/td>\n<td style=\"width: 176px;\">+4<\/td>\n<td style=\"width: 156px;\">7<\/td>\n<td style=\"width: 160px;\">0<\/td>\n<td style=\"width: 220px;\">269<\/td>\n<\/tr>\n<tr>\n<td style=\"width: 210px;\"><strong>Nouvelle-Aquitaine<\/strong><\/td>\n<td style=\"width: 217px;\">157<\/td>\n<td style=\"width: 176px;\">-3<\/td>\n<td style=\"width: 156px;\">38<\/td>\n<td style=\"width: 160px;\">+1<\/td>\n<td style=\"width: 220px;\">444<\/td>\n<\/tr>\n<tr>\n<td style=\"width: 210px;\"><strong><a href=\"http:\/\/www.affinite.fr\/index.php\/2024\/11\/21\/construire-votre-maison-en-normandie\/\">Normandie<\/a><\/strong><\/td>\n<td style=\"width: 217px;\">111<\/td>\n<td style=\"width: 176px;\">+7<\/td>\n<td style=\"width: 156px;\">14<\/td>\n<td style=\"width: 160px;\">-3<\/td>\n<td style=\"width: 220px;\">449<\/td>\n<\/tr>\n<tr>\n<td style=\"width: 210px;\"><strong>Centre Val-de-Loire<\/strong><\/td>\n<td style=\"width: 217px;\">75<\/td>\n<td style=\"width: 176px;\">0<\/td>\n<td style=\"width: 156px;\">12<\/td>\n<td style=\"width: 160px;\">+1<\/td>\n<td style=\"width: 220px;\">579<\/td>\n<\/tr>\n<tr>\n<td style=\"width: 210px;\"><strong>Pays de la Loire<\/strong><\/td>\n<td style=\"width: 217px;\">92<\/td>\n<td style=\"width: 176px;\">-3<\/td>\n<td style=\"width: 156px;\">15<\/td>\n<td style=\"width: 160px;\">+1<\/td>\n<td style=\"width: 220px;\">501<\/td>\n<\/tr>\n<tr>\n<td style=\"width: 210px;\"><strong>Corse<\/strong><\/td>\n<td style=\"width: 217px;\">14<\/td>\n<td style=\"width: 176px;\">+2<\/td>\n<td style=\"width: 156px;\">3<\/td>\n<td style=\"width: 160px;\">+2<\/td>\n<td style=\"width: 220px;\">59<\/td>\n<\/tr>\n<tr>\n<td style=\"width: 210px;\"><strong>Martinique<\/strong><\/td>\n<td style=\"width: 217px;\">12<\/td>\n<td style=\"width: 176px;\">-3<\/td>\n<td style=\"width: 156px;\">4<\/td>\n<td style=\"width: 160px;\">-1<\/td>\n<td style=\"width: 220px;\">18<\/td>\n<\/tr>\n<tr>\n<td style=\"width: 210px;\"><strong>Guadeloupe<\/strong><\/td>\n<td style=\"width: 217px;\">56<\/td>\n<td style=\"width: 176px;\">-16<\/td>\n<td style=\"width: 156px;\">19<\/td>\n<td style=\"width: 160px;\">+2<\/td>\n<td style=\"width: 220px;\">33<\/td>\n<\/tr>\n<tr>\n<td style=\"width: 210px;\"><strong>La R\u00e9union<\/strong><\/td>\n<td style=\"width: 217px;\">78<\/td>\n<td style=\"width: 176px;\">+11<\/td>\n<td style=\"width: 156px;\">12<\/td>\n<td style=\"width: 160px;\">+3<\/td>\n<td style=\"width: 220px;\">15<\/td>\n<\/tr>\n<tr>\n<td style=\"width: 210px;\"><strong>Guyane<\/strong><\/td>\n<td style=\"width: 217px;\">46<\/td>\n<td style=\"width: 176px;\">+7<\/td>\n<td style=\"width: 156px;\">7<\/td>\n<td style=\"width: 160px;\">0<\/td>\n<td style=\"width: 220px;\">59<\/td>\n<\/tr>\n<tr>\n<td style=\"width: 210px;\"><strong>Mayotte<\/strong><\/td>\n<td style=\"width: 217px;\">3<\/td>\n<td style=\"width: 176px;\">0<\/td>\n<td style=\"width: 156px;\">0<\/td>\n<td style=\"width: 160px;\">0<\/td>\n<td style=\"width: 220px;\">28<\/td>\n<\/tr>\n<tr>\n<td style=\"width: 210px;\"><strong>TOTAL<\/strong><\/td>\n<td style=\"width: 217px;\"><b>5 155<\/b><\/td>\n<td style=\"width: 176px;\">+95<\/td>\n<td style=\"width: 156px;\"><b>635<\/b><\/td>\n<td style=\"width: 160px;\">+10<\/td>\n<td style=\"width: 220px;\"><strong>20\u00a0378 (+40)<\/strong><\/td>\n<\/tr>\n<\/thead>\n<\/table>\n<p>Le <strong>premier d\u00e9c\u00e8s <\/strong>du coronavirus est survenu \u00e0 Paris le 14\u00a0f\u00e9vrier 2020, il s&rsquo;agissait d&rsquo;un\u00a0patient chinois de 80\u00a0ans<strong>.<\/strong> Au 12\u00a0septembre\u00a02020,<strong>\u00a030\u00a0910 personnes sont d\u00e9c\u00e9d\u00e9es\u00a0en France (+17 en 24 heures)<\/strong>.<\/p>\n<blockquote>\n<p style=\"text-align: right;\">Le nombre hebdomadaire de d\u00e9c\u00e8s en France est stable.<\/p>\n<\/blockquote>\n<p>Au niveau national, le nombre hebdomadaire de d\u00e9c\u00e8s en France est stable. La proportion de d\u00e9c\u00e8s<strong>\u00a0chez les hommes<\/strong>\u00a0est sup\u00e9rieure \u00e0 celle des femmes depuis le d\u00e9but de la pand\u00e9mie. Au moins <strong>92%<\/strong> des cas de COVID-19\u00a0d\u00e9c\u00e9d\u00e9s sont \u00e2g\u00e9s de <strong>65\u00a0ans ou plus. <\/strong>Le nouveau coronavirus aurait caus\u00e9 <strong>entre 25\u00a0000\u00a0et 30\u00a0000\u00a0d\u00e9c\u00e8s suppl\u00e9mentaires en France entre le 2\u00a0mars et le 31\u00a0mai<\/strong>, selon une synth\u00e8se publi\u00e9e par\u00a0<a href=\"https:\/\/www.santepubliquefrance.fr\/les-actualites\/2020\/mortalite-en-france-d-ou-viennent-les-chiffres\" target=\"_blank\" rel=\"noopener noreferrer\">Sant\u00e9 Publique France<\/a>\u00a0le 23\u00a0juillet.<em> \u00ab\u00a0Parmi les 25\u00a0030\u00a0d\u00e9c\u00e8s en exc\u00e8s toutes causes confondues, 23\u00a0400\u00a0personnes d\u00e9c\u00e9d\u00e9es \u00e9taient \u00e2g\u00e9es de 65\u00a0ans ou plus et 1\u00a0510\u00a0personnes \u00e9taient \u00e2g\u00e9es de 15-64\u00a0ans. Dans cette derni\u00e8re classe d&rsquo;\u00e2ges, ce sont les personnes de 45-64\u00a0ans qui ont \u00e9t\u00e9 touch\u00e9es. Inversement, la mortalit\u00e9 chez les enfants de moins de 15\u00a0ans a diminu\u00e9 de 14% sur la p\u00e9riode au niveau national\u00a0\u00bb<\/em> explique Anne Fouillet, responsable de la surveillance de la mortalit\u00e9 \u00e0 la Direction Appui, Traitements et Analyses des donn\u00e9es (DATA) de Sant\u00e9 publique France.<\/p>\n<h3>\u2022\u00a0<a id=\"coronavirus-france-carte-deces\" name=\"coronavirus-france-carte-deces\">Carte des d\u00e9c\u00e8s en France par d\u00e9partements<\/a><\/h3>\n<p><iframe loading=\"lazy\" height=\"600\" src=\"https:\/\/geodes.santepubliquefrance.fr\/?view=map2&amp;indics=covid_hospit.dc&amp;serie=2020-04-28&amp;f1code=0&amp;lang=fr&amp;iframe=1\" width=\"600\"><\/iframe><\/p>\n<p><iframe loading=\"lazy\" height=\"1000\" src=\"https:\/\/mapthenews.maps.arcgis.com\/apps\/opsdashboard\/index.html#\/bae8aaa7a0b14261b4621c31db410c44\" style=\"border: 0px\" width=\"600\"><\/iframe><\/p>\n<p>Au 12\u00a0septembre\u00a02020,<strong>\u00a0<\/strong>Sant\u00e9 Publique France liste <strong>77\u00a0d\u00e9partements sont en situation de vuln\u00e9rabilit\u00e9<\/strong> dont 36 ont un nombre de cas de Covid-19 au-dessus du seuil d&rsquo;alerte de 50\/100 000 habitants dont <strong>7<\/strong>\u00a0<strong>avec un taux au-dessus des 100 cas pour 100 000 habitants<\/strong>\u00a0:<\/p>\n<p><strong>\u2022\u00a0situation de vuln\u00e9rabilit\u00e9 mod\u00e9r\u00e9e<\/strong>\u00a0: Ard\u00e8che, Ardennes, Ari\u00e8ge, Alpes de Haute Provence, Aube, Aude, Aveyron, Bas-Rhin, Deux-S\u00e8vres, Dordogne, Doubs, Dr\u00f4me, Eure-et-Loir, Gers, Haut-Rhin, Haute Loire, Haute Marne, Hautes Pyr\u00e9n\u00e9es Haute-Savoie, Haute Vienne, Indre et Loire, Landes, Loir et Cher, Lot et Garonne, Loz\u00e8re, Marne, Mayenne, Mayotte, Meurthe et Moselle, Moselle, Morbihan, Oise, R\u00e9union, Sa\u00f4ne et Loire, Savoie, Seine Maritime, Somme, Tarn, Vienne, Yonne.<\/p>\n<aside id=\"NL_756667445\" class=\"newsletter_subscription jNlBlock\"><noscript><br \/>\n            <\/noscript><\/p>\n<h3 class=\"newsletter_subscription-title\">Newsletter <\/h3>\n<p><a href=\"\/\/mailing.ccmbg.com\/archive\/last-85\" target=\"_blank\" class=\"a_hover\" rel=\"noopener noreferrer\">Voir un exemple<\/a><\/p>\n<\/aside>\n<p><strong>\u2022\u00a0situation de vuln\u00e9rabilit\u00e9 \u00e9lev\u00e9e<\/strong> (plus de 50 cas pour 100 000 habitants)\u00a0: Martinique, Guadeloupe (dont Saint Martin et St Barth\u00e9l\u00e9my), Ain, Alpes-Maritimes, Bouches-du-Rh\u00f4ne, C\u00f4te d&rsquo;Or, Corse du Sud et Haute Corse, Essonne, Gard, Gironde, Guyane, Haute-Garonne, Hauts-de Seine, H\u00e9rault, Loiret, Ille-et-Vilaine, Is\u00e8re, Loire, Loire-Atlantique, Maine-et-Loire, Nord, Paris, Pas de Calais, Puy de D\u00f4me, Pyr\u00e9n\u00e9es Atlantiques, Pyr\u00e9n\u00e9es Orientales, Rh\u00f4ne, Sarthe, Seine et Marne, Seine-Saint-Denis, Tarn-et-Garonne, Val-de-Marne, Val d&rsquo;Oise, Var, Vaucluse, Yvelines.<\/p>\n<section>\n<p><strong>En Outre-Mer\u00a0:\u00a0<\/strong>Antilles et La R\u00e9union rapportent\u00a0une\u00a0augmentation de la circulation du SARS-COV-2. L&rsquo;\u00e9pid\u00e9mie est en r\u00e9gression en\u00a0Guyane et \u00e0 Mayotte.<\/p>\n<p>Le 11 septembre, le Premier ministre a indiqu\u00e9 que <strong>42 d\u00e9partements se trouvent en zone rouge<\/strong> \u00e0 cause d&rsquo;une circulation active du virus et d&rsquo;une dynamique \u00e9pid\u00e9mique d\u00e9favorable. Il s&rsquo;agit de :\u00a0Paris\u00a0; Seine et Marne\u00a0; Yvelines\u00a0;\u00a0Essonne\u00a0; Hauts-de-Seine\u00a0;\u00a0Seine-Saint-Denis\u00a0;\u00a0Val-de-Marne\u00a0;\u00a0Val-d&rsquo;Oise\u00a0;\u00a0Loiret\u00a0;\u00a0C\u00f4te d&rsquo;Or\u00a0;\u00a0Seine-Maritime\u00a0;\u00a0Nord\u00a0;\u00a0Pas-de-Calais\u00a0;\u00a0Bas-Rhin\u00a0;\u00a0Sarthe\u00a0;\u00a0Maine-et-Loire\u00a0;\u00a0Loire-Atlantique\u00a0;\u00a0\u00celle et Vilaine\u00a0;\u00a0Gironde\u00a0;\u00a0Pyr\u00e9n\u00e9es-Atlantiques\u00a0;\u00a0H\u00e9rault\u00a0;\u00a0Haute-Garonne\u00a0;\u00a0Gard\u00a0;\u00a0Tarn-et-Garonne\u00a0;\u00a0Pyr\u00e9n\u00e9es-Orientales\u00a0;\u00a0Aude\u00a0;\u00a0Rh\u00f4ne\u00a0;\u00a0Ain\u00a0; Puy-de-D\u00f4me\u00a0;\u00a0Loire\u00a0; Is\u00e8re\u00a0; Alpes-Maritimes\u00a0; Bouches du Rh\u00f4ne\u00a0; Var\u00a0; Vaucluse\u00a0; Corse-du-Sud\u00a0; Haute-Corse\u00a0; Guadeloupe\u00a0; Martinique\u00a0; Guyane\u00a0; La R\u00e9union\u00a0; Mayotte.<\/p>\n<div style=\"text-align:center\">\n<figure class=\"image\" style=\"display:inline-block\"><a class=\"fancy\" href=\"https:\/\/img-3.journaldesfemmes.fr\/stsBa9kPdO78p4A1wzuvya3uUsg=\/1080x\/smart\/affccfd427da4e68a2c4aa40a338c1f3\/ccmcms-jdf\/18577745.jpg\" target=\"_blank\" rel=\"noopener noreferrer\"><img decoding=\"async\" alt=\"carte d\u00e9partement rouge covid\" src=\"https:\/\/img-3.journaldesfemmes.fr\/stsBa9kPdO78p4A1wzuvya3uUsg=\/1080x\/smart\/affccfd427da4e68a2c4aa40a338c1f3\/ccmcms-jdf\/18577745.jpg\"\/><\/a><figcaption data-credit=\"Minist\u00e8re de la Sant\u00e9\" data-legend=\"Carte des d\u00e9partements en zones rouges \u00e0 cause d'une circulation active du virus, au 12 septembre.\">Carte des d\u00e9partements en zones rouges \u00e0 cause d&rsquo;une circulation active du virus, au 12\u00a0septembre. <small>\u00a9\u00a0Minist\u00e8re de la Sant\u00e9<\/small><\/figcaption><\/figure>\n<\/div>\n<blockquote>\n<p>\u00ab\u00a0Le flux de patients hospitalis\u00e9s s&rsquo;acc\u00e9l\u00e8re en Ile-de-France\u00a0\u00bb<\/p>\n<\/blockquote>\n<h3>\u2022 <a id=\"coronavirus-ile-de-france\" name=\"coronavirus-ile-de-france\">Ile-de-France<\/a><\/h3>\n<p>L&rsquo;\u00e9pid\u00e9mie repart en France, et notamment en Ile-de-France. <em>\u00ab\u00a0On est sans nul doute face \u00e0 un vrai rebond de l&rsquo;\u00e9pid\u00e9mie\u00a0\u00bb <\/em>confirme\u00a0Aur\u00e9lien Rousseau,\u00a0directeur de l&rsquo;Agence r\u00e9gional de sant\u00e9 d&rsquo;Ile-de-France le 11 septembre \u00e0 <a href=\"https:\/\/www.20minutes.fr\/societe\/2858611-20200911-coronavirus-ile-france-moins-cas-positif-recense-241-etablissements-scolaires\" target=\"_blank\" rel=\"noopener noreferrer\">20minutes.fr<\/a>.<em>\u00ab\u00a0<strong>10 \u00e0\u00a020\u00a0patients sont hospitalis\u00e9s en r\u00e9animation dans la r\u00e9gion tous les jours.<\/strong> La semaine derni\u00e8re, c&rsquo;\u00e9tait une trentaine. (&#8230;) Le flux s&rsquo;acc\u00e9l\u00e8re \u2013 2.000\u00a0cas sont identifi\u00e9s chaque jour \u2013 m\u00eame si on est loin de la situation qu&rsquo;on a connu au printemps.\u00a0\u00bb<\/em>\u00a0La connaissance du virus a n\u00e9anmoins permis d&rsquo;am\u00e9liorer la prise en charge : <em>\u00ab\u00a0La dur\u00e9e moyenne des s\u00e9jours en r\u00e9animation est plus basse qu&rsquo;en mars et avril, on a plus de recul sur les signes cliniques.\u00a0\u00bb <\/em>N\u00e9anmoins, aujourd&rsquo;hui<em> \u00ab\u00a0on ne peut\u00a0pas reporter \u00e0 nouveau toutes les interventions chirurgicales\u00a0\u00bb<\/em>. Apr\u00e8s une augmentation progressive des cas de Covid-19\u00a0d\u00e9but f\u00e9vrier, l&rsquo;\u00cele-de-France a connu en mars une diffusion rapide des cas en communaut\u00e9, l&rsquo;\u00e9pid\u00e9mie atteignant un<strong> pic la semaine\u00a0du 23\u00a0au 29\u00a0mars. <\/strong>Les Franciliens comptent pour<strong> environ 40\u00a0% des d\u00e9c\u00e8s <\/strong>pour Covid-19\u00a0recens\u00e9s en France depuis le 1er mars, que ce soit \u00e0 l&rsquo;h\u00f4pital ou en Ehpad. La classe d&rsquo;\u00e2ge des<strong> 20-30\u00a0ans<\/strong> reste la classe la <strong>plus fortement touch\u00e9e<\/strong> par la diffusion du virus, et celle o\u00f9 la progression est la plus importante.\u00a0Le nombre de nouveaux clusters est en augmentation.\u00a0<\/p>\n<blockquote>\n<p style=\"text-align: right;\">\u00a0<\/p>\n<\/blockquote>\n<p>Sant\u00e9 Publique France rapporte 772 clusters en cours d&rsquo;investigation en France au 12 septembre, 86 de plus sur les derni\u00e8res 24 heures. Le nombre de<strong> clusters dans les Ehpad <\/strong>repart \u00e0 la hausse depuis 6 semaines. La r\u00e9gion <strong>Provence-Alpes-C\u00f4te d&rsquo;Azur<\/strong> comptabilisait 40% des clusters en cours d&rsquo;investigation en Ehpad. Les sources principales de ces clusters sont dans l&rsquo;ordre : l&rsquo;entreprise, le milieu familial et les \u00e9v\u00e8nements publics\/priv\u00e9s rassemblant de mani\u00e8re temporaire des personnes.<\/p>\n<p>Le taux de reproduction du coronavirus (R effectif ou R0) calcul\u00e9 \u00e0 partir du nombre de tests positifs baisse, passant de 1.29 \u00e0 <strong>1.19 <\/strong>et celui calcul\u00e9 \u00e0 partir des passages aux Urgences monte \u00e0<strong> 1.20<\/strong> (vs 1.13 la semaine pass\u00e9e). Quels sont les d\u00e9partements ou r\u00e9gions o\u00f9 le virus circule le plus\u00a0? Comment ce nombre est-il calcul\u00e9\u00a0? D\u00e9finition, courbe d&rsquo;\u00e9volution et carte par r\u00e9gion.<\/p>\n<p>Le <strong>rebond \u00e9pid\u00e9mique<\/strong> est bien l\u00e0 en France, au 12 septembre. \u00ab\u00a0<em><strong>Des plans de reconfinement territoriaux ou globaux sont pr\u00eats<\/strong>. Notre syst\u00e8me hospitalier est pr\u00e8s aussi \u00e0 une \u00e9ventuelle nouvelle vague de patients, en termes de lits, masques, m\u00e9dicaments, r\u00e9animateurs. Mais <strong>notre objectif est de tout faire pour \u00e9viter un reconfinement<\/strong>, surtout g\u00e9n\u00e9ralis\u00e9\u00a0\u00bb, <\/em>indiquait le gouvernement le 27\u00a0ao\u00fbt \u00e0 l&rsquo;Elys\u00e9e.<em>\u00a0<\/em>Dans un <a href=\"http:\/\/www.datapressepremium.com\/rmdiff\/2009019\/avisconseilscientifique27juillet2020.pdf\" target=\"_blank\" rel=\"noopener noreferrer\">avis<\/a>\u00a0du 27\u00a0juillet, le Conseil scientifique du Covid-19\u00a0pr\u00e9venait qu&rsquo;il \u00ab\u00a0<em>\u00e9tait hautement probable qu&rsquo;une seconde vague \u00e9pid\u00e9mique soit observ\u00e9e <strong>\u00e0 l&rsquo;automne ou l&rsquo;hiver prochain<\/strong>\u00ab\u00a0. <\/em>Pour autant, le Pr\u00e9sident du Conseil scientifique, le Pr Jean-Fran\u00e7ois Delfraissy, refuse de parler de deuxi\u00e8me vague.\u00a0Il pr\u00e9f\u00e8re le terme de \u00ab\u00a0<strong>rebond \u00e9pid\u00e9mique<\/strong>\u00ab\u00a0. Selon lui, \u00ab\u00a0<em><strong>c&rsquo;est la m\u00eame vague qui reprend <\/strong>parce qu&rsquo;on a perdu les mesures de distanciation sociale<\/em>\u00ab\u00a0, indique-t-il le 24\u00a0ao\u00fbt sur <em>FranceInfo<\/em>.\u00a0Pour les membres du Conseil scientifique, une recrudescence importante des cas\u00a0\u00e0 l&rsquo;automne-hiver est \u00ab\u00a0quasi in\u00e9vitable\u00a0\u00bb et pour mieux l&rsquo;appr\u00e9hender,\u00a0la lutte doit aujourd&rsquo;hui <strong>se recentrer \u00ab\u00a0<em>au niveau local<\/em>\u00ab\u00a0<\/strong>, ce qui \u00ab\u00a0<em>permettrait une meilleure acceptation par la population<\/em>\u00ab\u00a0, estime le Pr Pierre-Louis Druais, membre du Conseil scientifique du Covid-19\u00a0et m\u00e9decin g\u00e9n\u00e9raliste. C&rsquo;est en ce sens que le Premier ministre, Jean Castex, a indiqu\u00e9 le 11 septembre \u00e0 Matignon que le \u00ab\u00a0<em>pr\u00e9fet en lien avec les autorit\u00e9s sanitaires et des \u00e9lus locaux (pourrait)\u00a0<strong>d\u00e9clencher des mesures suppl\u00e9mentaires <\/strong>de r\u00e9duction des risques, notamment sur le port du masque les rassemblements sur l&rsquo;espace public, les grands \u00e9v\u00e9nements ou les horaires d&rsquo;ouverture de certains commerces<\/em>\u00ab\u00a0. Concernant un possible reconfinement,\u00a0le Pr\u00e9sident de la R\u00e9publique <strong>Emmanuel Macron<\/strong> parle, dans une interview exclusive \u00e0 <a href=\"https:\/\/www.parismatch.com\/Actu\/Politique\/Exclusif-Emmanuel-Macron-Le-gouvernement-incarne-le-depassement-des-clivages-traditionnels-1699339\" target=\"_blank\" rel=\"noopener noreferrer\">Paris Match<\/a> le 19\u00a0ao\u00fbt, de<strong> \u00ab\u00a0<em>reconfinement cibl\u00e9<\/em><\/strong><em> qu&rsquo;on pourrait instaurer si la situation l&rsquo;imposait<\/em>\u00ab\u00a0, plut\u00f4t que de \u00ab\u00a0<em>mettre le pays \u00e0 l&rsquo;arr\u00eat, parce que les dommages collat\u00e9raux seraient consid\u00e9rables<\/em>\u00ab\u00a0.\u00a0<\/p>\n<p>D\u00e9tecter le coronavirus permet de suivre l&rsquo;\u00e9volution de l&rsquo;\u00e9pid\u00e9mie dans le pays et la circulation du virus particuli\u00e8rement depuis le d\u00e9confinement. Depuis le 25\u00a0juillet, les<strong> tests PCR sont\u00a0possibles pour tous les Fran\u00e7ais, sans ordonnance <\/strong>du m\u00e9decin, sans avance de frais, sans pr\u00e9senter obligatoirement des sympt\u00f4mes et rembours\u00e9s \u00e0 100%. Le d\u00e9pistage peut aussi se faire sans ordonnance pour les cas contacts.\u00a0<\/p>\n<p>Comme il n&rsquo;y a ni vaccin, ni m\u00e9dicament efficace contre le coronavirus, <a href=\"https:\/\/sante.journaldesfemmes.fr\/fiches-maladies\/2619739-gestes-barrieres-covid-19-restaurant-magasin-masque-obligatoire-distanciation-sociale-affiche\/\" target=\"_blank\" rel=\"noopener noreferrer\">le meilleur moyen de s&rsquo;en prot\u00e9ger<\/a>\u00a0pour pr\u00e9venir une deuxi\u00e8me vague est <strong>l&rsquo;application de mesures barri\u00e8res<\/strong> :\u00a0respect de la distanciation physique minimale d&rsquo;un m\u00e8tre,\u00a0port du masque, lavage des mains r\u00e9guliers, r\u00e9duction des rassemblements. Les <strong>personnes \u00e2g\u00e9es ou atteintes de pathologies chroniques (atteintes respiratoire, cardiaque, ob\u00e9sit\u00e9, diab\u00e8te\u2026) <\/strong>sont appel\u00e9es \u00e0 la plus<strong> grande prudence <\/strong>tant que le virus circule.<\/p>\n<div class=\"ccminsert\">\n<aside class=\"app_widget_fo app_widget_fo--call\">\n<ul>\n<li>\n                <a href=\"https:\/\/sante.journaldesfemmes.fr\/fiches-maladies\/2651345-masque-obligatoire-coronavirus-covid-entreprise-rue-paris-rennes-magasin-ecole-restaurant-transport-affiche-age-amende\/\" class=\"jGTMWidgetGAEventClick\" data-gtmwidgetgaeventaction=\"clickWidgetCall\" data-gtmwidgetgaeventlabel=\"Masque obligatoire\u00a0: entreprise, rue, Paris, Rennes, resto, \u00e2ge, amende\"><\/p>\n<figure><picture><source media=\"(max-width: 480px)\" srcset=\"https:\/\/img-3.journaldesfemmes.fr\/Nc1o6QAA3tydjvSF1YM-778Tqt8=\/160x105\/smart\/54d7f0e5450f4912b5e4d767e258a297\/ccmcms-jdf\/18521872.jpg\"><img decoding=\"async\" src=\"https:\/\/img-3.journaldesfemmes.fr\/61XJXP5SZAArapQCVOhPP9YZyLc=\/200x132\/smart\/54d7f0e5450f4912b5e4d767e258a297\/ccmcms-jdf\/18521872.jpg\" alt=\"\"\/><\/source><\/picture><figcaption>\n<h3>Masque obligatoire\u00a0: entreprise, rue, Paris, Rennes, resto, \u00e2ge, amende<\/h3>\n<p>Le port du masque est obligatoire quasiment partout\u00a0: au restaurant, dans les magasins, dans la rue de nombreuses villes de France (Paris, Rennes, Marseille, Bordeaux, Lyon, Montpellier&#8230;) et en entreprise. Liste des lieux et villes o\u00f9 il faut absolument le porter, affichage, \u00e2ge, d\u00e9rogation, sanction&#8230; Tout savoir.<\/p>\n<\/figcaption><\/figure>\n<p><\/a>\n            <\/li>\n<\/ul>\n<\/aside>\n<\/div>\n<p>Si au d\u00e9but, on ne parlait que de fi\u00e8vre, toux s\u00e8che, rhume, \u00e9tat grippal et de fatigue, les sympt\u00f4mes de l&rsquo;infection par le coronavirus ont \u00e9volu\u00e9. On sait d\u00e9sormais que le virus peut avoir des <strong>effets sur la peau<\/strong> (urticaire, autres affections dermatologiques), la sph\u00e8re digestive (vomissements, diarrh\u00e9es&#8230;), <strong>l&rsquo;odorat<\/strong>, le <strong>go\u00fbt <\/strong>et m\u00eame le cerveau.\u00a0<\/p>\n<div class=\"ccminsert\">\n<aside class=\"app_widget_fo app_widget_fo--call\">\n<ul>\n<li>\n                <a href=\"https:\/\/sante.journaldesfemmes.fr\/fiches-maladies\/2630075-symptomes-coronavirus-covid-19-boutons-peau-diarrhee-rhume-nez-coule-vomissements-ordre-combien-de-temps-que-faire\/\" class=\"jGTMWidgetGAEventClick\" data-gtmwidgetgaeventaction=\"clickWidgetCall\" data-gtmwidgetgaeventlabel=\"Sympt\u00f4mes du coronavirus\u00a0: premiers signes du Covid-19, ordre, dur\u00e9e\"><\/p>\n<figure><picture><source media=\"(max-width: 480px)\" srcset=\"https:\/\/img-3.journaldesfemmes.fr\/KbfI0FZ5xRApWgTAgUBQqjOWTVg=\/160x105\/smart\/821335c486544dca955d0a3f008142bf\/ccmcms-jdf\/18319414.jpg\"><img decoding=\"async\" src=\"https:\/\/img-3.journaldesfemmes.fr\/NX4PXU1faapyDhCPqfeeeQ2MIxs=\/200x132\/smart\/821335c486544dca955d0a3f008142bf\/ccmcms-jdf\/18319414.jpg\" alt=\"\"\/><\/source><\/picture><figcaption>\n<h3>Sympt\u00f4mes du coronavirus\u00a0: premiers signes du Covid-19, ordre, dur\u00e9e<\/h3>\n<p>51% des personnes positives au coronavirus pr\u00e9sentent des sympt\u00f4mes qui ressemblent souvent \u00e0 un gros rhume ou \u00e0 une grippe. On peut observer une fi\u00e8vre, une toux s\u00e8che, une fatigue, un mal de gorge, des signes digestifs (diarrh\u00e9es,vomissements&#8230;), et parfois, des probl\u00e8mes de peau (boutons, urticaire). Quels sont les premiers signes\u00a0du Covid-19\u00a0? Que faire s&rsquo;ils persistent\u00a0?<\/p>\n<\/figcaption><\/figure>\n<p><\/a>\n            <\/li>\n<\/ul>\n<\/aside>\n<\/div>\n<ul>\n<li><strong>Si vous pr\u00e9sentez des\u00a0sympt\u00f4mes (toux, fi\u00e8vre, mal de t\u00eate) : <\/strong>\u00e9viter les contacts, rester \u00e0 domicile, prenez du parac\u00e9tamol si besoin, appeler un m\u00e9decin pour prendre rendez-vous dans l&rsquo;\u00e9ventualit\u00e9 qu&rsquo;il vous fasse passer un test de d\u00e9pistage.\u00a0<\/li>\n<li><strong>Appeler le\u00a015 en cas de\u00a0difficult\u00e9s respiratoires : \u00ab\u00a0<\/strong><em>Si cette toux et cette fi\u00e8vre s&rsquo;accompagnent d&rsquo;une g\u00eane respiratoire qui devient permanente avec souffle court, difficult\u00e9 \u00e0 inspirer et \u00e0 expirer, d&rsquo;une aggravation importante de la toux, cela peut signifier une \u00e9volution de la maladie sous la forme d&rsquo;une pneumopathie. Il s&rsquo;agit alors d&rsquo;une urgence respiratoire potentielle et comme dans tous les cas d&rsquo;urgence, il faut alors appeler le 15\u00a0qui prendra les meilleures dispositions pour r\u00e9pondre \u00e0 la situation\u00a0\u00bb, <\/em>pr\u00e9vient le Dr\u00a0Patrick Aub\u00e9, m\u00e9decin g\u00e9n\u00e9raliste. \u00a0<\/li>\n<\/ul>\n<p><u><strong>Lire aussi :\u00a0<\/strong><\/u><\/p>\n<table border=\"1\" cellpadding=\"1\" cellspacing=\"1\" style=\"width:100%;\">\n<thead>\n<tr>\n<th scope=\"col\" style=\"text-align: center;\"><strong>DATES CL\u00c9S DE L&rsquo;\u00c9PID\u00c9MIE<\/strong><\/th>\n<\/tr>\n<\/thead>\n<tbody>\n<tr>\n<td>\n<ul>\n<li><strong>Le 31\u00a0d\u00e9cembre 2019,<\/strong> l&rsquo;Organisation mondiale de la Sant\u00e9 en Chine est inform\u00e9e de plusieurs cas de pneumonies dans la ville de Wuhan. 44\u00a0personnes sont infect\u00e9es entre cette date et le 3\u00a0janvier 2020.<\/li>\n<li><strong>Le 7\u00a0janvier 2020, <\/strong>les autorit\u00e9s chinoises identifient un \u00ab\u00a0nouveau type de coronavirus\u00a0\u00bb.<\/li>\n<li><strong>Le 13\u00a0janvier, <\/strong>un cas import\u00e9 est recens\u00e9 en Tha\u00eflande.<\/li>\n<li><strong>Le 15\u00a0janvier<\/strong>, le virus cause\u00a0la mort d&rsquo;<strong>une premi\u00e8re\u00a0personne \u00e0 Wuhan<\/strong>, un homme de 69\u00a0ans.\u00a0<\/li>\n<li><strong>Le 23\u00a0janvier,<\/strong> trois villes chinoises dont Wuhan sont plac\u00e9es en quarantaine.<\/li>\n<li><strong>Le 25\u00a0janvier, trois personnes\u00a0contamin\u00e9es sont recens\u00e9es en France<\/strong>, deux \u00e0 Paris et une Bordeaux. Ce sont les premiers cas enregistr\u00e9s sur le continent europ\u00e9en.<\/li>\n<li><strong>Le 30\u00a0janvier, <\/strong>l&rsquo;Organisation mondiale de la Sant\u00e9 <strong>d\u00e9cr\u00e8te\u00a0l&rsquo;<a href=\"https:\/\/sante.journaldesfemmes.fr\/fiches-maladies\/2608035-urgence-de-sante-publique-de-portee-internationale-definition-oms-coronavirus\/\" target=\"_blank\" rel=\"noopener noreferrer\">urgence de sant\u00e9 mondiale<\/a><\/strong>.\u00a0Cette mesure n&rsquo;avait \u00e9t\u00e9 d\u00e9cr\u00e9t\u00e9e que 5\u00a0fois depuis sa cr\u00e9ation (pour Ebola (deux fois), la grippe H1N1, Zika et la poliomy\u00e9lite).\u00a0<\/li>\n<li><strong>Le 23 f\u00e9vrier, <\/strong>la France d\u00e9clenche le <a href=\"https:\/\/sante.journaldesfemmes.fr\/fiches-maladies\/2622449-plan-orsan-reb-definition-signification-qui-declenche-coronavirus-definition-duree\/\" target=\"_blank\" rel=\"noopener noreferrer\">plan ORSAN<\/a>, un dispositif exceptionnel d&rsquo;organisation des soins.<\/li>\n<li><strong>Le 28 f\u00e9vrier,<\/strong> la France passe en stade 2 de l&rsquo;\u00e9pid\u00e9mie.<\/li>\n<li><strong>Le 11 mars, <\/strong>l&rsquo;OMS classifie de <strong>pand\u00e9mie <\/strong>la diffusion de la maladie \u00e0 coronavirus Covid-19 dans le monde.<\/li>\n<li><strong>Le 12\u00a0mars<\/strong>, le pr\u00e9sident de la R\u00e9publique Emmanuel Macron annonce la fermeture nationale des cr\u00e8ches et \u00e9tablissements scolaires de France \u00e0 compter du 16\u00a0mars et \u00ab\u00a0jusqu&rsquo;\u00e0 nouvel ordre\u00a0\u00bb.<\/li>\n<li><strong>Le 13 mars<\/strong>, l&rsquo;OMS d\u00e9signe d\u00e9sormais l&rsquo;Europe comme \u00e9picentre.<\/li>\n<li><strong>Le 14 mars<\/strong>, la France passe au <a href=\"https:\/\/sante.journaldesfemmes.fr\/fiches-maladies\/2625289-coronavirus-covid-19-stade-1-2-3-4-duree-mesure-france-signification-quand\/\" target=\"_blank\" rel=\"noopener noreferrer\"><strong>stade 3 <\/strong><\/a>de l&rsquo;\u00e9pid\u00e9mie.<\/li>\n<li><strong>Le 16 mars, <\/strong>l&rsquo;Europe <a href=\"http:\/\/www.affinite.fr\/index.php\/2022\/10\/22\/la-creme-glacee-la-nouvelle-culture-commerciale\/\">ferme<\/a> ses fronti\u00e8res ainsi que celles de l&rsquo;espace Schengen. La France met en place un dispositif de confinement interdisant les d\u00e9placements.<\/li>\n<li><strong>Le\u00a018\u00a0mars<\/strong> le premier transfert de patients Covid-19 en France est r\u00e9alis\u00e9\u00a0gr\u00e2ce \u00e0 l&rsquo;Arm\u00e9e, par voie terrestre et a\u00e9rienne.\u00a0<\/li>\n<li><strong>Le 20 mars<\/strong>, plusieurs villes fran\u00e7aises, dont Nice, Montpellier, Perpignan, Arras&#8230; imposent un <strong>couvre-feu<\/strong> le soir et la nuit.<\/li>\n<li><strong>Le 26 mars<\/strong>, un premier cas jeune meurt en France, une adolescente de 16 ans, en Ile-de-France originaire de Morsang-sur-Orge.<\/li>\n<li><strong>Le 27 mars,<\/strong> le confinement de la population fran\u00e7aise est renouvel\u00e9 jusqu&rsquo;au 15 avril.<\/li>\n<li><strong>Le 2 avril,<\/strong>\u00a0le <strong>million de cas<\/strong> de coronavirus dans le monde est d\u00e9pass\u00e9, et plus de 51.000\u00a0morts, selon le d\u00e9compte de l&rsquo;h\u00f4pital am\u00e9ricain de r\u00e9f\u00e9rence Johns-Hopkins.<\/li>\n<li><strong>Le 13 avril,<\/strong> Emmanuel Macron annonce le prolongement du confinement jusqu&rsquo;au 11 mai.<\/li>\n<li><strong>Le 15 avril,<\/strong> le cap des <strong>2 millions de cas<\/strong>\u00a0de coronavirus dans le monde est franchi, et pr\u00e8s de 129 000 d\u00e9c\u00e8s, selon les chiffres donn\u00e9es par\u00a0l&rsquo;h\u00f4pital am\u00e9ricain de r\u00e9f\u00e9rence Johns-Hopkins.<\/li>\n<li><strong>Le 27 avril,<\/strong> <strong>3\u00a0millions de cas<\/strong>\u00a0de coronavirus sont r\u00e9pertori\u00e9s dans le monde, et plus de 208\u00a0000\u00a0d\u00e9c\u00e8s, selon les chiffres donn\u00e9es par\u00a0l&rsquo;h\u00f4pital am\u00e9ricain de r\u00e9f\u00e9rence Johns-Hopkins.<\/li>\n<li><strong>Le 28 avril,<\/strong> le gouvernement fran\u00e7ais pr\u00e9sente son plan de d\u00e9confinement valable \u00e0 partir du 11 mai.<\/li>\n<li><strong>Le 11 mai, <\/strong>la France commence son d\u00e9confinement.<\/li>\n<li><strong>Le 21 mai,\u00a05\u00a0millions de cas<\/strong>\u00a0de coronavirus sont r\u00e9pertori\u00e9s dans le monde, et plus de 329 800\u00a0d\u00e9c\u00e8s, selon les chiffres donn\u00e9es par\u00a0l&rsquo;h\u00f4pital am\u00e9ricain de r\u00e9f\u00e9rence Johns-Hopkins.<\/li>\n<li><strong>Le 28 mai, <\/strong>le Premier ministre Edouard Philippe annonce les mesures de la phase 2 du d\u00e9confinement en France en vigueur du 2 au 22 juin.<\/li>\n<li><strong>Le 31 mai, 6\u00a0millions de cas<\/strong>\u00a0de coronavirus sont r\u00e9pertori\u00e9s dans le monde, et plus de 369 244\u00a0d\u00e9c\u00e8s, selon les chiffres donn\u00e9es par\u00a0l&rsquo;h\u00f4pital am\u00e9ricain de r\u00e9f\u00e9rence Johns-Hopkins.<\/li>\n<li><strong>Le 7 juin, le cap des 400 000 morts<\/strong> est franchi (400 792) dans le monde et pr\u00e8s de 7 millions de cas (6 944 916),\u00a0selon les chiffres donn\u00e9es par\u00a0l&rsquo;h\u00f4pital am\u00e9ricain de r\u00e9f\u00e9rence Johns-Hopkins.<\/li>\n<li><strong>Le 15 juin<\/strong>, toute la France passe en zone verte, sauf Mayotte et la Guyane. A Paris, les restaurants et bars peuvent rouvrir compl\u00e8tement.<\/li>\n<li><strong>Le 22 juin, <\/strong>les \u00e9coles sont de nouveaux obligatoires en France pour tous les \u00e9l\u00e8ves. Les cin\u00e9mas, salles de jeux, casinos rouvrent. Les sports collectifs peuvent \u00eatre autoris\u00e9s tout en respectant certaines conditions sanitaires.<\/li>\n<li><strong>Le 28\u00a0juin,<\/strong> le cap des<strong> 10\u00a0millions de cas <\/strong>de coronavirus est franchi\u00a0dans le monde, et les\u00a0<strong>500 000 d\u00e9c\u00e8s <\/strong>ont \u00e9t\u00e9 atteints dans la nuit du 28 au 29 juin 2020, selon les chiffres de l&rsquo;h\u00f4pital am\u00e9ricain de r\u00e9f\u00e9rence Johns-Hopkins.<\/li>\n<li><strong>Le 10 juillet<\/strong>, la <strong>France <\/strong>a franchi la barre des 30\u00a0000\u00a0morts. Dans la nuit du 10 au 11 juillet \u00e0 minuit, l&rsquo;\u00e9tat d&rsquo;urgence sanitaire prend fin en France.<\/li>\n<li><strong>Le 20 juillet,<\/strong>\u00a0le <strong>port du masque est obligatoire <\/strong>dans les lieux publics clos en France.<\/li>\n<li><strong>Le 11 ao\u00fbt<\/strong>,\u00a0le cap des<strong>\u00a020\u00a0millions de cas <\/strong>de coronavirus est franchi\u00a0dans le monde, et les <strong>730\u00a0000\u00a0d\u00e9c\u00e8s <\/strong>ont \u00e9t\u00e9 atteints, selon les chiffres de l&rsquo;h\u00f4pital am\u00e9ricain de r\u00e9f\u00e9rence Johns-Hopkins.<\/li>\n<li><strong>Le 30 ao\u00fbt, <\/strong>le cap\u00a0des <strong>25\u00a0millions de cas<\/strong> de\u00a0Covid-19\u00a0a \u00e9t\u00e9 officiellement franchi \u00e0 travers le monde dans la nuit de samedi \u00e0\u00a0dimanche, dont plus de la moiti\u00e9 en Am\u00e9rique, selon un comptage r\u00e9alis\u00e9\u00a0par l&rsquo;AFP.<\/li>\n<\/ul>\n<\/td>\n<\/tr>\n<\/tbody>\n<\/table>\n<p><em>Cet article est mis \u00e0 jour quotidiennement par <a href=\"https:\/\/www.journaldesfemmes.fr\/account\/ablaize-11409696\" target=\"_blank\" rel=\"noopener noreferrer\">Aur\u00e9lie Blaize<\/a>, <a href=\"https:\/\/www.journaldesfemmes.fr\/account\/anaisthiebaux-10573564\" target=\"_blank\" rel=\"noopener noreferrer\">Ana\u00efs Thi\u00e9baux<\/a> et <a href=\"https:\/\/www.journaldesfemmes.fr\/account\/samanthapages-11598093\" target=\"_blank\" rel=\"noopener noreferrer\">Samantha Pag\u00e8s<\/a>.\u00a0<\/em><\/p>\n<\/section>\n<\/div>\n<p><script async src=\"http:\/\/platform.twitter.com\/widgets.js\" charset=\"utf-8\"><\/script><br \/>\n<br \/>[ad_2]<br \/>\n<br \/><a href=\"https:\/\/sante.journaldesfemmes.fr\/maladies\/2605417-coronavirus-france-direct-nouveaux-cas-carte-morts-bilan-situation-aveyron-reanimation-paca-bordeaux-marseille\/\">Source link <\/a><\/p>\n","protected":false},"excerpt":{"rendered":"<p>[ad_1] CORONAVIRUS EN DIRECT. Avec 10\u00a0561\u00a0nouveaux cas en 24\u00a0heures, la situation en France est de plus en plus pr\u00e9occupante. Des &hellip; <a href=\"http:\/\/www.affinite.fr\/index.php\/2020\/09\/13\/de-10-000-nouveaux-cas-bars-fermes-a-20h-en-paca\/\" class=\"more-link\">Plus <span class=\"screen-reader-text\">+ de 10\u00a0000\u00a0nouveaux cas, bars ferm\u00e9s \u00e0 20h en PACA\u00a0?<\/span> <span class=\"meta-nav\">&rarr;<\/span><\/a><\/p>\n","protected":false},"author":1,"featured_media":5246,"comment_status":"open","ping_status":"open","sticky":false,"template":"","format":"standard","meta":{"_sitemap_exclude":false,"_sitemap_priority":"","_sitemap_frequency":"","footnotes":""},"categories":[1],"tags":[],"class_list":["post-5245","post","type-post","status-publish","format-standard","has-post-thumbnail","hentry","category-tous"],"_links":{"self":[{"href":"http:\/\/www.affinite.fr\/index.php\/wp-json\/wp\/v2\/posts\/5245"}],"collection":[{"href":"http:\/\/www.affinite.fr\/index.php\/wp-json\/wp\/v2\/posts"}],"about":[{"href":"http:\/\/www.affinite.fr\/index.php\/wp-json\/wp\/v2\/types\/post"}],"author":[{"embeddable":true,"href":"http:\/\/www.affinite.fr\/index.php\/wp-json\/wp\/v2\/users\/1"}],"replies":[{"embeddable":true,"href":"http:\/\/www.affinite.fr\/index.php\/wp-json\/wp\/v2\/comments?post=5245"}],"version-history":[{"count":0,"href":"http:\/\/www.affinite.fr\/index.php\/wp-json\/wp\/v2\/posts\/5245\/revisions"}],"wp:featuredmedia":[{"embeddable":true,"href":"http:\/\/www.affinite.fr\/index.php\/wp-json\/wp\/v2\/media\/5246"}],"wp:attachment":[{"href":"http:\/\/www.affinite.fr\/index.php\/wp-json\/wp\/v2\/media?parent=5245"}],"wp:term":[{"taxonomy":"category","embeddable":true,"href":"http:\/\/www.affinite.fr\/index.php\/wp-json\/wp\/v2\/categories?post=5245"},{"taxonomy":"post_tag","embeddable":true,"href":"http:\/\/www.affinite.fr\/index.php\/wp-json\/wp\/v2\/tags?post=5245"}],"curies":[{"name":"wp","href":"https:\/\/api.w.org\/{rel}","templated":true}]}}