{"id":5241,"date":"2020-09-12T17:01:54","date_gmt":"2020-09-12T17:01:54","guid":{"rendered":"https:\/\/www.affinite.fr\/index.php\/2020\/09\/12\/emma-arrebot-natou-elue-miss-midi-pyrenees-2020-apres-une-eviction\/"},"modified":"2020-09-12T17:01:54","modified_gmt":"2020-09-12T17:01:54","slug":"emma-arrebot-natou-elue-miss-midi-pyrenees-2020-apres-une-eviction","status":"publish","type":"post","link":"http:\/\/www.affinite.fr\/index.php\/2020\/09\/12\/emma-arrebot-natou-elue-miss-midi-pyrenees-2020-apres-une-eviction\/","title":{"rendered":"Emma Arrebot-Natou, \u00e9lue Miss Midi-Pyr\u00e9n\u00e9es 2020\u00a0apr\u00e8s une \u00e9viction&#8230;"},"content":{"rendered":"<p> [ad_1]<br \/>\n<br \/><img decoding=\"async\" src=\"https:\/\/img-3.journaldesfemmes.fr\/Wqhgshw0Kfma038ptRJm9IsjBGI=\/1280x\/smart\/2f12a3ec1f71430fb383c3b29d15b969\/ccmcms-jdf\/18581593.png\" \/><\/p>\n<p>\n                C&rsquo;est Emma Arrebot-Natou, une Toulousaine de 19\u00a0ans, qui est devenue Miss Midi-Pyr\u00e9n\u00e9es 2020. Une \u00e9lection marqu\u00e9e par un cas de coronavirus parmi les concurrentes&#8230;            <\/p>\n<div>\n<p><a href=\"https:\/\/www.journaldesfemmes.fr\/people\/magazine\/2632407-miss-france-2021-selections-a-la-maison-et-annonces-de-sylvie-tellier\/\">Les \u00e9lections r\u00e9gionales<\/a> de Miss France ont d\u00e9but\u00e9 \u00e0 la fin du mois de juillet 2020. Cette ann\u00e9e, les r\u00e8gles sont\u00a0boulevers\u00e9es en raison de la <a href=\"https:\/\/sante.journaldesfemmes.fr\/maladies\/2619933-maladie-covid-19-que-veut-dire-prevention-mutation-incubation-origine-personne-a-risque-transmission-virus-sars-cov-2\/\" title=\"Covid 19\">Covid-19<\/a> : port du masque, distanciation sociale, votes par SMS&#8230; Le 11 septembre, c&rsquo;est\u00a0<strong>Emma Arrebot-Natou<\/strong>, 1m77, qui a \u00e9t\u00e9 \u00e9lue\u00a0Miss <strong>Midi-Pyr\u00e9n\u00e9es 2020<\/strong> \u00e0 Mazamet (Tarn).<br \/>La reine de beaut\u00e9 de <strong>19 ans<\/strong>, d\u00e9j\u00e0 sacr\u00e9e Miss Toulouse 2020, est <strong>une passionn\u00e9e de voyages, de musique et d&rsquo;\u00e9quitation.<\/strong> Elle\u00a0est actuellement en<strong>\u00a0BTS commerce international<\/strong> dans la ville rose, son lieu de naissance.\u00a0<\/p>\n<p>Interrog\u00e9e par <em>La Dep\u00eache<\/em>, la jolie jeune femme a r\u00e9v\u00e9l\u00e9 que ce n&rsquo;\u00e9tait pas la premi\u00e8re fois qu&rsquo;elle se pr\u00e9sentait au concours. Inscrite \u00e0 l&rsquo;aide de sa maman, une ancienne Miss, Emma Arrebot-Natou avait <strong>d\u00e9j\u00e0 \u00e9t\u00e9 \u00e9lue Premi\u00e8re Dauphine d&rsquo;Alis\u00e9e Vales, Miss Toulouse 2019. <\/strong>La\u00a0pers\u00e9v\u00e9rance de la Toulousaine a pay\u00e9&#8230;\u00a0<i>\u00ab\u00a0Les Miss, c&rsquo;est de l&rsquo;adr\u00e9naline, c&rsquo;est palpitant\u00a0\u00bb,<\/i> a-t-elle d\u00e9clar\u00e9, tout en avouant que\u00a0<i><strong>\u00ab\u00a0d\u00e9filer en maillot ou parler en public, ce n&rsquo;est pas facile\u00a0\u00bb<\/strong>.<\/i><i>\u00a0<\/i><\/p>\n<p>C&rsquo;est un<i> \u00ab\u00a0d\u00e9fi personnel\u00a0\u00bb <\/i>qu&rsquo;elle souhaite relever afin d&rsquo;atteindre les podiums les plus prestigieux, comme celui de <a href=\"https:\/\/www.journaldesfemmes.fr\/people\/magazine\/2594586-retour-en-images-sur-le-sacre-de-miss-univers-2019\/\">Miss Univers.<\/a><\/p>\n<p>Verdict le 12 d\u00e9cembre 2020 <a href=\"https:\/\/www.journaldesfemmes.fr\/societe\/actu\/2657039-miss-france-2021-l-election-aura-lieu-au-puy-du-fou\/#:~:text=Dans%20l'actu-,L'%C3%A9lection%20de%20Miss%20France%202021%20ne%20se%20d%C3%A9roulera%20ni,en%20Guadeloupe%2C%20mais...&amp;text=C'est%20un%20lieu%20d,Miss%20France%20pour%20son%20centenaire.\">au Puy du Fou pour la 100e \u00e9dition\u00a0de Miss France<\/a>&#8230; Succ\u00e9dera-t-elle \u00e0 la Guadeloup\u00e9enne <a href=\"https:\/\/www.journaldesfemmes.fr\/people\/magazine\/2652273-election-miss-france-2021-perturbee-sylvie-tellier\/#:~:text=Sylvie%20Tellier%20d%C3%A9vast%C3%A9e-,Sylvie%20Tellier%20est%20d%C3%A9sempar%C3%A9e.,comptait%20pas%20organiser%20la%20c%C3%A9r%C3%A9monie.\">Cl\u00e9mence Botino<\/a> ?<\/p>\n<h2>Une \u00e9lection chamboul\u00e9e par le coronavirus<\/h2>\n<p>Emma Arrebot-Natou\u00a0a\u00a0emport\u00e9\u00a0la couronne face \u00e0 17\u00a0candidates, contre 18 initialement. Une \u00e9viction de derni\u00e8re minute que <a href=\"https:\/\/www.journaldesfemmes.fr\/sylvie-tellier\/\" title=\"Sylvie Tellier\">Sylvie Tellier<\/a>, pr\u00e9sente sur les lieux, a voulu justifier sur Instagram.<\/p>\n<p>\u00ab\u00a0<em>Ce soir nous sommes \u00e0 l&rsquo;\u00e9lection de Miss Midi-Pyr\u00e9n\u00e9es \u00e0 Mazamet.\u00a0Elles \u00e9taient 18\u00a0en comp\u00e9tition<\/em><strong><em>.<\/em><\/strong><em><strong>\u00a0La d\u00e9l\u00e9gu\u00e9e r\u00e9gionale\u00a0a fait passer un <a href=\"https:\/\/sante.journaldesfemmes.fr\/fiches-maladies\/2623965-coronavirus-test-pcr-nez-serologique-antigenique-gratuit-rapide-pharmacie-france-quand-le-faire-duree-enfant\/\" title=\"Test coronavirus\">test Covid<\/a> a chaque candidate.<\/strong>\u00a0Ils \u00e9taient tous n\u00e9gatifs. Malheureusement, parmi ces candidates, <strong>une jeune femme \u00e9tait infirmi\u00e8re<\/strong>,\u00a0<\/em><strong><em>elle a \u00e9t\u00e9 test\u00e9e positive\u00a0\u00e0 son travail\u00a0<\/em><\/strong><em>et la d\u00e9l\u00e9gation l&rsquo;a appris cet apr\u00e8s-midi. Donc elles ne seront pas 18, mais 17<\/em>\u00ab\u00a0, a clarifi\u00e9 la pr\u00e9sidente du Comit\u00e9 <a href=\"https:\/\/www.journaldesfemmes.fr\/people\/evenements\/2586346-miss-france-2020-clemence-botino-miss-guadeloupe\/\" title=\"Miss France\">Miss France<\/a> dans sa story Instagram.<\/p>\n<aside id=\"NL_118021191\" class=\"newsletter_subscription jNlBlock\"><noscript><br \/>\n            <\/noscript><\/p>\n<h3 class=\"newsletter_subscription-title\">Newsletter <\/h3>\n<p><a href=\"\/\/mailing.ccmbg.com\/archive\/last-85\" target=\"_blank\" class=\"a_hover\" rel=\"noopener noreferrer\">Voir un exemple<\/a><\/p>\n<\/aside>\n<p>Malgr\u00e9 cette triste nouvelle, la c\u00e9r\u00e9monie a\u00a0\u00e9t\u00e9 maintenue, tout en respectant \u00e0 la lettre les gestes barri\u00e8res.<\/p>\n<\/p><\/div>\n<p>[ad_2]<br \/>\n<br \/><a href=\"https:\/\/www.journaldesfemmes.fr\/people\/magazine\/2659521-emma-arrebot-natou-elue-miss-midi-pyrenees-2020-apres-une-eviction-cvid-coronavirus\/\">Source link <\/a><\/p>\n","protected":false},"excerpt":{"rendered":"<p>[ad_1] C&rsquo;est Emma Arrebot-Natou, une Toulousaine de 19\u00a0ans, qui est devenue Miss Midi-Pyr\u00e9n\u00e9es 2020. Une \u00e9lection marqu\u00e9e par un cas &hellip; <a href=\"http:\/\/www.affinite.fr\/index.php\/2020\/09\/12\/emma-arrebot-natou-elue-miss-midi-pyrenees-2020-apres-une-eviction\/\" class=\"more-link\">Plus <span class=\"screen-reader-text\">Emma Arrebot-Natou, \u00e9lue Miss Midi-Pyr\u00e9n\u00e9es 2020\u00a0apr\u00e8s une \u00e9viction&#8230;<\/span> <span class=\"meta-nav\">&rarr;<\/span><\/a><\/p>\n","protected":false},"author":1,"featured_media":5242,"comment_status":"open","ping_status":"open","sticky":false,"template":"","format":"standard","meta":{"_sitemap_exclude":false,"_sitemap_priority":"","_sitemap_frequency":"","footnotes":""},"categories":[1],"tags":[],"class_list":["post-5241","post","type-post","status-publish","format-standard","has-post-thumbnail","hentry","category-tous"],"_links":{"self":[{"href":"http:\/\/www.affinite.fr\/index.php\/wp-json\/wp\/v2\/posts\/5241"}],"collection":[{"href":"http:\/\/www.affinite.fr\/index.php\/wp-json\/wp\/v2\/posts"}],"about":[{"href":"http:\/\/www.affinite.fr\/index.php\/wp-json\/wp\/v2\/types\/post"}],"author":[{"embeddable":true,"href":"http:\/\/www.affinite.fr\/index.php\/wp-json\/wp\/v2\/users\/1"}],"replies":[{"embeddable":true,"href":"http:\/\/www.affinite.fr\/index.php\/wp-json\/wp\/v2\/comments?post=5241"}],"version-history":[{"count":0,"href":"http:\/\/www.affinite.fr\/index.php\/wp-json\/wp\/v2\/posts\/5241\/revisions"}],"wp:featuredmedia":[{"embeddable":true,"href":"http:\/\/www.affinite.fr\/index.php\/wp-json\/wp\/v2\/media\/5242"}],"wp:attachment":[{"href":"http:\/\/www.affinite.fr\/index.php\/wp-json\/wp\/v2\/media?parent=5241"}],"wp:term":[{"taxonomy":"category","embeddable":true,"href":"http:\/\/www.affinite.fr\/index.php\/wp-json\/wp\/v2\/categories?post=5241"},{"taxonomy":"post_tag","embeddable":true,"href":"http:\/\/www.affinite.fr\/index.php\/wp-json\/wp\/v2\/tags?post=5241"}],"curies":[{"name":"wp","href":"https:\/\/api.w.org\/{rel}","templated":true}]}}