{"id":524,"date":"2020-03-11T20:10:59","date_gmt":"2020-03-11T20:10:59","guid":{"rendered":"https:\/\/www.affinite.fr\/index.php\/2020\/03\/11\/la-marque-de-luxe-montblanc-lance-son-premier-casque-audio-a-reduction-de-bruit-active\/"},"modified":"2020-03-11T20:10:59","modified_gmt":"2020-03-11T20:10:59","slug":"la-marque-de-luxe-montblanc-lance-son-premier-casque-audio-a-reduction-de-bruit-active","status":"publish","type":"post","link":"http:\/\/www.affinite.fr\/index.php\/2020\/03\/11\/la-marque-de-luxe-montblanc-lance-son-premier-casque-audio-a-reduction-de-bruit-active\/","title":{"rendered":"La marque de luxe Montblanc lance son premier casque audio \u00e0 r\u00e9duction de bruit active"},"content":{"rendered":"<p> [ad_1]<br \/>\n<\/p>\n<div itemprop=\"articleBody\">\n<p>La soci\u00e9t\u00e9 Montblanc aborde un secteur inconnu d&rsquo;elle. R\u00e9put\u00e9e pour ses stylos ou sa maroquinerie, l\u2019entreprise allemande tente le coup dans l\u2019audio en pr\u00e9sentant son premier casque, le MB01.<br \/>D\u2019apr\u00e8s elle, ce mouvement est naturel, puisque ses clients sont de grands voyageurs,\u00a0une caract\u00e9ristique qui lui a fait int\u00e9grer un syst\u00e8me de r\u00e9duction de bruit active.<\/p>\n<figure class=\"figure text-center\"><img decoding=\"async\" class=\"article-img img-responsive-l\" src=\"https:\/\/img.bfmtv.com\/c\/1600\/956\/003405ae\/4a2381088a8d21be196398d5.png\" alt=\"\"\/><figcaption class=\"figure-caption figcaption color-txt-0 title-xs hidden-xs\"\/><\/figure>\n<p>La partie \u00e9lectronique est assur\u00e9e par une puce Qualcomm QCC5124, offrant une connexion sans fil Bluetooth 5.0. Le casque est compatible <a href=\"https:\/\/www.01net.com\/actualites\/casques-et-ecouteurs-bluetooth-comment-choisir-le-bon-codec-pour-ameliorer-leur-qualite-audio-1800804.html\" target=\"_blank\" rel=\"noopener noreferrer\">avec les codecs<\/a> SBC, AAC et bien s\u00fbr aptX cher \u00e0 Qualcomm. Il promet une autonomie de 20 heures, r\u00e9duction de bruit activ\u00e9e. L\u2019acc\u00e8s direct \u00e0 l\u2019Assistant Google est \u00e9galement int\u00e9gr\u00e9.<\/p>\n<h3 style=\"color:#333; font-family:arial,helvetica,sans-serif; font-size:23px; font-weight:700\">Design sonore \u00e9tudi\u00e9 par un expert du genre<\/h3>\n<p>Montblanc <a href=\"http:\/\/www.affinite.fr\/index.php\/2023\/08\/24\/lart-de-la-glace-transforme-en-business-la-vision-unique-de-fabien-gris\/\">livre<\/a> son casque avec une application permettant certains r\u00e9glages comme l\u2019\u00e9galisation audio. La signature sonore a, quant \u00e0 elle, \u00e9t\u00e9 assur\u00e9e par l\u2019Am\u00e9ricain Alex Rosson, un ing\u00e9nieur du son r\u00e9put\u00e9, <a href=\"https:\/\/www.rossonaudiodesign.com\/\" target=\"_blank\" rel=\"noopener noreferrer\">notamment pour son casque haut de gamme RAD-0<\/a>.<\/p>\n<figure class=\"figure text-center\"><img decoding=\"async\" class=\"article-img img-responsive-l\" src=\"https:\/\/img.bfmtv.com\/c\/1600\/1021\/67d\/98e2b6ff1878b39ce85eb2a9ab970.png\" alt=\"\"\/><figcaption class=\"figure-caption figcaption color-txt-0 title-xs hidden-xs\"\/><\/figure>\n<p>Enfin, la marque a soign\u00e9 la finition de son appareil en le recouvrant d\u2019un cuir de qualit\u00e9. Le MB01 sera disponible d\u00e8s ce 13 mars dans toutes les boutiques Montblanc en trois couleurs diff\u00e9rentes au prix de 590 euros.\u00a0<\/p>\n<aside class=\"bg-color-0 padding-inside-all-s bloc border-s\">\n<h4 class=\"box-txt-normal\">\n<p><strong>A d\u00e9couvrir aussi en vid\u00e9o<\/strong><\/p>\n<\/h4>\n<\/aside>\n<h3 style=\"color:#333; font-family:arial,helvetica,sans-serif; font-size:23px; font-weight:700\">Une montre plus grande avec eSIM int\u00e9gr\u00e9e \u00a0\u00a0<\/h3>\n<p>Montblanc a profit\u00e9 de l&rsquo;annonce de son casque pour pr\u00e9senter la nouvelle \u00e9volution de sa montre connect\u00e9e. La Summit 2+ embarque d\u00e9sormais une puce Qualcomm Snapdragon Wear 3100 pour offrir une eSIM. Cela permet \u00e0 la montre d&rsquo;\u00eatre connect\u00e9e en 4G, m\u00eame lorsqu\u2019on n\u2019a pas son smartphone dans la poche.<\/p>\n<figure class=\"figure text-center\"><img decoding=\"async\" class=\"article-img img-responsive-l\" src=\"https:\/\/img.bfmtv.com\/c\/0\/708\/552\/858df42d8490b615206388739dfb1.jpg\" alt=\"\"\/><figcaption class=\"figure-caption figcaption color-txt-0 title-xs hidden-xs\">\n                                    Montblanc<br \/>\n                                                    &#8211; La montre Summit 2+ de Montblanc.<br \/>\n                            <\/figcaption><\/figure>\n<p>Tournant sous Wear OS, elle est \u00e0 la fois compatible avec Android et iOS. Toutefois, un smartphone sous le syst\u00e8me d\u2019exploitation de Google sera n\u00e9cessaire pour activer l\u2019eSIM, le num\u00e9ro de t\u00e9l\u00e9phone \u00e9tant partag\u00e9 entre les deux appareils. En France, c\u2019est Orange qui commercialisera la montre. La Summit 2+ sera lanc\u00e9e en avril en taille 43,5 mm au prix de 1 170 euros, en quatre finitions.<\/p>\n<\/p><\/div>\n<p><script>\n         !function(f,b,e,v,n,t,s){if(f.fbq)return;n=f.fbq=function()\n         {n.callMethod? n.callMethod.apply(n,arguments):n.queue.push(arguments)}\n         ;if(!f._fbq)f._fbq=n;\n             n.push=n;n.loaded=!0;n.version='2.0';n.queue=[];t=b.createElement(e);t.async=!0;\n             t.src=v;s=b.getElementsByTagName(e)[0];s.parentNode.insertBefore(t,s)}(window,\n                 document,'script','https:\/\/connect.facebook.net\/en_US\/fbevents.js');\n         fbq('init', '1065890633454496');\n         fbq('track', 'PageView');\n     <\/script><br \/>\n<br \/>[ad_2]<br \/>\n<br \/><a href=\"https:\/\/www.01net.com\/actualites\/la-marque-de-luxe-montblanc-lance-son-premier-casque-audio-a-reduction-de-bruit-active-1872593.html\">Source link <\/a><\/p>\n","protected":false},"excerpt":{"rendered":"<p>[ad_1] La soci\u00e9t\u00e9 Montblanc aborde un secteur inconnu d&rsquo;elle. R\u00e9put\u00e9e pour ses stylos ou sa maroquinerie, l\u2019entreprise allemande tente le &hellip; <a href=\"http:\/\/www.affinite.fr\/index.php\/2020\/03\/11\/la-marque-de-luxe-montblanc-lance-son-premier-casque-audio-a-reduction-de-bruit-active\/\" class=\"more-link\">Plus <span class=\"screen-reader-text\">La marque de luxe Montblanc lance son premier casque audio \u00e0 r\u00e9duction de bruit active<\/span> <span class=\"meta-nav\">&rarr;<\/span><\/a><\/p>\n","protected":false},"author":1,"featured_media":525,"comment_status":"open","ping_status":"open","sticky":false,"template":"","format":"standard","meta":{"_sitemap_exclude":false,"_sitemap_priority":"","_sitemap_frequency":"","footnotes":""},"categories":[1],"tags":[],"class_list":["post-524","post","type-post","status-publish","format-standard","has-post-thumbnail","hentry","category-tous"],"_links":{"self":[{"href":"http:\/\/www.affinite.fr\/index.php\/wp-json\/wp\/v2\/posts\/524"}],"collection":[{"href":"http:\/\/www.affinite.fr\/index.php\/wp-json\/wp\/v2\/posts"}],"about":[{"href":"http:\/\/www.affinite.fr\/index.php\/wp-json\/wp\/v2\/types\/post"}],"author":[{"embeddable":true,"href":"http:\/\/www.affinite.fr\/index.php\/wp-json\/wp\/v2\/users\/1"}],"replies":[{"embeddable":true,"href":"http:\/\/www.affinite.fr\/index.php\/wp-json\/wp\/v2\/comments?post=524"}],"version-history":[{"count":0,"href":"http:\/\/www.affinite.fr\/index.php\/wp-json\/wp\/v2\/posts\/524\/revisions"}],"wp:featuredmedia":[{"embeddable":true,"href":"http:\/\/www.affinite.fr\/index.php\/wp-json\/wp\/v2\/media\/525"}],"wp:attachment":[{"href":"http:\/\/www.affinite.fr\/index.php\/wp-json\/wp\/v2\/media?parent=524"}],"wp:term":[{"taxonomy":"category","embeddable":true,"href":"http:\/\/www.affinite.fr\/index.php\/wp-json\/wp\/v2\/categories?post=524"},{"taxonomy":"post_tag","embeddable":true,"href":"http:\/\/www.affinite.fr\/index.php\/wp-json\/wp\/v2\/tags?post=524"}],"curies":[{"name":"wp","href":"https:\/\/api.w.org\/{rel}","templated":true}]}}