{"id":5239,"date":"2020-09-11T17:00:52","date_gmt":"2020-09-11T17:00:52","guid":{"rendered":"https:\/\/www.affinite.fr\/index.php\/2020\/09\/11\/les-tendances-beaute-automne-hiver-2020-2021-a-suivre-des-la-rentree\/"},"modified":"2020-09-11T17:00:52","modified_gmt":"2020-09-11T17:00:52","slug":"les-tendances-beaute-automne-hiver-2020-2021-a-suivre-des-la-rentree","status":"publish","type":"post","link":"http:\/\/www.affinite.fr\/index.php\/2020\/09\/11\/les-tendances-beaute-automne-hiver-2020-2021-a-suivre-des-la-rentree\/","title":{"rendered":"Les tendances beaut\u00e9 automne-hiver 2020-2021\u00a0\u00e0 suivre d\u00e8s la rentr\u00e9e\u00a0"},"content":{"rendered":"<p> [ad_1]<br \/>\n<\/p>\n<p>\n                Cheveux longs, coiffures r\u00e9tro, fards \u00e0 paupi\u00e8res color\u00e9s, teint l\u00e9ger, produits green\u2026 D\u00e9couvrez les tendances beaut\u00e9 automne-hiver 2020-2021\u00a0\u00e0 adopter d\u00e8s la rentr\u00e9e.            <\/p>\n<div>\n<p>Crise sanitaire oblige, le port du masque s&rsquo;impose sur tous les visages et bouscule nos habitudes beaut\u00e9. Cet automne-hiver 2020-2021\u00a0sera marqu\u00e9 par l&rsquo;av\u00e8nement du <strong>maquillage des yeux e<\/strong>t le boom des produits de <strong>beaut\u00e9 \u00e9co-responsables<\/strong>. D\u00e9cryptage.<\/p>\n<h2>On se fait une coiffure r\u00e9tro<\/h2>\n<p>Cette nouvelle saison salue le retour en gr\u00e2ce des<strong> cheveux longs<\/strong>. Pour une allure ultra chic, on les porte <strong>l\u00e9g\u00e8rement wavy<\/strong> ou avec un brushing fa\u00e7on seventies. C\u00f4t\u00e9 d\u00e9tails, on reste dans l&rsquo;\u00e9l\u00e9gance avec des barrettes en perles ou fleuries. Pour les inconditionnelles des cheveux courts ou mi-longs, aucun risque de beauty faux-pas du moment que la coupe reste bien structur\u00e9e. De ce fait, la <strong>coupe \u00e0 la gar\u00e7onne<\/strong> et le<strong> carr\u00e9 droit<\/strong> seront des choix judicieux pour rester styl\u00e9. \u00a0<\/p>\n<figure class=\"image\" style=\"float:right\"><img decoding=\"async\" alt=\"maquillage-yeux\" src=\"https:\/\/img-3.journaldesfemmes.fr\/mScsZq9SxiXQ2u5UHUM4FXYbJqs=\/250x\/smart\/4a660ebdefbb4d589553bebfe87b21a9\/ccmcms-jdf\/18565394.jpg\"\/><figcaption data-credit=\"Rex\/Sipa\" data-legend=\"D\u00e9fil\u00e9 Miu Miu automne-hiver 2020-2021\">D\u00e9fil\u00e9 Miu Miu automne-hiver 2020-2021 <small>\u00a9\u00a0Rex\/Sipa<\/small><\/figcaption><\/figure>\n<h2>On sourit avec les yeux<\/h2>\n<p>Avec les masques, on met l&rsquo;accent sur le regard. D&rsquo;abord avec des sourcils bien dessin\u00e9s et lustr\u00e9s, puis avec du mascara, des <strong>fards \u00e0 paupi\u00e8res flamboyants <\/strong>et\/ou un trait d&rsquo;eye-liner graphique. Plus que jamais le maquillage des yeux doit \u00eatre cr\u00e9atif pour capter l&rsquo;attention. C\u00f4t\u00e9 teint, on mise sur un fluide de teint l\u00e9ger pour unifier la peau sans l&rsquo;\u00e9touffer. \u00a0<\/p>\n<h2>On all\u00e8ge sa salle de bains<\/h2>\n<p>Prise de conscience \u00e9cologique ou hygi\u00e9niste, la situation sanitaire a acc\u00e9l\u00e9r\u00e9 la r\u00e9volution verte du secteur de la beaut\u00e9. Fini le plastique et les ingr\u00e9dients controvers\u00e9s. Dans la salle de bains, <strong>les soins made in France \u00e0 base d&rsquo;ingr\u00e9dients naturels<\/strong> sont devenus les vedettes, les shampoings et savons solides en t\u00eate.<\/p>\n<h2>Sous le masque, la bouche se fait rouge bordeaux<\/h2>\n<p>M\u00eame si le rouge \u00e0 l\u00e8vres n&rsquo;est pas le premier r\u00e9flexe du moment, il n&rsquo;en reste pas moins un geste make-up irr\u00e9sistible. Sous le masque, on ose le <strong>rouge bordeaux,<\/strong> mat de pr\u00e9f\u00e9rence pour plus de tenue.<\/p>\n<h2>Et les mains\u00a0?<\/h2>\n<aside id=\"NL_385405354\" class=\"newsletter_subscription jNlBlock\"><noscript><br \/>\n            <\/noscript><\/p>\n<h3 class=\"newsletter_subscription-title\">Newsletter <\/h3>\n<p><a href=\"\/\/mailing.ccmbg.com\/archive\/last-85\" target=\"_blank\" class=\"a_hover\" rel=\"noopener noreferrer\">Voir un exemple<\/a><\/p>\n<\/aside>\n<p>On ne les oublie pas bien s\u00fbr. Fragilis\u00e9es par les lavages de mains fr\u00e9quents et le gel hydroalcoolique, on les chouchoute avec des cr\u00e8mes nourrissantes, puis on les sublime avec des<strong> vernis laqu\u00e9s dans les tons bleus fonc\u00e9s ou prune<\/strong>. La touche ultime tendance de la saison\u00a0!<\/p>\n<\/p><\/div>\n<p>[ad_2]<br \/>\n<br \/><a href=\"https:\/\/www.journaldesfemmes.fr\/beaute\/magazine\/2659415-tendance-beaute-automne-hiver-2020-2021-rentree\/\">Source link <\/a><\/p>\n","protected":false},"excerpt":{"rendered":"<p>[ad_1] Cheveux longs, coiffures r\u00e9tro, fards \u00e0 paupi\u00e8res color\u00e9s, teint l\u00e9ger, produits green\u2026 D\u00e9couvrez les tendances beaut\u00e9 automne-hiver 2020-2021\u00a0\u00e0 adopter &hellip; <a href=\"http:\/\/www.affinite.fr\/index.php\/2020\/09\/11\/les-tendances-beaute-automne-hiver-2020-2021-a-suivre-des-la-rentree\/\" class=\"more-link\">Plus <span class=\"screen-reader-text\">Les tendances beaut\u00e9 automne-hiver 2020-2021\u00a0\u00e0 suivre d\u00e8s la rentr\u00e9e\u00a0<\/span> <span class=\"meta-nav\">&rarr;<\/span><\/a><\/p>\n","protected":false},"author":1,"featured_media":5240,"comment_status":"open","ping_status":"open","sticky":false,"template":"","format":"standard","meta":{"_sitemap_exclude":false,"_sitemap_priority":"","_sitemap_frequency":"","footnotes":""},"categories":[1],"tags":[],"class_list":["post-5239","post","type-post","status-publish","format-standard","has-post-thumbnail","hentry","category-tous"],"_links":{"self":[{"href":"http:\/\/www.affinite.fr\/index.php\/wp-json\/wp\/v2\/posts\/5239"}],"collection":[{"href":"http:\/\/www.affinite.fr\/index.php\/wp-json\/wp\/v2\/posts"}],"about":[{"href":"http:\/\/www.affinite.fr\/index.php\/wp-json\/wp\/v2\/types\/post"}],"author":[{"embeddable":true,"href":"http:\/\/www.affinite.fr\/index.php\/wp-json\/wp\/v2\/users\/1"}],"replies":[{"embeddable":true,"href":"http:\/\/www.affinite.fr\/index.php\/wp-json\/wp\/v2\/comments?post=5239"}],"version-history":[{"count":0,"href":"http:\/\/www.affinite.fr\/index.php\/wp-json\/wp\/v2\/posts\/5239\/revisions"}],"wp:featuredmedia":[{"embeddable":true,"href":"http:\/\/www.affinite.fr\/index.php\/wp-json\/wp\/v2\/media\/5240"}],"wp:attachment":[{"href":"http:\/\/www.affinite.fr\/index.php\/wp-json\/wp\/v2\/media?parent=5239"}],"wp:term":[{"taxonomy":"category","embeddable":true,"href":"http:\/\/www.affinite.fr\/index.php\/wp-json\/wp\/v2\/categories?post=5239"},{"taxonomy":"post_tag","embeddable":true,"href":"http:\/\/www.affinite.fr\/index.php\/wp-json\/wp\/v2\/tags?post=5239"}],"curies":[{"name":"wp","href":"https:\/\/api.w.org\/{rel}","templated":true}]}}