{"id":5237,"date":"2020-09-11T13:18:57","date_gmt":"2020-09-11T13:18:57","guid":{"rendered":"https:\/\/www.affinite.fr\/index.php\/2020\/09\/11\/bande-annonce-the-head-el-profesor-de-la-casa-de-papel-dans-un-thriller-polaire-de-canal-news-series\/"},"modified":"2020-09-11T13:18:57","modified_gmt":"2020-09-11T13:18:57","slug":"bande-annonce-the-head-el-profesor-de-la-casa-de-papel-dans-un-thriller-polaire-de-canal-news-series","status":"publish","type":"post","link":"http:\/\/www.affinite.fr\/index.php\/2020\/09\/11\/bande-annonce-the-head-el-profesor-de-la-casa-de-papel-dans-un-thriller-polaire-de-canal-news-series\/","title":{"rendered":"Bande-annonce The Head : El Profesor de La Casa De Papel dans un thriller polaire de CANAL+ &#8211; News S\u00e9ries"},"content":{"rendered":"<p> [ad_1]<br \/>\n<\/p>\n<div id=\"article-container\">\n<p class=\"article-lead\">Frissons garantis dans quelques jours sur CANAL+ avec la s\u00e9rie espagnole \u00ab\u00a0The Head\u00a0\u00bb. Ce thriller polaire avec El Profesor de \u00ab\u00a0La Casa De Papel\u00a0\u00bb promet quelques frayeurs dans une station de recherche situ\u00e9e au c\u0153ur de l&rsquo;Antarctique.<\/p>\n<div id=\"article-content\">\n<figure class=\"player player-auto-play js-player\" data-model=\"{&quot;context&quot;:&quot;newspage_news&quot;,&quot;launch&quot;:&quot;auto-play&quot;,&quot;followScroll&quot;:true,&quot;endScreen&quot;:true,&quot;disableAutoPause&quot;:true,&quot;videos&quot;:[{&quot;id&quot;:19589846,&quot;sources&quot;:{&quot;medium&quot;:&quot;\/\/fr.vid.web.acsta.net\/nmedia\/33\/20\/09\/11\/11\/\/19589846_sd_013.mp4&quot;,&quot;high&quot;:&quot;\/\/fr.vid.web.acsta.net\/nmedia\/33\/20\/09\/11\/11\/\/19589846_hd_013.mp4&quot;},&quot;image&quot;:&quot;\/videothumbnails\/20\/09\/11\/11\/11\/5339435.jpg&quot;,&quot;title&quot;:&quot;The Head - saison 1 Bande-annonce VF&quot;,&quot;trackingIdentifier&quot;:&quot;19589846-the_head_saison_1_bande_annonce_vf&quot;,&quot;embedUrl&quot;:&quot;ACraHRACr0cDovL3BsYXllci5hbGxvY2luZS5mci8xOTU4OTg0Ni5odG1s&quot;,&quot;id_type&quot;:31003,&quot;file_type&quot;:&quot;trailer&quot;,&quot;description&quot;:&quot;The Head - saison 1 Bande-annonce VF&quot;,&quot;duration&quot;:39,&quot;view_count&quot;:null,&quot;added_at&quot;:{&quot;date&quot;:&quot;2020-09-11 11:10:00.000000&quot;,&quot;timezone_type&quot;:3,&quot;timezone&quot;:&quot;Europe\/Paris&quot;},&quot;metas&quot;:{&quot;genre_main_series&quot;:[{&quot;name&quot;:&quot;Thriller&quot;,&quot;id&quot;:&quot;13023&quot;}],&quot;id_main_season&quot;:38326,&quot;id_main_series&quot;:26509,&quot;image_main_series&quot;:&quot;\/pictures\/20\/08\/10\/12\/04\/1992287.jpg&quot;,&quot;localized_file_type&quot;:&quot;trailer&quot;,&quot;main_season_number&quot;:1,&quot;main_season_rating&quot;:3.06451607,&quot;main_season_user_note_count&quot;:1,&quot;main_series_rating&quot;:3.40405798,&quot;name_main_season&quot;:&quot;The Head - Saison 1&quot;,&quot;name_main_series&quot;:&quot;The Head&quot;,&quot;release_status_series&quot;:&quot;En cours&quot;,&quot;trans_file_type&quot;:&quot;Bande-annonce&quot;},&quot;relatedEntityType&quot;:&quot;series&quot;,&quot;relatedEntityTrackingIdentifier&quot;:&quot;26509-the_head&quot;,&quot;relatedEntityTitle&quot;:&quot;The Head&quot;,&quot;relatedEntityId&quot;:26509,&quot;relatedEntityUrl&quot;:&quot;ACraHRACr0cDovL3d3dy5hbGxvY2luZS5mci9zZXJpZXMvZmljaGVzZXJpZV9nZW5fY3NlcmllPTI2NTA5Lmh0bWw=&quot;,&quot;mediaUrl&quot;:&quot;ACraHRACr0cDovL3d3dy5hbGxvY2luZS5mci92aWRlby9wbGF5ZXJfZ2VuX2NtZWRpYT0xOTU4OTg0NiZjc2VyaWU9MjY1MDkuaHRtbA==&quot;}],&quot;disablePreroll&quot;:false,&quot;disablePostroll&quot;:false}\" data-thumb=\"http:\/\/fr.web.img6.acsta.net\/r_640_360\/videothumbnails\/20\/09\/11\/11\/11\/5339435.jpg\">\n<\/figure>\n<p>Un vent de fra\u00eecheur s&rsquo;annonce sur <span class=\"ACraHRACr0cHM6Ly9zdGFncy5ibHVla2FpLmNvbS9zaXRlLzUyNDcxP3BoaW50PWV2ZW50PWNsaWMmcGhpbnQ9Y21wX2NoYW5uZWw9UEFSVE5FUlNISVAmcGhpbnQ9Y21wX25hbWU9V0VCRURJQSZwaGludD1jbXBfZW50aXR5PVZFTCZwaGludD1jbXBfdGhlbWF0aWM9U0VSSUUmcGhpbnQ9c2l0ZT1teWNhbmFsJnBoaW50PWNtcF9kYXRlPTIwMjAmcGhpbnQ9Y21wX3N1cHBvcnQ9QUxMT0NJTkUmcGhpbnQ9Y21wX2NyZWE9QVJUSUNMRSZyZWRpcj1odHRwcyUzQSUyRiUyRnNucjQuY2FuYWxwbHVzLmNvbSUyRmR5bmNsaWNrJTJGbGVzb2ZmcmVzY2FuYWwlMkYlM0ZlcHQtbmFtZSUzRFZFTF9QQVJUTkVSU0hJUF9TRVJJRV9XRUJFRElBXzIwMjAtQUxMT0NJTkUlMjZlcHQtbWVkaWFwbGFuJTNEVkVMX1BBUlRORVJTSElQX1NFUklFX1dFQkVESUFfMjAyMCUyNmVzZWctbmFtZSUzRGVtcGxhY2VtZW50JTI2ZXNlZy1pdGVtJTNEQVJUSUNMRSUyNmVwdC1wdWJsaXNoZXIlM0RBTExPQ0lORSUyNmVwdC1sb2NhdGlvbiUzREFMTE9DSU5FJTI2ZXB0LWNyZWF0aXZlJTNEQVJUSUNMRSUyNmVwdC1jcmVhdGl2ZXR5cGUlM0QxeDElMjZldXJsJTNEaHR0cHMlM0ElMkYlMkZ3d3cuY2FuYWxwbHVzLmNvbSUyRmxlcy1zZXJpZXMtZGUtY2FuYWwtcGx1cyUzRmNtcF9lbnRpdHklM0RWRUwlMjZjbXBfY2hhbm5lbCUzRFBBUlRORVJTSElQJTI2Y21wX3RoZW1hdGljJTNEU0VSSUUlMjZjbXBfZGF0ZSUzRDIwMjAlMjZjbXBfbmFtZSUzRFdFQkVESUElMjZjbXBfc3VwcG9ydCUzREFMTE9DSU5FJTI2Y21wX2NyZWElM0RBUlRJQ0xF\" rel=\"sponsored\" target=\"_blank\">CANAL+<\/span> avec la diffusion &#8211; \u00e0 compter du 24 septembre &#8211; de <a title=\"The Head (Espagne) (Thriller)\" href=\"http:\/\/www.allocine.fr\/series\/ficheserie_gen_cserie=26509.html\">The Head<\/a>, une s\u00e9rie espagnole des fr\u00e8res\u00a0<a title=\"\u00c0lex Pastor (Espagne) (Sc\u00e9nariste,R\u00e9alisateur,Producteur d\u00e9l\u00e9gu\u00e9)\" href=\"http:\/\/www.allocine.fr\/personne\/fichepersonne_gen_cpersonne=142196.html\">\u00c1lex<\/a> et <a title=\"David Pastor (Espagne) (Sc\u00e9nariste,R\u00e9alisateur,Producteur d\u00e9l\u00e9gu\u00e9)\" href=\"http:\/\/www.allocine.fr\/personne\/fichepersonne_gen_cpersonne=246014.html\">David Pastor<\/a>.\u00a0Programm\u00e9s en exclusivit\u00e9 sur CANAL+, \u00e0 raison de deux par soir\u00e9e, tous les jeudis \u00e0 21h, les \u00e9pisodes seront \u00e9galement\u00a0disponibles en int\u00e9gralit\u00e9 sur myCANAL et CANAL+ \u00c0 LA DEMANDE.\u00a0Thriller polaire en\u00a06 x 52 minutes, cette co-production internationale ambitieuse est r\u00e9alis\u00e9e par <a title=\"Jorge Dorado (Espagne) (R\u00e9alisateur,Producteur d\u00e9l\u00e9gu\u00e9,2\u00e8me assistant r\u00e9alisateur)\" href=\"http:\/\/www.allocine.fr\/personne\/fichepersonne_gen_cpersonne=539421.html\">Jorge Dorado<\/a>, lequel a offici\u00e9 notamment sur <a title=\"El Ministerio del Tiempo (Espagne) (Aventure,Fantastique,Science fiction,Historique)\" href=\"http:\/\/www.allocine.fr\/series\/ficheserie_gen_cserie=18518.html\">El ministerio del tiempo<\/a>,\u00a0<a title=\"The Pier (Espagne) (Drame,Thriller)\" href=\"http:\/\/www.allocine.fr\/series\/ficheserie_gen_cserie=23914.html\">The Pier<\/a> et <a title=\"Mindscape (U.S.A.,Espagne,France) - 2013 (Thriller,Drame)\" href=\"http:\/\/www.allocine.fr\/film\/fichefilm_gen_cfilm=197116.html\">Mindscape<\/a>.<\/p>\n<p>Long Long Night is Coming !<\/p>\n<p>La bande-annonce de <i>The Head<\/i> laisse pr\u00e9sager bon nombre de moments riches en suspense et en \u00e9motions. L&rsquo;action de la s\u00e9rie se d\u00e9roule au p\u00f4le sud, o\u00f9 le soleil s&rsquo;appr\u00eate \u00e0 se retirer pour six mois. Une \u00e9quipe r\u00e9duite va rester dans la station Antarctique Polaris VI pour poursuivre des recherches innovantes et d\u00e9terminantes dans la lutte contre le changement climatique, sous la supervision du biologiste r\u00e9put\u00e9 Arthur Wilde (<a title=\"John Lynch (Irlande) (Acteur,R\u00e9alisateur,Sc\u00e9nariste)\" href=\"http:\/\/www.allocine.fr\/personne\/fichepersonne_gen_cpersonne=12892.html\">John Lynch<\/a>).<\/p>\n<div class=\"article-figure-holder\">\n<figure class=\"article-figure mceNonEditable\"><img loading=\"lazy\" decoding=\"async\" class=\"article-figure-img\" src=\"data:image\/gif;base64,R0lGODlhAgABAPAAAAAAAAAAACH5BAEAAAAAIf8LSW1hZ2VNYWdpY2sNZ2FtbWE9MC40NTQ1NQAsAAAAAAIAAQAAAgIECgA7\" data-src=\"http:\/\/fr.web.img5.acsta.net\/r_620_260\/newsv7\/20\/09\/11\/14\/37\/5564999.jpg\" width=\"640\" height=\"320\"\/><span class=\"article-figcaption-copy\">HBO Asia \/ Hulu \/ The MediaPro Studio<\/span><figcaption class=\"article-figcaption\">\n            Johan (Alexandre Willaume) et Maggie (Katharine O\u2019Donnelly) seraient-ils les seuls rescap\u00e9s ?<br \/>\n        <\/figcaption><\/figure>\n<\/div>\n<p>De retour \u00e0 la station au printemps pour prendre la rel\u00e8ve, le commandant Johan Berg (<a title=\"Alexandre Willaume-Jantzen (Danemark) (Acteur)\" href=\"http:\/\/www.allocine.fr\/personne\/fichepersonne_gen_cpersonne=436901.html\">Alexandre Willaume<\/a>) a la f\u00e2cheuse surprise de d\u00e9couvrir que les membres de l\u2019\u00e9quipe sont morts ou port\u00e9s disparus. D\u00e9termin\u00e9 \u00e0 retrouver son \u00e9pouse, celui-ci va devoir\u00a0faire confiance \u00e0 Maggie (<a title=\"Katharine O'Donnelly (Grande-Bretagne) (Acteur)\" href=\"http:\/\/www.allocine.fr\/personne\/fichepersonne_gen_cpersonne=893532.html\">Katharine O\u2019Donnelly<\/a>), une jeune docteure profond\u00e9ment boulevers\u00e9e et a priori la seule survivante du groupe\u2026 \u00e0 moins qu\u2019il n\u2019y ait quelqu\u2019un d\u2019autre ?<\/p>\n<p>El Professor dans la place !<\/p>\n<div class=\"article-figure-holder\">\n<figure class=\"article-figure mceNonEditable\"><img loading=\"lazy\" decoding=\"async\" class=\"article-figure-img\" src=\"data:image\/gif;base64,R0lGODlhAgABAPAAAAAAAAAAACH5BAEAAAAAIf8LSW1hZ2VNYWdpY2sNZ2FtbWE9MC40NTQ1NQAsAAAAAAIAAQAAAgIECgA7\" data-src=\"http:\/\/fr.web.img3.acsta.net\/r_620_260\/newsv7\/20\/09\/11\/14\/37\/5575920.jpg\" width=\"640\" height=\"320\"\/><span class=\"article-figcaption-copy\">HBO Asia \/ Hulu \/ The MediaPro Studio<\/span><figcaption class=\"article-figcaption\">\n            \u00c1lvaro Morte (\u00ab\u00a0La Casa Del Papel\u00a0\u00bb) sous le bonnet de Ramon, le cuisinier de la base.<br \/>\n        <\/figcaption><\/figure>\n<\/div>\n<p>Les survivants vont vivre \u00e0 coup s\u00fbr\u00a0la nuit la plus longue de leur vie. Et la v\u00e9rit\u00e9 qui va s&rsquo;opposer \u00e0 eux pourrait bien \u00eatre des plus gla\u00e7antes. A cette folle aventure participent \u00e9galement <a title=\"Richard Sammel (Allemagne) (Acteur)\" href=\"http:\/\/www.allocine.fr\/personne\/fichepersonne_gen_cpersonne=71150.html\">Richard Sammel<\/a>, <a title=\"Tomohisa Yamashita (Japon) (Acteur)\" href=\"http:\/\/www.allocine.fr\/personne\/fichepersonne_gen_cpersonne=253090.html\">Tomohisa Yamashita<\/a>, <a title=\"Laura Bach (II) (Danemark) (Acteur)\" href=\"http:\/\/www.allocine.fr\/personne\/fichepersonne_gen_cpersonne=213760.html\">Laura Bach<\/a>, <a title=\"Chris Reilly (Grande-Bretagne) (Acteur)\" href=\"http:\/\/www.allocine.fr\/personne\/fichepersonne_gen_cpersonne=671130.html\">Chris Reilly<\/a>,\u00a0<a title=\"Tom Lawrence (Grande-Bretagne) (Acteur)\" href=\"http:\/\/www.allocine.fr\/personne\/fichepersonne_gen_cpersonne=172207.html\">Tom Lawrence<\/a> et un certain <a title=\"\u00c1lvaro Morte (Espagne) (Acteur,Cr\u00e9ateur)\" href=\"http:\/\/www.allocine.fr\/personne\/fichepersonne_gen_cpersonne=726568.html\">\u00c1lvaro Morte<\/a>, que le grand public conna\u00eet bien sur le surnom du Professeur dans la s\u00e9rie Netflix \u00e0 succ\u00e8s <a title=\"La Casa de Papel (Espagne) (Drame,Thriller)\" href=\"http:\/\/www.allocine.fr\/series\/ficheserie_gen_cserie=21504.html\">La Casa De Papel<\/a>. Il pr\u00eate cette fois ses traits \u00e0\u00a0Ram\u00f3n, le cuisinier de la base peu sociable, qui fait de son mieux pour tenir ses propres d\u00e9mons int\u00e9rieurs \u00e0 distance. Une chose est s\u00fbre, l&rsquo;ennui ne sera pas au rendez-vous lors de ce s\u00e9jour polaire.<\/p>\n<p><i>Retrouvez\u00a0<a href=\"http:\/\/www.allocine.fr\/mycanal\/\">toute l\u2019actualit\u00e9 CANAL+ sur AlloCin\u00e9.<\/a><\/i><\/p>\n<\/p><\/div>\n<\/p><\/div>\n<p>[ad_2]<br \/>\n<br \/><a href=\"http:\/\/rss.allocine.fr\/~r\/ac\/actualites\/~3\/RnJpdLg3AHE\/fichearticle_gen_carticle=18692882.html\">Source link <\/a><\/p>\n","protected":false},"excerpt":{"rendered":"<p>[ad_1] Frissons garantis dans quelques jours sur CANAL+ avec la s\u00e9rie espagnole \u00ab\u00a0The Head\u00a0\u00bb. Ce thriller polaire avec El Profesor &hellip; <a href=\"http:\/\/www.affinite.fr\/index.php\/2020\/09\/11\/bande-annonce-the-head-el-profesor-de-la-casa-de-papel-dans-un-thriller-polaire-de-canal-news-series\/\" class=\"more-link\">Plus <span class=\"screen-reader-text\">Bande-annonce The Head : El Profesor de La Casa De Papel dans un thriller polaire de CANAL+ &#8211; News S\u00e9ries<\/span> <span class=\"meta-nav\">&rarr;<\/span><\/a><\/p>\n","protected":false},"author":1,"featured_media":5238,"comment_status":"open","ping_status":"open","sticky":false,"template":"","format":"standard","meta":{"_sitemap_exclude":false,"_sitemap_priority":"","_sitemap_frequency":"","footnotes":""},"categories":[1],"tags":[],"class_list":["post-5237","post","type-post","status-publish","format-standard","has-post-thumbnail","hentry","category-tous"],"_links":{"self":[{"href":"http:\/\/www.affinite.fr\/index.php\/wp-json\/wp\/v2\/posts\/5237"}],"collection":[{"href":"http:\/\/www.affinite.fr\/index.php\/wp-json\/wp\/v2\/posts"}],"about":[{"href":"http:\/\/www.affinite.fr\/index.php\/wp-json\/wp\/v2\/types\/post"}],"author":[{"embeddable":true,"href":"http:\/\/www.affinite.fr\/index.php\/wp-json\/wp\/v2\/users\/1"}],"replies":[{"embeddable":true,"href":"http:\/\/www.affinite.fr\/index.php\/wp-json\/wp\/v2\/comments?post=5237"}],"version-history":[{"count":0,"href":"http:\/\/www.affinite.fr\/index.php\/wp-json\/wp\/v2\/posts\/5237\/revisions"}],"wp:featuredmedia":[{"embeddable":true,"href":"http:\/\/www.affinite.fr\/index.php\/wp-json\/wp\/v2\/media\/5238"}],"wp:attachment":[{"href":"http:\/\/www.affinite.fr\/index.php\/wp-json\/wp\/v2\/media?parent=5237"}],"wp:term":[{"taxonomy":"category","embeddable":true,"href":"http:\/\/www.affinite.fr\/index.php\/wp-json\/wp\/v2\/categories?post=5237"},{"taxonomy":"post_tag","embeddable":true,"href":"http:\/\/www.affinite.fr\/index.php\/wp-json\/wp\/v2\/tags?post=5237"}],"curies":[{"name":"wp","href":"https:\/\/api.w.org\/{rel}","templated":true}]}}