{"id":5229,"date":"2020-09-09T01:35:06","date_gmt":"2020-09-09T01:35:06","guid":{"rendered":"https:\/\/www.affinite.fr\/index.php\/2020\/09\/09\/changer-son-plan-de-cuisine-avec-evier-et-plaque-de-cuisson\/"},"modified":"2020-09-09T01:35:06","modified_gmt":"2020-09-09T01:35:06","slug":"changer-son-plan-de-cuisine-avec-evier-et-plaque-de-cuisson","status":"publish","type":"post","link":"http:\/\/www.affinite.fr\/index.php\/2020\/09\/09\/changer-son-plan-de-cuisine-avec-evier-et-plaque-de-cuisson\/","title":{"rendered":"Changer son plan de cuisine avec \u00e9vier et plaque de cuisson"},"content":{"rendered":"<p> [ad_1]<br \/>\n<\/p>\n<div>\n<p itemprop=\"description\">Alors que le confinement a donn\u00e9 envie aux Fran\u00e7ais d\u2019am\u00e9liorer leur logement (1 Fran\u00e7ais sur 2 envisage des travaux selon le r\u00e9cent sondage d\u2019IZI by EDF), l\u2019\u00e9tape de la concr\u00e9tisation peut s\u2019av\u00e9rer plus compliqu\u00e9e ! R\u00e9nover sa cuisine, par exemple, demande non seulement des connaissances en plomberie, mais aussi en menuiserie ou en \u00e9lectricit\u00e9. Installer et d\u00e9couper un nouveau plan de travail, poser un \u00e9vier, installer une plaque de cuisson, ces prestations vont bien au-del\u00e0 de simples travaux de bricolage et n\u00e9cessitent une v\u00e9ritable expertise.<\/p>\n<figure>\n<div class=\"cover\"><img loading=\"lazy\" decoding=\"async\" src=\"https:\/\/maison1.advcdn.net\/images\/medias\/000\/054\/000054604\/660.jpg\" alt=\"Apr\u00e8s les travaux, une cuisine toute neuve remis au go\u00fbt du jour, avec un plan de travail neuf, un bel \u00e9vier et une plaque de cuisson de derni\u00e8re g\u00e9n\u00e9ration.\" title=\"Apr\u00e8s les travaux, une cuisine toute neuve remis au go\u00fbt du jour, avec un plan de travail neuf, un bel \u00e9vier et une plaque de cuisson de derni\u00e8re g\u00e9n\u00e9ration.\" width=\"430\" height=\"242\" itemprop=\"image\"\/><\/div>\n<p>&#13;<\/p>\n<div class=\"gallery\">\n<p>\t\t\t\t\t\t\t\t<a href=\"https:\/\/www.maison.com\/brico-travaux\/plomberie\/changer-son-plan-cuisine-avec-evier-plaque-cuisson-9711\/galerie\/\" class=\"more\">Afficher la galerie<\/a><figcaption>&#13;<br \/>\n\t\t\t\t\t\t\t\t\tApr\u00e8s les travaux, une cuisine toute neuve remis au go\u00fbt du jour, avec un plan de travail neuf, un bel \u00e9vier et une plaque de cuisson de derni\u00e8re g\u00e9n\u00e9ration.\t\t\t\t\t\t\t\t\t<br \/>&#13;<br \/>\n\t\t\t\t\t\t\t\t\t\u00a9Michel Balic\t\t\t\t\t\t\t\t<\/figcaption><\/div>\n<p>&#13;<br \/>\n\t\t\t\t\t\t<\/figure>\n<p><!--\n\n<div class=\"arrow\"><\/div>\n\n--><a href=\"https:\/\/www.maison.com\/brico-travaux\/plomberie\/changer-son-plan-cuisine-avec-evier-plaque-cuisson-9711\/galerie\/54626\/\" alt=\"Photo pr\u00e9c\u00e9dente\" title=\"Photo pr\u00e9c\u00e9dente\" class=\"previmg\"\/><br \/>\n\t\t\t\t\t\t<a href=\"https:\/\/www.maison.com\/brico-travaux\/plomberie\/changer-son-plan-cuisine-avec-evier-plaque-cuisson-9711\/galerie\/54603\/\" alt=\"Photo suivante\" title=\"Photo suivante\" class=\"nextimg\"\/>\n\t\t\t\t\t<\/div>\n<div itemprop=\"articleBody\">\n<p>\n  Plateforme sp\u00e9cialis\u00e9e dans les travaux de r\u00e9novation, de la maison durable \u00e0 la mobilit\u00e9 \u00e9lectrique en passant par les petits travaux \u201cd\u2019int\u00e9rieur, c\u2019est\u00a0<strong>IZI by EDF qui s\u2019est charg\u00e9 de cette r\u00e9novation de cuisine.\u00a0<\/strong>Le vrai plus se situe dans l\u2019<strong>accompagnement de A \u00e0 Z\u00a0<\/strong>par des conseillers sp\u00e9cialis\u00e9s (diagnostic, choix des mat\u00e9riaux, conseil en am\u00e9nagement\u2026) et\u00a0<strong>l\u2019intervention d\u2019artisans locaux<\/strong>\u00a0de leur r\u00e9seau, rigoureusement s\u00e9lectionn\u00e9s.\n<\/p>\n<p>\n  <span style=\"color: rgb(32, 31, 30); font-family: Calibri, Verdana, Helvetica, Arial; font-size: 14.6667px;\">Le choix des mat\u00e9riaux utilis\u00e9s est aussi primordial. Ainsi pour <a href=\"https:\/\/www.laboutiquedubois.com\/bois-massif\/plan-de-travail-sur-mesure.html\"><strong>le plan de travail sur mesure,<\/strong><\/a><\/span><span style=\"color: rgb(32, 31, 30); font-family: Calibri, Verdana, Helvetica, Arial; font-size: 14.6667px;\">\u00a0il a \u00e9t\u00e9 command\u00e9 sur le site de La Boutique du Bois qui propose un service tr\u00e8s pratique de d\u00e9coupes des cotes ext\u00e9rieures et d\u00e9coupes des emplacements int\u00e9rieurs ainsi que de la mise \u00e0 la teinte huil\u00e9e du plan de travail.<\/span>\n<\/p>\n<p>\n  L\u2019\u00e9vier est de la marque Franke au design classique est ultra fonctionnel. Et le mod\u00e8le choisi est le\u00a0Antea AZG 611-86 Fragranit + Onyx.\n<\/p>\n<p>\n  Pour la plaque de cuisson, il s\u2019agit\u00a0<strong>d\u2019une\u00a0plaque de cuisson \u00e0 induction Miele\u00a0KM 7464 FR avec zone de cuisson PowerFlex pour une puissance maximale.<\/strong>\n<\/p>\n<p>\n  Quant au<strong>\u00a0mitigeur, un classique de chez Grohe le mod\u00e8le Eurosmart\u00a0avec douchette.<\/strong>\n<\/p>\n<p>\n  <strong style=\"text-decoration: underline\">Carnet d\u2019adresses<\/strong><strong>\u00a0:\u00a0<\/strong>\n<\/p>\n<p>\n  <strong>Franke\u00a0<\/strong>(Evier) :\u00a0<a href=\"http:\/\/www.franke.com\/fr\">www.franke.com\/fr<\/a><br \/><strong>La Boutique du Bois<\/strong>\u00a0(Plan de travail en bois)\u00a0:\u00a0<a href=\"http:\/\/www.laboutiquedubois.com\/\">www.laboutiquedubois.com<\/a><br \/><strong>IZI by EDF\u00a0<\/strong>(Prestations travaux)\u00a0:\u00a0<a href=\"https:\/\/izi-by-edf.fr\/\">https:\/\/izi-by-edf.fr\/<\/a><br \/><strong>Comap\u00a0<\/strong>(Mat\u00e9riel sanitaire, plomberie)\u00a0:\u00a0<a href=\"http:\/\/www.comap.fr\/\">www.comap.fr<\/a><br \/><strong>Grohe\u00a0<\/strong>(Robinetterie)\u00a0:\u00a0<a href=\"http:\/\/www.grohe.fr\/\">www.grohe.fr<\/a><br \/><strong>GEB<\/strong>\u00a0(Silicone \u00e9tanch\u00e9it\u00e9)\u00a0:\u00a0<a href=\"http:\/\/www.geb.fr\/\">www.geb.fr<\/a><br \/><strong>Miele<\/strong>\u00a0(Plaque de cuisson \u00e0 induction)\u00a0:\u00a0\u00a0<a href=\"http:\/\/www.miele.fr\/\">www.miele.fr<\/a><br \/><strong>Blanchon\u00a0<\/strong>(Finitions pour bois)\u00a0:\u00a0<a href=\"http:\/\/www.blanchon.com\/\">www.blanchon.com<\/a><br \/><strong>Le Creuset<\/strong>\u00a0(Cocotte)\u00a0\u00a0<a href=\"http:\/\/www.lecreuset.fr\/\">www.lecreuset.fr<\/a>\u00a0\n<\/p>\n<\/p><\/div>\n<p><script async defer crossorigin=\"anonymous\" src=\"https:\/\/connect.facebook.net\/fr_FR\/sdk.js#xfbml=1&#038;version=v6.0&#038;appId=252025098257546&#038;autoLogAppEvents=1\"><\/script><br \/>\n<br \/>[ad_2]<br \/>\n<br \/><a href=\"http:\/\/feedproxy.google.com\/~r\/maison-actus\/~3\/g31kYXA0ixg\/\">Source link <\/a><\/p>\n","protected":false},"excerpt":{"rendered":"<p>[ad_1] Alors que le confinement a donn\u00e9 envie aux Fran\u00e7ais d\u2019am\u00e9liorer leur logement (1 Fran\u00e7ais sur 2 envisage des travaux &hellip; <a href=\"http:\/\/www.affinite.fr\/index.php\/2020\/09\/09\/changer-son-plan-de-cuisine-avec-evier-et-plaque-de-cuisson\/\" class=\"more-link\">Plus <span class=\"screen-reader-text\">Changer son plan de cuisine avec \u00e9vier et plaque de cuisson<\/span> <span class=\"meta-nav\">&rarr;<\/span><\/a><\/p>\n","protected":false},"author":1,"featured_media":5230,"comment_status":"open","ping_status":"open","sticky":false,"template":"","format":"standard","meta":{"_sitemap_exclude":false,"_sitemap_priority":"","_sitemap_frequency":"","footnotes":""},"categories":[1],"tags":[],"class_list":["post-5229","post","type-post","status-publish","format-standard","has-post-thumbnail","hentry","category-tous"],"_links":{"self":[{"href":"http:\/\/www.affinite.fr\/index.php\/wp-json\/wp\/v2\/posts\/5229"}],"collection":[{"href":"http:\/\/www.affinite.fr\/index.php\/wp-json\/wp\/v2\/posts"}],"about":[{"href":"http:\/\/www.affinite.fr\/index.php\/wp-json\/wp\/v2\/types\/post"}],"author":[{"embeddable":true,"href":"http:\/\/www.affinite.fr\/index.php\/wp-json\/wp\/v2\/users\/1"}],"replies":[{"embeddable":true,"href":"http:\/\/www.affinite.fr\/index.php\/wp-json\/wp\/v2\/comments?post=5229"}],"version-history":[{"count":0,"href":"http:\/\/www.affinite.fr\/index.php\/wp-json\/wp\/v2\/posts\/5229\/revisions"}],"wp:featuredmedia":[{"embeddable":true,"href":"http:\/\/www.affinite.fr\/index.php\/wp-json\/wp\/v2\/media\/5230"}],"wp:attachment":[{"href":"http:\/\/www.affinite.fr\/index.php\/wp-json\/wp\/v2\/media?parent=5229"}],"wp:term":[{"taxonomy":"category","embeddable":true,"href":"http:\/\/www.affinite.fr\/index.php\/wp-json\/wp\/v2\/categories?post=5229"},{"taxonomy":"post_tag","embeddable":true,"href":"http:\/\/www.affinite.fr\/index.php\/wp-json\/wp\/v2\/tags?post=5229"}],"curies":[{"name":"wp","href":"https:\/\/api.w.org\/{rel}","templated":true}]}}