{"id":5218,"date":"2020-09-06T13:17:29","date_gmt":"2020-09-06T13:17:29","guid":{"rendered":"https:\/\/www.affinite.fr\/index.php\/2020\/09\/06\/deauville-2020-lhommage-a-kirk-douglas-par-son-fils-michael-douglas-en-video-actus-cine\/"},"modified":"2020-09-06T13:17:29","modified_gmt":"2020-09-06T13:17:29","slug":"deauville-2020-lhommage-a-kirk-douglas-par-son-fils-michael-douglas-en-video-actus-cine","status":"publish","type":"post","link":"http:\/\/www.affinite.fr\/index.php\/2020\/09\/06\/deauville-2020-lhommage-a-kirk-douglas-par-son-fils-michael-douglas-en-video-actus-cine\/","title":{"rendered":"Deauville 2020 : l&rsquo;hommage \u00e0 Kirk Douglas par son fils Michael Douglas en vid\u00e9o &#8211; Actus Cin\u00e9"},"content":{"rendered":"<p> [ad_1]<br \/>\n<\/p>\n<div id=\"article-container\">\n<p class=\"article-lead\">Cette ann\u00e9e, le Festival du Cin\u00e9ma Am\u00e9ricain de Deauville n&rsquo;a rendu qu&rsquo;un seul hommage, mais pas des moindres, en saluant la m\u00e9moire de Kirk Douglas. Et c&rsquo;est son fils, Michael, qui l&rsquo;a fait dans une vid\u00e9o \u00e0 d\u00e9couvrir en int\u00e9gralit\u00e9.<\/p>\n<div id=\"article-content\">\n<figure class=\"article-figure article-main-figure\"><img loading=\"lazy\" decoding=\"async\" class=\"article-figure-img\" width=\"640\" height=\"360\" src=\"http:\/\/fr.web.img6.acsta.net\/r_640_360\/newsv7\/20\/09\/06\/13\/32\/1356951.jpg\"\/><\/figure>\n<p><i>\u00ab\u00a0Au nom de la famille Douglas toute enti\u00e8re, je veux remercier le Festival du Cin\u00e9ma Am\u00e9ricain de Deauville pour cet honneur, la c\u00e9l\u00e9bration de mon p\u00e8re <a title=\"Kirk Douglas (U.S.A.) (Acteur,Producteur,R\u00e9alisateur)\" href=\"http:\/\/www.allocine.fr\/personne\/fichepersonne_gen_cpersonne=2657.html\">Kirk Douglas<\/a>, en cette ann\u00e9e 2020&Prime;<\/i> : c&rsquo;est avec ces mots que\u00a0<a title=\"Michael Douglas (U.S.A.) (Acteur,Producteur,Producteur ex\u00e9cutif)\" href=\"http:\/\/www.allocine.fr\/personne\/fichepersonne_gen_cpersonne=235.html\">Michael Douglas<\/a> s&rsquo;est adress\u00e9 au public pr\u00e9sent pour l&rsquo;ouverture de la 46\u00e8 \u00e9dition de l&rsquo;\u00e9v\u00e9nement, th\u00e9\u00e2tre de l&rsquo;hommage rendu \u00e0 une l\u00e9gende du 7\u00e8 Art, qui nous a quitt\u00e9s au mois de f\u00e9vrier. <i>\u00ab\u00a0Au d\u00e9but du Covid-19\u00a0\u00bb<\/i>, rappelle son fils, qui pr\u00e9cise ensuite que la situation sanitaire dans le monde les a emp\u00each\u00e9s de pouvoir <i>\u00ab\u00a0honorer correctement sa m\u00e9moire apr\u00e8s l&rsquo;avoir mis en terre.\u00a0\u00bb<\/i><\/p>\n<p>Le Festival de Deauville a donc permis de rattraper cela, avec le seul hommage qui sera rendu en cette ann\u00e9e si particuli\u00e8re. L&rsquo;occasion, pour Michael Douglas, d&rsquo;\u00e9voquer la m\u00e9moire de son p\u00e8re pendant dix minutes, dans une vid\u00e9o \u00e0 d\u00e9couvrir int\u00e9gralement ci-dessous.<\/p>\n<p><iframe class=\"js-frame-lazed\" src=\"http:\/\/www.allocine.fr\/about:blank\" data-url=\"https:\/\/www.facebook.com\/plugins\/video.php?href=https:\/\/www.facebook.com\/DeauvilleUs\/videos\/312773786716587\/&amp;show_text=0&amp;width=560\" height=\"315\" scrolling=\"no\"><\/iframe><\/p>\n<p>Le 46\u00e8 Festival du Cin\u00e9ma Am\u00e9ricain de Deauville se d\u00e9roule depuis le 4 septembre et s&rsquo;ach\u00e8vera le dimanche 13. Douze films de Kirk Douglas y sont projet\u00e9s dans le cadre de cet hommage, \u00e0 commencer par les incontournables <a title=\"Spartacus (U.S.A.) - 1960 (Historique,Guerre,Romance,Biopic)\" href=\"http:\/\/www.allocine.fr\/film\/fichefilm_gen_cfilm=5370.html\">Spartacus<\/a>,\u00a0<a title=\"Les Vikings (U.S.A.) - 1958 (Aventure,Action,Drame)\" href=\"http:\/\/www.allocine.fr\/film\/fichefilm_gen_cfilm=8883.html\">Les Vikings<\/a> ou <a title=\"Les Sentiers de la gloire (U.S.A.) - 1957 (Guerre,Drame)\" href=\"http:\/\/www.allocine.fr\/film\/fichefilm_gen_cfilm=4499.html\">Les Sentiers de la gloire<\/a>, ainsi que\u00a0<a title=\"Les Ensorcel\u00e9s (U.S.A.) - 1953 (Drame,Romance)\" href=\"http:\/\/www.allocine.fr\/film\/fichefilm_gen_cfilm=3967.html\">Les Ensorcel\u00e9s<\/a> ou <a title=\"Le Gouffre aux chim\u00e8res (U.S.A.) - 1951 (Drame)\" href=\"http:\/\/www.allocine.fr\/film\/fichefilm_gen_cfilm=87253.html\">Le Gouffre aux chim\u00e8res<\/a>.<\/p>\n<\/p><\/div>\n<\/p><\/div>\n<p>[ad_2]<br \/>\n<br \/><a href=\"http:\/\/rss.allocine.fr\/~r\/ac\/actualites\/~3\/xv_nPLH6aZE\/fichearticle_gen_carticle=18692727.html\">Source link <\/a><\/p>\n","protected":false},"excerpt":{"rendered":"<p>[ad_1] Cette ann\u00e9e, le Festival du Cin\u00e9ma Am\u00e9ricain de Deauville n&rsquo;a rendu qu&rsquo;un seul hommage, mais pas des moindres, en &hellip; <a href=\"http:\/\/www.affinite.fr\/index.php\/2020\/09\/06\/deauville-2020-lhommage-a-kirk-douglas-par-son-fils-michael-douglas-en-video-actus-cine\/\" class=\"more-link\">Plus <span class=\"screen-reader-text\">Deauville 2020 : l&rsquo;hommage \u00e0 Kirk Douglas par son fils Michael Douglas en vid\u00e9o &#8211; Actus Cin\u00e9<\/span> <span class=\"meta-nav\">&rarr;<\/span><\/a><\/p>\n","protected":false},"author":1,"featured_media":5219,"comment_status":"open","ping_status":"open","sticky":false,"template":"","format":"standard","meta":{"_sitemap_exclude":false,"_sitemap_priority":"","_sitemap_frequency":"","footnotes":""},"categories":[1],"tags":[],"class_list":["post-5218","post","type-post","status-publish","format-standard","has-post-thumbnail","hentry","category-tous"],"_links":{"self":[{"href":"http:\/\/www.affinite.fr\/index.php\/wp-json\/wp\/v2\/posts\/5218"}],"collection":[{"href":"http:\/\/www.affinite.fr\/index.php\/wp-json\/wp\/v2\/posts"}],"about":[{"href":"http:\/\/www.affinite.fr\/index.php\/wp-json\/wp\/v2\/types\/post"}],"author":[{"embeddable":true,"href":"http:\/\/www.affinite.fr\/index.php\/wp-json\/wp\/v2\/users\/1"}],"replies":[{"embeddable":true,"href":"http:\/\/www.affinite.fr\/index.php\/wp-json\/wp\/v2\/comments?post=5218"}],"version-history":[{"count":0,"href":"http:\/\/www.affinite.fr\/index.php\/wp-json\/wp\/v2\/posts\/5218\/revisions"}],"wp:featuredmedia":[{"embeddable":true,"href":"http:\/\/www.affinite.fr\/index.php\/wp-json\/wp\/v2\/media\/5219"}],"wp:attachment":[{"href":"http:\/\/www.affinite.fr\/index.php\/wp-json\/wp\/v2\/media?parent=5218"}],"wp:term":[{"taxonomy":"category","embeddable":true,"href":"http:\/\/www.affinite.fr\/index.php\/wp-json\/wp\/v2\/categories?post=5218"},{"taxonomy":"post_tag","embeddable":true,"href":"http:\/\/www.affinite.fr\/index.php\/wp-json\/wp\/v2\/tags?post=5218"}],"curies":[{"name":"wp","href":"https:\/\/api.w.org\/{rel}","templated":true}]}}