{"id":5207,"date":"2020-09-04T01:15:29","date_gmt":"2020-09-04T01:15:29","guid":{"rendered":"https:\/\/www.affinite.fr\/index.php\/2020\/09\/04\/plus-belle-la-vie-du-lundi-7-septembre-2020-resume-en-avance-de-lepisode-4101-spoilers-news-series-a-la-tv\/"},"modified":"2020-09-04T01:15:29","modified_gmt":"2020-09-04T01:15:29","slug":"plus-belle-la-vie-du-lundi-7-septembre-2020-resume-en-avance-de-lepisode-4101-spoilers-news-series-a-la-tv","status":"publish","type":"post","link":"http:\/\/www.affinite.fr\/index.php\/2020\/09\/04\/plus-belle-la-vie-du-lundi-7-septembre-2020-resume-en-avance-de-lepisode-4101-spoilers-news-series-a-la-tv\/","title":{"rendered":"Plus belle la vie du lundi 7 septembre 2020 : r\u00e9sum\u00e9 en avance de l&rsquo;\u00e9pisode 4101 [SPOILERS] &#8211; News S\u00e9ries \u00e0 la TV"},"content":{"rendered":"<p> [ad_1]<br \/>\n<\/p>\n<div id=\"article-container\">\n<p class=\"article-lead\">Dans le prochain \u00e9pisode de \u00ab\u00a0Plus belle la vie\u00a0\u00bb&#8230; Tandis qu\u2019Ariane est de plus en plus boulevers\u00e9e par l\u2019enqu\u00eate, Roland accueille une myst\u00e9rieuse famille au Mistral. Quant \u00e0 C\u00e9sar, il a l\u2019occasion de d\u00e9voiler le secret de Barbara.<\/p>\n<div id=\"article-content\">\n<figure class=\"article-figure article-main-figure\"><img loading=\"lazy\" decoding=\"async\" class=\"article-figure-img\" width=\"640\" height=\"360\" src=\"http:\/\/fr.web.img6.acsta.net\/r_640_360\/newsv7\/20\/09\/03\/14\/45\/1628703.jpg\"\/><figcaption class=\"article-figcaption-copy\">Capture d&rsquo;\u00e9cran\/FTV<\/figcaption><\/figure>\n<p><strong>Attention, les paragraphes qui suivent contiennent des spoilers sur l&rsquo;\u00e9pisode de<span>\u00a0<\/span><a title=\"Plus belle la vie (France) (Drame,Soap)\" href=\"http:\/\/www.allocine.fr\/series\/ficheserie_gen_cserie=322.html\">Plus Belle la vie<\/a><\/strong><strong>\u00a0diffus\u00e9 lundi soir sur France 3 !<\/strong><\/p>\n<p>K\u00e9vin retrouve l\u2019arme du crime<\/p>\n<p>D\u00e9vast\u00e9e par ses d\u00e9couvertes sur son ex, Ariane s\u2019appr\u00eate \u00e0 se suicider. Pendant ce temps, Vincent se fait agresser sur un parking. Arr\u00eat\u00e9 par K\u00e9vin, l\u2019agresseur r\u00e9v\u00e8le avoir trouv\u00e9 son arme dans une poubelle, dans la rue du cabinet de Melmont\u2026<\/p>\n<p>C\u00e9sar sauve la mise de Barbara<\/p>\n<p>Barbara et Chris poursuivent leur liaison, tandis qu\u2019Helena et C\u00e9sar sont en voyage \u00e0 Paris. Or, ceux-ci rentrent plus t\u00f4t que pr\u00e9vu. C\u00e9sar sauve alors la mise de Barbara pour qu\u2019Helena ne se doute de rien.<\/p>\n<p>Roland accueille une nouvelle famille<\/p>\n<p>Roland re\u00e7oit un appel de Sophie, laquelle, battue par son mari, cherche \u00e0 s\u2019enfuir. Elle d\u00e9barque au Mistral avec son fils Kylian et sa fille Lola. Roland les installe dans l\u2019appartement de Thomas et Gabriel, qui sont partis en vacances.<\/p>\n<\/p><\/div>\n<\/p><\/div>\n<p>[ad_2]<br \/>\n<br \/><a href=\"http:\/\/rss.allocine.fr\/~r\/ac\/actualites\/~3\/VgTo5veEmig\/fichearticle_gen_carticle=18692494.html\">Source link <\/a><\/p>\n","protected":false},"excerpt":{"rendered":"<p>[ad_1] Dans le prochain \u00e9pisode de \u00ab\u00a0Plus belle la vie\u00a0\u00bb&#8230; Tandis qu\u2019Ariane est de plus en plus boulevers\u00e9e par l\u2019enqu\u00eate, &hellip; <a href=\"http:\/\/www.affinite.fr\/index.php\/2020\/09\/04\/plus-belle-la-vie-du-lundi-7-septembre-2020-resume-en-avance-de-lepisode-4101-spoilers-news-series-a-la-tv\/\" class=\"more-link\">Plus <span class=\"screen-reader-text\">Plus belle la vie du lundi 7 septembre 2020 : r\u00e9sum\u00e9 en avance de l&rsquo;\u00e9pisode 4101 [SPOILERS] &#8211; News S\u00e9ries \u00e0 la TV<\/span> <span class=\"meta-nav\">&rarr;<\/span><\/a><\/p>\n","protected":false},"author":1,"featured_media":5208,"comment_status":"open","ping_status":"open","sticky":false,"template":"","format":"standard","meta":{"_sitemap_exclude":false,"_sitemap_priority":"","_sitemap_frequency":"","footnotes":""},"categories":[1],"tags":[],"class_list":["post-5207","post","type-post","status-publish","format-standard","has-post-thumbnail","hentry","category-tous"],"_links":{"self":[{"href":"http:\/\/www.affinite.fr\/index.php\/wp-json\/wp\/v2\/posts\/5207"}],"collection":[{"href":"http:\/\/www.affinite.fr\/index.php\/wp-json\/wp\/v2\/posts"}],"about":[{"href":"http:\/\/www.affinite.fr\/index.php\/wp-json\/wp\/v2\/types\/post"}],"author":[{"embeddable":true,"href":"http:\/\/www.affinite.fr\/index.php\/wp-json\/wp\/v2\/users\/1"}],"replies":[{"embeddable":true,"href":"http:\/\/www.affinite.fr\/index.php\/wp-json\/wp\/v2\/comments?post=5207"}],"version-history":[{"count":0,"href":"http:\/\/www.affinite.fr\/index.php\/wp-json\/wp\/v2\/posts\/5207\/revisions"}],"wp:featuredmedia":[{"embeddable":true,"href":"http:\/\/www.affinite.fr\/index.php\/wp-json\/wp\/v2\/media\/5208"}],"wp:attachment":[{"href":"http:\/\/www.affinite.fr\/index.php\/wp-json\/wp\/v2\/media?parent=5207"}],"wp:term":[{"taxonomy":"category","embeddable":true,"href":"http:\/\/www.affinite.fr\/index.php\/wp-json\/wp\/v2\/categories?post=5207"},{"taxonomy":"post_tag","embeddable":true,"href":"http:\/\/www.affinite.fr\/index.php\/wp-json\/wp\/v2\/tags?post=5207"}],"curies":[{"name":"wp","href":"https:\/\/api.w.org\/{rel}","templated":true}]}}