{"id":5205,"date":"2020-09-03T20:28:42","date_gmt":"2020-09-03T20:28:42","guid":{"rendered":"https:\/\/www.affinite.fr\/index.php\/2020\/09\/03\/il-etait-une-fois-la-patisserie-44\/"},"modified":"2020-09-03T20:28:42","modified_gmt":"2020-09-03T20:28:42","slug":"il-etait-une-fois-la-patisserie-44","status":"publish","type":"post","link":"http:\/\/www.affinite.fr\/index.php\/2020\/09\/03\/il-etait-une-fois-la-patisserie-44\/","title":{"rendered":"Il \u00e9tait une fois la p\u00e2tisserie"},"content":{"rendered":"<p> [ad_1]<br \/>\n<\/p>\n<div id=\"post-body-3436325594316211414\" itemprop=\"articleBody\">\n<div dir=\"ltr\" style=\"text-align: left;\" trbidi=\"on\">\nVoici ma s\u00e9lection de recettes avec les <span style=\"font-size: large;\"><b><a href=\"http:\/\/www.affinite.fr\/index.php\/2023\/07\/29\/valoriser-ses-invendus-une-demarche-ecologique-et-rentable-pour-les-marchands-de-fruits\/\">fruits<\/a> et l\u00e9gumes du mois de septembre<\/b><\/span> ! Carotte, noisette, pomme, poire, on sent l&rsquo;automne qui arrive, mais les fruits de fin d&rsquo;\u00e9t\u00e9 nous r\u00e9galent encore !<\/p>\n<p><a href=\"https:\/\/www.iletaitunefoislapatisserie.com\/2019\/09\/fruits-et-legumes-de-septembre-85.html\"><img decoding=\"async\" alt=\"fruits et l\u00e9gumes de septembre recettes\" border=\"0\" class=\"photo\" data-original-height=\"522\" data-original-width=\"650\" src=\"https:\/\/3.bp.blogspot.com\/-6SwQ4Sbn89M\/Wzie6Os3HRI\/AAAAAAAAq6g\/AZ_-ZEn8VooShRxYr5m9UxXU2D8kDkGZACLcBGAs\/s1600\/gateau-succes-pralin%25C3%25A9.jpg\" title=\"fruits et l\u00e9gumes septembre\"\/><\/a> <\/p>\n<h3>\nCarotte<\/h3>\n<p>On la croise peu en p\u00e2tisserie et pourtant&#8230; naturellement sucr\u00e9e, elle donne un go\u00fbt divin aux p\u00e2tisseries&#8230; et non pas qu&rsquo;au c\u00e9l\u00e8bre <a href=\"https:\/\/www.iletaitunefoislapatisserie.com\/2014\/02\/le-carrot-cake-ou-gateau-la-carotte.html\">Carrot cake<\/a> !<\/p>\n<div style=\"text-align: center;\">\n<a href=\"https:\/\/www.iletaitunefoislapatisserie.com\/2014\/02\/le-carrot-cake-ou-gateau-la-carotte.html\"><img decoding=\"async\" alt=\"fruits l\u00e9gumes septembre\" border=\"0\" src=\"https:\/\/4.bp.blogspot.com\/-wDjjkyf8D90\/Uwilm4Vj-AI\/AAAAAAAADmY\/FheH4akqv04\/s1600\/carrot-cake.jpg\" title=\"fruits et l\u00e9gumes septembre\" width=\"640\"\/><\/a><\/div>\n<h3>\nCourge <\/h3>\n<p>Avec sa texture onctueuse et la douceur de son, la courge est ador\u00e9e par les petits comme par les grands. Voici quelques <b>recettes <\/b>de d\u00e9licieux g\u00e2teaux :<br \/>\n<\/p>\n<p><a href=\"https:\/\/www.iletaitunefoislapatisserie.com\/2014\/10\/pumkin-cake-cake-au-potimarron-philadelphia.html\"><img decoding=\"async\" alt=\"dessert fruits aout\" border=\"0\" src=\"https:\/\/3.bp.blogspot.com\/-B_iKXTcK5Ts\/VEgL0Wr703I\/AAAAAAAAFOQ\/YjH9jZtE_HM\/s1600\/cake-potimarron-fromage.jpg\" title=\"desserts aout\"\/><\/a> <\/p>\n<h3>\nCourgette<\/h3>\n<p>Avec cet ingr\u00e9dient incongru en <b>p\u00e2tisserie<\/b>, vous pourrez remplacer le beurre notamment dans ce sublime g\u00e2teau au <a href=\"http:\/\/www.affinite.fr\/index.php\/2025\/02\/27\/le-chocolat-et-le-materiel-indispensable-pour-reussir-vos-creations-gourmandes\/\">chocolat<\/a> n&rsquo;h\u00e9sitez pas \u00e0 tester la recette suivante, c&rsquo;est \u00e0 d\u00e9guster sans mod\u00e9ration :\n<\/p>\n<div class=\"separator\" style=\"clear: both; text-align: center;\">\n<a href=\"https:\/\/www.iletaitunefoislapatisserie.com\/2015\/08\/gateau-au-chocolat-courgette-sans-beurre.html\"><img decoding=\"async\" alt=\"que faire fruits et l\u00e9gumes septembre\" border=\"0\" data-original-height=\"759\" data-original-width=\"640\" src=\"https:\/\/1.bp.blogspot.com\/-xyzZmKPhyLc\/XVvFtKGoc7I\/AAAAAAABFRA\/eagW9HHmzZoORWfk09Smbg0KvMeMwqZSACLcBGAs\/s1600\/gateau-chocolat-courgette-facile.jpg\" title=\"fruits et l\u00e9gumes septembre\"\/><\/a><\/div>\n<h3>\nCoing<\/h3>\n<p>Le coing est un petit fruit jaune \u00e0 chair <a href=\"http:\/\/www.affinite.fr\/index.php\/2022\/10\/22\/la-creme-glacee-la-nouvelle-culture-commerciale\/\">ferme<\/a> et au go\u00fbt l\u00e9g\u00e8rement acidul\u00e9. Je vous invite \u00e0 vous r\u00e9galer avec cette <b>recette <\/b>:<\/p>\n<p><\/p>\n<div style=\"text-align: center;\">\n<a href=\"https:\/\/www.iletaitunefoislapatisserie.com\/2015\/11\/tarte-aux-coings-pommes-et-noisettes.html\"><img decoding=\"async\" alt=\"fruits septembre\" border=\"0\" src=\"https:\/\/4.bp.blogspot.com\/-42jR3MjKZu8\/VlgRGELkmBI\/AAAAAAAAIxQ\/KBZiuf31Ctc\/s1600\/tarte-pommes-coings.jpg\" title=\"recette septembre\"\/><\/a><\/div>\n<p><\/p>\n<h3>\nFigue<\/h3>\n<p>\nLa <b>saison <\/b>de la figue passe tellement vite que j&rsquo;ai rarement le temps de faire des recettes avec. Une seule sur le blog pour le moment, mais je vais essayer de changer \u00e7a !<\/p>\n<div style=\"text-align: center;\">\n<a href=\"https:\/\/www.iletaitunefoislapatisserie.com\/2014\/05\/biscuits-aux-figues-comme-des-figolus.html\"><img decoding=\"async\" alt=\"que faire avec figues\" border=\"0\" data-original-height=\"446\" data-original-width=\"652\" src=\"https:\/\/1.bp.blogspot.com\/-jKo-3YdRp04\/XVvH_Q2iQHI\/AAAAAAABFRQ\/07wso_GP-VEImzcRW5rgGrmhE2XWuv9BQCLcBGAs\/s1600\/recette%2Bfigolus%2Bfacile.jpg\" title=\"recette figue\"\/><\/a><\/div>\n<h3>\nMelon<\/h3>\n<p>Toujours tr\u00e8s <b>frais <\/b>\u00e0 manger en entr\u00e9e ou en dessert, avec ces recettes issues du melon, je vous garantie sur la terrasse au soleil  un parfait rafra\u00eechissement :\n<\/p>\n<div style=\"text-align: center;\">\n<a href=\"https:\/\/www.iletaitunefoislapatisserie.com\/2017\/10\/recette-du-melon-confit-maison.html\"><img decoding=\"async\" alt=\"fruits et l\u00e9gumes septembre\" border=\"0\" data-original-height=\"465\" data-original-width=\"650\" src=\"https:\/\/3.bp.blogspot.com\/-XXJjc6KZKik\/WeN6o_owYNI\/AAAAAAAAcvg\/8WUSxMUfdmU4ihSZa8n8t7tlbvoDDK7CQCEwYBhgL\/s1600\/melon-confit-facile.jpg\" title=\"que faire fruits et l\u00e9gumes septembre\"\/><\/a><\/div>\n<h3>\nM\u00fbre<\/h3>\n<p>\nCette petite baie <b>gourmande <\/b>aux notes l\u00e9g\u00e8rement sucr\u00e9e et acidul\u00e9e et \u00e0 la robe violette sera vous r\u00e9galer dans les pr\u00e9parations suivantes :<br \/>\n<\/p>\n<div style=\"text-align: center;\">\n<a href=\"https:\/\/www.iletaitunefoislapatisserie.com\/2018\/09\/entremets-mure-framboise.html\"><img decoding=\"async\" alt=\"les fruits de septembre\" border=\"0\" data-original-height=\"699\" data-original-width=\"650\" src=\"https:\/\/1.bp.blogspot.com\/-kjTch_rpO7s\/W51Sb1WwIcI\/AAAAAAAAxXA\/mZOcbVlK48EtbAfWBqEnk2msnJ2gBf-CwCLcBGAs\/s1600\/gateau-mure-framboise.jpg\" title=\"fruits septembre\"\/><\/a><\/div>\n<h3>\nMyrtille<\/h3>\n<p>\nCette petite baie gourmande aux notes l\u00e9g\u00e8rement sucr\u00e9e et acidul\u00e9e sera vous rafraichir dans les pr\u00e9parations suivantes :<\/p>\n<div style=\"text-align: center;\">\n<a href=\"https:\/\/www.iletaitunefoislapatisserie.com\/2014\/04\/financiers-aux-myrtilles.html\"><img loading=\"lazy\" decoding=\"async\" alt=\"fruits et l\u00e9gumes de septembre\" border=\"0\" height=\"432\" src=\"https:\/\/1.bp.blogspot.com\/-eKBrhgGvL-I\/U0QFPH_Bq8I\/AAAAAAAAD3s\/FFMJsnLHMag\/s1600\/financiers-%C3%A0-la-myrtille.jpg\" title=\"fruits l\u00e9gumes septembre\" width=\"640\"\/><\/a><\/div>\n<h3>\nNoisette<\/h3>\n<p>Je suis fan de noisette ! Du coup, vous trouverez plain de recettes de p\u00e2tisserie avec ce <b>fruit de saison<\/b> sur le blog.\n<\/p>\n<div style=\"text-align: center;\">\n<a href=\"https:\/\/www.iletaitunefoislapatisserie.com\/2016\/03\/pate-de-praline-maison.html\"><img decoding=\"async\" alt=\"que faire avec noisettes\" border=\"0\" src=\"https:\/\/2.bp.blogspot.com\/-8Ed0jivQlS4\/VtseGhr40HI\/AAAAAAAAJqo\/UNtlaHYQfQo\/s1600\/pate-de-pralin%25C3%25A9.jpg\" title=\"recette noisette\"\/><\/a> <\/div>\n<h3>\nP\u00eache<\/h3>\n<p>Fra\u00eeche ou en conserve, la p\u00eache se consomme sous diff\u00e9rentes vari\u00e9t\u00e9s, toutes meilleures les unes que les autres. Je vous propose des p\u00eaches dans les <b>desserts de saison<\/b> suivants :<\/p>\n<div style=\"text-align: center;\">\n<a href=\"https:\/\/www.iletaitunefoislapatisserie.com\/2015\/08\/pavlova-aux-peches-et-framboise.html\"><img decoding=\"async\" alt=\"fruits de saison\" border=\"0\" src=\"https:\/\/2.bp.blogspot.com\/-rk2zHMFHG5Y\/Vcj9gmT75VI\/AAAAAAAAHCY\/cfn08MDTU60\/s1600\/IMG_0451.JPG\" title=\"que faire avec p\u00eaches\"\/><\/a><\/div>\n<h3>\nPoire<\/h3>\n<p>Fra\u00eeche ou en conserve, la poire se consomme sous diff\u00e9rentes vari\u00e9t\u00e9s. En <b>septembre<\/b>, pr\u00e9f\u00e9rez-la fra\u00eeche, on est en plein dans la <b>saison <\/b>!<br \/>\n<\/p>\n<div style=\"text-align: center;\">\n<a href=\"https:\/\/www.iletaitunefoislapatisserie.com\/2017\/10\/gateau-facile-poire-et-sirop-derable.html\"><img decoding=\"async\" alt=\"poire septembre\" border=\"0\" data-original-height=\"735\" data-original-width=\"650\" src=\"https:\/\/2.bp.blogspot.com\/-o7T8phmc1UA\/WdNZ4JMESLI\/AAAAAAAAcc0\/ADZgHBF-tRo9uGADD5j1qvKk9vqkPC2MACLcBGAs\/s1600\/gateau-%25C3%25A0-la-poire.jpg\" title=\"fruits et l\u00e9gumes septembre\"\/><\/a> <\/div>\n<h3>\nPomme<\/h3>\n<p>La pomme est une reine en <b>p\u00e2tisserie<\/b>, crue ou cuite, on la retrouve sous de nombreuses formes comme : les tartes, les feuillet\u00e9s, les cakes, ou bien les compotes, les <b>desserts <\/b>\u00e0 base de pomme sont toujours d\u00e9licieux et \u00e0 consommer sans mod\u00e9ration tout le mois de septembre.<\/p>\n<p>Vous trouverez ici :<\/p>\n<p>Voici ma s\u00e9lection de <b>desserts avec des pommes <\/b>:<\/p>\n<div style=\"text-align: center;\">\n<a href=\"https:\/\/www.iletaitunefoislapatisserie.com\/2016\/02\/entremets-pomme-vanille-et-chocolat-dulcey.html\"><img decoding=\"async\" alt=\"recette dessert septembre\" border=\"0\" src=\"https:\/\/1.bp.blogspot.com\/-lEGd3YiHNcg\/Vr3Wj4lKK4I\/AAAAAAAAJhY\/4fh_tJy1yp8\/s1600\/IMG_4177.JPG\" title=\"recette septembre\"\/><\/a> <\/div>\n<h3>\nPrune<\/h3>\n<p>Son aspect juteux et d\u00e9salt\u00e9rant sera vous ravir lors des moments chauds de cet \u00e9t\u00e9, je suis s\u00fbre que vous allez <b>adorer <\/b>p\u00e2tisser les prunes en septembre :<\/p>\n<p><a href=\"https:\/\/www.iletaitunefoislapatisserie.com\/2014\/08\/tartes-aux-prunes-facile.html\"><img decoding=\"async\" alt=\"id\u00e9es recettes fruits septembre\" border=\"0\" src=\"https:\/\/1.bp.blogspot.com\/-r7ORkUSyEuk\/U9zH7sUjbwI\/AAAAAAAAEq8\/DpB3eqYZ3xA\/s1600\/tarte-aux-prunes.jpg\" title=\"tarte aux prunes d'\u00e9t\u00e9\"\/><\/a>\n<\/div>\n<\/div>\n<p>[ad_2]<br \/>\n<br \/><a href=\"https:\/\/www.iletaitunefoislapatisserie.com\/2019\/09\/fruits-et-legumes-de-septembre-85.html\">Source link <\/a><\/p>\n","protected":false},"excerpt":{"rendered":"<p>[ad_1] Voici ma s\u00e9lection de recettes avec les fruits et l\u00e9gumes du mois de septembre ! Carotte, noisette, pomme, poire, &hellip; <a href=\"http:\/\/www.affinite.fr\/index.php\/2020\/09\/03\/il-etait-une-fois-la-patisserie-44\/\" class=\"more-link\">Plus <span class=\"screen-reader-text\">Il \u00e9tait une fois la p\u00e2tisserie<\/span> <span class=\"meta-nav\">&rarr;<\/span><\/a><\/p>\n","protected":false},"author":1,"featured_media":5206,"comment_status":"open","ping_status":"open","sticky":false,"template":"","format":"standard","meta":{"_sitemap_exclude":false,"_sitemap_priority":"","_sitemap_frequency":"","footnotes":""},"categories":[1],"tags":[],"class_list":["post-5205","post","type-post","status-publish","format-standard","has-post-thumbnail","hentry","category-tous"],"_links":{"self":[{"href":"http:\/\/www.affinite.fr\/index.php\/wp-json\/wp\/v2\/posts\/5205"}],"collection":[{"href":"http:\/\/www.affinite.fr\/index.php\/wp-json\/wp\/v2\/posts"}],"about":[{"href":"http:\/\/www.affinite.fr\/index.php\/wp-json\/wp\/v2\/types\/post"}],"author":[{"embeddable":true,"href":"http:\/\/www.affinite.fr\/index.php\/wp-json\/wp\/v2\/users\/1"}],"replies":[{"embeddable":true,"href":"http:\/\/www.affinite.fr\/index.php\/wp-json\/wp\/v2\/comments?post=5205"}],"version-history":[{"count":0,"href":"http:\/\/www.affinite.fr\/index.php\/wp-json\/wp\/v2\/posts\/5205\/revisions"}],"wp:featuredmedia":[{"embeddable":true,"href":"http:\/\/www.affinite.fr\/index.php\/wp-json\/wp\/v2\/media\/5206"}],"wp:attachment":[{"href":"http:\/\/www.affinite.fr\/index.php\/wp-json\/wp\/v2\/media?parent=5205"}],"wp:term":[{"taxonomy":"category","embeddable":true,"href":"http:\/\/www.affinite.fr\/index.php\/wp-json\/wp\/v2\/categories?post=5205"},{"taxonomy":"post_tag","embeddable":true,"href":"http:\/\/www.affinite.fr\/index.php\/wp-json\/wp\/v2\/tags?post=5205"}],"curies":[{"name":"wp","href":"https:\/\/api.w.org\/{rel}","templated":true}]}}