{"id":5189,"date":"2020-09-01T13:14:32","date_gmt":"2020-09-01T13:14:32","guid":{"rendered":"https:\/\/www.affinite.fr\/index.php\/2020\/09\/01\/the-batman-le-tournage-reprendra-en-septembre-actus-cine\/"},"modified":"2020-09-01T13:14:32","modified_gmt":"2020-09-01T13:14:32","slug":"the-batman-le-tournage-reprendra-en-septembre-actus-cine","status":"publish","type":"post","link":"http:\/\/www.affinite.fr\/index.php\/2020\/09\/01\/the-batman-le-tournage-reprendra-en-septembre-actus-cine\/","title":{"rendered":"The Batman : le tournage reprendra en septembre &#8211; Actus Cin\u00e9"},"content":{"rendered":"<p> [ad_1]<br \/>\n<\/p>\n<div id=\"article-container\">\n<p class=\"article-lead\">Apr\u00e8s avoir \u00e9t\u00e9 interrompu en mars dernier suite \u00e0 la pand\u00e9mie de coronavirus, le tournage de \u00ab\u00a0The Batman\u00a0\u00bb s&rsquo;appr\u00eate \u00e0 reprendre \u00e0 Londres sous la direction de Matt Reeves.<\/p>\n<div id=\"article-content\">\n<figure class=\"article-figure article-main-figure\"><img loading=\"lazy\" decoding=\"async\" class=\"article-figure-img\" width=\"640\" height=\"360\" src=\"http:\/\/fr.web.img6.acsta.net\/r_640_360\/newsv7\/20\/09\/01\/14\/50\/1492129.jpg\"\/><figcaption class=\"article-figcaption-copy\">Warner Bros.<\/figcaption><\/figure>\n<p>Annonc\u00e9e en mars dernier pour lutter contre la pand\u00e9mie de coronavirus et initialement estim\u00e9e \u00e0 deux semaines, la pause dans la production de\u00a0<a title=\"The Batman (U.S.A.) - 2021 (Action,Judiciaire)\" href=\"http:\/\/www.allocine.fr\/film\/fichefilm_gen_cfilm=211012.html\">The Batman<\/a> aura finalement dur\u00e9 pr\u00e8s de 6 mois. Mais selon <span class=\"ACraHRACr0cHM6Ly92YXJpZXR5LmNvbS8yMDIwL2ZpbG0vbmV3cy9iYXRtYW4tcm9iZXJ0LXBhdHRpbnNvbi1jb3JvbmF2aXJ1cy1maWxtaW5nLTEyMzQ3Mzk5ODcv\" target=\"_blank\">Variety<\/span>, \u00e0 l&rsquo;instar de nombreux blockbusters, le prochain long m\u00e9trage d\u00e9di\u00e9 au Chevalier Noir va finalement pouvoir reprendre le chemin des plateaux.\u00a0<\/p>\n<p>En effet, le tournage du film, r\u00e9alis\u00e9 par\u00a0<a title=\"Matt Reeves (U.S.A.) (R\u00e9alisateur,Producteur d\u00e9l\u00e9gu\u00e9,Producteur)\" href=\"http:\/\/www.allocine.fr\/personne\/fichepersonne_gen_cpersonne=47801.html\">Matt Reeves<\/a> et port\u00e9 par <a title=\"Robert Pattinson (Grande-Bretagne) (Acteur)\" href=\"http:\/\/www.allocine.fr\/personne\/fichepersonne_gen_cpersonne=97604.html\">Robert Pattinson<\/a>, devrait ainsi red\u00e9marrer \u00e0 Londres durant le mois de septembre. Alors que trois mois suppl\u00e9mentaires semblent \u00eatre n\u00e9cessaire \u00e0 l&rsquo;\u00e9quipe pour boucler la production du long m\u00e9trage et que la fin du tournage devrait survenir \u00e0 la fin de l&rsquo;ann\u00e9e 2020, les techniciens semblent d\u00e9j\u00e0 en train de pr\u00e9parer le terrain, comme l&rsquo;indiquent des clich\u00e9s de la Batmobile post\u00e9s par le <span class=\"ACraHRACr0cHM6Ly93d3cuZGFpbHltYWlsLmNvLnVrL3R2c2hvd2Jpei9hcnRpY2xlLTg2NzAzNjcvVGhlLUJhdG1hbnMtY3Jldy1zZWVuLXByZXBhcmluZy1DYXBlZC1DcnVzYWRlcnMtQmF0bW9iaWxlLWFpcmZpZWxkLmh0bWw\/aXRvPXNvY2lhbC10d2l0dGVyX2RhaWx5bWFpbGNlbGVi\" target=\"_blank\">Daily Mail<\/span> la semaine derni\u00e8re.\u00a0<\/p>\n<p>Attendu dans les salles obscures pour le 29 septembre 2021, The Batman s&rsquo;est r\u00e9cemment d\u00e9voil\u00e9 \u00e0 travers une toute premi\u00e8re bande-annonce, mise en ligne \u00e0 l&rsquo;occasion de l&rsquo;\u00e9v\u00e9nement\u00a0<span>DC Comics FanDome&#8230;<\/span><\/p>\n<p>\u00a0<\/p>\n<\/p><\/div>\n<\/p><\/div>\n<p>[ad_2]<br \/>\n<br \/><a href=\"http:\/\/rss.allocine.fr\/~r\/ac\/actualites\/~3\/cK2zkbyg1ag\/fichearticle_gen_carticle=18692591.html\">Source link <\/a><\/p>\n","protected":false},"excerpt":{"rendered":"<p>[ad_1] Apr\u00e8s avoir \u00e9t\u00e9 interrompu en mars dernier suite \u00e0 la pand\u00e9mie de coronavirus, le tournage de \u00ab\u00a0The Batman\u00a0\u00bb s&rsquo;appr\u00eate &hellip; <a href=\"http:\/\/www.affinite.fr\/index.php\/2020\/09\/01\/the-batman-le-tournage-reprendra-en-septembre-actus-cine\/\" class=\"more-link\">Plus <span class=\"screen-reader-text\">The Batman : le tournage reprendra en septembre &#8211; Actus Cin\u00e9<\/span> <span class=\"meta-nav\">&rarr;<\/span><\/a><\/p>\n","protected":false},"author":1,"featured_media":5190,"comment_status":"open","ping_status":"open","sticky":false,"template":"","format":"standard","meta":{"_sitemap_exclude":false,"_sitemap_priority":"","_sitemap_frequency":"","footnotes":""},"categories":[1],"tags":[],"class_list":["post-5189","post","type-post","status-publish","format-standard","has-post-thumbnail","hentry","category-tous"],"_links":{"self":[{"href":"http:\/\/www.affinite.fr\/index.php\/wp-json\/wp\/v2\/posts\/5189"}],"collection":[{"href":"http:\/\/www.affinite.fr\/index.php\/wp-json\/wp\/v2\/posts"}],"about":[{"href":"http:\/\/www.affinite.fr\/index.php\/wp-json\/wp\/v2\/types\/post"}],"author":[{"embeddable":true,"href":"http:\/\/www.affinite.fr\/index.php\/wp-json\/wp\/v2\/users\/1"}],"replies":[{"embeddable":true,"href":"http:\/\/www.affinite.fr\/index.php\/wp-json\/wp\/v2\/comments?post=5189"}],"version-history":[{"count":0,"href":"http:\/\/www.affinite.fr\/index.php\/wp-json\/wp\/v2\/posts\/5189\/revisions"}],"wp:featuredmedia":[{"embeddable":true,"href":"http:\/\/www.affinite.fr\/index.php\/wp-json\/wp\/v2\/media\/5190"}],"wp:attachment":[{"href":"http:\/\/www.affinite.fr\/index.php\/wp-json\/wp\/v2\/media?parent=5189"}],"wp:term":[{"taxonomy":"category","embeddable":true,"href":"http:\/\/www.affinite.fr\/index.php\/wp-json\/wp\/v2\/categories?post=5189"},{"taxonomy":"post_tag","embeddable":true,"href":"http:\/\/www.affinite.fr\/index.php\/wp-json\/wp\/v2\/tags?post=5189"}],"curies":[{"name":"wp","href":"https:\/\/api.w.org\/{rel}","templated":true}]}}