{"id":5178,"date":"2020-08-28T16:45:47","date_gmt":"2020-08-28T16:45:47","guid":{"rendered":"https:\/\/www.affinite.fr\/index.php\/2020\/08\/28\/les-tendances-coiffure-automne-hiver-2020-2021-a-adopter-des-la-rentree\/"},"modified":"2020-08-28T16:45:47","modified_gmt":"2020-08-28T16:45:47","slug":"les-tendances-coiffure-automne-hiver-2020-2021-a-adopter-des-la-rentree","status":"publish","type":"post","link":"http:\/\/www.affinite.fr\/index.php\/2020\/08\/28\/les-tendances-coiffure-automne-hiver-2020-2021-a-adopter-des-la-rentree\/","title":{"rendered":"Les tendances coiffure automne-hiver 2020-2021\u00a0\u00e0 adopter d\u00e8s la rentr\u00e9e"},"content":{"rendered":"<p> [ad_1]<br \/>\n<\/p>\n<p>\n                De retour de vacances, l&rsquo;heure est venue de penser \u00e0 son nouveau look capillaire. Coupe longue ou courte\u00a0? Frange ou m\u00e8che\u00a0? Pour faire le bon choix, d\u00e9couvrez les tendances coiffure de l&rsquo;automne-hiver 2020-2021\u00a0\u00e0 adopter d\u00e8s la rentr\u00e9e.            <\/p>\n<div>\n<p>Apr\u00e8s avoir r\u00e9gn\u00e9 en ma\u00eetre pendant des saisons, les cheveux courts se sont fait voler la vedette par les<strong> cheveux longs<\/strong>. En effet, cette saison automne-hiver 2020-2021\u00a0signe le grand retour des longueurs XXL.<\/p>\n<figure class=\"image\" style=\"float:right\"><img decoding=\"async\" alt=\"cheveux-longs\" src=\"https:\/\/img-3.journaldesfemmes.fr\/0kGJ76s-SyFm3s4jv733pCI0ArU=\/250x\/smart\/53880c773bba4f2b9149ffea06cf7033\/ccmcms-jdf\/18247044.jpg\"\/><figcaption data-credit=\"Abaca\" data-legend=\"D\u00e9fil\u00e9 Missoni automne-hiver 2020-2021 \">D\u00e9fil\u00e9 Missoni automne-hiver 2020-2021 <small>\u00a9\u00a0Abaca<\/small><\/figcaption><\/figure>\n<h2>Les cheveux longs<\/h2>\n<p>Sur les d\u00e9fil\u00e9s de mode, les mannequins ont donn\u00e9 le ton en arborant fi\u00e8rement leur crini\u00e8re de feu. Pour toujours plus d&rsquo;allure et r\u00e9pondre aux envies de toutes, les cheveux longs se portent de diff\u00e9rentes mani\u00e8res. Tant\u00f4t chic avec de l\u00e9g\u00e8res ondulations et un accessoire de cheveux vintage comme sur le d\u00e9fil\u00e9 Chanel, tant\u00f4t<strong> r\u00e9tro avec du volume<\/strong> sur le devant comme sur le d\u00e9fil\u00e9 ou encore boh\u00e8me ou 70&rsquo;s avec un foulard comme sur le d\u00e9fil\u00e9 Dior.<\/p>\n<figure class=\"image\" style=\"float:left\"><img decoding=\"async\" alt=\"chignons-tresses-automne-hiver-2020-2021\" src=\"https:\/\/img-3.journaldesfemmes.fr\/17Tzr337AtQXjtoDzWpVyNxUXQI=\/250x\/smart\/3a034e6a05ad4fd4b9a5e20c20b929a5\/ccmcms-jdf\/18247076.jpg\"\/><figcaption data-credit=\"DPA\/ABACA\" data-legend=\"D\u00e9fil\u00e9 Fendi automne-hiver 2020-2021\">D\u00e9fil\u00e9 Fendi automne-hiver 2020-2021 <small>\u00a9\u00a0DPA\/ABACA<\/small><\/figcaption><\/figure>\n<h2>Tresses, chignons et accessoires de cheveux\u00a0<\/h2>\n<p>Pour encore plus de style et de personnalit\u00e9, les attaches sont aussi de mises. Il n&rsquo;est pas rare de voir des <strong>nattes \u00e0 trois &#8211; quatre rang\u00e9es,<\/strong> des chignons tress\u00e9s, voir m\u00eame des coiffures qui m\u00ealent queue-de-cheval et tresses. L&rsquo;important c&rsquo;est de laisser libre court \u00e0 sa cr\u00e9ativit\u00e9. \u00a0Pour les adeptes des cheveux courts, le <a href=\"https:\/\/www.journaldesfemmes.fr\/beaute\/conseils-cheveux\/2630255-carre-court-comment-le-porter-le-choisir\/\" target=\"_blank\" rel=\"noopener noreferrer\"><strong>carr\u00e9 court <\/strong><\/a>reste l&rsquo;option tendance de la saison. Comme sur le d\u00e9fil\u00e9 Lacoste, on le porte fa\u00e7on wet hair, avec une m\u00e8che ou une frange pour donner un souffle de modernit\u00e9.<\/p>\n<figure class=\"image\" style=\"float:left\"><img decoding=\"async\" alt=\"coupe-courte-automne-hiver-2020-2021\" src=\"https:\/\/img-3.journaldesfemmes.fr\/FYs5WqH8HhaNBuDQ5LcMUg9TqYA=\/250x\/smart\/ce1eaec15a654e7193c7e7f877378fc4\/ccmcms-jdf\/18247114.jpg\"\/><figcaption data-credit=\"Splash News\/ABACA\" data-legend=\"D\u00e9fil\u00e9 Valentino automne-hiver 2020-2021\">D\u00e9fil\u00e9 Valentino automne-hiver 2020-2021 <small>\u00a9\u00a0Splash News\/ABACA<\/small><\/figcaption><\/figure>\n<h2>Carr\u00e9 et coupe gar\u00e7onne\u00a0<\/h2>\n<aside id=\"NL_1505075650\" class=\"newsletter_subscription jNlBlock\"><noscript><br \/>\n            <\/noscript><\/p>\n<h3 class=\"newsletter_subscription-title\">Newsletter <\/h3>\n<p><a href=\"\/\/mailing.ccmbg.com\/archive\/last-85\" target=\"_blank\" class=\"a_hover\" rel=\"noopener noreferrer\">Voir un exemple<\/a><\/p>\n<\/aside>\n<p>Et pour celles qui veulent un changement encore plus radical, on ose la <a href=\"https:\/\/www.journaldesfemmes.fr\/beaute\/conseils-cheveux\/2633125-coupe-garconne-femme-coupe-courte\/\" target=\"_blank\" rel=\"noopener noreferrer\"><strong>coupe \u00e0 la gar\u00e7onne<\/strong><\/a>, l&rsquo;id\u00e9al pour une allure f\u00e9minine en toutes circonstances.\u00a0 Il ne vous reste plus qu&rsquo;\u00e0 faire votre choix pour <a href=\"https:\/\/www.journaldesfemmes.fr\/beaute\/coiffures\/2112727-coiffure-coupes-2020\/\" target=\"_blank\" rel=\"noopener noreferrer\">choisir votre coiffure de la saison<\/a> et avoir un coup de ciseaux d&rsquo;avance.\u00a0<\/p>\n<\/p><\/div>\n<p>[ad_2]<br \/>\n<br \/><a href=\"https:\/\/www.journaldesfemmes.fr\/beaute\/coiffures\/2655867-tendance-coiffure-automne-hiver-2020-2021-rentree\/\">Source link <\/a><\/p>\n","protected":false},"excerpt":{"rendered":"<p>[ad_1] De retour de vacances, l&rsquo;heure est venue de penser \u00e0 son nouveau look capillaire. Coupe longue ou courte\u00a0? Frange &hellip; <a href=\"http:\/\/www.affinite.fr\/index.php\/2020\/08\/28\/les-tendances-coiffure-automne-hiver-2020-2021-a-adopter-des-la-rentree\/\" class=\"more-link\">Plus <span class=\"screen-reader-text\">Les tendances coiffure automne-hiver 2020-2021\u00a0\u00e0 adopter d\u00e8s la rentr\u00e9e<\/span> <span class=\"meta-nav\">&rarr;<\/span><\/a><\/p>\n","protected":false},"author":1,"featured_media":5179,"comment_status":"open","ping_status":"open","sticky":false,"template":"","format":"standard","meta":{"_sitemap_exclude":false,"_sitemap_priority":"","_sitemap_frequency":"","footnotes":""},"categories":[1],"tags":[],"class_list":["post-5178","post","type-post","status-publish","format-standard","has-post-thumbnail","hentry","category-tous"],"_links":{"self":[{"href":"http:\/\/www.affinite.fr\/index.php\/wp-json\/wp\/v2\/posts\/5178"}],"collection":[{"href":"http:\/\/www.affinite.fr\/index.php\/wp-json\/wp\/v2\/posts"}],"about":[{"href":"http:\/\/www.affinite.fr\/index.php\/wp-json\/wp\/v2\/types\/post"}],"author":[{"embeddable":true,"href":"http:\/\/www.affinite.fr\/index.php\/wp-json\/wp\/v2\/users\/1"}],"replies":[{"embeddable":true,"href":"http:\/\/www.affinite.fr\/index.php\/wp-json\/wp\/v2\/comments?post=5178"}],"version-history":[{"count":0,"href":"http:\/\/www.affinite.fr\/index.php\/wp-json\/wp\/v2\/posts\/5178\/revisions"}],"wp:featuredmedia":[{"embeddable":true,"href":"http:\/\/www.affinite.fr\/index.php\/wp-json\/wp\/v2\/media\/5179"}],"wp:attachment":[{"href":"http:\/\/www.affinite.fr\/index.php\/wp-json\/wp\/v2\/media?parent=5178"}],"wp:term":[{"taxonomy":"category","embeddable":true,"href":"http:\/\/www.affinite.fr\/index.php\/wp-json\/wp\/v2\/categories?post=5178"},{"taxonomy":"post_tag","embeddable":true,"href":"http:\/\/www.affinite.fr\/index.php\/wp-json\/wp\/v2\/tags?post=5178"}],"curies":[{"name":"wp","href":"https:\/\/api.w.org\/{rel}","templated":true}]}}