{"id":5169,"date":"2020-08-26T16:43:09","date_gmt":"2020-08-26T16:43:09","guid":{"rendered":"https:\/\/www.affinite.fr\/index.php\/2020\/08\/26\/les-annonces-de-blanquer-sur-le-protocole\/"},"modified":"2020-08-26T16:43:09","modified_gmt":"2020-08-26T16:43:09","slug":"les-annonces-de-blanquer-sur-le-protocole","status":"publish","type":"post","link":"http:\/\/www.affinite.fr\/index.php\/2020\/08\/26\/les-annonces-de-blanquer-sur-le-protocole\/","title":{"rendered":"les annonces de Blanquer sur le protocole"},"content":{"rendered":"<p> [ad_1]<br \/>\n<br \/><img decoding=\"async\" src=\"https:\/\/img-3.journaldesfemmes.fr\/_r-CVkrQ3hzqQRnmLp2Z5gtEj54=\/1280x\/smart\/36940a4ca24d493b89059f1489a1119b\/ccmcms-jdf\/18194259.jpg\" \/><\/p>\n<p>\n                Jean-Michel Blanquer s&rsquo;est exprim\u00e9 ce 26\u00a0ao\u00fbt lors d&rsquo;une conf\u00e9rence de presse sur le protocole sanitaire \u00e0 respecter \u00e0 l&rsquo;\u00e9cole \u00e0 partir de la rentr\u00e9e, pr\u00e9vue le 1er septembre. Masques, r\u00e8gles de distanciation, organisation des repas \u00e0 la cantine, d\u00e9pistage \u00e0 l&rsquo;\u00e9cole&#8230; Voici tout ce qu&rsquo;il faut savoir sur la rentr\u00e9e scolaire 2020.            <\/p>\n<div>\n<aside class=\"ccmsummary marqueur_module ccmcss_cms_summary ccmcss_cms_summary--right\">\n<p>Sommaire<\/p>\n<\/aside>\n<p><strong>[Mis \u00e0 jour le mercredi 26 ao\u00fbt \u00e0 18h26]. <\/strong>La rentr\u00e9e des classes aura lieu le mardi 1er septembre.\u00a0<strong>Jean-Michel Blanquer <\/strong>s&rsquo;est exprim\u00e9 ce mercredi 26 \u00e0 15 heures, lors d&rsquo;une conf\u00e9rence de presse,\u00a0afin de pr\u00e9ciser les modalit\u00e9s concernant la <strong>rentr\u00e9e scolaire <\/strong>et les conditions sanitaires dans lesquelles les enfants retourneront \u00e0 l&rsquo;\u00e9cole apr\u00e8s le confinement suivi de deux mois de vacances d&rsquo;\u00e9t\u00e9. Concr\u00e8tement,<strong> le protocole sanitaire s&rsquo;appuiera sur les derni\u00e8res recommandations du Haut Conseil de la sant\u00e9 publique<\/strong> datant du 7 juillet.\u00a0Mais la r\u00e8gle sur le <strong>port du masque<\/strong> a \u00e9t\u00e9 durcie et appliqu\u00e9e aux enseignants de maternelle.\u00a0\u00ab\u00a0<strong><em>Le masque devra \u00eatre port\u00e9 par tous, professeurs ou \u00e9l\u00e8ves, d\u00e8s l&rsquo;\u00e2ge de 11\u00a0ans dans les espaces clos m\u00eame lorsqu&rsquo;une distance physique d&rsquo;un m\u00e8tre est respect\u00e9e<\/em><\/strong>\u00ab\u00a0, pr\u00e9cise le gouvernement. <em>\u00ab\u00a0Le protocole qui a \u00e9t\u00e9 \u00e9labor\u00e9 au mois de juillet pr\u00e9voit tous les types de situations\u00a0\u00bb<b>,\u00a0<\/b><\/em>en cas de circulation faible ou forte du virus, a pr\u00e9cis\u00e9 Jean-Michel Blanquer le\u00a020 ao\u00fbt sur France 2. \u00ab\u00a0<em>Ce protocole nous permet d&rsquo;<strong>assurer la protection de tous les \u00e9l\u00e8ves et des adultes<\/strong>, mais aussi l&rsquo;\u00e9ducation pour tous<\/em>, a-t-il ajout\u00e9. Le ministre a par ailleurs pr\u00e9cis\u00e9 que\u00a0les parents, id\u00e9alement, devraient\u00a0\u00e9<strong>viter de se rendre en classe \u00e0 la rentr\u00e9e<\/strong>, m\u00eame pour accompagner leurs jeunes enfants. Le point sur les derni\u00e8res annonces concernant la <strong>rentr\u00e9e scolaire 2020.<\/strong><\/p>\n<p><a name=\"date-rentree-scolaire-2020\" style=\"font-size: 1.125rem; background-color: rgb(255, 255, 255);\" target=\"_blank\" rel=\"noopener noreferrer\">Date de la rentr\u00e9e scolaire 2020<\/a><\/p>\n<p>Les \u00e9l\u00e8ves, de la maternelle au lyc\u00e9e, reprendront donc le chemin de l&rsquo;\u00e9cole le <strong>mardi 1er septembre 2020<\/strong>. La pr\u00e9-rentr\u00e9e des professeurs est pr\u00e9vue le lundi 31\u00a0ao\u00fbt. <a href=\"https:\/\/www.journaldesfemmes.fr\/maman\/guide-sorties-en-famille\/1345439-vacances-scolaires-2021-calendrier-scolaire\/\" target=\"_blank\" rel=\"noopener noreferrer\">L&rsquo;ann\u00e9e scolaire 2020-2021<\/a> se terminera le mardi 6\u00a0juillet 2021.<\/p>\n<p>D\u00e8s le 1er septembre, <strong>les adultes (enseignants, membres du personnel&#8230;)\u00a0ainsi que <a href=\"https:\/\/www.journaldesfemmes.fr\/maman\/enfant\/2633929-masque-rentree-scolaire-ecole-age\/\" target=\"_blank\" rel=\"noopener noreferrer\">les \u00e9l\u00e8ves d\u00e8s 11 ans devront porter un masque<\/a> (qui fera partie des fournitures scolaires)<\/strong>. C&rsquo;est l&rsquo;une des raisons pour laquelle <a href=\"https:\/\/www.journaldesfemmes.fr\/maman\/guide-allocations-et-droits\/1336150-allocation-rentree-scolaire-2020-ars-date-versement-montant-plafond-conditions-caf-simulation\/\" target=\"_blank\" rel=\"noopener noreferrer\">l&rsquo;allocation de rentr\u00e9e scolaire<\/a> a \u00e9t\u00e9 augment\u00e9e cette ann\u00e9e de 100 euros par enfant, pour faire face \u00e0\u00a0l&rsquo;augmentation\u00a0du <a href=\"https:\/\/www.journaldesfemmes.fr\/maman\/enfant\/1878263-cout-budget-rentree-scolaire-2020-primaire-cp-college-lycee\/\" target=\"_blank\" rel=\"noopener noreferrer\">co\u00fbt de la rentr\u00e9e des classes<\/a>.\u00a0\u00ab\u00a0<em>Ce port du masque sera syst\u00e9matique de la part de tous les \u00e9l\u00e8ves d\u00e8s le coll\u00e8ge, et pas seulement lorsqu&rsquo;il n&rsquo;y a pas de distance physique<\/em>\u00ab\u00a0,\u00a0dans les espaces clos,\u00a0pr\u00e9cise le ministre de l&rsquo;Education nationale le 20 ao\u00fbt. Il a ajout\u00e9 ce mercredi 26 ao\u00fbt : \u00ab\u00a0<em>ce que chacun doit comprendre de mani\u00e8re simple, c&rsquo;est que tous les adultes portent le masque, et\u00a0que les enfants et les adolescents le portent \u00e0 partir de la classe de sixi\u00e8me<\/em>\u00ab\u00a0. Cela dit, \u00ab\u00a0<strong><em>aucun enfant ne sera exclu faute de masque<\/em><\/strong>\u00a0\u00bb a-t-il sp\u00e9cifi\u00e9, un \u00ab\u00a0volant de masques\u00a0\u00bb est pr\u00e9vu pour les \u00e9l\u00e8ves avec des familles en difficult\u00e9 financi\u00e8re. Contrairement \u00e0 ce qui avait \u00e9t\u00e9 annonc\u00e9 concernant les exceptions du port du masque pour les enseignants de maternelle : \u00ab\u00a0<em>nous avons pr\u00e9f\u00e9r\u00e9 ne pas maintenir ces exceptions\u00a0\u00bb <\/em>a pr\u00e9cis\u00e9 Jean-Michel\u00a0Blanquer.\u00a0En dehors de la classe,<strong> dans les espaces a\u00e9r\u00e9s, le port du masque se fera \u00ab\u00a0selon l&rsquo;appr\u00e9ciation locale\u00a0\u00bb<\/strong>.\u00a0\u00a0<\/p>\n<ul>\n<li>Pour les \u00e9l\u00e8ves scolaris\u00e9s <strong>en maternelle<\/strong> : le masque est \u00e0 proscrire.\u00a0<\/li>\n<li>Pour les \u00e9l\u00e8ves scolaris\u00e9s <strong>\u00e0 l&rsquo;\u00e9cole \u00e9l\u00e9mentaire<\/strong> : le masque n&rsquo;est pas recommand\u00e9, mais des masques sont \u00e0 disposition pour ceux qui pr\u00e9sentent des sympt\u00f4mes, dans l&rsquo;attente de leur d\u00e9part de l&rsquo;\u00e9cole.<\/li>\n<li>Pour \u00e9l\u00e8ves de <strong>coll\u00e8ge et lyc\u00e9e<\/strong>, le masque est obligatoire dans les espaces clos, m\u00eame lorsqu&rsquo;une distanciation d&rsquo;un m\u00e8tre est respect\u00e9e.<\/li>\n<li>Pour les <strong>membres du\u00a0personnel\u00a0:<\/strong> le masque est obligatoire en\u00a0primaire, au coll\u00e8ge et au\u00a0lyc\u00e9e m\u00eame quand la distanciation d&rsquo;au moins un m\u00e8tre est garantie.<\/li>\n<\/ul>\n<p>A\u00e9ration des classes, limitation du brassage des classes, lavage des mains&#8230;<strong>\u00a0Le protocole sanitaire sera bien celui d\u00e9voil\u00e9 au mois de juillet, qui avait \u00e9t\u00e9 assoupli. <\/strong>Ceci \u00e9tant, le ministre de l&rsquo;E\u00e9ducation nationale a fait des pr\u00e9cisions ce mercredi 26 ao\u00fbt :<strong> <\/strong><em>\u00ab\u00a0Nous avons demand\u00e9 qu&rsquo;il n&rsquo;y ait de brassage que par niveau et non pas inter-niveau, dans le fonctionnement des lyc\u00e9es en particulier. Concr\u00e8tement, il pourra y avoir des \u00e9l\u00e8ves de seconde qui se croisent dans un lyc\u00e9e. Mais normalement, <strong>les emplois du temps sont con\u00e7us de telle fa\u00e7on que les \u00e9l\u00e8ves de seconde ne croisent pas les \u00e9l\u00e8ves de premi\u00e8re, et vice versa<\/strong>.\u00a0\u00bb<\/em><\/p>\n<p>D&rsquo;abord, chaque fois qu&rsquo;une personne (adulte ou enfant) pr\u00e9sentera des sympt\u00f4mes assimilables au Covid-19, il y aura un test. \u00ab\u00a0<em>Dans les quarante-huit\u00a0heures qui suivent ce test, l&rsquo;ensemble des mesures pour briser la cha\u00eene de contamination est prise. Cela peut aller jusqu&rsquo;\u00e0 la fermeture d&rsquo;une classe ou m\u00eame la fermeture d&rsquo;une \u00e9cole ou d&rsquo;un \u00e9tablissement, ou m\u00eame de plusieurs \u00e9coles<\/em>\u00ab\u00a0, a pr\u00e9cis\u00e9 JM Blanquer ce mercredi 26 ao\u00fbt.\u00a0Selon\u00a0les situations, notamment\u00a0<strong>en cas de fermeture d&rsquo;\u00e9cole suite \u00e0 un cas de Covid<\/strong>, l&rsquo;enseignement \u00e0 distance sera mis en place, avec \u00ab\u00a0<em>une capacit\u00e9 d&rsquo;adaptation territoire par territoire\u00a0\u00bb<\/em>, pr\u00e9cise le ministre. <em>\u00a0<\/em>La commune, la pr\u00e9fecture et l&rsquo;ARS seront d\u00e9cisionnaires. Si la pr\u00e9fecture ordonne de fermer l&rsquo;\u00e9cole, la commune se devra d&rsquo;ob\u00e9ir. Mais si la pr\u00e9fecture ne donne pas d&rsquo;obligation,<strong> la commune aura un pouvoir d\u00e9cisionnel,<\/strong> ont pr\u00e9cis\u00e9 Agn\u00e8s Lebrun et Jean-Michel\u00a0Blanquer le 26\u00a0ao\u00fbt.\u00a0<\/p>\n<p>Voici les mesures\u00a0mises en place apr\u00e8s l&rsquo;avis du\u00a0<strong><a href=\"https:\/\/www.hcsp.fr\/Explore.cgi\/avisrapportsdomaine?clefr=877\" target=\"_blank\" rel=\"noopener noreferrer\">Haut Conseil de la sant\u00e9 publique<\/a>\u00a0<\/strong>pour la rentr\u00e9e de septembre. N\u00e9anmoins,\u00a0le ministre de l&rsquo;Education nationale a expliqu\u00e9 ce mercredi 26\u00a0ao\u00fbt que des \u00ab\u00a0<strong><em>adaptations locales<\/em><\/strong>\u00a0\u00bb pourraient \u00eatre mises en place en fonction de l&rsquo;\u00e9volution de l&rsquo;\u00e9pid\u00e9mie. \u00ab\u00a0<em>Une s\u00e9rie de mesures est pr\u00eate, mais ne sera d\u00e9voil\u00e9e qu&rsquo;en cas de n\u00e9cessit\u00e9<\/em>\u00ab\u00a0, a-t-il pr\u00e9cis\u00e9.<\/p>\n<ul>\n<li><strong>La distanciation physique d&rsquo;un m\u00e8tre n&rsquo;est plus obligatoire pour tous les cycles dans les espaces clos, <\/strong>lorsqu&rsquo;elle n&rsquo;est pas mat\u00e9riellement possible et qu&rsquo;elle ne permet pas d&rsquo;accueillir tous les \u00e9l\u00e8ves. Cette r\u00e8gle concerne tous les espaces clos\u00a0: salles de classe, ateliers, biblioth\u00e8ques, r\u00e9fectoires, cantines, internats&#8230;\u00a0Si la configuration des salles de classe ne permet pas de respecter la distanciation physique d&rsquo;au moins un m\u00e8tre, l&rsquo;espace est organis\u00e9 de mani\u00e8re \u00e0 maintenir la plus grande distance possible entre les \u00e9l\u00e8ves<\/li>\n<li><strong>Pas de distanciation physique dans les espaces ext\u00e9rieurs<\/strong> (mais les plus de 11\u00a0ans doivent porter un masque)<\/li>\n<li><strong>La limitation du brassage\u00a0entre classes et groupes d&rsquo;\u00e9l\u00e8ves n&rsquo;est plus obligatoire<\/strong>, y compris dans <strong>les transports scolaires <\/strong>(mais les coll\u00e9giens et lyc\u00e9ens doivent porter un masque lors des d\u00e9placements dans l&rsquo;\u00e9tablissement scolaire, ou lorsque la distanciation ne peut \u00eatre garantie dans les transports). Cependant, le d\u00e9roulement de la journ\u00e9e et des activit\u00e9s scolaires est organis\u00e9 pour <strong>limiter les regroupements et les croisements importants<\/strong>. Les arriv\u00e9es et d\u00e9parts sont particuli\u00e8rement \u00e9tudi\u00e9s pour limiter au maximum les regroupements d&rsquo;\u00e9l\u00e8ves et\/ou de parents.\u00a0<\/li>\n<li>L&rsquo;acc\u00e8s <strong>aux jeux, aux bancs et espaces collectifs ext\u00e9rieurs<\/strong> est d\u00e9sormais autoris\u00e9. Des objets partag\u00e9s au sein d&rsquo;une m\u00eame classe ou d&rsquo;un m\u00eame groupe peuvent \u00eatre mis \u00e0 disposition\u00a0: ballons, jouets, livres, jeux, journaux, d\u00e9pliants r\u00e9utilisables, crayons&#8230;<\/li>\n<li><strong>Un nettoyage des sols et des grandes surfaces<\/strong> (tables, bureaux) est r\u00e9alis\u00e9 au minimum <strong>une fois par jour<\/strong>, ainsi qu&rsquo;une d\u00e9sinfection des surfaces les plus fr\u00e9quemment touch\u00e9es par les \u00e9l\u00e8ves et les personnels dans tous les espaces communs (les poign\u00e9es de portes, les interrupteurs&#8230;). Les tables du r\u00e9fectoire sont nettoy\u00e9es et d\u00e9sinfect\u00e9es apr\u00e8s chaque service.<\/li>\n<li><strong>A la cantine :<\/strong> il faudra respecter un m\u00e8tre de distance entre chaque enfant. Si ce n&rsquo;est pas possible, il faudra par exemple utiliser de nouvelles salles pour prendre son d\u00e9jeuner ou augmenter le nombre de services pour diviser les passages simultan\u00e9s \u00e0 la cantine.\u00a0\u00a0<\/li>\n<li><strong>Concernant les universit\u00e9s<\/strong> : \u00ab\u00a0<em>Un certain nombre d&rsquo;universit\u00e9s ont d\u00e9cid\u00e9 de faire une partie de leurs cours en t\u00e9l\u00e9travail\u00a0\u00bb, pr\u00e9cise le Pr Delfraissy.<\/em>\u00a0<\/li>\n<\/ul>\n<blockquote>\n<p style=\"text-align: right;\">\u00a0<\/p>\n<\/blockquote>\n<p>Dans un avis publi\u00e9 ce 3 juillet, le <strong>Conseil scientifique <\/strong>appelle les grandes villes de France\u00a0\u00e0 se pr\u00e9parer \u00e0 une<strong> nouvelle vague d&rsquo;\u00e9pid\u00e9mie \u00e0 l&rsquo;automne<\/strong>, avec \u00ab\u00a0<em>un confinement local plus ou moins important en fonction de l&rsquo;\u00e9pid\u00e9mie<\/em>\u00ab\u00a0. Mais comment cela se passera-t-il pour les \u00e9l\u00e8ves ?\u00a0Le minist\u00e8re a anticip\u00e9 les diff\u00e9rentes situations.\u00a0\u00ab\u00a0<em><strong>Dans l&rsquo;hypoth\u00e8se o\u00f9 la situation sanitaire exigerait des mesures plus strictes, du fait d&rsquo;une circulation active du virus sur tout ou partie du territoire national, un plan de continuit\u00e9 p\u00e9dagogique sera mis en place<\/strong> pour assurer l&rsquo;<strong>enseignement \u00e0 distance<\/strong><\/em><strong>\u00ab\u00a0<\/strong>, indiquait\u00a0la circulaire de rentr\u00e9e scolaire publi\u00e9e le 10 juillet. Le mercredi 26 ao\u00fbt, Jean-Michel Blanquer a de nouveau insist\u00e9 et confirm\u00e9 ce point.\u00a0\u00ab\u00a0<em>Le minist\u00e8re a \u00e9labor\u00e9 <strong>un plan comprenant, outre le protocole sanitaire<\/strong>, le rappel des principales actions \u00e0 conduire, des conseils et bonnes pratiques sur l&rsquo;organisation du service et l&rsquo;\u00e9quipement num\u00e9rique, les modalit\u00e9s d&rsquo;activation des <strong>classes virtuelles du Cned et de Ma classe \u00e0 la maison,<\/strong> et une s\u00e9lection de ressources p\u00e9dagogiques num\u00e9riques \u00e0 disposition des professeurs et des familles<\/em>\u00ab\u00a0. <strong>Voici les diff\u00e9rentes hypoth\u00e8ses :<\/strong><\/p>\n<h3>En cas de circulation active du virus<\/h3>\n<p>Concr\u00e8tement, <strong>si le nombre d&rsquo;\u00e9l\u00e8ves devait de nouveau \u00eatre limit\u00e9 dans les \u00e9coles\u00a0<\/strong>en raison d&rsquo;une <strong>circulation active et localis\u00e9e du virus<\/strong>, n\u00e9cessitant la mise en place d&rsquo;un <strong>protocole sanitaire stricte<\/strong>,\u00a0les enfants\u00a0pourraient (selon les situations et comme pendant le confinement) suivre les <strong><a href=\"https:\/\/www.journaldesfemmes.fr\/maman\/enfant\/2626571-ecole-a-la-maison-cned-ma-classe-a-la-maison\/\" target=\"_blank\" rel=\"noopener noreferrer\">cours \u00e0 distance avec Ma Classe \u00e0 la maison<\/a> ou le Cned<\/strong>, et \u00eatre pris en charge en participant au\u00a0<a href=\"https:\/\/www.journaldesfemmes.fr\/maman\/enfant\/2638135-2s2c-sport-sante-culture-civisme\/\" target=\"_blank\" rel=\"noopener noreferrer\"><strong>dispositif 2S2C (sport, sant\u00e9, culture, civisme)<\/strong><\/a>. Les autres locaux des \u00e9coles, coll\u00e8ges et lyc\u00e9es devront notamment \u00eatre mobilis\u00e9s afin d&rsquo;accueillir les \u00e9l\u00e8ves dans de meilleures conditions. Dans cette situation \u00ab\u00a0<strong><em>tous les \u00e9l\u00e8ves doivent avoir acc\u00e8s \u00e0 des cours en pr\u00e9sentiel chaque semaine<\/em>\u00ab\u00a0<\/strong> pr\u00e9cise le minist\u00e8re, mais des groupes pourraient aussi alterner \u00e0 la journ\u00e9e ou \u00e0 la demi-journ\u00e9e. En revanche, \u00ab\u00a0<em>les \u00e9l\u00e8ves scolaris\u00e9s en CP et CE1\u00a0d\u00e9doubl\u00e9s en \u00e9ducation prioritaire devront imp\u00e9rativement \u00eatre scolaris\u00e9s \u00e0 temps plein<\/em>\u00ab\u00a0.<\/p>\n<h3>En cas de circulation tr\u00e8s active du virus n\u00e9cessitant la fermeture des \u00e9coles<\/h3>\n<p>Le minist\u00e8re de l&rsquo;Education anticipe l&rsquo;hypoth\u00e8se selon laquelle des \u00e9tablissements scolaires n\u00e9cessiteraient d&rsquo;\u00eatre ferm\u00e9s, au niveau local. Les enseignants pourront alors s&rsquo;appuyer sur les<strong> cours\u00a0des professeurs diffus\u00e9s sur la Maison Lumni <\/strong>et suivre les cours \u00e0 distance.\u00a0En outre, les \u00e9l\u00e8ves en situation de \u00ab\u00a0d\u00e9connexion num\u00e9rique\u00a0\u00bb devront \u00eatre identifi\u00e9s en amont.<\/p>\n<p>Le minist\u00e8re de l&rsquo;Education nationale a publi\u00e9 ce 10 juillet\u00a0une circulaire visant \u00e0 encadrer la<strong> rentr\u00e9e de septembre 2020.<\/strong> Concr\u00e8tement, cette\u00a0reprise se<strong>\u00a0d\u00e9roulera dans des conditions comparables \u00e0 celles en vigueur en fin d&rsquo;ann\u00e9e scolaire<\/strong>. Avec l&rsquo;appui du Haut conseil de la sant\u00e9 publique et du conseil de D\u00e9fense, le minist\u00e8re a mis en place un certain nombre de mesures destin\u00e9es \u00e0 assurer pour les \u00e9l\u00e8ves, les enseignants et le personnel administratif, une rentr\u00e9e en toute s\u00e9curit\u00e9. Comme c&rsquo;\u00e9tait d\u00e9j\u00e0 le cas depuis le 22 juin, <strong>la circulaire de rentr\u00e9e scolaire <\/strong>pr\u00e9cise que \u00ab\u00a0<strong><em>tous les \u00e9l\u00e8ves seront accueillis sur le temps scolaire<\/em><\/strong>\u00ab\u00a0. Il n&rsquo;y aura plus de dispositif distanciel et<strong> l&rsquo;\u00e9cole redevient donc obligatoire pour tous.<\/strong> Le respect des r\u00e8gles sanitaires devra \u00e9videmment \u00eatre de mise dans tous les \u00e9tablissements scolaires.\u00a0\u00a0\u00ab\u00a0<em><strong>Gestes barri\u00e8re, hygi\u00e8ne des mains, port du masque pour les adultes et les \u00e9l\u00e8ves de plus de 11\u00a0ans<\/strong> lorsque les r\u00e8gles de distanciation ne peuvent \u00eatre respect\u00e9es dans les espaces clos ainsi que dans les transports scolaires, <strong>nettoyage et a\u00e9ration des locaux<\/strong><\/em> \u00ab\u00a0, d\u00e9taille cette circulaire.<\/p>\n<table align=\"center\" border=\"1\" cellpadding=\"1\" cellspacing=\"1\" style=\"width:80%;\">\n<tbody>\n<tr>\n<td>\n<h2 style=\"text-align: center;\">Quels gestes barri\u00e8re \u00e0 l&rsquo;\u00e9cole ?<\/h2>\n<p>Tous les \u00e9l\u00e8ves doivent respecter les gestes barri\u00e8re lorsqu&rsquo;ils arrivent dans l&rsquo;\u00e9tablissement, avant chaque repas, avant, pendant et apr\u00e8s la r\u00e9cr\u00e9ation, apr\u00e8s \u00eatre all\u00e9 aux toilettes et le soir, avant de rentrer chez eux.\u00a0<\/p>\n<ul>\n<li>se laver tr\u00e8s r\u00e9guli\u00e8rement les mains\u00a0;<\/li>\n<li>tousser ou \u00e9ternuer dans son coude ou dans un mouchoir\u00a0;<\/li>\n<li>utiliser un mouchoir \u00e0 usage unique et le jeter\u00a0;<\/li>\n<li>saluer sans se serrer la main, \u00e9viter les embrassades<\/li>\n<\/ul>\n<\/td>\n<\/tr>\n<\/tbody>\n<\/table>\n<h3><a id=\"decrochage-scolaire-aide-personnalisee-rentree\" name=\"decrochage-scolaire-aide-personnalisee-rentree\" target=\"_blank\" rel=\"noopener noreferrer\">Une aide personnalis\u00e9e d\u00e8s la rentr\u00e9e<\/a><\/h3>\n<p>Aussi, pour <strong>lutter contre le d\u00e9crochage scolaire<\/strong>, le ministre\u00a0de l&rsquo;Education compte \u00ab\u00a0<em>mettre le paquet en <strong>heures suppl\u00e9mentaires<\/strong> pour que le niveau soit atteint<\/em>\u00ab\u00a0.\u00a0En effet, d\u00e8s la rentr\u00e9e scolaire, une aide personnalis\u00e9e devrait permettre aux \u00e9l\u00e8ves de<em> \u00ab\u00a0consolider les fondamentaux en fran\u00e7ais et en math\u00e9matiques<\/em>\u00ab\u00a0, a-t-il ajout\u00e9. Concr\u00e8tement, <strong>plusieurs centaines d&rsquo;heures suppl\u00e9mentaires seront pr\u00e9vues pour les mois de septembre et octobre.<\/strong> Sans oublier les<strong> \u00e9valuations de d\u00e9but d&rsquo;ann\u00e9e<\/strong> qui seront \u00ab\u00a0syst\u00e9matiques pour certaines classes comme <strong>le CP, CE1\u00a0et la classe de sixi\u00e8me<\/strong> en particulier\u00a0\u00bb, a d\u00e9clar\u00e9 Jean-Michel Blanquer.\u00a0\u00ab\u00a0<em>L&rsquo;objectif n&rsquo;est pas de baisser les exigences, mais de lisser davantage les choses pour qu&rsquo;on puisse, en d\u00e9but d&rsquo;ann\u00e9e scolaire, r\u00e9viser des points qui rel\u00e8vent de l&rsquo;ann\u00e9e pr\u00e9c\u00e9dente\u00a0\u00bb.\u00a0<\/em><\/p>\n<h3><a id=\"evaluation-rentree-de-septembre\" name=\"evaluation-rentree-de-septembre\" target=\"_blank\" rel=\"noopener noreferrer\">Des \u00e9valuations d&rsquo;\u00e9l\u00e8ves pour la rentr\u00e9e de septembre<\/a><\/h3>\n<p><strong>Les \u00e9l\u00e8ves de primaire, du coll\u00e8ge ainsi que les lyc\u00e9ens <\/strong>seront soumis \u00e0<strong> des \u00e9valuations de d\u00e9but d&rsquo;ann\u00e9e, d\u00e8s le mois de septembre, <\/strong>comme ce fut le cas les ann\u00e9es pr\u00e9c\u00e9dentes <a href=\"https:\/\/www.journaldesfemmes.fr\/maman\/enfant\/2563928-evaluations-des-eleves-rentree-dates-cp-ce1-6e\/\" target=\"_blank\" rel=\"noopener noreferrer\">pour les classes de CP et de CE1<\/a>.\u00a0L&rsquo;objectif\u00a0?\u00a0Mieux rep\u00e9rer les \u00e9l\u00e8ves d\u00e9crocheurs afin de leur proposer un accompagnement adapt\u00e9. Apr\u00e8s plusieurs semaines d&rsquo;\u00e9cole \u00e0 distance, l&rsquo;objectif de ces \u00e9valuations sera plus que jamais d&rsquo;\u00e9valuer les besoins des \u00e9l\u00e8ves. <strong>\u00ab\u00a0<\/strong><em><strong>En sixi\u00e8me, on va avoir une \u00e9valuation particuli\u00e8rement robuste <\/strong>dans son contenu, notamment pour le fran\u00e7ais et les math\u00e9matiques, de fa\u00e7on \u00e0 d\u00e9clencher ensuite de l&rsquo;aide personnalis\u00e9e\u00a0\u00bb<\/em> a-t-il pr\u00e9cis\u00e9 sur France Inter.\u00a0<em>\u00ab\u00a0C&rsquo;est syst\u00e9matique, universel et obligatoire <strong>pour les classes de\u00a0CP, CE1, sixi\u00e8me et seconde<\/strong><\/em>\u00ab\u00a0, explique le ministre. Les \u00e9l\u00e8ves passeront donc ces \u00e9valuations \u00e0 partir du 14\u00a0septembre.<\/p>\n<p><a id=\"devoirs-faits-rentree-scolaire-2020\" name=\"devoirs-faits-rentree-scolaire-2020\" target=\"_blank\" rel=\"noopener noreferrer\">Devoirs faits et\u00a0accompagnement renforc\u00e9 de la primaire au coll\u00e8ge<\/a><\/p>\n<p>Dans sa circulaire du 10\u00a0juillet, le minist\u00e8re pr\u00e9cise qu&rsquo;il consacrera\u00a0plus d&rsquo;1,5\u00a0million d&rsquo;heures suppl\u00e9mentaires et\u00a0l&rsquo;ensemble des professeurs rempla\u00e7ants non utilis\u00e9s \u00e0 ce moment-l\u00e0 pour accompagner les \u00e9l\u00e8ves entre septembre et d\u00e9cembre, en particulier ceux des classes charni\u00e8res\u00a0(CP, 6e et seconde). \u00ab\u00a0<em><strong>\u00c0 l&rsquo;\u00e9cole primaire, les heures d&rsquo;activit\u00e9s p\u00e9dagogiques compl\u00e9mentaires (APC) sont destin\u00e9es en priorit\u00e9 aux \u00e9l\u00e8ves qui ma\u00eetrisent le moins les comp\u00e9tences de l&rsquo;ann\u00e9e pr\u00e9c\u00e9dente.<\/strong> Il en va de m\u00eame au coll\u00e8ge avec l&rsquo;aide personnalis\u00e9e.<\/em>\u00a0\u00bb indique la circulaire.<strong>\u00a0Le dispositif \u00ab\u00a0Devoirs Faits\u00a0\u00bb <\/strong>sera renforc\u00e9 et accessible d\u00e8s la rentr\u00e9e de septembre \u00e0 raison de trois heures par semaine pour chaque \u00e9l\u00e8ve, 4\u00a0heures pour ceux de sixi\u00e8me sur la p\u00e9riode septembre-d\u00e9cembre.<\/p>\n<h3><a name=\"prime-materiel-informatique-blanquer\" target=\"_blank\" rel=\"noopener noreferrer\">Enseignement \u00e0 distance\u00a0: une prime pour le mat\u00e9riel informatique<\/a><\/h3>\n<p><strong>Jean-Michel Blanquer <\/strong>pr\u00e9voit une <strong>prime<\/strong> pour permettre aux enseignants et aux \u00e9l\u00e8ves d&rsquo;\u00eatre \u00e9quip\u00e9s en<strong> mat\u00e9riel informatique<\/strong>. Plusieurs d\u00e9partements devraient exp\u00e9rimenter cette nouvelle mesure, dont le montant n&rsquo;est pas encore d\u00e9fini, d\u00e8s la <strong>rentr\u00e9e de septembre<\/strong>. \u00ab\u00a0<em>Le fait que nous allions vers un \u00e9quipement syst\u00e9matique de chaque \u00e9l\u00e8ve et chaque professeur est notre objectif<\/em>\u00a0\u00bb a d\u00e9clar\u00e9 le ministre de l&rsquo;Education le 27\u00a0juillet dernier sur <a href=\"https:\/\/www.francetvinfo.fr\/societe\/education\/video-rentree-scolaire-jean-michel-blanquer-envisage-une-prime-pour-equiper-eleves-et-enseignants-en-materiel-informatique_4057407.html#xtor=AL-79-%5Barticle_video%5D-%5Bconnexe%5D\" target=\"_blank\" rel=\"noopener noreferrer\">France Info<\/a>. Il pr\u00e9cise \u00e9galement qu&rsquo;une \u00ab\u00a0<strong><em><a href=\"http:\/\/www.affinite.fr\/index.php\/2022\/11\/09\/formation-de-glacier-apprenez-le-metier-de-glacier-et-changez-votre-vie\/\">formation<\/a> \u00e0 l&rsquo;enseignement \u00e0 distance va se g\u00e9n\u00e9raliser\u00a0\u00bb <\/em><\/strong>et rappelle que \u00ab\u00a0<em>la France est un des pays qui a le mieux r\u00e9ussi l&rsquo;enseignement \u00e0 distance<\/em>\u00a0\u00bb durant la p\u00e9riode de confinement.\u00a0<\/p>\n<p><strong>Les lyc\u00e9ens<\/strong> b\u00e9n\u00e9ficieront \u00e9galement d&rsquo;une attention toute particuli\u00e8re.\u00a0L&rsquo;effort d&rsquo;accompagnement est notamment port\u00e9 sur les \u00e9l\u00e8ves entrant en classe de <strong>2de et en 1re ann\u00e9e de CAP<\/strong>. Les \u00e9l\u00e8ves b\u00e9n\u00e9ficieront ainsi d&rsquo;un nombre d&rsquo;heures d&rsquo;accompagnement augment\u00e9, au moins jusqu&rsquo;au mois de d\u00e9cembre.\u00a0<strong>Pour les \u00e9l\u00e8ves des lyc\u00e9es professionnels,<\/strong> l&rsquo;enjeu va \u00eatre de leur permettre de renouer avec la pratique de leur sp\u00e9cialit\u00e9 dans un cadre professionnel. Ainsi, les\u00a0\u00e9l\u00e8ves de 1re et de terminale ainsi que\u00a0ceux de 2e ann\u00e9e de CAP pourront b\u00e9n\u00e9ficier de\u00a0p\u00e9riodes de formation en milieu professionnel (PFMP) \u00e0 partir du 7\u00a0septembre. \u00ab\u00a0<em>Durant la semaine du 1er au 4\u00a0septembre, les \u00e9l\u00e8ves de 2de professionnelle et de 1re ann\u00e9e de CAP b\u00e9n\u00e9ficient d&rsquo;une p\u00e9riode d&rsquo;int\u00e9gration<\/em>\u00ab\u00a0, pr\u00e9cise le minist\u00e8re. A noter que <strong>l&rsquo;obligation de se former est prolong\u00e9e jusqu&rsquo;\u00e0 18 ans<\/strong> (et non plus \u00e0 16 ans comme c&rsquo;\u00e9tait le cas auparavant).\u00a0<a href=\"https:\/\/www.legifrance.gouv.fr\/eli\/decret\/2020\/8\/5\/MENE2014598D\/jo\/texte\" target=\"_blank\" rel=\"noopener noreferrer\">Un d\u00e9cret<\/a> paru au\u00a0<em>Journal officiel<\/em>\u00a0le 6\u00a0ao\u00fbt\u00a02020\u00a0pr\u00e9cise les mesures concernant la formation obligatoire pr\u00e9vue par la loi du 26\u00a0juillet\u00a02019.<\/p>\n<h3>Masques aux lyc\u00e9ens d&rsquo;Ile-de-France, transports gratuits \u00e0 Paris<\/h3>\n<p>D\u00e8s la <strong>rentr\u00e9e de septembre<\/strong>, les 500\u00a0000\u00a0lyc\u00e9ens d&rsquo;Ile-de-France recevront <a href=\"https:\/\/www.journaldesfemmes.fr\/maman\/enfant\/2633929-masque-rentree-scolaire-ecole-age\/\" target=\"_blank\" rel=\"noopener noreferrer\">deux masques gratuitement<\/a>, a annonc\u00e9 Val\u00e9rie P\u00e9cresse.\u00a0Autre bonne nouvelle pour les \u00e9l\u00e8ves de la capitale\u00a0: <strong>\u00e0 Paris, les coll\u00e9giens et lyc\u00e9ens n&rsquo;auront plus \u00e0 payer\u00a0leur pass Navigo<\/strong> d\u00e8s la rentr\u00e9e scolaire.\u00a0Alors que les transports\u00a0\u00e9taient d\u00e9j\u00e0 gratuits pour les moins de 11\u00a0ans depuis septembre 2019, Anne Hidalgo a souhait\u00e9 \u00e9largir cette mesure d\u00e8s le coll\u00e8ge. Au total, 135\u00a0000\u00a0jeunes pourront en b\u00e9n\u00e9ficier.<\/p>\n<aside id=\"NL_1979172681\" class=\"newsletter_subscription jNlBlock\"><noscript><br \/>\n            <\/noscript><\/p>\n<h3 class=\"newsletter_subscription-title\">Newsletter <\/h3>\n<p><a href=\"\/\/mailing.ccmbg.com\/archive\/last-85\" target=\"_blank\" class=\"a_hover\" rel=\"noopener noreferrer\">Voir un exemple<\/a><\/p>\n<\/aside>\n<p>Le Haut conseil de la sant\u00e9 publique (HCSP) recommande de \u00ab\u00a0<strong>porter syst\u00e9matiquement un masque<\/strong>\u00a0\u00bb en int\u00e9rieur (salles d&rsquo;enseignement, amphith\u00e9\u00e2tres, espaces communs&#8230;) dans les <strong>\u00e9tablissements d&rsquo;enseignement sup\u00e9rieur<\/strong>\u00a0(universit\u00e9s, \u00e9coles&#8230;) m\u00eame si les distanciations physiques sont possibles,\u00a0<a href=\"https:\/\/www.hcsp.fr\/explore.cgi\/avisrapportsdomaine?clefr=902\" target=\"_blank\" rel=\"noopener noreferrer\">dans un avis<\/a> rendu public ce mardi 25\u00a0ao\u00fbt.\u00a0<b>\u00ab\u00a0Le port du masque dans les salles d&rsquo;enseignements est fortement recommand\u00e9\u00a0\u00bb <\/b>avait d\u00e9j\u00e0 annonc\u00e9 le minist\u00e8re de l&rsquo;Enseignement sup\u00e9rieur.\u00a0Il sera\u00a0<strong>obligatoire \u00ab\u00a0en toutes circonstances\u00a0\u00bb \u00e0 l&rsquo;int\u00e9rieur des biblioth\u00e8ques<\/strong>. Par ailleurs, les universit\u00e9s et grandes \u00e9coles devront \u00ab\u00a0accueillir le plus grand nombre d&rsquo;\u00e9tudiants dans le respect des consignes sanitaires\u00a0\u00bb. Depuis le 11 mai, les \u00e9tablissements scolaires du sup\u00e9rieur \u00e9taient rest\u00e9s ferm\u00e9s afin d&rsquo;\u00e9viter une propagation du virus.\u00a0\u00ab\u00a0<em>Nous travaillons main dans la main avec les \u00e9tablissements pour mettre en place \u00e0 la rentr\u00e9e des mesures qui prot\u00e8gent du virus les enseignants, les personnels et les \u00e9tudiants tout en leur permettant de se retrouver<strong> en privil\u00e9giant autant que possible le pr\u00e9sentiel<\/strong>\u00a0\u00bb\u00a0<\/em>a pr\u00e9cis\u00e9 Fr\u00e9d\u00e9rique Vidal dans un communiqu\u00e9. A la rentr\u00e9e, les \u00e9tudiants devront <strong>respecter un m\u00e8tre de distance, ou un si\u00e8ge devra rest\u00e9 vacant dans les espaces clos,<\/strong>\u00a0qui\u00a0devront \u00eatre <strong>a\u00e9r\u00e9s deux fois par jour. <\/strong>En outre,<strong>\u00a0<\/strong>\u00ab\u00a0les <strong>regroupements et croisements trop importants\u00a0\u00bb devront \u00eatre \u00e9vit\u00e9s<\/strong>.\u00a0Par cons\u00e9quent, le <strong>nombre d&rsquo;\u00e9l\u00e8ves dans les amphith\u00e9\u00e2tres devra \u00eatre adapt\u00e9<\/strong>. Ce protocole sanitaire s&rsquo;appliquera dans les campus, les \u00e9tablissements, les r\u00e9sidences et restaurants universitaires, mais il pourrait \u00eatre modifi\u00e9 en cas de \u00ab\u00a0<strong>reconfinements localis\u00e9s<\/strong>\u00ab\u00a0.\u00a0Dans de tels cas, une<strong> continuit\u00e9 p\u00e9dagogique<\/strong> avec un <strong>enseignement en ligne<\/strong> devra \u00eatre mis en place.<\/p>\n<\/p><\/div>\n<p>[ad_2]<br \/>\n<br \/><a href=\"https:\/\/www.journaldesfemmes.fr\/maman\/enfant\/1849367-rentree-scolaire-2020-septembre-date-masque-a-l-ecole-protocole-sanitaire-blanquer-conference\/\">Source link <\/a><\/p>\n","protected":false},"excerpt":{"rendered":"<p>[ad_1] Jean-Michel Blanquer s&rsquo;est exprim\u00e9 ce 26\u00a0ao\u00fbt lors d&rsquo;une conf\u00e9rence de presse sur le protocole sanitaire \u00e0 respecter \u00e0 l&rsquo;\u00e9cole &hellip; <a href=\"http:\/\/www.affinite.fr\/index.php\/2020\/08\/26\/les-annonces-de-blanquer-sur-le-protocole\/\" class=\"more-link\">Plus <span class=\"screen-reader-text\">les annonces de Blanquer sur le protocole<\/span> <span class=\"meta-nav\">&rarr;<\/span><\/a><\/p>\n","protected":false},"author":1,"featured_media":5170,"comment_status":"open","ping_status":"open","sticky":false,"template":"","format":"standard","meta":{"_sitemap_exclude":false,"_sitemap_priority":"","_sitemap_frequency":"","footnotes":""},"categories":[1],"tags":[],"class_list":["post-5169","post","type-post","status-publish","format-standard","has-post-thumbnail","hentry","category-tous"],"_links":{"self":[{"href":"http:\/\/www.affinite.fr\/index.php\/wp-json\/wp\/v2\/posts\/5169"}],"collection":[{"href":"http:\/\/www.affinite.fr\/index.php\/wp-json\/wp\/v2\/posts"}],"about":[{"href":"http:\/\/www.affinite.fr\/index.php\/wp-json\/wp\/v2\/types\/post"}],"author":[{"embeddable":true,"href":"http:\/\/www.affinite.fr\/index.php\/wp-json\/wp\/v2\/users\/1"}],"replies":[{"embeddable":true,"href":"http:\/\/www.affinite.fr\/index.php\/wp-json\/wp\/v2\/comments?post=5169"}],"version-history":[{"count":0,"href":"http:\/\/www.affinite.fr\/index.php\/wp-json\/wp\/v2\/posts\/5169\/revisions"}],"wp:featuredmedia":[{"embeddable":true,"href":"http:\/\/www.affinite.fr\/index.php\/wp-json\/wp\/v2\/media\/5170"}],"wp:attachment":[{"href":"http:\/\/www.affinite.fr\/index.php\/wp-json\/wp\/v2\/media?parent=5169"}],"wp:term":[{"taxonomy":"category","embeddable":true,"href":"http:\/\/www.affinite.fr\/index.php\/wp-json\/wp\/v2\/categories?post=5169"},{"taxonomy":"post_tag","embeddable":true,"href":"http:\/\/www.affinite.fr\/index.php\/wp-json\/wp\/v2\/tags?post=5169"}],"curies":[{"name":"wp","href":"https:\/\/api.w.org\/{rel}","templated":true}]}}