{"id":5145,"date":"2020-08-21T16:37:13","date_gmt":"2020-08-21T16:37:13","guid":{"rendered":"https:\/\/www.affinite.fr\/index.php\/2020\/08\/21\/inquietudes-en-france-mutation-du-virus\/"},"modified":"2020-08-21T16:37:13","modified_gmt":"2020-08-21T16:37:13","slug":"inquietudes-en-france-mutation-du-virus","status":"publish","type":"post","link":"http:\/\/www.affinite.fr\/index.php\/2020\/08\/21\/inquietudes-en-france-mutation-du-virus\/","title":{"rendered":"inqui\u00e9tudes en France, mutation du virus"},"content":{"rendered":"<p> [ad_1]<br \/>\n<\/p>\n<p><strong>[Mis\u00a0\u00e0 jour le vendredi 21\u00a0ao\u00fbt \u00e0 16h38] <\/strong>La pand\u00e9mie de coronavirus ne cesse de gagner du terrain dans le monde entier. A date, 188\u00a0pays sont ou ont \u00e9t\u00e9 touch\u00e9s par le virus, plus de 22.6\u00a0millions de personnes ont \u00e9t\u00e9 contamin\u00e9es, <strong>793\u00a0773\u00a0en sont d\u00e9c\u00e9d\u00e9es<\/strong> selon les derni\u00e8res statistiques de l&rsquo;<a href=\"https:\/\/gisanddata.maps.arcgis.com\/apps\/opsdashboard\/index.html#\/bda7594740fd40299423467b48e9ecf6\" target=\"_blank\" rel=\"noopener noreferrer\">Universit\u00e9 John Hopkins<\/a>\u00a0depuis l&rsquo;apparition du nouveau coronavirus en d\u00e9cembre 2019\u00a0\u00e0 Wuhan, en Chine.\u00a0<strong>Les Etats-Unis sont largement le pays le plus touch\u00e9<\/strong> avec plus de 5.5\u00a0millions de cas et pr\u00e8s de 175\u00a0000\u00a0d\u00e9c\u00e8s. Viennent ensuite <strong>le Br\u00e9sil<\/strong>,<strong> l&rsquo;Inde, la Russie et l&rsquo;Afrique du Sud<\/strong>. En Europe, le virus a particuli\u00e8rement \u00e9t\u00e9 agressif en France, en Espagne, en Italie, en Allemagne et au Royaume-Uni. La France fait \u00e9tat de\u00a0<strong>225\u00a0043\u00a0cas confirm\u00e9s de COVID-19\u00a0et de 30\u00a0451\u00a0d\u00e9c\u00e8s,\u00a0<\/strong>selon le\u00a0<a href=\"https:\/\/www.santepubliquefrance.fr\/maladies-et-traumatismes\/maladies-et-infections-respiratoires\/infection-a-coronavirus\/documents\/bulletin-national\/covid-19-point-epidemiologique-du-20-aout-2020\" target=\"_blank\" rel=\"noopener noreferrer\">bulletin national du 20\u00a0ao\u00fbt<\/a>\u00a0de Sant\u00e9 Publique France. <strong>4 771 nouveaux cas ont \u00e9t\u00e9 d\u00e9tect\u00e9s au cours de ces derni\u00e8res 24 heures, du jamais vu depuis le 14 avril, date \u00e0 laquelle la France \u00e9tait confin\u00e9e depuis pr\u00e8s d&rsquo;un mois<\/strong>.\u00a04\u00a0823\u00a0personnes sont actuellement hospitalis\u00e9es, dont 380\u00a0cas en r\u00e9animation. \u00ab\u00a0<em>On n&rsquo;a pas tir\u00e9 les le\u00e7ons de cette premi\u00e8re vague<\/em>\u00ab\u00a0, estime Gilles Pialoux, chef du service des maladies infectieuses \u00e0 l&rsquo;h\u00f4pital Tenon (AP-HP) \u00e0 Paris. On observe <strong>une forte\u00a0progression de la circulation du virus<\/strong> du SARS-COV-2\u00a0<strong>chez les\u00a0jeunes adultes, notamment les 20-40 ans<\/strong>. \u00ab\u00a0<em>La circulation du virus tend \u00e0 s&rsquo;acc\u00e9l\u00e9rer<\/em>, alerte Olivier V\u00e9ran, ministre de la Sant\u00e9 sur BFMTV ce vendredi 21\u00a0ao\u00fbt. <em>Nous avons fait hier plus de 5\u00a0000\u00a0diagnostics en 24\u00a0heures, c&rsquo;est une augmentation de <strong>40\u00a0% du nombre de cas sur une semaine<\/strong><\/em>\u00ab\u00a0Pour freiner la propagation du virus, les mesures sanitaires sont renforc\u00e9es.\u00a0Le port du masque est obligatoire dans tous les lieux clos (restaurants, magasins, supermarch\u00e9s, mus\u00e9es&#8230;) depuis le 20\u00a0juillet, mais aussi \u00e0 l&rsquo;ext\u00e9rieur, dans la rue, les march\u00e9s et les parcs dans de nombreuses villes de France (Paris, Nantes, Montpellier&#8230;). Toulouse et Nice ont m\u00eame g\u00e9n\u00e9ralis\u00e9 le port du masque dans toute la ville.\u00a0Le 1er septembre, <strong>le port du masque sera m\u00eame obligatoire en entreprise<\/strong> (publique ou priv\u00e9e), en open-space, dans les salles de r\u00e9union, les couloirs, les ascenseurs, les espaces caf\u00e9t\u00e9rias&#8230; et le t\u00e9l\u00e9travail doit \u00eatre plus que jamais prioris\u00e9, particuli\u00e8rement si la distanciation physique d&rsquo;un m\u00e8tre ne peut pas \u00eatre respect\u00e9e.\u00a0<\/p>\n<div id=\"\">\n<figure class=\"image\" style=\"float:right\"><a class=\"fancy\" href=\"https:\/\/img-3.journaldesfemmes.fr\/zWQAALKWSel2XqDEZkdhZn8tKjg=\/1080x\/smart\/0d398634052c4afd8e38f104133adf67\/ccmcms-jdf\/18056234.png\"><img decoding=\"async\" alt=\"Carte de France du taux d'incidence au 16 ao\u00fbt 2020\" src=\"https:\/\/img-3.journaldesfemmes.fr\/Cq69R5-pqkfh3Tqqx-69wApk43k=\/450x\/smart\/0d398634052c4afd8e38f104133adf67\/ccmcms-jdf\/18056234.png\"\/><\/a><figcaption data-credit=\"Gouvernement.fr\" data-legend=\"Carte de France du taux d'incidence au 16 ao\u00fbt 2020\">Carte de France du taux d&rsquo;incidence au 16 ao\u00fbt 2020 <small>\u00a9\u00a0Gouvernement.fr<\/small><\/figcaption><\/figure>\n<p>La France est d\u00e9confin\u00e9e mais toujours en\u00a0<strong>stade 3\u00a0de coronavirus <\/strong>depuis le 14\u00a0mars\u00a0puisque le virus circule sur tout le territoire et plus uniquement dans certaines r\u00e9gions et villes.\u00a0Depuis mi-juin, le <strong>nombre de nouveaux cas confirm\u00e9s de COVID-19\u00a0augmente r\u00e9guli\u00e8rement.<\/strong>\u00a0On observe une forte progression de l&rsquo;incidence (+42%) et du taux de positivit\u00e9 (+42%), indique Sant\u00e9 publique France dans <a href=\"https:\/\/www.santepubliquefrance.fr\/maladies-et-traumatismes\/maladies-et-infections-respiratoires\/infection-a-coronavirus\/documents\/bulletin-national\/covid-19-point-epidemiologique-du-20-aout-2020\" target=\"_blank\" rel=\"noopener noreferrer\">son bulletin national du 20\u00a0ao\u00fbt<\/a>.\u00a0Au 16\u00a0ao\u00fbt, le taux\u00a0national d&rsquo;incidence (nombre de nouveaux cas rapport\u00e9s \u00e0 la population) \u00e9tait de 25 <strong>cas\/100\u00a0000\u00a0habitants.\u00a0<\/strong>Au 19\u00a0ao\u00fbt, il est ainsi estim\u00e9 un total de<strong> 225\u00a0043\u00a0cas confirm\u00e9s de COVID-19<\/strong>\u00a0en France.<\/p>\n<p>\u25ba <strong>Hospitalisations.<\/strong>\u00a0Depuis le 1er mars 2020, <strong>1\u00a0541\u00a0\u00e9tablissements de sant\u00e9 ont d\u00e9clar\u00e9 au moins un cas de COVID-19<\/strong>\u00a0hospitalis\u00e9 et\u00a0<strong>109\u00a0462\u00a0patients ont \u00e9t\u00e9 hospitalis\u00e9s<\/strong> depuis le 1er mars. L&rsquo;\u00e2ge m\u00e9dian des patients est de <strong>72\u00a0ans<\/strong> et <strong>52% sont des hommes<\/strong>. 84\u00a0309\u00a0patients sont retourn\u00e9s \u00e0 domicile. Le 18\u00a0ao\u00fbt 2020, 4\u00a0823\u00a0cas de COVID-19\u00a0\u00e9taient hospitalis\u00e9s en France dont 380\u00a0cas en r\u00e9animation.\u00a0Le nombre de nouvelles hospitalisations pour COVID-19<strong>\u00a0a augment\u00e9 pour la quatri\u00e8me semaine cons\u00e9cutive<\/strong> en semaine 33\u00a0(du 10\u00a0au 16\u00a0ao\u00fbt)\u00a0: 1\u00a0008\u00a0en S33\u00a0versus 604\u00a0en S29<\/p>\n<p><strong>\u25ba Actes m\u00e9dicaux.\u00a0<\/strong>Depuis le 3\u00a0mars, 74\u00a0453\u00a0actes m\u00e9dicaux SOS\u00a0M\u00e9decins pour suspicion de Covid-19\u00a0ont \u00e9t\u00e9 enregistr\u00e9s (donn\u00e9es arr\u00eat\u00e9es le 16\u00a0ao\u00fbt), dont 2\u00a0052\u00a0actes m\u00e9dicaux du 10\u00a0au 16\u00a0ao\u00fbt (semaine 33). Apr\u00e8s une baisse observ\u00e9e au cours des trois semaines pr\u00e9c\u00e9dentes, ces actes sont cette semaine en hausse de 11% par rapport \u00e0 la semaine derni\u00e8re.\u00a0<\/p>\n<p>\u25ba<strong>D\u00e9pistage et taux de positivit\u00e9.<\/strong> En semaine 33, <strong>547\u00a0867\u00a0personnes ont \u00e9t\u00e9 test\u00e9es<\/strong> par test RT-PCR. 12\u00a0293\u00a0ont eu lieu dans les a\u00e9roports d&rsquo;\u00cele-de-France. Parmi les personnes test\u00e9es, 16\u00a0747\u00a0se sont av\u00e9r\u00e9es positives. Ce nombre est en augmentation de 43% par rapport \u00e0 la semaine pr\u00e9c\u00e9dente. Le taux de d\u00e9pistage (nombre de personnes test\u00e9es rapport\u00e9 \u00e0 la population) hebdomadaire est de 816\/100\u00a0000\u00a0habitants. Le taux de positivit\u00e9 national hebdomadaire est de 3.1%, en forte augmentation (+42%) par rapport \u00e0 la semaine pr\u00e9c\u00e9dente.\u00a0<\/p>\n<p>\u25ba<strong>Bilan par d\u00e9partement.\u00a0<\/strong>54\u00a0d\u00e9partements m\u00e9tropolitains ont un taux d&rsquo;incidence <strong>sup\u00e9rieur \u00e0 10\/100\u00a0000\u00a0habitants<\/strong> en semaine 33\u00a0(contre 33\u00a0en semaine 32). 23\u00a0ont un taux d&rsquo;incidence sup\u00e9rieur \u00e0 20\/100\u00a0000. Les Bouches-du-Rh\u00f4ne sont le d\u00e9partement avec le taux d&rsquo;incidence le plus \u00e9lev\u00e9 (85\/100\u00a0000), suivi par Paris (74\/100\u00a0000), mais ce dernier comprend \u00e9galement les d\u00e9pistages effectu\u00e9s aux a\u00e9roports de Roissy et d&rsquo;Orly. Le taux de positivit\u00e9 est sup\u00e9rieur \u00e0 5% dans 4\u00a0d\u00e9partements\u00a0: Val-de-Marne (5.4%), Bouches-du-Rh\u00f4ne (5.2%), Sarthe (5.2%) et Seine-Saint-Denis (5.1%), alors qu&rsquo;aucun d\u00e9partement n&rsquo;avait franchi ce seuil la semaine pr\u00e9c\u00e9dente. <strong>En Mayenne<\/strong>, le nombre de cas confirm\u00e9s\u00a0a diminu\u00e9 en S33\u00a0(69\u00a0vs 83\u00a0en S32). Le taux de positivit\u00e9 \u00e9tait en revanche en augmentation, 1,8\u00a0% vs 1,1% en S32.\u00a0<\/p>\n<p>\u25ba <strong>Situation en Outre-Mer. <\/strong>L&rsquo;\u00e9pid\u00e9mie est en r\u00e9gression en Guyane et Mayotte. En Guyane, le taux d&rsquo;incidence est en baisse par rapport \u00e0 la semaine pr\u00e9c\u00e9dente (104\/100\u00a0000\u00a0contre 122\/100\u00a0000). En revanche, la circulation du virus est en augmentation aux Antilles et \u00e0 la R\u00e9union.\u00a0<\/p>\n<p>\u25ba <strong>A quel \u00e2ge est-on le plus touch\u00e9\u00a0?<\/strong> En semaine 33, par rapport \u00e0 la S32, le nombre de cas a augment\u00e9 dans l&rsquo;ensemble des classes d&rsquo;\u00e2ge mais l&rsquo;augmentation \u00e9tait <strong>plus importante chez les 15-44\u00a0ans<\/strong> et <strong>les 45-64\u00a0ans\u00a0<\/strong>: +23% chez les 0-14\u00a0ans, +48% chez les 15-44\u00a0ans, +49% chez les 45-64\u00a0ans, +16% chez les 65-74\u00a0ans et +17% chez les 75\u00a0ans et plus.<\/p>\n<p>\u2192 La <a href=\"https:\/\/dashboard.covid19.data.gouv.fr\/activite-epidemique?location=FRA\" target=\"_blank\" rel=\"noopener noreferrer\">carte des d\u00e9partements<\/a>\u00a0en vigueur depuis le 2\u00a0juin, a class\u00e9 en vert tous les d\u00e9partements de France m\u00e9tropolitaine. Seuls Mayotte et Guyane sont en orange puisque l&rsquo;\u00e9pid\u00e9mie y est encore tr\u00e8s active.<\/p>\n<p>\u2192 En France m\u00e9tropolitaine, le <strong>pic \u00e9pid\u00e9mique<\/strong>\u00a0a \u00e9t\u00e9 observ\u00e9 la <strong>semaine du 23-29\u00a0mars<\/strong>, soit une semaine apr\u00e8s la mise en \u0153uvre des mesures de confinement de la population g\u00e9n\u00e9rale, le 17\u00a0mars 2020. Le nombre le plus \u00e9lev\u00e9 de nouvelles hospitalisations pour COVID-19\u00a0a \u00e9t\u00e9 observ\u00e9 au cours de la semaine du 30\u00a0mars au\u00a05\u00a0avril.<\/p>\n<h3 style=\"text-align: center;\">Courbe d&rsquo;\u00e9volution du R effectif (taux de reproduction) du virus Sars-CoV-2 en France entre le 1er juin et le 16 ao\u00fbt.<\/h3>\n<div style=\"text-align:center\">\n<figure class=\"image\" style=\"display:inline-block\"><a class=\"fancy\" href=\"https:\/\/img-3.journaldesfemmes.fr\/XR51f4o49upJHxrk2PL9X7Jk38I=\/1080x\/smart\/5e0bb3dc866241fe9afba3464576cd00\/ccmcms-jdf\/18056269.png\"><img decoding=\"async\" alt=\"Taux de reproduction effectif R du coronavirus \u00a9\u00a0Gouvernement.fr\" src=\"https:\/\/img-3.journaldesfemmes.fr\/JbARX5pQhaPej9HO6RrkDh7fevk=\/600x\/smart\/5e0bb3dc866241fe9afba3464576cd00\/ccmcms-jdf\/18056269.png\"\/><\/a><figcaption data-credit=\"Gouvernement.fr\" data-legend=\"Taux de reproduction effectif R du coronavirus au 16 ao\u00fbt\">Taux de reproduction effectif R du coronavirus au 16 ao\u00fbt <small>\u00a9\u00a0Gouvernement.fr<\/small><\/figcaption><\/figure>\n<\/div>\n<p><strong><em>\u00ab\u00a0La deuxi\u00e8me vague a d\u00e9marr\u00e9 il y a une dizaine de jours environ\u00a0\u00bb<\/em> <\/strong>estime le Pr Djillali Annane\u00a0chef du service de r\u00e9animation \u00e0 l&rsquo;h\u00f4pital Raymond-Poincar\u00e9 de Garches,\u00a0lundi 10 ao\u00fbt sur <em>LCI<\/em>,\u00a0\u00ab\u00a0<em>Le plus \u00e0 craindre est devant nous<\/em>\u00ab\u00a0. Le Conseil scientifique du Covid-19 avait indiqu\u00e9 dans un <a href=\"http:\/\/www.datapressepremium.com\/rmdiff\/2009019\/avisconseilscientifique27juillet2020.pdf\" target=\"_blank\" rel=\"noopener noreferrer\">Avis<\/a>\u00a0le\u00a027\u00a0juillet qu'\u00a0\u00bb<em>Il est hautement probable qu&rsquo;une seconde vague \u00e9pid\u00e9mique soit observ\u00e9e \u00e0 l&rsquo;automne ou hiver prochain\u00a0\u00bb<\/em>. Ce retour du virus pourrait se faire d\u00e8s novembre ou plus tard dans l&rsquo;hiver et depuis l&rsquo;h\u00e9misph\u00e8re Sud. Pour ses membres, les deux priorit\u00e9s sont de<em> \u00ab\u00a0d\u00e9finir, clarifier et pr\u00e9senter rapidement une nouvelle doctrine d&rsquo;utilisation des tests (vision de diagnostic d&rsquo;une part, vision de d\u00e9pistage et de sant\u00e9 publique d&rsquo;autre part, par les autorit\u00e9s de sant\u00e9; et de rendre l&rsquo;acc\u00e8s aux tests plus accessible au \u00a0\u00bb consommateur \u00ab\u00a0<\/em>\u00ab\u00a0. Il explique que <em>\u00ab\u00a0l&rsquo;anticipation des autorit\u00e9s sanitaires \u00e0 mettre en place op\u00e9rationnellement les plans de pr\u00e9vention, de prise en charge, de suivi et de pr\u00e9caution est un \u00e9l\u00e9ment majeur\u00a0\u00bb.<\/em> Le risque de reconfinement de la population est envisageable en France si l&rsquo;\u00e9pid\u00e9mie de coronavirus reprend plus intens\u00e9ment dans les semaines \u00e0 venir.\u00a0Le 3\u00a0ao\u00fbt, le Premier ministre Jean Castex, en d\u00e9placement dans le Nord, \u00e0 Roubaix, a d\u00e9clar\u00e9 <em>:\u00a0\u00ab\u00a0J&rsquo;appelle chaque Fran\u00e7ais, chaque Fran\u00e7aise, \u00e0 rester tr\u00e8s vigilant car\u00a0<strong>la\u00a0lutte contre ce virus\u00a0d\u00e9pend bien-s\u00fbr de l&rsquo;\u00c9tat, mais d\u00e9pend aussi de chacun et chacune d&rsquo;entre nous<\/strong>\u00ab\u00a0. <\/em>Ces efforts sont n\u00e9cessaires pour \u00ab\u00a0\u00e9viter un\u00a0reconfinement g\u00e9n\u00e9ralis\u00e9\u00a0\u00bb a-t-il ajout\u00e9. Le 25\u00a0juillet, le ministre de la Sant\u00e9 Olivier V\u00e9ran avait indiqu\u00e9 dans une interview au Parisien que l&rsquo;\u00e9ventualit\u00e9 d&rsquo;un\u00a0<strong>reconfinement partiel<\/strong> ou de<strong> fermeture de certains bars et \u00e9tablissements nocturnes<\/strong> \u00e9tait \u00e0 l&rsquo;\u00e9tude. Quelques jours plus t\u00f4t, le\u00a021 juillet, le Pr\u00e9sident du Conseil Scientifique du Covid-19, le Pr Jean-Fran\u00e7ois Delfraissy d\u00e9clarait sur BFM TV et RMC que la France \u00e9tait \u00ab\u00a0<em>sur une ligne de cr\u00eate\u00a0\u00bb.\u00a0<\/em>Selon lui, la disparition du virus ou son installation chronique sur une longue p\u00e9riode sont deux hypoth\u00e8ses moins r\u00e9alistes que le sc\u00e9nario d&rsquo;une<em> \u00ab\u00a0vraie deuxi\u00e8me vague\u00a0\u00bb, \u00ab\u00a0arrivant du sud, pour octobre, novembre, d\u00e9cembre (&#8230;) qu&rsquo;on traitera de fa\u00e7on diff\u00e9rente\u00a0\u00bb.\u00a0\u00a0<\/em>Interrog\u00e9 sur RMC\/BFMTV le 8 juillet,\u00a0Jean Castex, avait indiqu\u00e9 qu&rsquo;en cas de seconde vague, il n&rsquo;y aurait <strong>pas de reconfinement g\u00e9n\u00e9ral<\/strong> comme au mois de mars avec des \u00ab\u00a0<em>cons\u00e9quences terribles, \u00e9conomiques et humaines<\/em>\u00ab\u00a0,\u00a0mais\u00a0qu'\u00a0\u00bb<em><strong>un plan de reconfinement cibl\u00e9 \u00e9tait pr\u00eat<\/strong><\/em>\u00ab\u00a0.\u00a0Des informations confirm\u00e9es par le Pr\u00e9sident de la R\u00e9publique <strong>Emmanuel Macron<\/strong>\u00a0qui s&rsquo;est confi\u00e9 \u00e0 <a href=\"https:\/\/www.parismatch.com\/Actu\/Politique\/Exclusif-Emmanuel-Macron-Le-gouvernement-incarne-le-depassement-des-clivages-traditionnels-1699339\" target=\"_blank\" rel=\"noopener noreferrer\">Paris Match<\/a>\u00a0le 19\u00a0ao\u00fbt sur la gestion de la crise sanitaire\u00a0: \u00ab\u00a0<em>Nous avons des strat\u00e9gies tr\u00e8s localis\u00e9es, comme ce qui s&rsquo;est pass\u00e9 en Mayenne, et allant jusqu&rsquo;\u00e0 un reconfinement cibl\u00e9 qu&rsquo;on pourrait instaurer si la situation l&rsquo;imposait. (\u2026) On ne peut pas mettre le pays \u00e0 l&rsquo;arr\u00eat, parce que les dommages collat\u00e9raux d&rsquo;un confinement sont consid\u00e9rables.<\/em>\u00ab\u00a0<\/p>\n<h3>Nombre incident de cas confirm\u00e9s de COVID-19\u00a0par semaine, rapport\u00e9s \u00e0 Sant\u00e9 publique France, du 23\u00a0janvier au 19 ao\u00fbt 2020.<\/h3>\n<div style=\"text-align:center\">\n<figure class=\"image\" style=\"display:inline-block\"><a class=\"fancy\" href=\"https:\/\/img-3.journaldesfemmes.fr\/ourUlC67XqbKevF3L_bibczR7cc=\/1080x\/smart\/e29954dffa9a4f86baf8936ff196a495\/ccmcms-jdf\/18056299.jpg\"><img decoding=\"async\" alt=\"Nombre incident de cas confirm\u00e9s de COVID-19 par semaine, rapport\u00e9s \u00e0 Sant\u00e9 publique France, du 23 janvier au 19 ao\u00fbt 2020 \u00a9\u00a0Sant\u00e9 Publique France\" src=\"https:\/\/img-3.journaldesfemmes.fr\/ourUlC67XqbKevF3L_bibczR7cc=\/1080x\/smart\/e29954dffa9a4f86baf8936ff196a495\/ccmcms-jdf\/18056299.jpg\"\/><\/a><figcaption data-credit=\"Sant\u00e9 publique France\" data-legend=\"Nombre incident de cas confirm\u00e9s de COVID-19 par semaine, rapport\u00e9s \u00e0 Sant\u00e9 publique France, du 23 janvier au 19 ao\u00fbt 2020 \">Nombre incident de cas confirm\u00e9s de COVID-19 par semaine, rapport\u00e9s \u00e0 Sant\u00e9 publique France, du 23 janvier au 19 ao\u00fbt 2020 <small>\u00a9\u00a0Sant\u00e9 publique France<\/small><\/figcaption><\/figure>\n<\/div>\n<p><iframe loading=\"lazy\" height=\"1000\" src=\"https:\/\/mapthenews.maps.arcgis.com\/apps\/opsdashboard\/index.html#\/bae8aaa7a0b14261b4621c31db410c44\" style=\"border: 0px\" width=\"600\"><\/iframe><\/p>\n<p>Depuis le 1er mars 2020, <strong>1\u00a0541\u00a0\u00e9tablissements de sant\u00e9 ont d\u00e9clar\u00e9 au moins un cas de COVID-19<\/strong>\u00a0hospitalis\u00e9 et\u00a0<strong>109\u00a0462\u00a0patients ont \u00e9t\u00e9 hospitalis\u00e9s<\/strong> depuis le 1er mars. L&rsquo;\u00e2ge m\u00e9dian des patients est de <strong>72\u00a0ans<\/strong> et <strong>52% sont des hommes, <\/strong>selon les donn\u00e9es de\u00a0Sant\u00e9 publique France d\u00e9voil\u00e9es dans\u00a0<a href=\"https:\/\/www.santepubliquefrance.fr\/maladies-et-traumatismes\/maladies-et-infections-respiratoires\/infection-a-coronavirus\/documents\/bulletin-national\/covid-19-point-epidemiologique-du-20-aout-2020\" target=\"_blank\" rel=\"noopener noreferrer\">son bulletin national du 20\u00a0ao\u00fbt<\/a>. 84\u00a0309\u00a0patients sont retourn\u00e9s \u00e0 domicile. Le 18\u00a0ao\u00fbt 2020, 4\u00a0823\u00a0cas de COVID-19\u00a0\u00e9taient hospitalis\u00e9s en France dont 380\u00a0cas en r\u00e9animation.\u00a0Le nombre de nouvelles hospitalisations pour COVID-19<strong>\u00a0a augment\u00e9 pour la quatri\u00e8me semaine cons\u00e9cutive<\/strong> en semaine 33\u00a0(du 10\u00a0au 16\u00a0ao\u00fbt)\u00a0: 1\u00a0008\u00a0en S33\u00a0versus 604\u00a0en S29.\u00a0Depuis le 1er mars 2020, <strong>1\u00a0541\u00a0\u00e9tablissements de sant\u00e9 ont d\u00e9clar\u00e9 au moins un cas de COVID-19<\/strong>\u00a0hospitalis\u00e9 et\u00a0<strong>109\u00a0462\u00a0patients ont \u00e9t\u00e9 hospitalis\u00e9s<\/strong> depuis le 1er mars. L&rsquo;\u00e2ge m\u00e9dian des patients est de <strong>72\u00a0ans<\/strong> et <strong>52% sont des hommes<\/strong>. 84\u00a0309\u00a0patients sont retourn\u00e9s \u00e0 domicile. Le 18\u00a0ao\u00fbt 2020, <strong>4\u00a0823\u00a0cas de COVID-19\u00a0\u00e9taient hospitalis\u00e9s<\/strong> en France dont <strong>380\u00a0cas en r\u00e9animation<\/strong> (28\u00a0nouvelles admissions cette semaine).\u00a0Le nombre journalier de cas en cours d&rsquo;hospitalisation en r\u00e9animation se maintient en dessous de 500\u00a0patients depuis le 10\u00a0juillet. Au 18\u00a0ao\u00fbt, <strong>le nombre de d\u00e9c\u00e8s s&rsquo;\u00e9l\u00e8ve \u00e0<\/strong> <strong>30\u00a0451<\/strong> : 19\u00a0940\u00a0sont survenus au cours d&rsquo;une hospitalisation et 10\u00a0511\u00a0dans un EHPAD ou en EMS.\u00a092% des d\u00e9c\u00e8s concernent des personnes de 65\u00a0ans et plus.\u00a0<\/p>\n<p><iframe loading=\"lazy\" height=\"600\" src=\"https:\/\/geodes.santepubliquefrance.fr\/?view=map2&amp;indics=covid_hospit.hosp&amp;serie=2020-04-28&amp;f1code=0&amp;lang=fr&amp;iframe=1\" width=\"600\"><\/iframe><\/p>\n<p><strong>Dans les \u00e9tablissements de sant\u00e9,\u00a0le gouvernement a activ\u00e9 plusieurs plans\u00a0:\u00a0<\/strong><\/p>\n<ul>\n<li>La France applique le<strong>\u00a0<a href=\"https:\/\/sante.journaldesfemmes.fr\/fiches-maladies\/2624681-plan-blanc-elargi-c-est-quoi-hopital-coronavirus-hospitalisation-deprogrammees-non-urgentes\/\" target=\"_blank\" rel=\"noopener noreferrer\">plan blanc<\/a><\/strong><a href=\"https:\/\/sante.journaldesfemmes.fr\/fiches-maladies\/2624681-plan-blanc-elargi-c-est-quoi-hopital-coronavirus-hospitalisation-deprogrammees-non-urgentes\/\" target=\"_blank\" rel=\"noopener noreferrer\"> <\/a>\u00e9largi g\u00e9n\u00e9ralis\u00e9 (plan de mobilisation interne) depuis le 19\u00a0mars, dans tous les \u00e9tablissements de sant\u00e9 (publics et priv\u00e9s), pour mettre en place rapidement des moyens mat\u00e9riel, logistiques et humains indispensables en cas d&rsquo;afflux de patients dans les \u00e9tablissements hospitaliers. Les consultations et les hospitalisations non urgentes sont d\u00e9programm\u00e9es.<\/li>\n<li>La France a d\u00e9clench\u00e9 le <strong><a href=\"https:\/\/sante.journaldesfemmes.fr\/fiches-maladies\/2624771-plan-bleu-c-est-quoi-quelles-maisons-de-retraites-ehpad-coronavirus-jusqu-a-quand-exemple-assouplissement-visite\/\" target=\"_blank\" rel=\"noopener noreferrer\">plan bleu<\/a> dans les Ehpad<\/strong> (Etablissement H\u00e9bergeant des Personnes \u00c2g\u00e9es D\u00e9pendantes) le <strong>6\u00a0mars. <\/strong>Le principe est le m\u00eame que dans les h\u00f4pitaux\u00a0: le chef d&rsquo;\u00e9tablissement doit permettre \u00ab\u00a0<em>la mise en oeuvre rapide et coh\u00e9rente des moyens indispensables pour faire face efficacement \u00e0 une situation exceptionnelle<\/em>\u00ab\u00a0. Le plan bleu peut induire notamment\u00a0\u00ab\u00a0<em>le confinement des r\u00e9sidents, usagers et personnels ; l&rsquo;\u00e9vacuation des r\u00e9sidents, usagers et personnels<\/em>\u00ab\u00a0.<\/li>\n<li>La<strong> <a href=\"https:\/\/sante.journaldesfemmes.fr\/fiches-maladies\/2624921-reserve-sanitaire-coronavirus-s-inscrire-salaire-missions-france-reserviste\/\" target=\"_blank\" rel=\"noopener noreferrer\">r\u00e9serve sanitaire<\/a><\/strong>\u00a0et la r\u00e9serve civique (aide alimentaire d&rsquo;urgence, garde exceptionnelle d&rsquo;enfants, lien avec les personnes fragiles isol\u00e9es, solidarit\u00e9 de proximit\u00e9)\u00a0sont\u00a0aussi mobilis\u00e9es.\u00a0<\/li>\n<\/ul>\n<h3 data-link=\"getSelectedFicIndicLabel()\" style=\"text-align: center;\">Courbe du nombre quotidien de personnes nouvellement hospitalis\u00e9es pour Covid-19\u00a0du 19\u00a0mars au 20 ao\u00fbt 2020<\/h3>\n<div style=\"text-align:center\">\n<figure class=\"image\" style=\"display:inline-block\"><a class=\"fancy\" href=\"https:\/\/img-3.journaldesfemmes.fr\/oaieQggHmSFRY-PaBcgVm1Bro2w=\/1080x\/smart\/377fc132c1e24c50bbbef7a418775f56\/ccmcms-jdf\/18056533.jpg\"><img decoding=\"async\" alt=\"Nombre quotidien de personnes nouvellement hospitalis\u00e9es pour Covid-19 du 19 mars au 20 ao\u00fbt \" src=\"https:\/\/img-3.journaldesfemmes.fr\/oaieQggHmSFRY-PaBcgVm1Bro2w=\/1080x\/smart\/377fc132c1e24c50bbbef7a418775f56\/ccmcms-jdf\/18056533.jpg\"\/><\/a><figcaption data-credit=\"G\u00e9odes\/ Sant\u00e9 publique France\" data-legend=\"Nombre quotidien de personnes nouvellement hospitalis\u00e9es pour Covid-19 du 19 mars au 20 ao\u00fbt \">Nombre quotidien de personnes nouvellement hospitalis\u00e9es pour Covid-19 du 19 mars au 20 ao\u00fbt <small>\u00a9\u00a0G\u00e9odes\/ Sant\u00e9 publique France<\/small><\/figcaption><\/figure>\n<\/div>\n<p>Selon les <a href=\"https:\/\/www.gouvernement.fr\/info-coronavirus\/carte-et-donnees\">chiffres communiqu\u00e9s par le gouvernement<\/a>, consolid\u00e9s avec l&rsquo;Agence Sant\u00e9 Publique France et\u00a0les ARS (Agences r\u00e9gionales de Sant\u00e9), voici le nombre de personnes hospitalis\u00e9es en France par r\u00e9gion, celles en r\u00e9animation et celles qui sont gu\u00e9ries et ont pu rentrer chez elles. Pour l&rsquo;instant, Sant\u00e9 Publique France\u00a0ne publie plus le nombre de cas recens\u00e9s par r\u00e9gions.<\/p>\n<table border=\"1\" cellpadding=\"1\" cellspacing=\"1\" style=\"width:100%;\">\n<caption>Nombre d&rsquo;hospitalisations et de d\u00e9c\u00e8s \u00e0 l&rsquo;h\u00f4pital \u00e0 cause du coronavirus par r\u00e9gions de France selon Sant\u00e9 publique France (au 20 ao\u00fbt 2020)<\/caption>\n<thead>\n<tr>\n<th scope=\"col\" style=\"width: 210px;\">R\u00e9gions<\/th>\n<th scope=\"col\" style=\"width: 217px;\">Personnes hospitalis\u00e9es<\/th>\n<th scope=\"col\" style=\"width: 230px;\">R\u00e9animations<\/th>\n<th scope=\"col\" style=\"width: 236px;\">Retours \u00e0 domicile<\/th>\n<th scope=\"col\" style=\"width: 236px;\">D\u00e9c\u00e8s \u00e0 l&rsquo;h\u00f4pital<\/th>\n<\/tr>\n<\/thead>\n<tbody>\n<tr>\n<td style=\"width: 210px;\"><b>\u00cele-de-France<\/b><\/td>\n<td style=\"width: 217px;\">2 485<\/td>\n<td style=\"width: 230px;\">190<\/td>\n<td style=\"width: 236px;\">30 302<\/td>\n<td style=\"width: 236px;\">7 656<\/td>\n<\/tr>\n<tr>\n<td style=\"width: 210px;\"><strong>Grand Est<\/strong><\/td>\n<td style=\"width: 217px;\">528<\/td>\n<td style=\"width: 230px;\">18<\/td>\n<td style=\"width: 236px;\">12\u00a0 979<\/td>\n<td style=\"width: 236px;\">3 642<\/td>\n<\/tr>\n<tr>\n<td style=\"width: 210px;\"><strong>Auvergne-Rh\u00f4ne-Alpes<\/strong><\/td>\n<td style=\"width: 217px;\">257<\/td>\n<td style=\"width: 230px;\">19<\/td>\n<td style=\"width: 236px;\">8 256<\/td>\n<td style=\"width: 236px;\">1 772<\/td>\n<\/tr>\n<tr>\n<td style=\"width: 210px;\"><strong>Hauts-de-France<\/strong><\/td>\n<td style=\"width: 217px;\">488<\/td>\n<td style=\"width: 230px;\">39<\/td>\n<td style=\"width: 236px;\">7 175<\/td>\n<td style=\"width: 236px;\">1 934<\/td>\n<\/tr>\n<tr>\n<td style=\"width: 210px;\"><strong>Bourgogne-Franche-Comt\u00e9<\/strong><\/td>\n<td style=\"width: 217px;\">23<\/td>\n<td style=\"width: 230px;\">4<\/td>\n<td style=\"width: 236px;\">4 096<\/td>\n<td style=\"width: 236px;\">1 064<\/td>\n<\/tr>\n<tr>\n<td style=\"width: 210px;\"><strong>Provence-Alpes-C\u00f4te d&rsquo;Azur<\/strong><\/td>\n<td style=\"width: 217px;\">351<\/td>\n<td style=\"width: 230px;\">23<\/td>\n<td style=\"width: 236px;\">6 062<\/td>\n<td style=\"width: 236px;\">981<\/td>\n<\/tr>\n<tr>\n<td style=\"width: 210px;\"><strong>Occitanie<\/strong><\/td>\n<td style=\"width: 217px;\">91<\/td>\n<td style=\"width: 230px;\">13<\/td>\n<td style=\"width: 236px;\">3 030<\/td>\n<td style=\"width: 236px;\">520<\/td>\n<\/tr>\n<tr>\n<td style=\"width: 210px;\"><strong>Bretagne<\/strong><\/td>\n<td style=\"width: 217px;\">62<\/td>\n<td style=\"width: 230px;\">4<\/td>\n<td style=\"width: 236px;\">1 372<\/td>\n<td style=\"width: 236px;\">268<\/td>\n<\/tr>\n<tr>\n<td style=\"width: 210px;\"><strong>Nouvelle-Aquitaine<\/strong><\/td>\n<td style=\"width: 217px;\">63<\/td>\n<td style=\"width: 230px;\">9<\/td>\n<td style=\"width: 236px;\">2 301<\/td>\n<td style=\"width: 236px;\">430<\/td>\n<\/tr>\n<tr>\n<td style=\"width: 210px;\"><strong><a href=\"http:\/\/www.affinite.fr\/index.php\/2024\/11\/21\/construire-votre-maison-en-normandie\/\">Normandie<\/a><\/strong><\/td>\n<td style=\"width: 217px;\">74<\/td>\n<td style=\"width: 230px;\">1<\/td>\n<td style=\"width: 236px;\">1 878<\/td>\n<td style=\"width: 236px;\">447<\/td>\n<\/tr>\n<tr>\n<td style=\"width: 210px;\"><strong>Centre Val-de-Loire<\/strong><\/td>\n<td style=\"width: 217px;\">59<\/td>\n<td style=\"width: 230px;\">5<\/td>\n<td style=\"width: 236px;\">2 363<\/td>\n<td style=\"width: 236px;\">570<\/td>\n<\/tr>\n<tr>\n<td style=\"width: 210px;\"><strong>Pays de la Loire<\/strong><\/td>\n<td style=\"width: 217px;\">99<\/td>\n<td style=\"width: 230px;\">11<\/td>\n<td style=\"width: 236px;\">2 358<\/td>\n<td style=\"width: 236px;\">487<\/td>\n<\/tr>\n<tr>\n<td style=\"width: 210px;\"><strong>Corse<\/strong><\/td>\n<td style=\"width: 217px;\">4<\/td>\n<td style=\"width: 230px;\">0<\/td>\n<td style=\"width: 236px;\">256<\/td>\n<td style=\"width: 236px;\">59<\/td>\n<\/tr>\n<tr>\n<td style=\"width: 210px;\"><strong>Martinique<\/strong><\/td>\n<td style=\"width: 217px;\">4<\/td>\n<td style=\"width: 230px;\">1<\/td>\n<td style=\"width: 236px;\">99<\/td>\n<td style=\"width: 236px;\">17<\/td>\n<\/tr>\n<tr>\n<td style=\"width: 210px;\"><strong>Guadeloupe<\/strong><\/td>\n<td style=\"width: 217px;\">10<\/td>\n<td style=\"width: 230px;\">5<\/td>\n<td style=\"width: 236px;\">88<\/td>\n<td style=\"width: 236px;\">19<\/td>\n<\/tr>\n<tr>\n<td style=\"width: 210px;\"><strong>La R\u00e9union<\/strong><\/td>\n<td style=\"width: 217px;\">38<\/td>\n<td style=\"width: 230px;\">9<\/td>\n<td style=\"width: 236px;\">187<\/td>\n<td style=\"width: 236px;\">5<\/td>\n<\/tr>\n<tr>\n<td style=\"width: 210px;\"><strong>Guyane<\/strong><\/td>\n<td style=\"width: 217px;\">88<\/td>\n<td style=\"width: 230px;\">15<\/td>\n<td style=\"width: 236px;\">1 376<\/td>\n<td style=\"width: 236px;\">50<\/td>\n<\/tr>\n<tr>\n<td style=\"width: 210px;\"><strong>Mayotte<\/strong><\/td>\n<td style=\"width: 217px;\">7<\/td>\n<td style=\"width: 230px;\">2<\/td>\n<td style=\"width: 236px;\">437<\/td>\n<td style=\"width: 236px;\">28<\/td>\n<\/tr>\n<tr>\n<td style=\"width: 210px;\"><strong>TOTAL<\/strong><\/td>\n<td style=\"width: 217px;\"><b>4 723<\/b><\/td>\n<td style=\"width: 230px;\"><b>368<\/b><\/td>\n<td style=\"width: 236px;\"><b>84 615<\/b><\/td>\n<td style=\"width: 236px;\"><strong>19 949<\/strong><\/td>\n<\/tr>\n<\/tbody>\n<\/table>\n<blockquote>\n<p style=\"text-align: right;\">\u00a0<\/p>\n<\/blockquote>\n<p>Le premier d\u00e9c\u00e8s du coronavirus est survenu \u00e0 Paris le 14\u00a0f\u00e9vrier, il s&rsquo;agissait d&rsquo;un\u00a0patient chinois de 80\u00a0ans<strong>.<\/strong> Au 19\u00a0ao\u00fbt 2020,<strong>\u00a030 541\u00a0personnes sont d\u00e9c\u00e9d\u00e9es\u00a0en France<\/strong>, dont\u00a019\u00a0940 personnes au sein des \u00e9tablissements hospitaliers et 10\u00a0511 en \u00e9tablissements sociaux et m\u00e9dico-sociaux (ESMS). N\u00e9anmoins, le nouveau coronavirus aurait caus\u00e9 <strong>entre 25\u00a0000\u00a0et 30\u00a0000\u00a0d\u00e9c\u00e8s suppl\u00e9mentaires en France entre le 2 mars et le 31 mai<\/strong>, selon une synth\u00e8se publi\u00e9e par\u00a0<a href=\"https:\/\/www.santepubliquefrance.fr\/les-actualites\/2020\/mortalite-en-france-d-ou-viennent-les-chiffres\" target=\"_blank\" rel=\"noopener noreferrer\">Sant\u00e9 Publique France<\/a>\u00a0le 23 juillet.<em> \u00ab\u00a0Parmi les 25\u00a0030\u00a0d\u00e9c\u00e8s en exc\u00e8s toutes causes confondues, 23\u00a0400\u00a0personnes d\u00e9c\u00e9d\u00e9es \u00e9taient \u00e2g\u00e9es de 65\u00a0ans ou plus et 1\u00a0510\u00a0personnes \u00e9taient \u00e2g\u00e9es de 15-64\u00a0ans. Dans cette derni\u00e8re classe d&rsquo;\u00e2ges, ce sont les personnes de 45-64\u00a0ans qui ont \u00e9t\u00e9 touch\u00e9es. Inversement, la mortalit\u00e9 chez les enfants de moins de 15\u00a0ans a diminu\u00e9 de 14% sur la p\u00e9riode au niveau national\u00a0\u00bb<\/em> explique Anne Fouillet, responsable de la surveillance de la mortalit\u00e9 \u00e0 la Direction Appui, Traitements et Analyses des donn\u00e9es (DATA) de Sant\u00e9 publique France.<\/p>\n<p>\u2022 La proportion de d\u00e9c\u00e8s<strong> en exc\u00e8s chez les hommes<\/strong> \u00e9tait sup\u00e9rieure \u00e0 celle des femmes.<\/p>\n<p>\u2022 D&rsquo;apr\u00e8s l&rsquo;ECDC (Centre europ\u00e9en de surveillance et de pr\u00e9vention des maladies infectieuses) pour la zone de l&rsquo;Union Europ\u00e9enne et du Royaume-Uni, <strong>la France est le 6e pays ayant d\u00e9clar\u00e9 le plus grand nombre de d\u00e9c\u00e8s <\/strong>associ\u00e9s \u00e0 la COVID-19\u00a0pour 100\u00a0000\u00a0habitants depuis le d\u00e9but de l&rsquo;\u00e9pid\u00e9mie, apr\u00e8s la Belgique, le Royaume-Uni, l&rsquo;Espagne, l&rsquo;Italie et la Su\u00e8de.<\/p>\n<p>\u2022 <strong>L&rsquo;Ile-de-France est la r\u00e9gion qui a \u00e9t\u00e9 la plus impact\u00e9e<\/strong> (+64% par rapport \u00e0 la mortalit\u00e9 attendue), suivie du Grand-Est (+37%) et en particulier les d\u00e9partements du Bas-Rhin, du Haut-Rhin et de la Moselle.\u00a0En Ile-de-France, aussi bien les personnes de 15-44\u00a0ans que celles de 45-64\u00a0ans ont \u00e9t\u00e9 concern\u00e9es par un exc\u00e8s de d\u00e9c\u00e8s.<\/p>\n<h3>Courbe d&rsquo;\u00e9volution du nombre quotidien de personnes nouvellement d\u00e9c\u00e9d\u00e9es pour Covid-19 \u00e0 l&rsquo;h\u00f4pital en France<\/h3>\n<div style=\"text-align:center\">\n<figure class=\"image\" style=\"display:inline-block\"><a class=\"fancy\" href=\"https:\/\/img-3.journaldesfemmes.fr\/Oi5LlPYTqUmzYaLEgnO5M6JVn2A=\/1080x\/smart\/a6e59f574ae64cfaab5c5650eb79afec\/ccmcms-jdf\/18056459.jpg\"><img decoding=\"async\" alt=\"Nombre quotidien de personnes nouvellement d\u00e9c\u00e9d\u00e9es pour covid-19\" src=\"https:\/\/img-3.journaldesfemmes.fr\/Oi5LlPYTqUmzYaLEgnO5M6JVn2A=\/1080x\/smart\/a6e59f574ae64cfaab5c5650eb79afec\/ccmcms-jdf\/18056459.jpg\"\/><\/a><figcaption data-credit=\"G\u00e9od\u00e8s\/ Sant\u00e9 publique France\" data-legend=\"Nombre quotidien de personnes nouvellement d\u00e9c\u00e9d\u00e9es pour covid-19\">Nombre quotidien de personnes nouvellement d\u00e9c\u00e9d\u00e9es pour covid-19 <small>\u00a9\u00a0G\u00e9od\u00e8s\/ Sant\u00e9 publique France<\/small><\/figcaption><\/figure>\n<\/div>\n<h3>Carte des d\u00e9c\u00e8s en France<\/h3>\n<p><iframe loading=\"lazy\" height=\"600\" src=\"https:\/\/geodes.santepubliquefrance.fr\/?view=map2&amp;indics=covid_hospit.dc&amp;serie=2020-04-28&amp;f1code=0&amp;lang=fr&amp;iframe=1\" width=\"600\"><\/iframe><\/p>\n<p>Qui\u00a0est le plus touch\u00e9 par cette pand\u00e9mie\u00a0?\u00a0Qui en meurt le plus\u00a0? A quel \u00e2ge\u00a0? Les plus de 60\u00a0ans ou les personnes plus jeunes\u00a0? Les enfants sont-ils touch\u00e9s\u00a0? Pour pouvoir\u00a0<a href=\"https:\/\/sante.journaldesfemmes.fr\/fiches-maladies\/2619739-gestes-barrieres-covid-19-restaurant-magasin-masque-obligatoire-distanciation-sociale-affiche\/\" target=\"_blank\" rel=\"noopener noreferrer\">mieux se prot\u00e9ger<\/a>, il est important de conna\u00eetre\u00a0<strong>le profil des personnes \u00e0 risque<\/strong>.\u00a0\u00c2ge, sexe, facteurs de risque, comorbidit\u00e9s&#8230; Portrait-robot des victimes du Covid-19.<\/p>\n<p><a id=\"depistage-coronavirus-france\" name=\"depistage-coronavirus-france\" style=\"font-size: 1.125rem; background-color: rgb(255, 255, 255);\">O\u00f9 se faire d\u00e9pister du Covid-19 ?<\/a><\/p>\n<p>D\u00e9tecter le coronavirus permet de suivre l&rsquo;\u00e9volution de l&rsquo;\u00e9pid\u00e9mie dans le pays et la circulation du virus particuli\u00e8rement depuis le d\u00e9confinement. Le 25 juillet, le ministre de la Sant\u00e9, Olivier V\u00e9ran, a annonc\u00e9 que les<strong> tests PCR \u00e9taient possibles pour tous les Fran\u00e7ais, sans ordonnance <\/strong>du m\u00e9decin, sans qu&rsquo;ils pr\u00e9sentent des sympt\u00f4mes et rembours\u00e9s \u00e0 100%. Le d\u00e9pistage peut aussi se faire sans ordonnance pour les cas contacts lors de la d\u00e9couverte de cluster, ou lors de campagnes de d\u00e9pistages organis\u00e9es gratuitement par les villes.\u00a0Le 17 ao\u00fbt, l&rsquo;Agence r\u00e9gionale de Sant\u00e9 (ARS) de l&rsquo;\u00cele-de-France lance<strong>\u00a0une plateforme de d\u00e9pistage<\/strong> dans la r\u00e9gion pour faciliter et acc\u00e9l\u00e9rer les d\u00e9pistages. Cet outil est d\u00e9di\u00e9 aux m\u00e9decins\u00a0qui pourront appeler la plateforme t\u00e9l\u00e9phonique, \u00eatre rapidement mis en relation avec des laboratoires et\u00a0<strong>orienter en 24\u00a0heures les patients pr\u00e9sentant des sympt\u00f4mes \u00e9vocateurs<\/strong> du Covid-19\u00a0vers un centre de d\u00e9pistage. Au 19 ao\u00fbt, le taux de positivit\u00e9 des tests\u00a0est de<strong> 3.1%<\/strong>, en forte augmentation (+42%) par rapport \u00e0 la semaine pr\u00e9c\u00e9dente.\u00a0En semaine 33 (du 10 au 16 ao\u00fbt), <strong>547\u00a0867\u00a0personnes ont \u00e9t\u00e9 test\u00e9es<\/strong> par test RT-PCR. 12\u00a0293\u00a0ont eu lieu dans les a\u00e9roports d&rsquo;\u00cele-de-France. Parmi les personnes test\u00e9es, 16\u00a0747\u00a0se sont av\u00e9r\u00e9es positives. Ce nombre est en augmentation de 43% par rapport \u00e0 la semaine pr\u00e9c\u00e9dente. Le taux de d\u00e9pistage (nombre de personnes test\u00e9es rapport\u00e9 \u00e0 la population) hebdomadaire est de <strong>816\/100\u00a0000\u00a0habitants<\/strong>. Dans son communiqu\u00e9 dat\u00e9 du lundi 17\u00a0ao\u00fbt, la DGS\u00a0indique que \u00ab\u00a0<i>pr\u00e8s de la moiti\u00e9 des personnes pour lesquelles le test RT-PCR s&rsquo;est av\u00e9r\u00e9 positif ne pr\u00e9sentaient aucun sympt\u00f4me\u00a0et \u00e9taient donc susceptibles de transmettre le COVID \u00e0 leurs contacts proches.<\/i>\u00ab\u00a0<\/p>\n<p>Dans\u00a0<a href=\"https:\/\/www.santepubliquefrance.fr\/maladies-et-traumatismes\/maladies-et-infections-respiratoires\/infection-a-coronavirus\/documents\/bulletin-national\/covid-19-point-epidemiologique-du-20-aout-2020\" target=\"_blank\" rel=\"noopener noreferrer\">son bulletin national du 20\u00a0ao\u00fbt<\/a>, Sant\u00e9 publique France indique que le nombre total de clusters signal\u00e9s au 18\u00a0ao\u00fbt est de 892, dont <strong>140\u00a0signal\u00e9s dans la semaine du 10\u00a0au 16\u00a0ao\u00fbt<\/strong>. Parmi le nombre total de clusters, un tiers (soit 272) est en cours d&rsquo;investigation, dont 64\u00a0en criticit\u00e9 \u00e9lev\u00e9 (potentiel de transmission, crit\u00e8res de gravit\u00e9s \u00e9lev\u00e9s); 8.6% sont ma\u00eetris\u00e9s, <strong>60% sont cl\u00f4tur\u00e9s<\/strong> et 0.3% ont impliqu\u00e9 une diffusion communautaire. Parmi les 892\u00a0clusters, le milieu familial \u00e9largi (plusieurs foyers) et les \u00e9v\u00e9nements publics\/priv\u00e9s rassemblant de mani\u00e8re temporaire des personnes restent parmi les types de collectivit\u00e9s les plus repr\u00e9sent\u00e9s (25%), avec les \u00e9tablissements de sant\u00e9 (ES) (14%) et les entreprises hors ES (26%). En Ehpad,\u00a0le nombre hebdomadaire de nouveaux clusters \u00e9tait en augmentation avec 18\u00a0nouveaux foyers en S33\u00a0(pour une moyenne hebdomadaire de 5\u00a0clusters lors des 4\u00a0semaines pr\u00e9c\u00e9dentes). Sur les <strong>149\u00a0clusters d\u00e9tect\u00e9s en Ehpad<\/strong>, 19,5% \u00e9taient en cours d&rsquo;investigation, 2,7% ma\u00eetris\u00e9s, 77,9% cl\u00f4tur\u00e9s et aucun cluster n&rsquo;avait diffus\u00e9. La majorit\u00e9 (66%) comportait plus de 5\u00a0cas (12\u00a0en moyenne par cluster).<\/p>\n<table align=\"center\" border=\"1\" cellpadding=\"1\" cellspacing=\"1\">\n<caption>Nombre de clusters en France, r\u00e9partition selon leur statut au 18\u00a0ao\u00fbt<\/caption>\n<tbody>\n<tr>\n<td>Nombre total de clusters signal\u00e9s<\/td>\n<td>892<\/td>\n<\/tr>\n<tr>\n<td>Pourcentage de clusters cl\u00f4tur\u00e9s<\/td>\n<td>60.4%<\/td>\n<\/tr>\n<tr>\n<td>Pourcentage de clusters en cours d&rsquo;investigation<\/td>\n<td>30.5%<\/td>\n<\/tr>\n<tr>\n<td>Pourcentage de clusters ma\u00eetris\u00e9s<\/td>\n<td>8.6%<\/td>\n<\/tr>\n<tr>\n<td>Pourcentage de clusters avec \u00ab\u00a0diffusion communautaire\u00a0\u00bb<\/td>\n<td>0.3%<\/td>\n<\/tr>\n<\/tbody>\n<\/table>\n<p><a id=\"coronavirus-gestes-barriere-hygiene-mains-masques-proteger-gel-hydro-alcoolique-distance-sociale\" name=\"coronavirus-gestes-barriere-hygiene-mains-masques-proteger-gel-hydro-alcoolique-distance-sociale\" style=\"font-size: 1.125rem; background-color: rgb(255, 255, 255);\" target=\"_blank\" rel=\"noopener noreferrer\">Quels sont les gestes barri\u00e8res ?<\/a><\/p>\n<p>Comme il n&rsquo;y a ni vaccin, ni m\u00e9dicament efficace contre le coronavirus, <a href=\"https:\/\/sante.journaldesfemmes.fr\/fiches-maladies\/2619739-gestes-barrieres-covid-19-restaurant-magasin-masque-obligatoire-distanciation-sociale-affiche\/\" target=\"_blank\" rel=\"noopener noreferrer\">le meilleur moyen de s&rsquo;en prot\u00e9ger<\/a>\u00a0&#8211; surtout depuis le d\u00e9confinement et pour pr\u00e9venir une deuxi\u00e8me vague- est l&rsquo;application de mesures barri\u00e8re :\u00a0respect de la distanciation physique minimale d&rsquo;un m\u00e8tre,\u00a0r\u00e9duction du nombre de nos contacts doivent \u00eatre respect\u00e9s par tous et port du masque obligatoire dans les lieux publics ferm\u00e9s (banques, commerces&#8230;) \u00e0 partir de 11 ans et en ext\u00e9rieur dans certaines villes. Les <strong>personnes \u00e2g\u00e9es ou atteintes de pathologies chroniques (atteintes respiratoire, cardiaque, ob\u00e9sit\u00e9, diab\u00e8te\u2026) <\/strong>consid\u00e9r\u00e9es comme des facteurs de risque de d\u00e9velopper une forme grave de la maladie sont appel\u00e9es \u00e0 la plus<strong> grande prudence <\/strong>tant que le virus circule.<\/p>\n<div class=\"ccminsert\">\n<aside class=\"app_widget_fo app_widget_fo--call\">\n<ul>\n<li>\n                <a href=\"https:\/\/sante.journaldesfemmes.fr\/fiches-maladies\/2651345-masque-obligatoire-coronavirus-covid-liste-villes-france-carte-paris-lyon-nice-toulon-boulogne-entreprise-open-space-affiche\/\" class=\"jGTMWidgetGAEventClick\" data-gtmwidgetgaeventaction=\"clickWidgetCall\" data-gtmwidgetgaeventlabel=\"Masque obligatoire\u00a0: en entreprise, en ville, \u00e0 Paris, Lyon, Nice...\"><\/p>\n<figure><picture><source media=\"(max-width: 480px)\" srcset=\"https:\/\/img-3.journaldesfemmes.fr\/LRKzocZrZ1pUW0NROpAwIQoRwGE=\/160x105\/smart\/9d5dec2b9c6c4beeaea1763a9544f017\/ccmcms-jdf\/18035790.jpg\"><img decoding=\"async\" src=\"https:\/\/img-3.journaldesfemmes.fr\/2H-q1x4s1SRVDGwaiWW-3xfcpcg=\/200x132\/smart\/9d5dec2b9c6c4beeaea1763a9544f017\/ccmcms-jdf\/18035790.jpg\" alt=\"\"\/><\/source><\/picture><figcaption>\n<h3>Masque obligatoire\u00a0: en entreprise, en ville, \u00e0 Paris, Lyon, Nice&#8230;<\/h3>\n<p>Le masque est obligatoire au restaurant, dans les magasins&#8230; et dans les rues de nombreuses villes de France, comme Nice, Toulouse ou Paris. A partir du 1er septembre, il sera \u00e9galement obligatoire en entreprise, y compris en open-space. Liste des villes o\u00f9 il faut absolument le porter, \u00e2ge, sanctions, affiches et logo.<\/p>\n<\/figcaption><\/figure>\n<p><\/a>\n            <\/li>\n<\/ul>\n<\/aside>\n<\/div>\n<p><a id=\"symptome-coronavirus-que-faire\" name=\"symptome-coronavirus-que-faire\" style=\"font-size: 1.125rem; background-color: rgb(255, 255, 255); font-family: Raleway, sans-serif;\" target=\"_blank\" rel=\"noopener noreferrer\">Sympt\u00f4mes\u00a0:\u00a0que faire\u00a0?<\/a><\/p>\n<p>Si au d\u00e9but, on ne parlait que de fi\u00e8vre, toux s\u00e8che, rhume, \u00e9tat grippal et de fatigue, les sympt\u00f4mes de l&rsquo;infection par le coronavirus ont \u00e9volu\u00e9. On sait d\u00e9sormais que le virus peut avoir des effets sur la peau, la sph\u00e8re digestive, l&rsquo;odorat, le go\u00fbt et m\u00eame le cerveau. Sant\u00e9 Publique France a indiqu\u00e9 le 8\u00a0juillet\u00a0que pr\u00e8s d&rsquo;<strong>un quart des infections par le SARS-CoV-2\u00a0restent asymptomatiques<\/strong> et qu&rsquo;<strong>environ\u00a050\u00a0% des transmissions surviennent durant la phase pr\u00e9-symptomatique du patient source<\/strong>. Dans une\u00a0<a href=\"https:\/\/www.sciencedaily.com\/releases\/2020\/08\/200813142320.htm\" target=\"_blank\" rel=\"noopener noreferrer\">\u00e9tude publi\u00e9e le 13\u00a0ao\u00fbt 2020<\/a> dans la revue <em>Science Daily<\/em>, des chercheurs de l&rsquo;Universit\u00e9 de la Californie du Sud (USC) ont tent\u00e9 de d\u00e9finir<strong> l&rsquo;ordre probable d&rsquo;apparition des sympt\u00f4mes<\/strong> du Covid-19\u00a0: <strong>en premier, une fi\u00e8vre, une toux<\/strong>, puis des douleurs musculaires, des naus\u00e9es et\/ou des vomissements et enfin, des diarrh\u00e9es. Pour parvenir \u00e0 leurs r\u00e9sultats, ils\u00a0se sont concentr\u00e9s sur les sympt\u00f4mes les plus objectifs (toux, fi\u00e8vre&#8230;) et ont exclu les sympt\u00f4mes plus subjectifs comme les effets neurologiques ou la perte d&rsquo;odorat.\u00a0\u00ab\u00a0<em>Conna\u00eetre l&rsquo;ordre des sympt\u00f4mes du COVID-19\u00a0peut aider les patients \u00e0 se faire soigner rapidement ou \u00e0 d\u00e9cider le plus t\u00f4t possible de s&rsquo;auto-isoler.\u00a0Cela peut \u00e9galement aider les m\u00e9decins \u00e0 exclure d&rsquo;autres maladies<\/em>\u00ab\u00a0, expliquent les chercheurs.\u00a0<\/p>\n<p><strong>D\u00e8s les premiers signes \u00e9vocateurs de la maladie COVID-19,<\/strong> consultez votre <strong>m\u00e9decin <\/strong>traitant ou un m\u00e9decin de permanence afin qu&rsquo;il puisse vous prescrire un <a href=\"https:\/\/sante.journaldesfemmes.fr\/fiches-maladies\/2623965-coronavirus-test-pcr-nasal-serologique-gratuit-prix-salivaire-rapide-resultats-ordonnance-pharmacie-ars-ile-de-france\/\" target=\"_blank\" rel=\"noopener noreferrer\">test de recherche du virus<\/a> (PCR) et <strong>respectez scrupuleusement l&rsquo;isolement<\/strong>.<em>\u00a0\u00ab\u00a0Les capacit\u00e9s de tests virologiques pour rechercher le virus de la maladie COVID-19\u00a0sont disponibles sur tout le territoire.\u00a0Tout est fait pour tester rapidement, tracer les personnes contacts, isoler les porteurs du virus et <strong>mettre en quatorzaine leurs personnes contacts<\/strong>, prendre en charge de fa\u00e7on optimale les personnes malades\u00a0\u00bb <\/em>a<em>\u00a0<\/em>rappel\u00e9\u00a0le minist\u00e8re de la Sant\u00e9 dans un\u00a0<a href=\"https:\/\/solidarites-sante.gouv.fr\/actualites\/presse\/communiques-de-presse\/article\/communique-de-presse-du-11-mai-2020-429447\" target=\"_blank\" rel=\"noopener noreferrer\">communiqu\u00e9 du 11 mai<\/a>.<\/p>\n<ul>\n<li><strong>Si vous pr\u00e9sentez des\u00a0sympt\u00f4mes (toux, fi\u00e8vre, mal de t\u00eate) : <\/strong>\u00e9viter les contacts, rester \u00e0 domicile, prenez du parac\u00e9tamol si besoin, appeler un m\u00e9decin pour prendre rendez-vous dans l&rsquo;\u00e9ventualit\u00e9 qu&rsquo;il vous fasse passer un test de d\u00e9pistage.\u00a0<\/li>\n<li><strong>Appeler le\u00a015 en cas de\u00a0difficult\u00e9s respiratoires : \u00ab\u00a0<\/strong><em>Si cette toux et cette fi\u00e8vre s&rsquo;accompagnent d&rsquo;une g\u00eane respiratoire qui devient permanente avec souffle court, difficult\u00e9 \u00e0 inspirer et \u00e0 expirer, d&rsquo;une aggravation importante de la toux, cela peut signifier une \u00e9volution de la maladie sous la forme d&rsquo;une pneumopathie. Il s&rsquo;agit alors d&rsquo;une urgence respiratoire potentielle et comme dans tous les cas d&rsquo;urgence, il faut alors appeler le 15\u00a0qui prendra les meilleures dispositions pour r\u00e9pondre \u00e0 la situation\u00a0\u00bb, <\/em>pr\u00e9vient le Dr\u00a0Patrick Aub\u00e9, m\u00e9decin g\u00e9n\u00e9raliste.<\/li>\n<\/ul>\n<p>Au niveau international, l&rsquo;\u00e9pid\u00e9mie est <strong>intense dans de nombreux pays des Am\u00e9riques<\/strong> (Etats-Unis, Br\u00e9sil, Mexique, Colombie, P\u00e9rou, Argentine), en<strong> Asie du Sud-Est<\/strong> (Inde, Bangladesh, Philippines), <strong>Asie Centrale<\/strong> (Kirghizistan), M\u00e9diterran\u00e9e orientale (Iran, Qatar, Oman, Kowe\u00eft)\u00a0et en Afrique du Sud. Une augmentation des cas a \u00e9t\u00e9 rapport\u00e9e au Maroc et en Alg\u00e9rie et le Japon fait face \u00e0 une forte recrudescence de cas. L&rsquo;Am\u00e9rique latine et les Cara\u00efbes sont devenues le 7 ao\u00fbt la r\u00e9gion du monde la plus endeuill\u00e9e apr\u00e8s l&rsquo;Europe.. En Europe, l&rsquo;\u00e9pid\u00e9mie reste active dans certains pays d&rsquo;Europe de l&rsquo;Est (Roumanie, Bulgarie) et des Balkans. Une <strong>tendance \u00e0 la hausse <\/strong>du taux d&rsquo;incidence des cas confirm\u00e9s de COVID-19 est observ\u00e9e en <strong>Belgique, R\u00e9publique Tch\u00e8que, Allemagne, Espagne et Luxembourg<\/strong>. <strong>Les autorit\u00e9s sanitaires espagnoles reconnaissent le 11\u00a0ao\u00fbt ne plus parvenir \u00e0 contr\u00f4ler \u00ab\u00a0parfaitement\u00a0\u00bb l&rsquo;\u00e9pid\u00e9mie<\/strong> de Covid-19. L&rsquo;Espagne\u00a0enregistre depuis les deux derni\u00e8res semaines la plus forte progression de cas d\u00e9tect\u00e9s en Europe occidentale. La r\u00e9gion de l&rsquo;Aragon conna\u00eet un rebond de Covid-19\u00a0et cette r\u00e9gion d&rsquo;Espagne, une des plus touch\u00e9es d&rsquo;Europe, renoue avec l&rsquo;afflux de malades et, bient\u00f4t, un h\u00f4pital de campagne, indique\u00a0Jos\u00e9 Ramon Pa\u00f1o, sp\u00e9cialiste des maladies infectieuses \u00e0 l&rsquo;h\u00f4pital universitaire de Saragosse le 12 ao\u00fbt. Par ailleurs, le gouvernement espagnol a annonc\u00e9 le 14 ao\u00fbt la<strong> fermeture des discoth\u00e8ques et l&rsquo;interdiction\u00a0de fumer sans une distance de s\u00e9curit\u00e9 d&rsquo;au moins 2\u00a0m\u00e8tres <\/strong>dans le pays, pour face \u00e0 la r\u00e9surgence des cas.\u00a0Le Royaume-Uni a annonc\u00e9 imposer une quarantaine au retour dans le pays.\u00a0<strong>En Belgique le port du masque devient obligatoire dans l&rsquo;espace public<\/strong> \u00e0 compter du 12 ao\u00fbt dans les 19\u00a0communes de la r\u00e9gion de Bruxelles, a annonc\u00e9 le gouvernement r\u00e9gional, le\u00a0seuil de 50\u00a0contaminations quotidiennes pour 100.000\u00a0habitants \u00e9tant\u00a0d\u00e9pass\u00e9. Depuis le mois de juin, des foyers de cas sont rapport\u00e9s dans plusieurs pays europ\u00e9ens. En plus des foyers de cas rapport\u00e9s dans des contextes sp\u00e9cifiques (secteurs industriels ou agricoles) on observe une recrudescence de cas dans certains pays <strong>parmi les jeunes adultes.\u00a0<\/strong><\/p>\n<ul>\n<li>En Espagne, une augmentation de l&rsquo;incidence a \u00e9t\u00e9 rapport\u00e9e dans toutes les classes d&rsquo;\u00e2ge mais elle est plus importante parmi les 15-29\u00a0ans.<\/li>\n<li>En Belgique, une augmentation des nouvelles infections a \u00e9t\u00e9 rapport\u00e9e, le taux d&rsquo;incidence le plus \u00e9lev\u00e9 est rapport\u00e9 parmi les 20-29\u00a0ans. Au 12 ao\u00fbt, le\u00a0seuil de 50\u00a0contaminations quotidiennes pour 100.000\u00a0habitants a \u00e9t\u00e9 d\u00e9pass\u00e9.<\/li>\n<li>En Allemagne, une augmentation du nombre de cas a \u00e9galement \u00e9t\u00e9 rapport\u00e9e, et des rassemblements familiaux sont \u00e0 l&rsquo;origine de certaines augmentations localis\u00e9es.\u00a0<\/li>\n<li>En Italie, \u00a0les infections \u00e0 coronavirus augmentent avec une majorit\u00e9 de cas dans le Nord du pays et<br \/>une moyenne d&rsquo;\u00e2ge de 38\u00a0ans.\u00a0<\/li>\n<\/ul>\n<p>Les pays qui observent une augmentation de cas r\u00e9tablissent progressivement et localement les mesures restrictives (distanciation physique, contact tracing). <strong>Des contr\u00f4les aux fronti\u00e8res ont de nouveau \u00e9t\u00e9 mis en place<\/strong> dans de nombreux pays (Belgique, Espagne, Italie, Allemagne, Autriche), ces mesures diff\u00e8rent d&rsquo;un pays \u00e0 l&rsquo;autre en fonction des crit\u00e8res \u00e9pid\u00e9miologiques utilis\u00e9s.\u00a0<\/p>\n<h3 style=\"text-align: center;\">R\u00e9partition des cas de Covid-19\u00a0dans le monde par continent au 6 ao\u00fbt 2020<\/h3>\n<div style=\"text-align:center\">\n<figure class=\"image\" style=\"display:inline-block\"><a class=\"fancy\" href=\"https:\/\/img-3.journaldesfemmes.fr\/ASk4shnwQoVoondIcKL9D8sJm4c=\/1080x\/smart\/0a1f4f422497412aaf28a059902999d9\/ccmcms-jdf\/17692279.jpg\"><img decoding=\"async\" alt=\"courbe \u00e9volution coronavirus monde \" src=\"https:\/\/img-3.journaldesfemmes.fr\/ASk4shnwQoVoondIcKL9D8sJm4c=\/1080x\/smart\/0a1f4f422497412aaf28a059902999d9\/ccmcms-jdf\/17692279.jpg\"\/><\/a><figcaption data-credit=\"Ecdc.europa.eu\" data-legend=\"R\u00e9partition des cas de Covid-19 dans le monde par continent au 6 ao\u00fbt 2020\">R\u00e9partition des cas de Covid-19 dans le monde par continent au 6 ao\u00fbt 2020 <small>\u00a9\u00a0Ecdc.europa.eu<\/small><\/figcaption><\/figure>\n<\/div>\n<p>Une <strong>carte interactive<\/strong> montrant l&rsquo;\u00e9volution de l&rsquo;\u00e9pid\u00e9mie de coronavirus dans le monde<strong> en temps r\u00e9el<\/strong> a \u00e9t\u00e9 mise au point par l&rsquo;\u00e9diteur de cartographie en ligne\u00a0HERE Technologies. Bas\u00e9e sur des donn\u00e9es du Center for Systems Science and Engineering (CSSE) de l&rsquo;Universit\u00e9 Johns Hopkins et de DXY, cette carte permet de suivre<strong> la progression du nombre de personnes infect\u00e9es<\/strong>\u00a0rapport\u00e9es par les agences gouvernementales, ainsi que <strong>le nombre de d\u00e9c\u00e8s<\/strong>.<\/p>\n<p><iframe loading=\"lazy\" frameborder=\"0\" height=\"600\" src=\"https:\/\/developer.here.com\/coronavirus\/\" title=\"Suivi du coronavirus COVID-19\" width=\"780\"><\/iframe><\/p>\n<h3><a id=\"mort-coronavirus-monde-chiffres-tableau\" name=\"mort-coronavirus-monde-chiffres-tableau\">Combien de d\u00e9c\u00e8s \u00e0 cause du coronavirus dans le monde ?<\/a><\/h3>\n<table border=\"1\" cellpadding=\"1\" cellspacing=\"1\" style=\"width:80%;\">\n<caption>\n<p style=\"text-align: center;\">NOMBRE DE MORTS DU CORONAVIRUS DANS LES 30\u00a0PAYS LES PLUS TOUCHES. Vendredi 21 ao\u00fbt \u00e0 12h19<\/p>\n<\/caption>\n<thead>\n<tr>\n<th scope=\"col\" style=\"width: 477px;\">PAYS<\/th>\n<th scope=\"col\" style=\"width: 319px;\">NOMBRE DE MORTS<\/th>\n<\/tr>\n<\/thead>\n<tbody>\n<tr>\n<td style=\"width: 477px;\"><b>Etats-Unis<\/b><\/td>\n<td style=\"width: 319px;\">174 283<\/td>\n<\/tr>\n<tr>\n<td style=\"width: 477px;\"><strong>Br\u00e9sil<\/strong><\/td>\n<td style=\"width: 319px;\">112 304<\/td>\n<\/tr>\n<tr>\n<td style=\"width: 477px;\"><strong>Mexique<\/strong><\/td>\n<td style=\"width: 319px;\">59 106<\/td>\n<\/tr>\n<tr>\n<td style=\"width: 477px;\"><strong>Inde<\/strong><\/td>\n<td style=\"width: 319px;\">54 849<\/td>\n<\/tr>\n<tr>\n<td style=\"width: 477px;\"><strong>Royaume-Uni<\/strong><\/td>\n<td style=\"width: 319px;\">41 489<\/td>\n<\/tr>\n<tr>\n<td style=\"width: 477px;\"><strong>Italie<\/strong><\/td>\n<td style=\"width: 319px;\">35 418<\/td>\n<\/tr>\n<tr>\n<td style=\"width: 477px;\"><strong>France<\/strong><\/td>\n<td style=\"width: 319px;\">30 434<\/td>\n<\/tr>\n<tr>\n<td style=\"width: 477px;\"><strong>Espagne<\/strong><\/td>\n<td style=\"width: 319px;\">28 813<\/td>\n<\/tr>\n<tr>\n<td style=\"width: 477px;\"><strong>P\u00e9rou<\/strong><\/td>\n<td style=\"width: 319px;\">26 834<\/td>\n<\/tr>\n<tr>\n<td style=\"width: 477px;\"><strong>Iran<\/strong><\/td>\n<td style=\"width: 319px;\">20 264<\/td>\n<\/tr>\n<tr>\n<td style=\"width: 477px;\"><strong>Colombie<\/strong><\/td>\n<td style=\"width: 319px;\">16 183<\/td>\n<\/tr>\n<tr>\n<td style=\"width: 477px;\"><strong>Russie<\/strong><\/td>\n<td style=\"width: 319px;\">16 058<\/td>\n<\/tr>\n<tr>\n<td style=\"width: 477px;\"><strong>Afrique du Sud<\/strong><\/td>\n<td style=\"width: 319px;\">12 618<\/td>\n<\/tr>\n<tr>\n<td style=\"width: 477px;\"><strong>Chili<\/strong><\/td>\n<td style=\"width: 319px;\">10 671<\/td>\n<\/tr>\n<tr>\n<td style=\"width: 477px;\"><b>Belgique<\/b><\/td>\n<td style=\"width: 319px;\">9 976<\/td>\n<\/tr>\n<tr>\n<td style=\"width: 477px;\"><strong>Allemagne<\/strong><\/td>\n<td style=\"width: 319px;\">9 265<\/td>\n<\/tr>\n<tr>\n<td style=\"width: 477px;\"><strong>Canada<\/strong><\/td>\n<td style=\"width: 319px;\">9\u00a0097<\/td>\n<\/tr>\n<tr>\n<td style=\"width: 477px;\"><strong>Argentine<\/strong><\/td>\n<td style=\"width: 319px;\">6 517<\/td>\n<\/tr>\n<tr>\n<td style=\"width: 477px;\"><strong>Indon\u00e9sie<\/strong><\/td>\n<td style=\"width: 319px;\">6 418<\/td>\n<\/tr>\n<tr>\n<td style=\"width: 477px;\"><strong>Pakistan<\/strong><\/td>\n<td style=\"width: 319px;\">6 219<\/td>\n<\/tr>\n<tr>\n<td style=\"width: 477px;\"><strong>Pays-Bas<\/strong><\/td>\n<td style=\"width: 319px;\">6 215<\/td>\n<\/tr>\n<tr>\n<td style=\"width: 477px;\"><b>Equateur<\/b><\/td>\n<td style=\"width: 319px;\">6 200<\/td>\n<\/tr>\n<tr>\n<td style=\"width: 477px;\"><strong>Irak<\/strong><\/td>\n<td style=\"width: 319px;\">6 208<\/td>\n<\/tr>\n<tr>\n<td style=\"width: 477px;\"><strong>Turquie<\/strong><\/td>\n<td style=\"width: 319px;\">6 058<\/td>\n<\/tr>\n<tr>\n<td style=\"width: 477px;\"><strong>Su\u00e8de<\/strong><\/td>\n<td style=\"width: 319px;\">5 805<\/td>\n<\/tr>\n<tr>\n<td style=\"width: 477px;\"><strong>Egypte<\/strong><\/td>\n<td style=\"width: 319px;\">5 212<\/td>\n<\/tr>\n<tr>\n<td style=\"width: 477px;\"><strong>Chine<\/strong><\/td>\n<td style=\"width: 319px;\">4 709<\/td>\n<\/tr>\n<tr>\n<td style=\"width: 477px;\"><b>Bolivie<\/b><\/td>\n<td style=\"width: 319px;\">4 305<\/td>\n<\/tr>\n<tr>\n<td style=\"width: 477px;\"><strong>Bangladesh<\/strong><\/td>\n<td style=\"width: 319px;\">3 822<\/td>\n<\/tr>\n<tr>\n<td style=\"width: 477px;\"><strong>Arabie Saoudite<\/strong><\/td>\n<td style=\"width: 319px;\">3 548<\/td>\n<\/tr>\n<tr>\n<td style=\"width: 477px;\"><strong>Roumanie<\/strong><\/td>\n<td style=\"width: 319px;\">3 154<\/td>\n<\/tr>\n<tr>\n<td style=\"width: 477px;\"><strong>Autres<\/strong><\/td>\n<td style=\"width: 319px;\">98 795<\/td>\n<\/tr>\n<tr>\n<td style=\"width: 477px;\"><strong><u>TOTAL<\/u><\/strong><\/td>\n<td style=\"width: 319px;\"><strong>793 773<\/strong><\/td>\n<\/tr>\n<\/tbody>\n<\/table>\n<p><em>\u00a0Sources : <a href=\"https:\/\/gisanddata.maps.arcgis.com\/apps\/opsdashboard\/index.html#\/bda7594740fd40299423467b48e9ecf6\" target=\"_blank\" rel=\"noopener noreferrer\">Universit\u00e9 John Hopkins<\/a>,\u00a0<a href=\"https:\/\/www.who.int\/emergencies\/diseases\/novel-coronavirus-2019\/situation-reports\" target=\"_blank\" rel=\"noopener noreferrer\">WHO<\/a>,\u00a0<a href=\"https:\/\/www.cdc.gov\/coronavirus\/2019-ncov\/index.html\" target=\"_blank\" rel=\"noopener noreferrer\">CDC<\/a>,\u00a0<a href=\"https:\/\/www.ecdc.europa.eu\/en\/geographical-distribution-2019-ncov-cases\" target=\"_blank\" rel=\"noopener noreferrer\">ECDC<\/a>,\u00a0<a href=\"http:\/\/www.nhc.gov.cn\/xcs\/yqtb\/list_gzbd.shtml\" target=\"_blank\" rel=\"noopener noreferrer\">NHC\u00a0<\/a>and\u00a0<a href=\"https:\/\/3g.dxy.cn\/newh5\/view\/pneumonia?scene=2&amp;clicktime=1579582238&amp;enterid=1579582238&amp;from=singlemessage&amp;isappinstalled=0\" target=\"_blank\" rel=\"noopener noreferrer\">DXY<\/a>.<\/em><\/p>\n<h3><a id=\"cas-coronavirus-monde-chiffres-tableau\" name=\"cas-coronavirus-monde-chiffres-tableau\">Combien de cas de coronavirus dans le monde ?<\/a><\/h3>\n<table border=\"1\" cellpadding=\"1\" cellspacing=\"1\" style=\"width:80%;\">\n<caption>\n<p style=\"text-align: center;\">NOMBRE DE CAS CONFIRM\u00c9S ET PR\u00c9SUM\u00c9S POSITIFS AU\u00a0CORONAVIRUS DANS LES 20 PAYS LES PLUS TOUCH\u00c9S. Vendredi 21 ao\u00fbt \u00e0 12h20<\/p>\n<\/caption>\n<thead>\n<tr>\n<th scope=\"col\" style=\"text-align: center;\">PAYS<\/th>\n<th scope=\"col\" style=\"text-align: center;\">CAS CONFIRMES DE CORONAVIRUS<\/th>\n<th scope=\"col\" style=\"text-align: center;\">NOMBRE D&rsquo;HABITANTS TOTAL (en millions)<\/th>\n<\/tr>\n<\/thead>\n<tbody>\n<tr>\n<td style=\"text-align: center; width: 231px;\"><strong>\u00a0Etats-Unis <\/strong><\/td>\n<td style=\"text-align: center;\">\n<h5><strong>5 575 323<\/strong><\/h5>\n<\/td>\n<td style=\"text-align: center;\">327,2\u00a0<\/td>\n<\/tr>\n<tr>\n<td style=\"text-align: center; width: 231px;\"><strong>Br\u00e9sil<\/strong><\/td>\n<td style=\"text-align: center;\">\n<h5>3 501 975<\/h5>\n<\/td>\n<td style=\"text-align: center;\">211.7<\/td>\n<\/tr>\n<tr>\n<td style=\"text-align: center; width: 231px;\"><strong>Inde<\/strong><\/td>\n<td style=\"text-align: center;\">\n<h5><strong>2 905 825<\/strong><\/h5>\n<\/td>\n<td style=\"text-align: center;\">1\u00a0353<\/td>\n<\/tr>\n<tr>\n<td style=\"text-align: center; width: 231px;\"><strong>Russie<\/strong><\/td>\n<td style=\"text-align: center;\">\n<h5>939 833<\/h5>\n<\/td>\n<td style=\"text-align: center;\">144.5<\/td>\n<\/tr>\n<tr>\n<td style=\"text-align: center; width: 231px;\"><strong>Afrique du Sud<\/strong><\/td>\n<td style=\"text-align: center;\">\n<h5><strong>599 940<\/strong><\/h5>\n<\/td>\n<td style=\"text-align: center;\">57.8<\/td>\n<\/tr>\n<tr>\n<td style=\"text-align: center; width: 231px;\"><strong>P\u00e9rou<\/strong><\/td>\n<td style=\"text-align: center;\">\n<h5>558 420<\/h5>\n<\/td>\n<td style=\"text-align: center;\">31.9<\/td>\n<\/tr>\n<tr>\n<td style=\"text-align: center; width: 231px;\"><strong>Mexique<\/strong><\/td>\n<td style=\"text-align: center;\">\n<h5>543 806<\/h5>\n<\/td>\n<td style=\"text-align: center;\">126.2<\/td>\n<\/tr>\n<tr>\n<td style=\"text-align: center; width: 231px;\"><strong>Colombie<\/strong><\/td>\n<td style=\"text-align: center;\">\n<h5>513 719<\/h5>\n<\/td>\n<td style=\"text-align: center;\">49<\/td>\n<\/tr>\n<tr>\n<td style=\"text-align: center; width: 231px;\"><strong>Chili<\/strong><\/td>\n<td style=\"text-align: center;\">\n<h5>391 849<\/h5>\n<\/td>\n<td style=\"text-align: center;\">18.7<\/td>\n<\/tr>\n<tr>\n<td style=\"text-align: center; width: 231px;\"><strong>Espagne<\/strong><\/td>\n<td style=\"text-align: center;\">\n<h5>377 906<\/h5>\n<\/td>\n<td style=\"text-align: center;\">47<\/td>\n<\/tr>\n<tr>\n<td style=\"text-align: center; width: 231px;\"><strong>Iran<\/strong><\/td>\n<td style=\"text-align: center;\">\n<h5><strong>352 558<\/strong><\/h5>\n<\/td>\n<td style=\"text-align: center;\">81<\/td>\n<\/tr>\n<tr>\n<td style=\"text-align: center; width: 231px;\"><strong>Royaume-Uni<\/strong><\/td>\n<td style=\"text-align: center;\">\n<h5><strong>324 203<\/strong><\/h5>\n<\/td>\n<td style=\"text-align: center;\">66<\/td>\n<\/tr>\n<tr>\n<td style=\"text-align: center; width: 231px;\"><strong>Argentine<\/strong><\/td>\n<td style=\"text-align: center;\">\n<h5><strong>320 884<\/strong><\/h5>\n<\/td>\n<td style=\"text-align: center;\">44.5<\/td>\n<\/tr>\n<tr>\n<td style=\"text-align: center; width: 231px;\"><strong>Arabie Saoudite<\/strong><\/td>\n<td style=\"text-align: center;\"><strong>303 973<\/strong><\/td>\n<td style=\"text-align: center;\">33.7<\/td>\n<\/tr>\n<tr>\n<td style=\"text-align: center; width: 231px;\"><strong>Pakistan<\/strong><\/td>\n<td style=\"text-align: center;\">\n<h5><strong>21 588<\/strong><\/h5>\n<\/td>\n<td style=\"text-align: center;\">212.2<\/td>\n<\/tr>\n<tr>\n<td style=\"text-align: center; width: 231px;\"><strong>Bangladesh<\/strong><\/td>\n<td style=\"text-align: center;\">\n<h5><strong>287 959<\/strong><\/h5>\n<\/td>\n<td style=\"text-align: center;\">161,4<\/td>\n<\/tr>\n<tr>\n<td style=\"text-align: center; width: 231px;\"><strong>France<\/strong><\/td>\n<td style=\"text-align: center;\"><strong>256 534<\/strong><\/td>\n<td style=\"text-align: center;\">67<\/td>\n<\/tr>\n<tr>\n<td style=\"text-align: center; width: 231px;\"><strong>Italie<\/strong><\/td>\n<td style=\"text-align: center;\">\n<h5>256 118<\/h5>\n<\/td>\n<td style=\"text-align: center;\">60,5<\/td>\n<\/tr>\n<tr>\n<td style=\"text-align: center; width: 231px;\"><strong>Turquie<\/strong><\/td>\n<td style=\"text-align: center;\">\n<h5><strong>254 520<\/strong><\/h5>\n<\/td>\n<td style=\"text-align: center;\">83<\/td>\n<\/tr>\n<tr>\n<td style=\"text-align: center; width: 231px;\"><strong>Allemagne<\/strong><\/td>\n<td style=\"text-align: center;\">\n<h5><strong>231 305<\/strong><\/h5>\n<\/td>\n<td style=\"text-align: center;\">83<\/td>\n<\/tr>\n<tr>\n<td style=\"text-align: center; width: 231px;\"><strong>Autres pays<\/strong><\/td>\n<td style=\"text-align: center;\">7 390 790<\/td>\n<td style=\"text-align: center;\">\u00a0<\/td>\n<\/tr>\n<tr>\n<td style=\"text-align: center; width: 231px;\"><u><strong>TOTAL<\/strong><\/u><\/td>\n<td style=\"text-align: center;\"><b>22 683 769<\/b><\/td>\n<td style=\"text-align: center;\"><strong>3 109,3<\/strong><\/td>\n<\/tr>\n<\/tbody>\n<\/table>\n<blockquote>\n<p style=\"text-align: right;\">\u00a0<\/p>\n<\/blockquote>\n<p>&gt; <strong><a href=\"https:\/\/gisanddata.maps.arcgis.com\/apps\/opsdashboard\/index.html#\/bda7594740fd40299423467b48e9ecf6\" target=\"_blank\" rel=\"noopener noreferrer\">Voir le nombre de cas dans d&rsquo;autres pays\u00a0<\/a><\/strong><\/p>\n<p><em>Sources\u00a0:\u00a0<a href=\"https:\/\/gisanddata.maps.arcgis.com\/apps\/opsdashboard\/index.html#\/bda7594740fd40299423467b48e9ecf6\" target=\"_blank\" rel=\"noopener noreferrer\">Universit\u00e9 John Hopkins<\/a>,\u00a0<a href=\"https:\/\/www.who.int\/emergencies\/diseases\/novel-coronavirus-2019\/situation-reports\" target=\"_blank\" rel=\"noopener noreferrer\">WHO<\/a>,\u00a0<a href=\"https:\/\/www.cdc.gov\/coronavirus\/2019-ncov\/index.html\" target=\"_blank\" rel=\"noopener noreferrer\">CDC<\/a>,\u00a0<a href=\"https:\/\/www.ecdc.europa.eu\/en\/geographical-distribution-2019-ncov-cases\" target=\"_blank\" rel=\"noopener noreferrer\">ECDC<\/a>,\u00a0<a href=\"http:\/\/www.nhc.gov.cn\/xcs\/yqtb\/list_gzbd.shtml\" target=\"_blank\" rel=\"noopener noreferrer\">NHC\u00a0<\/a>and\u00a0<a href=\"https:\/\/3g.dxy.cn\/newh5\/view\/pneumonia?scene=2&amp;clicktime=1579582238&amp;enterid=1579582238&amp;from=singlemessage&amp;isappinstalled=0\" target=\"_blank\" rel=\"noopener noreferrer\">DXY<\/a>.<\/em><\/p>\n<p>Depuis le 1er juillet, <strong>l&rsquo;Union europ\u00e9enne a rouvert ses fronti\u00e8res \u00e0 15\u00a0pays hors de l&rsquo;Europe<\/strong>, n\u00e9anmoins sous certaines conditions sanitaires. Dans son <a href=\"https:\/\/solidarites-sante.gouv.fr\/actualites\/presse\/communiques-de-presse\/article\/point-de-situation-covid-19-communique-de-presse-du-31-juillet-2020\" target=\"_blank\" rel=\"noopener noreferrer\">communiqu\u00e9<\/a> du 31 juillet, le minist\u00e8re de la Sant\u00e9 rappelle qu&rsquo;\u00e0 partir du 1er ao\u00fbt :<\/p>\n<ul>\n<li>Test virologique RT-PCR obligatoire avant toute entr\u00e9e sur le territoire fran\u00e7ais pour <strong>16\u00a0pays o\u00f9 la circulation du virus est consid\u00e9r\u00e9e comme particuli\u00e8rement active<\/strong>.<\/li>\n<li>Test RT-PCR obligatoire pour tout le monde avant d&#8217;embarquer pour les Outre-Mer.<\/li>\n<li>Depuis d\u00e9but juillet, seuls les ressortissants des pays de l&rsquo;Espace Schengen ainsi qu&rsquo;une liste limit\u00e9e de pays o\u00f9 le virus circule faiblement peuvent se rendre librement en France. Les ressortissants de tous les autres pays doivent fournir un motif imp\u00e9rieux de d\u00e9placement.<\/li>\n<\/ul>\n<p>En <strong>France, les passagers doivent pr\u00e9senter au transporteur<\/strong> a\u00e9rien, avant leur embarquement, une<strong> d\u00e9claration sur l&rsquo;honneur<\/strong> attestant qu&rsquo;ils ne pr\u00e9sentent pas de sympt\u00f4me d&rsquo;infection au covid-19\u00a0et qu&rsquo;ils n&rsquo;ont pas connaissance d&rsquo;avoir \u00e9t\u00e9 en contact avec un cas confirm\u00e9 de covid-19\u00a0dans les quatorze jours pr\u00e9c\u00e9dant le vol. Ils doivent porter un masque de protection. <strong>Les masques en tissu (grand public) ne sont pas autoris\u00e9s \u00e0 bord des avions<\/strong> et dans les a\u00e9roports. Un d\u00e9cret gouvernemental (<a href=\"https:\/\/www.legifrance.gouv.fr\/affichTexte.do?cidTexte=JORFTEXT000042105897&amp;categorieLien=id\" target=\"_blank\" rel=\"noopener noreferrer\">d\u00e9cret 2020-860<\/a> du 11\u00a0juillet) pr\u00e9conise uniquement <strong>le port du masque chirurgical<\/strong>, et donc jetable. Pour rappel, le pr\u00e9sident de la R\u00e9publique avait annonc\u00e9 le 16 mars la <strong>fermeture des fronti\u00e8res de l&rsquo;Europe et de l&rsquo;espace Schengen.\u00a0<\/strong>La Direction G\u00e9n\u00e9rale de la Sant\u00e9 recommande dans son point de situation quotidien <strong>de se faire tester \u00ab\u00a0<em>\u00e0 son\u00a0retour de vacances<\/em>\u00ab\u00a0<\/strong>, particuli\u00e8rement \u00ab\u00a0<em>si on est parti\u00a0dans une zone de circulation active du virus<\/em>\u00ab\u00a0.<\/p>\n<p>L&rsquo;Asie enregistre une<strong> recrudescence de cas dans certains pays ayant r\u00e9ussi initialement \u00e0 contenir l&rsquo;\u00e9pid\u00e9mie\u00a0<\/strong>: Japon (Tokyo), <strong>Hong-Kong <\/strong>(qui rend le port du masque obligatoire en public,\u00a0n&rsquo;autorise que la vente \u00e0 emporter depuis le 27 juillet), <strong>Cor\u00e9e du Sud, <\/strong>rapporte Sant\u00e9 Publique France fin\u00a023 juillet.\u00a0Les autorit\u00e9s chinoises ont annonc\u00e9 le 12\u00a0ao\u00fbt qu&rsquo;une femme de 68\u00a0ans, hospitalis\u00e9e dans la province du Hubei o\u00f9 le Covid a \u00e9t\u00e9 initialement d\u00e9tect\u00e9 l&rsquo;an dernier, \u00e9tait <strong>porteuse du virus, alors qu&rsquo;elle avait \u00e9t\u00e9 consid\u00e9r\u00e9e comme gu\u00e9rie en d\u00e9but d&rsquo;ann\u00e9e<\/strong>.\u00a0<strong>Le Vietnam<\/strong>\u00a0a enregistre son premier d\u00e9c\u00e8s vendredi 31 juillet. La <strong>Cor\u00e9e du Nord <\/strong>s&rsquo;est mise en \u00e9tat d&rsquo;urgence maximale suite \u00e0 la d\u00e9couverte de son premier cas suspect\u00e9. Cette vague a\u00a0\u00e9t\u00e9 signal\u00e9e r\u00e9cemment dans la province de Xinjiang, dans l&rsquo;ouest du pays, o\u00f9 89\u00a0des nouveaux cas ont \u00e9t\u00e9 enregistr\u00e9s.<\/p>\n<p>\u2022 Toute personne d\u00e9sirant se rendre en Chine en avion doit\u00a0pr\u00e9senter avant le d\u00e9part\u00a0un test Covid-19\u00a0n\u00e9gatif r\u00e9alis\u00e9 dans les cinq jours pr\u00e9c\u00e9dant le d\u00e9collage. La mesure s&rsquo;applique \u00e0 tous les passagers, sans distinction de nationalit\u00e9.\u00a0Toute arriv\u00e9e en provenance de l&rsquo;\u00e9tranger fait l&rsquo;objet d&rsquo;une <strong>mise en quarantaine pour une p\u00e9riode de 14\u00a0jours dans un lieu d\u00e9sign\u00e9 par les autorit\u00e9s locales.<\/strong> Tout refus de se soumettre aux dispositions sanitaires l\u00e9gales chinoises (prise de temp\u00e9rature, test, quarantaine, soins hospitaliers) de la part des ressortissants \u00e9trangers peut entra\u00eener l&rsquo;<strong>expulsion du territoire chinois <\/strong>accompagn\u00e9e d&rsquo;une interdiction d&rsquo;entr\u00e9e en Chine de 5\u00a0\u00e0 10\u00a0ans, rappelle le minist\u00e8re des Affaires \u00e9trang\u00e8res dans un <a href=\"https:\/\/cn.ambafrance.org\/Circonscription-de-Pekin-mesures-locales-Covid-19\" target=\"_blank\" rel=\"noopener noreferrer\">communiqu\u00e9<\/a>\u00a0mis \u00e0 jour le 23\u00a0juin.<\/p>\n<p>\u2022 L&rsquo;\u00e9quivalent de l&rsquo;application StopCovid en France est obligatoire en Chine pour pouvoir tracer tous les contacts positifs au virus.<\/p>\n<p>\u2022 Les cin\u00e9mas ont rouvert mais dans des conditions drastiques :\u00a0billets vendus uniquement en ligne, distance entre les si\u00e8ges, consommation d&rsquo;aliments et de <a href=\"http:\/\/www.affinite.fr\/index.php\/2022\/11\/20\/gros-glacons-pour-les-cocktails\/\">boissons<\/a> interdites pendant les projections, port du masque obligatoire.<\/p>\n<p>Aux Etats-Unis, les chiffres continuent d&rsquo;exploser\u00a0: 54\u00a0686\u00a0nouveaux cas et 1\u00a0150\u00a0d\u00e9c\u00e8s\u00a0ont \u00e9t\u00e9 recens\u00e9s ces derni\u00e8res 24\u00a0heures. Au 18\u00a0ao\u00fbt, le bilan des cas s&rsquo;\u00e9l\u00e8ve \u00e0 plus de 5\u00a0529 933 et le bilan des d\u00e9c\u00e8s, \u00e0 173 181.\u00a0Il s&rsquo;agit du pays le plus fortement touch\u00e9 par l&rsquo;\u00e9pid\u00e9mie. Les<strong> trois Etats les plus peupl\u00e9s du pays &#8211; Californie, Floride et Texas<\/strong> &#8211; rapportent des hausses in\u00e9dites, ce qui a provoqu\u00e9 une surcharge des h\u00f4pitaux et contraint les Etats \u00e0 faire marche arri\u00e8re sur le d\u00e9confinement qu&rsquo;ils avaient entam\u00e9. Alors que les \u00e9coles rouvrent progressivement, les experts s&rsquo;inqui\u00e8tent d&rsquo;une \u00ab\u00a0pouss\u00e9e surprenante\u00a0\u00bb des cas chez les jeunes (enfants et adolescents).\u00a0\u00a0<\/p>\n<h3 style=\"text-align: center;\">Courbe des nouveaux cas de coronavirus par jour aux Etats-Unis jusqu&rsquo;au 17 ao\u00fbt 2020<\/h3>\n<div style=\"text-align:center\">\n<figure class=\"image\" style=\"display:inline-block\"><a class=\"fancy\" href=\"https:\/\/img-3.journaldesfemmes.fr\/03VP2555TXMWxfE5gF3WlxEjz7k=\/1080x\/smart\/6d25aa44ce3d4a2ca0506596faa26c60\/ccmcms-jdf\/17956996.jpg\"><img decoding=\"async\" alt=\"Courbe des nouveaux cas de coronavirus aux Etats-Unis jusqu'au 17 ao\u00fbt 2020 \" src=\"https:\/\/img-3.journaldesfemmes.fr\/03VP2555TXMWxfE5gF3WlxEjz7k=\/1080x\/smart\/6d25aa44ce3d4a2ca0506596faa26c60\/ccmcms-jdf\/17956996.jpg\"\/><\/a><figcaption data-credit=\"Universit\u00e9 John Hopkins\" data-legend=\"Courbe des nouveaux cas de coronavirus aux Etats-Unis jusqu'au 17 ao\u00fbt 2020 \">Courbe des nouveaux cas de coronavirus aux Etats-Unis jusqu&rsquo;au 17 ao\u00fbt 2020 <small>\u00a9\u00a0Universit\u00e9 John Hopkins<\/small><\/figcaption><\/figure>\n<\/div>\n<p><strong>En cons\u00e9quence :<\/strong><\/p>\n<p>\u2192 La Californie referme ses restaurants et cin\u00e9mas depuis le\u00a013 juillet.<\/p>\n<p>\u2192 New York a rouvert\u00a0ses plages au 2 juillet. Les mus\u00e9es comme\u00a0le Met, le mus\u00e9e Whitney, le MoMA annoncent leur r\u00e9ouverture le 27 ao\u00fbt.<\/p>\n<p>\u2192 Le Texas rend le port du masque\u00a0obligatoire dans les lieux publics.<\/p>\n<p>\u2192 Plusieurs grandes enseignes imposent le port du masque :\u00a0Best Buy,\u00a0Starbucks, Warlmart.<\/p>\n<p>\u2192 New York, Los Angeles, Houston : plusieurs grandes villes\u00a0ont d\u00e9cid\u00e9 que la rentr\u00e9e scolaire serait largement, voire totalement en ligne, optant pour le principe de pr\u00e9caution.\u00a0<\/p>\n<p>\u2192 A Washington, le port du masque est obligatoire \u00e0 partir du 23 juillet, d\u00e8s que la population sort de chez elle.<\/p>\n<p>Sans parler de deuxi\u00e8me vague, les chiffres en Italie inqui\u00e8tent. Le virus est toujours pr\u00e9sent dans le pays\u00a0: 479\u00a0nouveaux cas ont \u00e9t\u00e9 enregistr\u00e9s ce dimanche 16\u00a0ao\u00fbt et 4\u00a0d\u00e9c\u00e8s ont \u00e9t\u00e9 comptabilis\u00e9s. \u00ab\u00a0<em>Par rapport aux mois sombres de mars-avril, o\u00f9 l&rsquo;\u00e9pid\u00e9mie \u00e9tait concentr\u00e9e dans le nord, en Lombardie, elle est maintenant r\u00e9pandue dans tout le pays avec des centaines de foyers [\u2026] Le ph\u00e9nom\u00e8ne est en partie li\u00e9 aux vacanciers<\/em>\u00ab\u00a0, estime le pr\u00e9sident du Conseil sup\u00e9rieur de la sant\u00e9, Franco Locatelli. Et d&rsquo;ajouter\u00a0: \u00ab\u00a0<em>selon les r\u00e9gions, 25\u00a0\u00e0 40\u00a0% des cas ont \u00e9t\u00e9 import\u00e9s par des concitoyens de retour de voyage ou par des \u00e9trangers r\u00e9sidant en Italie<\/em>\u00ab\u00a0.\u00a0<strong>Le coronavirus a contamin\u00e9 254 235<\/strong>\u00a0<strong>personnes<\/strong> depuis le d\u00e9but de l&rsquo;\u00e9pid\u00e9mie. Dans ce contexte, le S\u00e9nat italien prolonge<strong> jusqu&rsquo;au 15\u00a0octobre <\/strong>l&rsquo;\u00e9tat d&rsquo;urgence sanitaire. Il a \u00e9t\u00e9 instaur\u00e9 en Italie pour une p\u00e9riode initiale de 6\u00a0mois \u00e0 partir du 31\u00a0janvier.<em> \u00ab\u00a0<strong>Le virus continue d&rsquo;\u00e9voluer et n&rsquo;a pas achev\u00e9 sa course<\/strong>. Il serait incongru de suspendre abruptement une mesure aussi efficace\u00a0\u00bb<\/em>, a argu\u00e9 le chef du gouvernement devant le S\u00e9nat le 29\u00a0juillet. Pour enrayer la propagation du coronavirus, l&rsquo;Italie a pris une s\u00e9rie de mesures restrictives, comme <strong>le fait de rendre obligatoire jusqu&rsquo;au 7\u00a0septembre des tests de d\u00e9tection du Covid-19 <\/strong>chez tous les voyageurs en provenance de Croatie, Gr\u00e8ce, Malte et Espagne, le maintien de la fermeture de ses fronti\u00e8res aux\u00a0ressortissants de 14\u00a0pays \u00ab\u00a0\u00e0 risque\u00a0\u00bb:\u00a0Arm\u00e9nie, Bahre\u00efn, le Bangladesh, le Br\u00e9sil, la Bosnie-Herz\u00e9govine, le Chili, le Kowe\u00eft, la Mac\u00e9doine du Nord, la Moldavie, Oman, le Panama, le P\u00e9rou, la R\u00e9publique dominicaine, la Colombie. Le 16\u00a0ao\u00fbt, le pays d\u00e9cide \u00e9galement de <strong>fermer ses discoth\u00e8ques et bo\u00eetes de nuit de plein air<\/strong> et d<strong>&lsquo;imposer le port du masque\u00a0dans les lieux publics entre 18h et 6h du matin<\/strong>, selon un d\u00e9cret sign\u00e9 par le ministre de la Sant\u00e9 italien, Roberto Speranza. Depuis le 13\u00a0juin, il est possible de se rendre en Italie (sauf pour les ressortissants des 13\u00a0pays \u00e0 risque).\u00a0Les trafics a\u00e9rien et ferroviaire ont repris quasiment normalement.\u00a0Le <strong>port du masque peuvent varier selon les r\u00e9gions, <\/strong>il est donc recommand\u00e9 de toujours s&rsquo;en munir. Par ailleurs, les r\u00e9gions des Pouilles et de Campanie vont imposer une quarantaine aux voyageurs en provenance d&rsquo;Espagne, de Gr\u00e8ce et de Malte, consid\u00e9r\u00e9s comme \u00e0 risque pour la propagation du virus, a indiqu\u00e9 le 12\u00a0ao\u00fbt la presse italienne. La Sicile devrait appliquer la m\u00eame mesure.\u00a0<strong>Les \u00e9tablissements scolaires rouvriront le 14\u00a0septembre<\/strong>,\u00a0avec une s\u00e9rie de mesures de\u00a0distanciation sociale et une \u00ab\u00a0s\u00e9curit\u00e9 maximale\u00a0\u00bb, a indiqu\u00e9\u00a0le Premier ministre Giuseppe Conte.\u00a0<strong>Rappelons que le pays avait \u00e9t\u00e9 confin\u00e9\u00a0le lundi 9\u00a0mars.<\/strong>\u00a0<strong>Le pic de l&rsquo;\u00e9pid\u00e9mie aurait \u00e9t\u00e9 atteint le 5\u00a0avril.<\/strong><\/p>\n<h3 style=\"text-align: center;\">Courbe des nouveaux cas de coronavirus par jour en Italie\u00a0jusqu&rsquo;au 17 ao\u00fbt 2020<\/h3>\n<div style=\"text-align:center\">\n<figure class=\"image\" style=\"display:inline-block\"><a class=\"fancy\" href=\"https:\/\/img-3.journaldesfemmes.fr\/s6PxP1FmkmC3lO4lFvR3AGVNscA=\/1080x\/smart\/caf07df582714f8abd8172a90a7bf63c\/ccmcms-jdf\/17956559.png\"><img decoding=\"async\" alt=\"Courbe des nouveaux cas de coronavirus par jour aux Etats-Unis jusqu'au 17 ao\u00fbt 2020 \u00a9\u00a0Universit\u00e9 John Hopkins\" src=\"https:\/\/img-3.journaldesfemmes.fr\/s6PxP1FmkmC3lO4lFvR3AGVNscA=\/1080x\/smart\/caf07df582714f8abd8172a90a7bf63c\/ccmcms-jdf\/17956559.png\"\/><\/a><figcaption data-credit=\"Universit\u00e9 John Hopkins\" data-legend=\"Courbe des nouveaux cas de coronavirus par jour aux Etats-Unis jusqu'au 17 ao\u00fbt 2020\">Courbe des nouveaux cas de coronavirus par jour aux Etats-Unis jusqu&rsquo;au 17 ao\u00fbt 2020 <small>\u00a9\u00a0Universit\u00e9 John Hopkins<\/small><\/figcaption><\/figure>\n<\/div>\n<p><u><strong>Autres actualit\u00e9s li\u00e9es au coronavirus\u00a0:\u00a0<\/strong><\/u><\/p>\n<table border=\"1\" cellpadding=\"1\" cellspacing=\"1\" style=\"width:100%;\">\n<thead>\n<tr>\n<th scope=\"col\" style=\"text-align: center;\"><strong>DATES CL\u00c9S DE L&rsquo;\u00c9PID\u00c9MIE<\/strong><\/th>\n<\/tr>\n<\/thead>\n<tbody>\n<tr>\n<td>\n<ul>\n<li><strong>Le 31\u00a0d\u00e9cembre 2019,<\/strong> l&rsquo;Organisation mondiale de la Sant\u00e9 en Chine est inform\u00e9e de plusieurs cas de pneumonies dans la ville de Wuhan. 44\u00a0personnes sont infect\u00e9es entre cette date et le 3\u00a0janvier 2020.<\/li>\n<li><strong>Le 7\u00a0janvier 2020, <\/strong>les autorit\u00e9s chinoises identifient un \u00ab\u00a0nouveau type de coronavirus\u00a0\u00bb.<\/li>\n<li><strong>Le 13\u00a0janvier, <\/strong>un cas import\u00e9 est recens\u00e9 en Tha\u00eflande.<\/li>\n<li><strong>Le 15\u00a0janvier<\/strong>, le virus cause\u00a0la mort d&rsquo;<strong>une premi\u00e8re\u00a0personne \u00e0 Wuhan<\/strong>, un homme de 69\u00a0ans.\u00a0<\/li>\n<li><strong>Le 23\u00a0janvier,<\/strong> trois villes chinoises dont Wuhan sont plac\u00e9es en quarantaine.<\/li>\n<li><strong>Le 25\u00a0janvier, trois personnes\u00a0contamin\u00e9es sont recens\u00e9es en France<\/strong>, deux \u00e0 Paris et une Bordeaux. Ce sont les premiers cas enregistr\u00e9s sur le continent europ\u00e9en.<\/li>\n<li><strong>Le 30\u00a0janvier, <\/strong>l&rsquo;Organisation mondiale de la Sant\u00e9 <strong>d\u00e9cr\u00e8te\u00a0l&rsquo;<a href=\"https:\/\/sante.journaldesfemmes.fr\/fiches-maladies\/2608035-urgence-de-sante-publique-de-portee-internationale-definition-oms-coronavirus\/\" target=\"_blank\" rel=\"noopener noreferrer\">urgence de sant\u00e9 mondiale<\/a><\/strong>.\u00a0Cette mesure n&rsquo;avait \u00e9t\u00e9 d\u00e9cr\u00e9t\u00e9e que 5\u00a0fois depuis sa cr\u00e9ation (pour Ebola (deux fois), la grippe H1N1, Zika et la poliomy\u00e9lite).\u00a0<\/li>\n<li><strong>Le 23 f\u00e9vrier, <\/strong>la France d\u00e9clenche le <a href=\"https:\/\/sante.journaldesfemmes.fr\/fiches-maladies\/2622449-plan-orsan-reb-definition-signification-qui-declenche-coronavirus-definition-duree\/\" target=\"_blank\" rel=\"noopener noreferrer\">plan ORSAN<\/a>, un dispositif exceptionnel d&rsquo;organisation des soins.<\/li>\n<li><strong>Le 28 f\u00e9vrier,<\/strong> la France passe en stade 2 de l&rsquo;\u00e9pid\u00e9mie.<\/li>\n<li><strong>Le 11 mars, <\/strong>l&rsquo;OMS classifie de <strong>pand\u00e9mie <\/strong>la diffusion de la maladie \u00e0 coronavirus Covid-19 dans le monde.<\/li>\n<li><strong>Le 12\u00a0mars<\/strong>, le pr\u00e9sident de la R\u00e9publique Emmanuel Macron annonce la fermeture nationale des cr\u00e8ches et \u00e9tablissements scolaires de France \u00e0 compter du 16\u00a0mars et \u00ab\u00a0jusqu&rsquo;\u00e0 nouvel ordre\u00a0\u00bb.<\/li>\n<li><strong>Le 13 mars<\/strong>, l&rsquo;OMS d\u00e9signe d\u00e9sormais l&rsquo;Europe comme \u00e9picentre.<\/li>\n<li><strong>Le 14 mars<\/strong>, la France passe au <a href=\"https:\/\/sante.journaldesfemmes.fr\/fiches-maladies\/2625289-coronavirus-stade-3-duree-mesure-france-stade-4-c-est-quoi\/\" target=\"_blank\" rel=\"noopener noreferrer\"><strong>stade 3 <\/strong><\/a>de l&rsquo;\u00e9pid\u00e9mie.<\/li>\n<li><strong>Le 16 mars, <\/strong>l&rsquo;Europe <a href=\"http:\/\/www.affinite.fr\/index.php\/2022\/10\/22\/la-creme-glacee-la-nouvelle-culture-commerciale\/\">ferme<\/a> ses fronti\u00e8res ainsi que celles de l&rsquo;espace Schengen. La France met en place un dispositif de confinement interdisant les d\u00e9placements.<\/li>\n<li><strong>Le\u00a018\u00a0mars<\/strong> le premier transfert de patients Covid-19 en France est r\u00e9alis\u00e9\u00a0gr\u00e2ce \u00e0 l&rsquo;Arm\u00e9e, par voie terrestre et a\u00e9rienne.\u00a0<\/li>\n<li><strong>Le 20 mars<\/strong>, plusieurs villes fran\u00e7aises, dont Nice, Montpellier, Perpignan, Arras&#8230; imposent un <strong>couvre-feu<\/strong> le soir et la nuit.<\/li>\n<li><strong>Le 26 mars<\/strong>, un premier cas jeune meurt en France, une adolescente de 16 ans, en Ile-de-France originaire de Morsang-sur-Orge.<\/li>\n<li><strong>Le 27 mars,<\/strong> le confinement de la population fran\u00e7aise est renouvel\u00e9 jusqu&rsquo;au 15 avril.<\/li>\n<li><strong>Le 2 avril,<\/strong>\u00a0le <strong>million de cas<\/strong> de coronavirus dans le monde est d\u00e9pass\u00e9, et plus de 51.000\u00a0morts, selon le d\u00e9compte de l&rsquo;h\u00f4pital am\u00e9ricain de r\u00e9f\u00e9rence Johns-Hopkins.<\/li>\n<li><strong>Le 13 avril,<\/strong> Emmanuel Macron annonce le prolongement du confinement jusqu&rsquo;au 11 mai.<\/li>\n<li><strong>Le 15 avril,<\/strong> le cap des <strong>2 millions de cas<\/strong>\u00a0de coronavirus dans le monde est franchi, et pr\u00e8s de 129 000 d\u00e9c\u00e8s, selon les chiffres donn\u00e9es par\u00a0l&rsquo;h\u00f4pital am\u00e9ricain de r\u00e9f\u00e9rence Johns-Hopkins.<\/li>\n<li><strong>Le 27 avril,<\/strong> <strong>3\u00a0millions de cas<\/strong>\u00a0de coronavirus sont r\u00e9pertori\u00e9s dans le monde, et plus de 208\u00a0000\u00a0d\u00e9c\u00e8s, selon les chiffres donn\u00e9es par\u00a0l&rsquo;h\u00f4pital am\u00e9ricain de r\u00e9f\u00e9rence Johns-Hopkins.<\/li>\n<li><strong>Le 28 avril,<\/strong> le gouvernement fran\u00e7ais pr\u00e9sente son plan de d\u00e9confinement valable \u00e0 partir du 11 mai.<\/li>\n<li><strong>Le 11 mai, <\/strong>la France commence son d\u00e9confinement.<\/li>\n<li><strong>Le 21 mai,\u00a05\u00a0millions de cas<\/strong>\u00a0de coronavirus sont r\u00e9pertori\u00e9s dans le monde, et plus de 329 800\u00a0d\u00e9c\u00e8s, selon les chiffres donn\u00e9es par\u00a0l&rsquo;h\u00f4pital am\u00e9ricain de r\u00e9f\u00e9rence Johns-Hopkins.<\/li>\n<li><strong>Le 28 mai, <\/strong>le Premier ministre Edouard Philippe annonce les mesures de la phase 2 du d\u00e9confinement en France en vigueur du 2 au 22 juin.<\/li>\n<li><strong>Le 31 mai, 6\u00a0millions de cas<\/strong>\u00a0de coronavirus sont r\u00e9pertori\u00e9s dans le monde, et plus de 369 244\u00a0d\u00e9c\u00e8s, selon les chiffres donn\u00e9es par\u00a0l&rsquo;h\u00f4pital am\u00e9ricain de r\u00e9f\u00e9rence Johns-Hopkins.<\/li>\n<li><strong>Le 7 juin, le cap des 400 000 morts<\/strong> est franchi (400 792) dans le monde et pr\u00e8s de 7 millions de cas (6 944 916),\u00a0selon les chiffres donn\u00e9es par\u00a0l&rsquo;h\u00f4pital am\u00e9ricain de r\u00e9f\u00e9rence Johns-Hopkins.<\/li>\n<li><strong>Le 15 juin<\/strong>, toute la France passe en zone verte, sauf Mayotte et la Guyane. A Paris, les restaurants et bars peuvent rouvrir compl\u00e8tement.<\/li>\n<li><strong>Le 22 juin, <\/strong>les \u00e9coles sont de nouveaux obligatoires en France pour tous les \u00e9l\u00e8ves. Les cin\u00e9mas, salles de jeux, casinos rouvrent. Les sports collectifs peuvent \u00eatre autoris\u00e9s tout en respectant certaines conditions sanitaires.<\/li>\n<li><strong>Le 28\u00a0juin,<\/strong> le cap des<strong> 10\u00a0millions de cas <\/strong>de coronavirus est franchi\u00a0dans le monde, et les\u00a0<strong>500 000 d\u00e9c\u00e8s <\/strong>ont \u00e9t\u00e9 atteints dans la nuit du 28 au 29 juin 2020, selon les chiffres de l&rsquo;h\u00f4pital am\u00e9ricain de r\u00e9f\u00e9rence Johns-Hopkins.<\/li>\n<li><strong>Le 10 juillet<\/strong>, la <strong>France <\/strong>a franchi la barre des 30\u00a0000\u00a0morts. Dans la nuit du 10 au 11 juillet \u00e0 minuit, l&rsquo;\u00e9tat d&rsquo;urgence sanitaire prend fin en France.<\/li>\n<li><strong>Le 20 juillet,<\/strong>\u00a0le <strong>port du masque est obligatoire <\/strong>dans les lieux publics clos en France.<\/li>\n<li><strong>Le 11 ao\u00fbt<\/strong>,\u00a0le cap des<strong>\u00a020\u00a0millions de cas <\/strong>de coronavirus est franchi\u00a0dans le monde, et les <strong>730\u00a0000\u00a0d\u00e9c\u00e8s <\/strong>ont \u00e9t\u00e9 atteints, selon les chiffres de l&rsquo;h\u00f4pital am\u00e9ricain de r\u00e9f\u00e9rence Johns-Hopkins.<\/li>\n<\/ul>\n<\/td>\n<\/tr>\n<\/tbody>\n<\/table>\n<p><em>Cet article est mis \u00e0 jour quotidiennement par <a href=\"https:\/\/www.journaldesfemmes.fr\/account\/ablaize-11409696\" target=\"_blank\" rel=\"noopener noreferrer\">Aur\u00e9lie Blaize<\/a>, <a href=\"https:\/\/www.journaldesfemmes.fr\/account\/anaisthiebaux-10573564\" target=\"_blank\" rel=\"noopener noreferrer\">Ana\u00efs Thi\u00e9baux<\/a> et <a href=\"https:\/\/www.journaldesfemmes.fr\/account\/samanthapages-11598093\" target=\"_blank\" rel=\"noopener noreferrer\">Samantha Pag\u00e8s<\/a>.\u00a0<\/em><\/p>\n<\/div>\n<p>[ad_2]<br \/>\n<br \/><a href=\"https:\/\/sante.journaldesfemmes.fr\/maladies\/2605417-coronavirus-france-direct-covid-ars-occitanie-actualite-deces-rentree-scolaire-masque-mutation-herault-rebond\/\">Source link <\/a><\/p>\n","protected":false},"excerpt":{"rendered":"<p>[ad_1] [Mis\u00a0\u00e0 jour le vendredi 21\u00a0ao\u00fbt \u00e0 16h38] La pand\u00e9mie de coronavirus ne cesse de gagner du terrain dans le &hellip; <a href=\"http:\/\/www.affinite.fr\/index.php\/2020\/08\/21\/inquietudes-en-france-mutation-du-virus\/\" class=\"more-link\">Plus <span class=\"screen-reader-text\">inqui\u00e9tudes en France, mutation du virus<\/span> <span class=\"meta-nav\">&rarr;<\/span><\/a><\/p>\n","protected":false},"author":1,"featured_media":5146,"comment_status":"open","ping_status":"open","sticky":false,"template":"","format":"standard","meta":{"_sitemap_exclude":false,"_sitemap_priority":"","_sitemap_frequency":"","footnotes":""},"categories":[1],"tags":[],"class_list":["post-5145","post","type-post","status-publish","format-standard","has-post-thumbnail","hentry","category-tous"],"_links":{"self":[{"href":"http:\/\/www.affinite.fr\/index.php\/wp-json\/wp\/v2\/posts\/5145"}],"collection":[{"href":"http:\/\/www.affinite.fr\/index.php\/wp-json\/wp\/v2\/posts"}],"about":[{"href":"http:\/\/www.affinite.fr\/index.php\/wp-json\/wp\/v2\/types\/post"}],"author":[{"embeddable":true,"href":"http:\/\/www.affinite.fr\/index.php\/wp-json\/wp\/v2\/users\/1"}],"replies":[{"embeddable":true,"href":"http:\/\/www.affinite.fr\/index.php\/wp-json\/wp\/v2\/comments?post=5145"}],"version-history":[{"count":0,"href":"http:\/\/www.affinite.fr\/index.php\/wp-json\/wp\/v2\/posts\/5145\/revisions"}],"wp:featuredmedia":[{"embeddable":true,"href":"http:\/\/www.affinite.fr\/index.php\/wp-json\/wp\/v2\/media\/5146"}],"wp:attachment":[{"href":"http:\/\/www.affinite.fr\/index.php\/wp-json\/wp\/v2\/media?parent=5145"}],"wp:term":[{"taxonomy":"category","embeddable":true,"href":"http:\/\/www.affinite.fr\/index.php\/wp-json\/wp\/v2\/categories?post=5145"},{"taxonomy":"post_tag","embeddable":true,"href":"http:\/\/www.affinite.fr\/index.php\/wp-json\/wp\/v2\/tags?post=5145"}],"curies":[{"name":"wp","href":"https:\/\/api.w.org\/{rel}","templated":true}]}}