{"id":514,"date":"2020-03-11T15:03:42","date_gmt":"2020-03-11T15:03:42","guid":{"rendered":"https:\/\/www.affinite.fr\/index.php\/2020\/03\/11\/le-grand-salon-du-jeu-video-annule-a-cause-du-coronavirus\/"},"modified":"2020-03-11T15:03:42","modified_gmt":"2020-03-11T15:03:42","slug":"le-grand-salon-du-jeu-video-annule-a-cause-du-coronavirus","status":"publish","type":"post","link":"http:\/\/www.affinite.fr\/index.php\/2020\/03\/11\/le-grand-salon-du-jeu-video-annule-a-cause-du-coronavirus\/","title":{"rendered":"le grand salon du jeu vid\u00e9o annul\u00e9 \u00e0 cause du coronavirus ?"},"content":{"rendered":"<p> [ad_1]<br \/>\n<br \/><img decoding=\"async\" src=\"https:\/\/img.bfmtv.com\/i\/0\/0\/eb2\/9524bc49819eadca3f2c78b3fcb76.jpg\" \/><\/p>\n<div itemprop=\"articleBody\">\n<p>Selon <em>Ars Technica <\/em>ou\u00a0<em>Bloomberg<\/em>, l&rsquo;E3 2020 de Los Angeles est la derni\u00e8re <a href=\"https:\/\/www.01net.com\/actualites\/pourquoi-l-epidemie-de-coronavirus-menace-l-industrie-des-nouvelles-technologies-1872066.html\" target=\"_blank\" rel=\"noopener noreferrer\">victime en date du coronavirus<\/a>. L&rsquo;\u00e9diteur Devolver laissait d&rsquo;ailleurs entendre la m\u00eame chose dans un tweet tr\u00e8s laconique publi\u00e9 il y a quelques heures, o\u00f9 il recommandait \u00e0 tout le monde d&rsquo;annuler ses vols et r\u00e9servations d&rsquo;h\u00f4tel pour l&rsquo;E3&#8230;\u00a0Pour la premi\u00e8re fois depuis sa cr\u00e9ation en 1996, le grand salon du jeu vid\u00e9o ne devrait pas avoir lieu.<\/p>\n<div data-force-click=\"true\" class=\"bloc\">\n<blockquote class=\"twitter-tweet\">\n<p lang=\"en\" dir=\"ltr\">Cancel your E3 flights and hotels, y\u2019all.<\/p>\n<p>\u2014 Devolver Digital (@devolverdigital) <a href=\"https:\/\/twitter.com\/devolverdigital\/status\/1237544646475051016?ref_src=twsrc%5Etfw\">March 11, 2020<\/a><\/p><\/blockquote><\/div>\n<p>Pour les organisateurs du salon, cette annulation tombe \u00e0 un tr\u00e8s mauvais moment. L&rsquo;ann\u00e9e 2020 est celle de la nouvelle g\u00e9n\u00e9ration de consoles\u2026 et celle o\u00f9 l&rsquo;industrie remet de plus en plus en question l&rsquo;E3.\u00a0<\/p>\n<aside class=\"bg-color-0 padding-inside-all-s bloc border-s\">\n<h4 class=\"box-txt-normal\">\n<p><strong>\u00c0 d\u00e9couvrir aussi en vid\u00e9o :<\/strong><\/p>\n<\/h4>\n<\/aside>\n<h3 style=\"color:#333; font-family:arial,helvetica,sans-serif; font-size:23px; font-weight:700\">Sony d\u00e9j\u00e0 absent de l&rsquo;E3<\/h3>\n<p>Depuis 2019, Sony boycotte en effet l&rsquo;E3. L&rsquo;entreprise derri\u00e8re la PlayStation a d\u00e9cid\u00e9 de ne plus participer au salon et pr\u00e9f\u00e8re organiser ses propres \u00e9v\u00e9nements, fa\u00e7on Apple.<br \/>Cette absence de taille remet\u00a0en question la pertinence\u00a0du salon, qui est chahut\u00e9e depuis plusieurs ann\u00e9es d\u00e9sormais. On imagine que son annulation pure et simple pourrait aggraver cette situation, cr\u00e9er un pr\u00e9c\u00e9dent.<br \/>De son c\u00f4t\u00e9, Microsoft comptait d\u00e9voiler sa nouvelle <a href=\"https:\/\/www.01net.com\/actualite\/xbox-series-x\/\" target=\"_blank\" rel=\"noopener noreferrer\">Xbox Series X<\/a> lors de l&rsquo;E3 2020. L&rsquo;entreprise devra certainement faire comme toutes les autres entreprises tech en ce moment, organiser une conf\u00e9rence vid\u00e9o en ligne.\u00a0<\/p>\n<blockquote>\n<p><strong>\u00c0 lire aussi :<\/strong>\u00a0<a href=\"https:\/\/www.01net.com\/actualites\/pourquoi-l-epidemie-de-coronavirus-menace-l-industrie-des-nouvelles-technologies-1872066.html\" target=\"_blank\" rel=\"noopener noreferrer\">Pourquoi l&rsquo;\u00e9pid\u00e9mie de coronavirus menace l&rsquo;industrie des nouvelles technologies<\/a><\/p>\n<\/blockquote>\n<p>Selon\u00a0<em>Bloomberg<\/em>, l&rsquo;ESA, l&rsquo;association qui organise l&rsquo;E3, officialisera l&rsquo;annulation du salon \u00e0 9h30 heure de Los Angeles (ce qui correspond \u00e0\u00a018h30 en France). Si le conditionnel reste donc de mise \u00e0 l&rsquo;heure d&rsquo;\u00e9criture de ces lignes, il semble d\u00e9sormais tr\u00e8s probable que l&rsquo;E3 2020 n&rsquo;ait\u00a0pas lieu, sous sa forme habituelle tout au moins.\u00a0<\/p>\n<p><strong>Sources :\u00a0<\/strong><a href=\"https:\/\/arstechnica.com\/gaming\/2020\/03\/e3-2020-has-been-canceled\/\" target=\"_blank\" rel=\"noopener noreferrer\">Ars Technica<\/a> \/ <a href=\"https:\/\/www.bloomberg.com\/news\/articles\/2020-03-11\/e3-video-game-conference-has-been-canceled-ars-technica-reports\" target=\"_blank\" rel=\"noopener noreferrer\">Bloomberg<\/a><\/p>\n<\/p><\/div>\n<p><script async src=\"http:\/\/platform.twitter.com\/widgets.js\" charset=\"utf-8\"><\/script><script>\n         !function(f,b,e,v,n,t,s){if(f.fbq)return;n=f.fbq=function()\n         {n.callMethod? n.callMethod.apply(n,arguments):n.queue.push(arguments)}\n         ;if(!f._fbq)f._fbq=n;\n             n.push=n;n.loaded=!0;n.version='2.0';n.queue=[];t=b.createElement(e);t.async=!0;\n             t.src=v;s=b.getElementsByTagName(e)[0];s.parentNode.insertBefore(t,s)}(window,\n                 document,'script','https:\/\/connect.facebook.net\/en_US\/fbevents.js');\n         fbq('init', '1065890633454496');\n         fbq('track', 'PageView');\n     <\/script><br \/>\n<br \/>[ad_2]<br \/>\n<br \/><a href=\"https:\/\/www.01net.com\/actualites\/e3-2020-le-grand-salon-du-jeu-video-annule-a-cause-du-coronavirus-1872970.html\">Source link <\/a><\/p>\n","protected":false},"excerpt":{"rendered":"<p>[ad_1] Selon Ars Technica ou\u00a0Bloomberg, l&rsquo;E3 2020 de Los Angeles est la derni\u00e8re victime en date du coronavirus. L&rsquo;\u00e9diteur Devolver &hellip; <a href=\"http:\/\/www.affinite.fr\/index.php\/2020\/03\/11\/le-grand-salon-du-jeu-video-annule-a-cause-du-coronavirus\/\" class=\"more-link\">Plus <span class=\"screen-reader-text\">le grand salon du jeu vid\u00e9o annul\u00e9 \u00e0 cause du coronavirus ?<\/span> <span class=\"meta-nav\">&rarr;<\/span><\/a><\/p>\n","protected":false},"author":1,"featured_media":515,"comment_status":"open","ping_status":"open","sticky":false,"template":"","format":"standard","meta":{"_sitemap_exclude":false,"_sitemap_priority":"","_sitemap_frequency":"","footnotes":""},"categories":[1],"tags":[],"class_list":["post-514","post","type-post","status-publish","format-standard","has-post-thumbnail","hentry","category-tous"],"_links":{"self":[{"href":"http:\/\/www.affinite.fr\/index.php\/wp-json\/wp\/v2\/posts\/514"}],"collection":[{"href":"http:\/\/www.affinite.fr\/index.php\/wp-json\/wp\/v2\/posts"}],"about":[{"href":"http:\/\/www.affinite.fr\/index.php\/wp-json\/wp\/v2\/types\/post"}],"author":[{"embeddable":true,"href":"http:\/\/www.affinite.fr\/index.php\/wp-json\/wp\/v2\/users\/1"}],"replies":[{"embeddable":true,"href":"http:\/\/www.affinite.fr\/index.php\/wp-json\/wp\/v2\/comments?post=514"}],"version-history":[{"count":0,"href":"http:\/\/www.affinite.fr\/index.php\/wp-json\/wp\/v2\/posts\/514\/revisions"}],"wp:featuredmedia":[{"embeddable":true,"href":"http:\/\/www.affinite.fr\/index.php\/wp-json\/wp\/v2\/media\/515"}],"wp:attachment":[{"href":"http:\/\/www.affinite.fr\/index.php\/wp-json\/wp\/v2\/media?parent=514"}],"wp:term":[{"taxonomy":"category","embeddable":true,"href":"http:\/\/www.affinite.fr\/index.php\/wp-json\/wp\/v2\/categories?post=514"},{"taxonomy":"post_tag","embeddable":true,"href":"http:\/\/www.affinite.fr\/index.php\/wp-json\/wp\/v2\/tags?post=514"}],"curies":[{"name":"wp","href":"https:\/\/api.w.org\/{rel}","templated":true}]}}