{"id":5135,"date":"2020-08-20T01:09:04","date_gmt":"2020-08-20T01:09:04","guid":{"rendered":"https:\/\/www.affinite.fr\/index.php\/2020\/08\/20\/lucifer-netflix-intrigue-nouveaux-personnages-tout-ce-quil-faut-savoir-sur-la-saison-5-news-series-a-la-tv\/"},"modified":"2020-08-20T01:09:04","modified_gmt":"2020-08-20T01:09:04","slug":"lucifer-netflix-intrigue-nouveaux-personnages-tout-ce-quil-faut-savoir-sur-la-saison-5-news-series-a-la-tv","status":"publish","type":"post","link":"http:\/\/www.affinite.fr\/index.php\/2020\/08\/20\/lucifer-netflix-intrigue-nouveaux-personnages-tout-ce-quil-faut-savoir-sur-la-saison-5-news-series-a-la-tv\/","title":{"rendered":"Lucifer (Netflix) : intrigue, nouveaux personnages&#8230; tout ce qu&rsquo;il faut savoir sur la saison 5 &#8211; News S\u00e9ries \u00e0 la TV"},"content":{"rendered":"<p> [ad_1]<br \/>\n<\/p>\n<p>La premi\u00e8re partie de la saison 5 de \u00ab\u00a0Lucifer\u00a0\u00bb arrive enfin sur Netflix ce vendredi 21 ao\u00fbt. Pour patienter avant de retrouver le Seigneur des Enfers incarn\u00e9 par Tom Ellis, on fait le point sur tout ce qu&rsquo;on sait sur ces nouveaux \u00e9pisodes.<\/p>\n<div id=\"article-content\">\n<figure class=\"article-figure article-main-figure\"><img loading=\"lazy\" decoding=\"async\" class=\"article-figure-img\" width=\"640\" height=\"360\" src=\"http:\/\/fr.web.img4.acsta.net\/r_640_360\/newsv7\/20\/08\/14\/16\/01\/2606655.jpg\"\/><figcaption class=\"article-figcaption-copy\">John P. Fleenor\/Netflix<\/figcaption><\/figure>\n<p>Un peu plus d&rsquo;un an apr\u00e8s la mise en ligne de la saison 4, sortie le 8 mai 2019 sur Netflix, <a title=\"Lucifer (U.S.A.) (Drame,Policier,Fantastique)\" href=\"http:\/\/www.allocine.fr\/series\/ficheserie_gen_cserie=18145.html\">Lucifer<\/a>\u00a0revient sur la plateforme de streaming ce vendredi 21 ao\u00fbt pour la premi\u00e8re partie de sa saison 5. Un nouveau cru \u00e9videmment tr\u00e8s attendu par les fans de la s\u00e9rie port\u00e9e par <a title=\"Tom Ellis (Grande-Bretagne) (Acteur)\" href=\"http:\/\/www.allocine.fr\/personne\/fichepersonne_gen_cpersonne=196837.html\">Tom Ellis<\/a>\u00a0qui, si l&rsquo;on en croit la bande-annonce et les premi\u00e8res informations d\u00e9voil\u00e9es, promet son lot de surprises et de rebondissements apr\u00e8s le cliffhanger insoutenable sur lequel s&rsquo;\u00e9tait achev\u00e9e la pr\u00e9c\u00e9dente salve d&rsquo;\u00e9pisodes. Alors, avant le retour du Seigneur des Enfers vendredi sur Netflix, on fait le point sur tout ce qu&rsquo;on sait d\u00e9j\u00e0 au sujet de cette cinqui\u00e8me fourn\u00e9e in\u00e9dite&#8230;<\/p>\n<p>Combien d&rsquo;\u00e9pisodes composeront la saison 5 ?<\/p>\n<p>Apr\u00e8s avoir initialement renouvel\u00e9 Lucifer pour une saison 5 de 10 \u00e9pisodes en juin 2019, Netflix a finalement command\u00e9 6 \u00e9pisodes suppl\u00e9mentaires quelques semaines plus tard. Portant ainsi le total de cette nouvelle saison \u00e0 <strong>16 \u00e9pisodes<\/strong>. Cependant, la mise en ligne sur la plateforme se fera en deux temps et c&rsquo;est donc seulement la premi\u00e8re partie de la saison 5, constitu\u00e9e des 8 premiers \u00e9pisodes, qui sera disponible vendredi. Aucune date n&rsquo;a encore \u00e9t\u00e9 annonc\u00e9e concernant la sortie de la seconde partie, mais celle-ci ne devrait pas intervenir avant le premier semestre 2021. D&rsquo;autant plus qu&rsquo;\u00e0 l&rsquo;heure actuelle le tournage du season finale, interrompu en mars dernier \u00e0 cause de l&rsquo;\u00e9pid\u00e9mie de coronavirus, n&rsquo;a toujours pas pu reprendre \u00e0 Los Angeles.<\/p>\n<p>Une saison qui devait \u00eatre la derni\u00e8re&#8230; mais qui ne le sera finalement pas !<\/p>\n<p>Pr\u00e9sent\u00e9e comme l&rsquo;ultime saison de la s\u00e9rie au moment de sa commande par Netflix, la saison 5 ne sera finalement pas la derni\u00e8re. Pour le plus grand bonheur des fans. Le g\u00e9ant du streaming a en effet chang\u00e9 d&rsquo;avis et a annonc\u00e9 en juin dernier que Lucifer aurait droit \u00e0 une saison 6, qui entrera prochainement en tournage et dont le nombre d&rsquo;\u00e9pisodes n&rsquo;a pas \u00e9t\u00e9 pr\u00e9cis\u00e9 pour le moment. Une d\u00e9cision qui permet \u00e0 Lucifer Morningstar de s&rsquo;offrir une seconde vie&#8230; pour la deuxi\u00e8me fois, puisque Netflix avait d\u00e9j\u00e0 sauv\u00e9 la s\u00e9rie en 2018 apr\u00e8s l&rsquo;annulation par Fox au terme de la saison 3. Une preuve de plus, s&rsquo;il en fallait, que le Seigneur des Enfers est vraiment immortel.<\/p>\n<p>Bien s\u00fbr, les showrunners <a title=\"Joe Henderson (U.S.A.) (Sc\u00e9nariste,D'apr\u00e8s l'oeuvre de,Producteur d\u00e9l\u00e9gu\u00e9)\" href=\"http:\/\/www.allocine.fr\/personne\/fichepersonne_gen_cpersonne=474587.html\">Joe Henderson<\/a>\u00a0et <a title=\"Ildy Modrovich (U.S.A.) (Sc\u00e9nariste,Producteur d\u00e9l\u00e9gu\u00e9,Cr\u00e9ateur)\" href=\"http:\/\/www.allocine.fr\/personne\/fichepersonne_gen_cpersonne=106573.html\">Ildy Modrovich<\/a>\u00a0avaient fait en sorte que le final de la saison 5 soit une vraie fin de s\u00e9rie et ont donc d\u00fb revoir l\u00e9g\u00e8rement leur copie et r\u00e9\u00e9crire les derni\u00e8res minutes pour en faire un simple \u00ab\u00a0season finale\u00a0\u00bb, et non plus un \u00ab\u00a0series finale\u00a0\u00bb. <i>\u00ab\u00a0On a r\u00e9alis\u00e9 que la fin de cet \u00e9pisode final contenait beaucoup d&rsquo;excellentes intrigues que nous avions acc\u00e9l\u00e9r\u00e9 afin de donner une fin satisfaisante \u00e0 tous nos personnages\u00a0\u00bb<\/i>, a exliqu\u00e9 Ildy Modrovich \u00e0 <span class=\"ACraHRACr0cHM6Ly9ldy5jb20vdHYvZXhjbHVzaXZlLWx1Y2lmZXItYm9zc2VzLXJldmVhbC1ob3ctdGhlLXNlYXNvbi02LXJlbmV3YWwtYWZmZWN0cy1zZWFzb24tNS8=\" target=\"_blank\">Entertainment Weekly<\/span>. <i>\u00ab\u00a0Nous avons donc retir\u00e9 l&rsquo;acte 6 de l&rsquo;\u00e9pisode et nous nous sommes dit \u00ab\u00a0Prenons ce qui se passe dans cet acte 6 et explorons la mani\u00e8re dont les personnages se retrouvaient l\u00e0\u00a0\u00bb. Et c&rsquo;est ainsi devenu notre point de d\u00e9part pour la saison 6&Prime;<\/i>.<\/p>\n<p>Qui sera de retour ?<\/p>\n<p>Du c\u00f4t\u00e9 du casting principal de Lucifer, aucun changement n&rsquo;est \u00e0 pr\u00e9voir pour la saison 5. Tom Ellis\u00a0Lucifer), <a title=\"Lauren German (U.S.A.) (Acteur)\" href=\"http:\/\/www.allocine.fr\/personne\/fichepersonne_gen_cpersonne=79222.html\">Lauren German<\/a>\u00a0(Chloe), <a title=\"Kevin Alejandro (U.S.A.) (Acteur,R\u00e9alisateur)\" href=\"http:\/\/www.allocine.fr\/personne\/fichepersonne_gen_cpersonne=116394.html\">Kevin Alejandro<\/a>\u00a0(Dan), <a title=\"D.B. Woodside (U.S.A.) (Acteur)\" href=\"http:\/\/www.allocine.fr\/personne\/fichepersonne_gen_cpersonne=52395.html\">D.B. Woodside<\/a>\u00a0(Amenadiel), <a title=\"Lesley-Ann Brandt (Afrique du Sud) (Acteur)\" href=\"http:\/\/www.allocine.fr\/personne\/fichepersonne_gen_cpersonne=479170.html\">Lesley-Ann Brandt<\/a>\u00a0(Maze), <a title=\"Scarlett Estevez (U.S.A.) (Acteur)\" href=\"http:\/\/www.allocine.fr\/personne\/fichepersonne_gen_cpersonne=733820.html\">Scarlett Estevez<\/a>\u00a0(Trixie), <a title=\"Rachael Harris (U.S.A.) (Acteur,Cr\u00e9ateur,Producteur d\u00e9l\u00e9gu\u00e9)\" href=\"http:\/\/www.allocine.fr\/personne\/fichepersonne_gen_cpersonne=108983.html\">Rachael Harris<\/a>\u00a0(Linda), et <a title=\"Aimee Garcia (U.S.A.) (Acteur)\" href=\"http:\/\/www.allocine.fr\/personne\/fichepersonne_gen_cpersonne=100895.html\">Aimee Garcia<\/a>\u00a0(Ella) seront bel et bien de retour pour cette nouvelle salve d&rsquo;\u00e9pisodes.<\/p>\n<p>Du c\u00f4t\u00e9 des anciens personnages, on sait qu&rsquo;Eve (<a title=\"Inbar Lavi (Isra\u00ebl) (Acteur)\" href=\"http:\/\/www.allocine.fr\/personne\/fichepersonne_gen_cpersonne=236013.html\">Inbar Lavi<\/a>), qui semblait pourtant d\u00e9cid\u00e9e \u00e0 quitter Los Angeles dans le final de la saison 4, sera de retour dans la saison 5, pour un nombre ind\u00e9termin\u00e9 d&rsquo;\u00e9pisodes. Et se retrouvera ainsi face \u00e0 face avec celle dont elle a bris\u00e9 le coeur : Maze. Les fans de la premi\u00e8re heure auront \u00e9galement le plaisir de retrouver l&rsquo;un des visages marquants des premi\u00e8res saisons de Lucifer puisque, comme l&rsquo;a r\u00e9v\u00e9l\u00e9 le site TVLine l&rsquo;an dernier, <a title=\"Tricia Helfer (Canada) (Acteur)\" href=\"http:\/\/www.allocine.fr\/personne\/fichepersonne_gen_cpersonne=105232.html\">Tricia Helfer<\/a>, l&rsquo;interpr\u00e8te de Charlotte\u00a0Richards (et accessoirement de la m\u00e8re de Lucifer), appara\u00eetra \u00e9galement dans l&rsquo;un des \u00e9pisodes de la saison 5. Et \u00e0 en juger par la photo ci-dessous, la Charlotte que l&rsquo;on retrouvera, dont le\u00a0look rappelle celui des femmes au foyer am\u00e9ricaines des ann\u00e9es 50, ne ressemblera en rien \u00e0 celle que l&rsquo;on conna\u00eet et qui a trouv\u00e9 la mort en toute fin de saison 3. Mais s&rsquo;agit-il vraiment de Charlotte ? D&rsquo;un flashback ? Ou d&rsquo;un tout autre personnage ? Le secret est pour l&rsquo;instant bien gard\u00e9 par la production et par Netflix.<\/p>\n<p>Qui rejoint la s\u00e9rie ?<\/p>\n<p>La saison 5 de Lucifer introduira enfin un personnage dont on entend parler depuis toujours et qui fait compl\u00e8tement partie de l&rsquo;ADN de la s\u00e9rie depuis ses d\u00e9buts : Dieu en personne. Et pour l&rsquo;occasion, le papa de Lucifer et d&rsquo;Amenadiel sera incarn\u00e9 par <a title=\"Dennis Haysbert (U.S.A.) (Acteur,Producteur,R\u00e9alisateur)\" href=\"http:\/\/www.allocine.fr\/personne\/fichepersonne_gen_cpersonne=21165.html\">Dennis Haysbert<\/a>\u00a0(<a title=\"24 heures chrono (U.S.A.) (Drame,Espionnage,Action)\" href=\"http:\/\/www.allocine.fr\/series\/ficheserie_gen_cserie=58.html\">24 heures chrono<\/a>, <a title=\"The Unit : Commando d'\u00e9lite (U.S.A.) (Drame,Guerre,Action)\" href=\"http:\/\/www.allocine.fr\/series\/ficheserie_gen_cserie=450.html\">The Unit<\/a>) qui devrait appara\u00eetre dans plusieurs \u00e9pisodes. Et dont l&rsquo;arriv\u00e9e sous les traits de Dieu est d&rsquo;ailleurs teas\u00e9e de mani\u00e8re plut\u00f4t amusante dans la bande-annonce r\u00e9cemment d\u00e9voil\u00e9e.<\/p>\n<p>Ces nouveaux \u00e9pisodes seront \u00e9galement l&rsquo;occasion pour les sc\u00e9naristes de s&rsquo;int\u00e9resser \u00e0 la vie sentimentale d&rsquo;Ella qui, apr\u00e8s un d\u00e9but de saison difficile, croisera le chemin d&rsquo;un journaliste, Pete Daily, qui sera incarn\u00e9 par <a title=\"Alexander Koch (U.S.A.) (Acteur)\" href=\"http:\/\/www.allocine.fr\/personne\/fichepersonne_gen_cpersonne=625207.html\">Alexander Koch<\/a>\u00a0(Junior dans <a title=\"Under The Dome (U.S.A.) (Science fiction,Drame,Fantastique)\" href=\"http:\/\/www.allocine.fr\/series\/ficheserie_gen_cserie=7834.html\">Under The Dome<\/a>) et pourrait bien \u00eatre celui qu&rsquo;elle attendait. <i>\u00ab\u00a0Ella rencontre finalement un mec bien\u00a0\u00bb<\/i>, a confi\u00e9 Aimee Garcia \u00e0 <span class=\"ACraHRACr0cHM6Ly9ldy5jb20vdHYvbHVjaWZlci1zZWFzb24tNS1lbGxhLWxvdmUtaW50ZXJlc3QtYWxleC1rb2NoLw==\">Entertainment Weekly<\/span> au sujet de Pete. <i>\u00ab\u00a0Elle le laisse entre dans sa vie et les choses ne sont pas juste physiques entre eux, \u00e7a va vite devenir assez intime. Ils vont \u00e0 des conventions Star Trek, ils se font des d\u00eeners aux chandelles. Et ils parlent m\u00eame Klingon. C&rsquo;est une rencontre b\u00e9nie des dieux. Pete est en quelque sorte l&rsquo;\u00e9quivalent masculin d&rsquo;Ella. Il est tout aussi geek qu&rsquo;elle\u00a0\u00bb<\/i>.<\/p>\n<p>De quoi parlera cette saison 5 ?<\/p>\n<p>L&rsquo;an dernier, la saison 4 de Lucifer se terminait sur un cliffhanger assez redoutable : apr\u00e8s avoir \u00e9chang\u00e9 un baiser avec Chloe, Lucifer retournait vivre en Enfer afin de sauver le monde. Lorsque d\u00e9bute la saison 5, Chloe tente d&rsquo;oublier son grand amour en se noyant dans le travail&#8230; ainsi que dans l&rsquo;alcool et la f\u00eate en compagnie de Maze, qui essaye pour sa part de ne plus penser \u00e0 Eve. Et d&rsquo;occulter le fait que son meilleur ami a quitt\u00e9 la Terre sans m\u00eame lui dire au revoir.<\/p>\n<p>Selon TVLine, le premier \u00e9pisode de la saison 5 verra d&rsquo;ailleurs Lucifer s&rsquo;int\u00e9resser \u00e0 une affaire en Enfer qui pourrait bien \u00eatre li\u00e9e \u00e0 une enqu\u00eate que l&rsquo;inspecteur Decker tente de r\u00e9soudre en parall\u00e8le dans le royaume des vivants. De plus, de nombreuses s\u00e9quences de la saison devraient se d\u00e9rouler en Enfer et on sait d\u00e9j\u00e0 qu&rsquo;Amenadiel, qui g\u00e8rera le Lux en son absence, rendra visite \u00e0 son fr\u00e8re au cours d&rsquo;un des \u00e9pisodes. Mais n&rsquo;ayez crainte, le h\u00e9ros incarn\u00e9 par Tom Ellis ne tardera pas \u00e0 faire son grand retour sur Terre. Ou du moins, c&rsquo;est que les sc\u00e9naristes vont essayer de nous faire croire puisque, comme l&rsquo;a r\u00e9v\u00e9l\u00e9 la bande-annonce visible ci-dessous, ce Lucifer \u00ab\u00a0quelque peu diff\u00e9rent\u00a0\u00bb, selon les dires de Chloe elle-m\u00eame, est en r\u00e9alit\u00e9 Michael, son jumeau, bien d\u00e9cid\u00e9 \u00e0 prendre la place de son fr\u00e8re sur Terre et \u00e0 semer le chaos dans sa vie. Combien de temps Michael va-t-il arriver \u00e0 duper Chloe ? Et comment va-t-elle r\u00e9agir en apprenant la v\u00e9rit\u00e9 ?<\/p>\n<div class=\"article-figure-holder\">\n<figure class=\"article-figure mceNonEditable\"><img loading=\"lazy\" decoding=\"async\" class=\"article-figure-img\" src=\"data:image\/gif;base64,R0lGODlhAgABAPAAAAAAAAAAACH5BAEAAAAAIf8LSW1hZ2VNYWdpY2sNZ2FtbWE9MC40NTQ1NQAsAAAAAAIAAQAAAgIECgA7\" data-src=\"http:\/\/fr.web.img3.acsta.net\/r_640_256\/newsv7\/20\/08\/17\/16\/23\/1158984.jpg\" width=\"640\" height=\"320\"\/><span class=\"article-figcaption-copy\">John P. Fleenor\/Netflix<\/span><\/p>\n<\/figure>\n<\/div>\n<p>En parall\u00e8le de ce qui semble \u00eatre la ligne directrice de la premi\u00e8re partie de la saison 5, cette nouvelle fourn\u00e9e nous offrira \u00e9galement quelques \u00e9pisodes sp\u00e9ciaux \u00e0 ne pas manquer. L&rsquo;\u00e9pisode 3, par exemple, verra les h\u00e9ros enqu\u00eater sur un meurtre survenu sur le tournage d&rsquo;une s\u00e9rie Warner Bros. Television (la soci\u00e9t\u00e9 qui produit Lucifer) qui raconte l&rsquo;histoire d&rsquo;un \u00ab\u00a0beau gosse diabolique et de l&rsquo;inspectrice de police dont il est \u00e9pris\u00a0\u00bb, toujours selon TVLine. Clin d&rsquo;oeil, vous avez dit clin d&rsquo;oeil ? Quant \u00e0 l&rsquo;\u00e9pisode 4, intitul\u00e9 \u00ab\u00a0It Never Ends Well for the Chicken\u00a0\u00bb, il prendra la forme d&rsquo;un \u00e9pisode \u00ab\u00a0flashback\u00a0\u00bb en noir et blanc et nous transportera dans le Los Angeles des ann\u00e9es 1940, alors que Lucifer viendra rendre visite \u00e0 Maze pour la premi\u00e8re fois. L&rsquo;occasion de rendre un hommage vibrant aux films noirs de cette \u00e9poque, de voir Lucifer r\u00e9soudre la toute premi\u00e8re affaire de sa vie (bien avant sa rencontre avec l&rsquo;inspecteur Decker), et de voir une partie des com\u00e9diens, dont Lesley-Ann Brandt (Maze) pousser la chansonnette lors de deux s\u00e9quences musicales. Et cerise sur le g\u00e2teau, puisque ce que nous verrons \u00e0 l&rsquo;\u00e9cran sera en r\u00e9alit\u00e9 une histoire racont\u00e9e par Lucifer \u00e0 Trixie, certains personnages rencontr\u00e9s par le Seigneur des Enfers dans les ann\u00e9es 40 auront, sans trop que l&rsquo;on sache pourquoi, l&rsquo;apparence de Chloe ou de Dan. Permettant ainsi notamment \u00e0 Lauren German de pr\u00eater ses traits&#8230; \u00e0 un homme.<\/p>\n<p>Et comme une bonne nouvelle n&rsquo;arrive jamais seule, sachez que malgr\u00e9 ces quelques s\u00e9quences musicales tr\u00e8s attendues, un autre \u00e9pisode musical sera bel et bien au programme de cette saison 5 ! Il s&rsquo;agira du dixi\u00e8me \u00e9pisode, intitul\u00e9 \u00ab\u00a0Bloody Celestial Karaoke Jam\u00a0\u00bb, qui malheureusement n&rsquo;arrivera donc pas avant 2021 sur Netflix, avec la deuxi\u00e8me partie de la saison 5. Patience&#8230;<\/p>\n<p><strong>La bande-annonce de la premi\u00e8re partie de la saison 5 de Lucifer :<\/strong><\/p>\n<p>\u00a0<\/p>\n<\/p><\/div>\n<p>[ad_2]<br \/>\n<br \/><a href=\"http:\/\/rss.allocine.fr\/~r\/ac\/actualites\/~3\/vJw2M6kul7A\/fichearticle_gen_carticle=18692215.html\">Source link <\/a><\/p>\n","protected":false},"excerpt":{"rendered":"<p>[ad_1] La premi\u00e8re partie de la saison 5 de \u00ab\u00a0Lucifer\u00a0\u00bb arrive enfin sur Netflix ce vendredi 21 ao\u00fbt. Pour patienter &hellip; <a href=\"http:\/\/www.affinite.fr\/index.php\/2020\/08\/20\/lucifer-netflix-intrigue-nouveaux-personnages-tout-ce-quil-faut-savoir-sur-la-saison-5-news-series-a-la-tv\/\" class=\"more-link\">Plus <span class=\"screen-reader-text\">Lucifer (Netflix) : intrigue, nouveaux personnages&#8230; tout ce qu&rsquo;il faut savoir sur la saison 5 &#8211; News S\u00e9ries \u00e0 la TV<\/span> <span class=\"meta-nav\">&rarr;<\/span><\/a><\/p>\n","protected":false},"author":1,"featured_media":5136,"comment_status":"open","ping_status":"open","sticky":false,"template":"","format":"standard","meta":{"_sitemap_exclude":false,"_sitemap_priority":"","_sitemap_frequency":"","footnotes":""},"categories":[1],"tags":[],"class_list":["post-5135","post","type-post","status-publish","format-standard","has-post-thumbnail","hentry","category-tous"],"_links":{"self":[{"href":"http:\/\/www.affinite.fr\/index.php\/wp-json\/wp\/v2\/posts\/5135"}],"collection":[{"href":"http:\/\/www.affinite.fr\/index.php\/wp-json\/wp\/v2\/posts"}],"about":[{"href":"http:\/\/www.affinite.fr\/index.php\/wp-json\/wp\/v2\/types\/post"}],"author":[{"embeddable":true,"href":"http:\/\/www.affinite.fr\/index.php\/wp-json\/wp\/v2\/users\/1"}],"replies":[{"embeddable":true,"href":"http:\/\/www.affinite.fr\/index.php\/wp-json\/wp\/v2\/comments?post=5135"}],"version-history":[{"count":0,"href":"http:\/\/www.affinite.fr\/index.php\/wp-json\/wp\/v2\/posts\/5135\/revisions"}],"wp:featuredmedia":[{"embeddable":true,"href":"http:\/\/www.affinite.fr\/index.php\/wp-json\/wp\/v2\/media\/5136"}],"wp:attachment":[{"href":"http:\/\/www.affinite.fr\/index.php\/wp-json\/wp\/v2\/media?parent=5135"}],"wp:term":[{"taxonomy":"category","embeddable":true,"href":"http:\/\/www.affinite.fr\/index.php\/wp-json\/wp\/v2\/categories?post=5135"},{"taxonomy":"post_tag","embeddable":true,"href":"http:\/\/www.affinite.fr\/index.php\/wp-json\/wp\/v2\/tags?post=5135"}],"curies":[{"name":"wp","href":"https:\/\/api.w.org\/{rel}","templated":true}]}}