{"id":5124,"date":"2020-08-17T16:32:57","date_gmt":"2020-08-17T16:32:57","guid":{"rendered":"https:\/\/www.affinite.fr\/index.php\/2020\/08\/17\/fabienne-carat-pblv-divorce-de-xavier-houillon-mais-parle-damour\/"},"modified":"2020-08-17T16:32:57","modified_gmt":"2020-08-17T16:32:57","slug":"fabienne-carat-pblv-divorce-de-xavier-houillon-mais-parle-damour","status":"publish","type":"post","link":"http:\/\/www.affinite.fr\/index.php\/2020\/08\/17\/fabienne-carat-pblv-divorce-de-xavier-houillon-mais-parle-damour\/","title":{"rendered":"Fabienne Carat (PBLV) divorce de Xavier Houillon, mais parle d&rsquo;amour&#8230;"},"content":{"rendered":"<p> [ad_1]<br \/>\n<br \/><img decoding=\"async\" src=\"https:\/\/img-3.journaldesfemmes.fr\/dWXsSZCGqqoVEKUU81Y8qiSlfXg=\/1280x\/smart\/dcc69d2286e44f719c29bf0fdcff1962\/ccmcms-jdf\/17955125.jpg\" \/><\/p>\n<p>\n                C&rsquo;est fini entre l&rsquo;actrice de \u00ab\u00a0Plus Belle la Vie\u00a0\u00bb et Xavier Houillon. Fabienne Carat a d\u00e9voil\u00e9 les raisons du terme de son mariage dans \u00ab\u00a0T\u00e9l\u00e9 Star\u00a0\u00bb, apr\u00e8s 15\u00a0ans d&rsquo;amour et 7\u00a0ans d&rsquo;union&#8230;            <\/p>\n<div>\n<p><a href=\"https:\/\/www.journaldesfemmes.fr\/people\/magazine\/2647857-bartoli-deneuve-ducruet-castex\/2647893-fabienne-carat\">Fabienne Carat<\/a> est \u00e0 nouveau un c\u0153ur \u00e0 prendre ! La com\u00e9dienne de 40 ans a annonc\u00e9 sa s\u00e9paration\u00a0dans les colonnes de<em> T\u00e9l\u00e9 Star, <\/em>en kiosque<em>\u00a0<\/em>\u00a0ce 17 ao\u00fbt. <strong>En couple depuis quinze ans avec Xavier Houillon, cadre dans la\u00a0finance, l&rsquo;interpr\u00e8te de Samia dans <a href=\"https:\/\/www.journaldesfemmes.fr\/loisirs\/tv\/2624823-plus-belle-la-vie-c-est-bientot-fini-raisons-de-l-adieu-au-mistral\/\"><em>Plus Belle La Vie<\/em><\/a> lui avait dit \u00ab\u00a0oui\u00a0\u00bb en 2013<\/strong>.<br \/>Loin des ruptures dramatiques, l&rsquo;actrice s&rsquo;est confi\u00e9e sur les raisons de leur <strong>divorce\u00a0<\/strong><em><strong>\u00ab\u00a0d&rsquo;un commun accord\u00a0\u00bb.<\/strong>\u00a0<\/em>\u00ab\u00a0<i>Je vis un tournant<\/i>\u00ab\u00a0, a\u00a0r\u00e9v\u00e9l\u00e9 la star, en d\u00e9clarant que<strong> son ex-\u00e9poux souhaitait \u00eatre<em> \u00ab\u00a0tranquille\u00a0\u00bb<\/em>, <\/strong>\u00e0 l&rsquo;abris des strass et paillettes.\u00a0<br \/><em>\u00ab\u00a0<\/em><em><strong>Je lui rends sa libert\u00e9\u00a0<\/strong><\/em><em>pour qu&rsquo;il n&rsquo;ait plus \u00e0 voir son nom dans des interviews et<strong> que sa vie personnelle soit respect\u00e9e\u00a0\u00bb<\/strong><\/em><strong>,<\/strong> a finalement expliqu\u00e9 Fabienne Carat. Cette derni\u00e8re a \u00e9galement pr\u00e9cis\u00e9 que leurs m\u00e9tiers respectifs \u00e9taient trop prenants pour mener une vie \u00e0 deux et qu&rsquo;ils restaient tout de m\u00eame en tr\u00e8s bons termes.<\/p>\n<h2><strong>Fabienne Carat, bient\u00f4t maman ?<\/strong><\/h2>\n<p>Bien que la situation ne soit\u00a0<strong>\u00ab\u00a0<\/strong><em><strong>pas facile pour avancer dans une vie personnelle et une vie de femme\u00a0\u00bb,<\/strong> <\/em>Fabienne Carat garde le sourire. A l&rsquo;aube de ses 41 ans, la jolie brune se sent plus que jamais \u00e0 l&rsquo;aise\u00a0dans ses baskets. \u00ab\u00a0<i>En prenant de l&rsquo;\u00e2ge, on se sent vachement plus fort, \u00e9quilibr\u00e9 et mieux dans sa peau. Je ne suis pas du tout inqui\u00e8te pour le futur, que ce soit pour le boulot ou le perso. Tout va bien\u00a0!<\/i>\u00a0\u00ab\u00a0, a-t-assur\u00e9 l&rsquo;h\u00e9ro\u00efne de <em>Section de Recherches<\/em> \u00e0 <em>T\u00e9l\u00e9 Star. <\/em><\/p>\n<p>Et si la maternit\u00e9 n&rsquo;\u00e9tait pas sa priorit\u00e9 jusqu&rsquo;\u00e0 pr\u00e9sent, <a href=\"https:\/\/www.journaldesfemmes.fr\/people\/magazine\/2627065-fabienne-carat-mari-mec-hommes-compagnon-enfant-adoption\/#:~:text=Magazine%20people-,Fabienne%20Carat%20(PBLV)%20%3A%20qui%20est%20son%20mari%2C%20pourquoi,jamais%20d'enfant...&amp;text=Fabienne%20Carat%20se%20fait%20souvent%20discr%C3%A8te%20sur%20sa%20vie%20priv%C3%A9e.&amp;text=L'interpr%C3%A8te%20de%20Samia%20Nassri,sur%20France%203%20depuis%202005.\">la com\u00e9dienne pense\u00a0fonder une famille<\/a>&#8230; Malgr\u00e9 son divorce, Fabienne Carat a confiance\u00a0en son\u00a0destin.<strong>\u00a0<\/strong><\/p>\n<p><em><strong>\u00ab\u00a0J&rsquo;ai toujours transform\u00e9 chaque \u00e9preuve de ma vie en positif. [&#8230;] Certaines \u00e9preuves sont difficiles \u00e0 vivre mais n\u00e9cessaires pour grandir\u00a0\u00bb,<\/strong> <\/em>a affirm\u00e9 la coll\u00e8gue de La\u00ebtitia\u00a0Milot.<\/p>\n<aside id=\"NL_125690631\" class=\"newsletter_subscription jNlBlock\"><noscript><br \/>\n            <\/noscript><\/p>\n<h3 class=\"newsletter_subscription-title\">Newsletter <\/h3>\n<p><a href=\"\/\/mailing.ccmbg.com\/archive\/last-85\" target=\"_blank\" class=\"a_hover\" rel=\"noopener noreferrer\">Voir un exemple<\/a><\/p>\n<\/aside>\n<p><a href=\"https:\/\/www.journaldesfemmes.fr\/people\/magazine\/2591525-laura-smet-audrey-lamy-bigard-veronique-genest\/2593854-fabienne-carat\">La sexy quadrag\u00e9naire envisage-t-elle toujours l&rsquo;adoption ?<\/a>\u00a0 Bien qu&rsquo;elle n&rsquo;ait rien d\u00e9voil\u00e9 de plus concernant ses d\u00e9sirs d&rsquo;enfants, notre\u00a0vedette\u00a0du <i>petit \u00e9cran\u00a0<\/i><strong>\u00ab\u00a0<i>croit\u00a0en l&rsquo;amour\u00a0\u00bb\u00a0<\/i>et\u00a0<i>\u00ab\u00a0aux belles surprises de la vie\u2026\u00a0\u00bb<\/i><\/strong><\/p>\n<\/p><\/div>\n<p>[ad_2]<br \/>\n<br \/><a href=\"https:\/\/www.journaldesfemmes.fr\/people\/magazine\/2653977-fabienne-carat-divorce-homme-amour-enfants\/\">Source link <\/a><\/p>\n","protected":false},"excerpt":{"rendered":"<p>[ad_1] C&rsquo;est fini entre l&rsquo;actrice de \u00ab\u00a0Plus Belle la Vie\u00a0\u00bb et Xavier Houillon. Fabienne Carat a d\u00e9voil\u00e9 les raisons du &hellip; <a href=\"http:\/\/www.affinite.fr\/index.php\/2020\/08\/17\/fabienne-carat-pblv-divorce-de-xavier-houillon-mais-parle-damour\/\" class=\"more-link\">Plus <span class=\"screen-reader-text\">Fabienne Carat (PBLV) divorce de Xavier Houillon, mais parle d&rsquo;amour&#8230;<\/span> <span class=\"meta-nav\">&rarr;<\/span><\/a><\/p>\n","protected":false},"author":1,"featured_media":5125,"comment_status":"open","ping_status":"open","sticky":false,"template":"","format":"standard","meta":{"_sitemap_exclude":false,"_sitemap_priority":"","_sitemap_frequency":"","footnotes":""},"categories":[1],"tags":[],"class_list":["post-5124","post","type-post","status-publish","format-standard","has-post-thumbnail","hentry","category-tous"],"_links":{"self":[{"href":"http:\/\/www.affinite.fr\/index.php\/wp-json\/wp\/v2\/posts\/5124"}],"collection":[{"href":"http:\/\/www.affinite.fr\/index.php\/wp-json\/wp\/v2\/posts"}],"about":[{"href":"http:\/\/www.affinite.fr\/index.php\/wp-json\/wp\/v2\/types\/post"}],"author":[{"embeddable":true,"href":"http:\/\/www.affinite.fr\/index.php\/wp-json\/wp\/v2\/users\/1"}],"replies":[{"embeddable":true,"href":"http:\/\/www.affinite.fr\/index.php\/wp-json\/wp\/v2\/comments?post=5124"}],"version-history":[{"count":0,"href":"http:\/\/www.affinite.fr\/index.php\/wp-json\/wp\/v2\/posts\/5124\/revisions"}],"wp:featuredmedia":[{"embeddable":true,"href":"http:\/\/www.affinite.fr\/index.php\/wp-json\/wp\/v2\/media\/5125"}],"wp:attachment":[{"href":"http:\/\/www.affinite.fr\/index.php\/wp-json\/wp\/v2\/media?parent=5124"}],"wp:term":[{"taxonomy":"category","embeddable":true,"href":"http:\/\/www.affinite.fr\/index.php\/wp-json\/wp\/v2\/categories?post=5124"},{"taxonomy":"post_tag","embeddable":true,"href":"http:\/\/www.affinite.fr\/index.php\/wp-json\/wp\/v2\/tags?post=5124"}],"curies":[{"name":"wp","href":"https:\/\/api.w.org\/{rel}","templated":true}]}}