{"id":5122,"date":"2020-08-17T13:26:25","date_gmt":"2020-08-17T13:26:25","guid":{"rendered":"https:\/\/www.affinite.fr\/index.php\/2020\/08\/17\/a-paris-les-nouvelles-chambres-de-lhotel-le-negresco\/"},"modified":"2020-08-17T13:26:25","modified_gmt":"2020-08-17T13:26:25","slug":"a-paris-les-nouvelles-chambres-de-lhotel-le-negresco","status":"publish","type":"post","link":"http:\/\/www.affinite.fr\/index.php\/2020\/08\/17\/a-paris-les-nouvelles-chambres-de-lhotel-le-negresco\/","title":{"rendered":"A Paris, les nouvelles chambres de l\u2019H\u00f4tel Le Negresco"},"content":{"rendered":"<p> [ad_1]<br \/>\n<br \/><img decoding=\"async\" src=\"https:\/\/maison3.advcdn.net\/images\/medias\/000\/054\/000054587\/200.jpg\" \/><\/p>\n<div itemprop=\"articleBody\">\n<p>\n  <strong>Un challenge \u00e0 relever<\/strong>\n<\/p>\n<p>\n  <em>\u00ab\u00a0C\u2019est un projet d\u2019aujourd\u2019hui pour le Negresco de demain \u00bb.<\/em> Voici la phrase qui r\u00e9sume parfaitement le travail, cr\u00e9atif et ponctu\u00e9 de fantaisie des architectes d\u2019int\u00e9rieur, <strong>designers et d\u00e9corateurs Marc Hertrich et Nicolas Adnet.<\/strong> Pas facile de proposer un concept actuel en ad\u00e9quation avec ce <strong>lieu d\u2019exception, caract\u00e9ris\u00e9 par la richesse de ses collections d\u2019antiquit\u00e9s, de ses \u0153uvres d\u2019art,<\/strong> classiques ou modernes, ainsi que par sa d\u00e9coration atypique et luxueuse. <em>\u00ab\u00a0Que ce soit dans les restaurants, sous l\u2019impressionnante coupole, dans les \u00e9tages, dans les chambres et suites, <strong>Le Negresco cumule de nombreuses atmosph\u00e8res tr\u00e8s vari\u00e9es imagin\u00e9es par Madame Augier, la propri\u00e9taire.<\/strong> Le moins que l\u2019on puisse dire, c\u2019est qu\u2019elles sont os\u00e9es, affirm\u00e9es, originales et toujours spectaculaires. Rien de bourgeois, ni de classique, mais des ambiances d\u00e9coratives de haute vol\u00e9e, de caract\u00e8re et toujours ponctu\u00e9e de modernit\u00e9\u00a0<\/em>\u00bb, racontent Marc Hertrich et Nicolas Adnet qui, en acceptant ce projet, se sont engag\u00e9s \u00e0 relever un sacr\u00e9 d\u00e9fi. \u00a0\n<\/p>\n<p>\n  <strong>Une orientation d\u00e9finie<\/strong>\n<\/p>\n<p>\n  Les <strong>chambres sont situ\u00e9es dans l\u2019aile Rivoli, c\u00f4t\u00e9 rue de Rivoli.<\/strong> Dans cet agrandissement, elles offrent, au 1<sup>er<\/sup> \u00e9tage, une vue superbe sur le tr\u00e8s beau parc du Palais Mass\u00e9na. Cette aile a d\u2019ailleurs \u00e9t\u00e9 con\u00e7ue dans le but de renouveler l\u2019offre avec des propositions plus actuelles sans trahir l\u2019esprit de ce lieu unique. Et <strong>les propositions d\u00e9coratives du studio MHAD cr\u00e9ent vraiment la surprise.<\/strong> Pas de pastiche, mais un esprit ludique qui se prom\u00e8ne dans l\u2019histoire de l\u2019art, servant de fil conducteur pour cr\u00e9er un nouvel exercice de style. Le studio MHAD a souhait\u00e9 sortir des sentiers battus pour continuer de v\u00e9hiculer l\u2019\u00ab\u00a0impertinence \u00e0 la fran\u00e7aise\u00a0\u00bb et le suppl\u00e9ment d\u2019\u00e2me qui est propre au Negresco.\n<\/p>\n<p>\n  <strong>Des clins d\u2019\u0153il ludiques<\/strong>\n<\/p>\n<p>\n  Avant m\u00eame de p\u00e9n\u00e9trer dans les chambres, le ton est donn\u00e9. Les clients empruntent des couloirs au sol recouvert d\u2019une <strong>moquette arborant les armes du Negresco,<\/strong> mais aussi ponctu\u00e9s des empreintes de chat, hommage au matou de la propri\u00e9taire. Dans une ambiance douce et chaleureuse, <strong>les appliques en forme de chat en bronze dor\u00e9<\/strong> \u00e9voquent l\u2019histoire de Carmen, le fameux f\u00e9lin qui est ici chez lui. <strong>Les chambres offrent des ambiances tr\u00e8s color\u00e9es,<\/strong> travaill\u00e9es dans des gammes denses et bicolores selon trois harmonies distinctes\u00a0: un cama\u00efeu de rouges et de jaunes dor\u00e9s, une palette de verts \u00e9meraude et jaunes d\u2019or et un d\u00e9grad\u00e9 de jaunes \u00e9clatants ponctu\u00e9s de bleu roi. Pour faire le lien entre le pass\u00e9 et le pr\u00e9sent, les mat\u00e9riaux classiques et nobles (cadre en bois dor\u00e9 \u00e0 la feuille, damas de soie) qui se m\u00ealent \u00e0 des mati\u00e8res plus actuelles (tissus gaufr\u00e9s et mordor\u00e9s et \u00e0 motifs de cannage. <strong>Les tissus proviennent des maisons Dedar, Leli\u00e8vre et Rubelli\u2026<\/strong> Et tous les fabricants de meubles et des objets d\u00e9coratifs, choisis parmi les artisans les meilleurs de France, sont labellis\u00e9s \u00ab\u00a0Entreprise du Patrimoine Vivant\u00a0\u00bb. \u00a0\u00a0\u00a0\n<\/p>\n<p>\n  Contact\u00a0: <a href=\"http:\/\/www.studiomhna.com\/\">www.studiomhna.com<\/a>\n<\/p>\n<\/p><\/div>\n<p><script async defer crossorigin=\"anonymous\" src=\"https:\/\/connect.facebook.net\/fr_FR\/sdk.js#xfbml=1&#038;version=v6.0&#038;appId=252025098257546&#038;autoLogAppEvents=1\"><\/script><br \/>\n<br \/>[ad_2]<br \/>\n<br \/><a href=\"http:\/\/feedproxy.google.com\/~r\/maison-actus\/~3\/EJXIKRyjMog\/\">Source link <\/a><\/p>\n","protected":false},"excerpt":{"rendered":"<p>[ad_1] Un challenge \u00e0 relever \u00ab\u00a0C\u2019est un projet d\u2019aujourd\u2019hui pour le Negresco de demain \u00bb. Voici la phrase qui r\u00e9sume &hellip; <a href=\"http:\/\/www.affinite.fr\/index.php\/2020\/08\/17\/a-paris-les-nouvelles-chambres-de-lhotel-le-negresco\/\" class=\"more-link\">Plus <span class=\"screen-reader-text\">A Paris, les nouvelles chambres de l\u2019H\u00f4tel Le Negresco<\/span> <span class=\"meta-nav\">&rarr;<\/span><\/a><\/p>\n","protected":false},"author":1,"featured_media":5123,"comment_status":"open","ping_status":"open","sticky":false,"template":"","format":"standard","meta":{"_sitemap_exclude":false,"_sitemap_priority":"","_sitemap_frequency":"","footnotes":""},"categories":[1],"tags":[],"class_list":["post-5122","post","type-post","status-publish","format-standard","has-post-thumbnail","hentry","category-tous"],"_links":{"self":[{"href":"http:\/\/www.affinite.fr\/index.php\/wp-json\/wp\/v2\/posts\/5122"}],"collection":[{"href":"http:\/\/www.affinite.fr\/index.php\/wp-json\/wp\/v2\/posts"}],"about":[{"href":"http:\/\/www.affinite.fr\/index.php\/wp-json\/wp\/v2\/types\/post"}],"author":[{"embeddable":true,"href":"http:\/\/www.affinite.fr\/index.php\/wp-json\/wp\/v2\/users\/1"}],"replies":[{"embeddable":true,"href":"http:\/\/www.affinite.fr\/index.php\/wp-json\/wp\/v2\/comments?post=5122"}],"version-history":[{"count":0,"href":"http:\/\/www.affinite.fr\/index.php\/wp-json\/wp\/v2\/posts\/5122\/revisions"}],"wp:featuredmedia":[{"embeddable":true,"href":"http:\/\/www.affinite.fr\/index.php\/wp-json\/wp\/v2\/media\/5123"}],"wp:attachment":[{"href":"http:\/\/www.affinite.fr\/index.php\/wp-json\/wp\/v2\/media?parent=5122"}],"wp:term":[{"taxonomy":"category","embeddable":true,"href":"http:\/\/www.affinite.fr\/index.php\/wp-json\/wp\/v2\/categories?post=5122"},{"taxonomy":"post_tag","embeddable":true,"href":"http:\/\/www.affinite.fr\/index.php\/wp-json\/wp\/v2\/tags?post=5122"}],"curies":[{"name":"wp","href":"https:\/\/api.w.org\/{rel}","templated":true}]}}