{"id":5088,"date":"2020-08-10T01:04:37","date_gmt":"2020-08-10T01:04:37","guid":{"rendered":"https:\/\/www.affinite.fr\/index.php\/2020\/08\/10\/bande-annonce-a-perfect-family-la-pepite-danoise-de-lete-actus-cine\/"},"modified":"2020-08-10T01:04:37","modified_gmt":"2020-08-10T01:04:37","slug":"bande-annonce-a-perfect-family-la-pepite-danoise-de-lete-actus-cine","status":"publish","type":"post","link":"http:\/\/www.affinite.fr\/index.php\/2020\/08\/10\/bande-annonce-a-perfect-family-la-pepite-danoise-de-lete-actus-cine\/","title":{"rendered":"Bande-annonce A Perfect Family, la p\u00e9pite danoise de l\u2019\u00e9t\u00e9 &#8211; Actus Cin\u00e9"},"content":{"rendered":"<p> [ad_1]<br \/>\n<br \/><img decoding=\"async\" src=\"http:\/\/fr.web.img3.acsta.net\/newsv7\/20\/08\/07\/11\/58\/5034888.jpg\" \/><\/p>\n<div id=\"article-container\">\n<p class=\"article-lead\">D\u00e9couvrez la bande-annonce d\u2019A Perfect Family, le premier film de Malou Leth Reymann \u00e0 voir en salles d\u00e8s le 19 ao\u00fbt.<\/p>\n<div id=\"article-content\">\n<figure class=\"player player-auto-play js-player\" data-model=\"{&quot;context&quot;:&quot;newspage_news&quot;,&quot;launch&quot;:&quot;auto-play&quot;,&quot;followScroll&quot;:true,&quot;endScreen&quot;:true,&quot;disableAutoPause&quot;:true,&quot;videos&quot;:[{&quot;id&quot;:19589056,&quot;sources&quot;:{&quot;medium&quot;:&quot;\/\/fr.vid.web.acsta.net\/nmedia\/33\/20\/06\/29\/10\/\/19589056_sd_013.mp4&quot;,&quot;high&quot;:&quot;\/\/fr.vid.web.acsta.net\/nmedia\/33\/20\/06\/29\/10\/\/19589056_hd_013.mp4&quot;},&quot;image&quot;:&quot;\/videothumbnails\/20\/06\/29\/10\/50\/5726292.jpg&quot;,&quot;title&quot;:&quot;A Perfect Family Bande-annonce VO&quot;,&quot;trackingIdentifier&quot;:&quot;19589056-a_perfect_family_bande_annonce_vo&quot;,&quot;embedUrl&quot;:&quot;ACraHRACr0cDovL3BsYXllci5hbGxvY2luZS5mci8xOTU4OTA1Ni5odG1s&quot;,&quot;id_type&quot;:31003,&quot;file_type&quot;:&quot;trailer&quot;,&quot;description&quot;:&quot;A Perfect Family Bande-annonce VO&quot;,&quot;duration&quot;:89,&quot;view_count&quot;:14878,&quot;added_at&quot;:{&quot;date&quot;:&quot;2020-06-29 10:48:00.000000&quot;,&quot;timezone_type&quot;:3,&quot;timezone&quot;:&quot;Europe\/Paris&quot;},&quot;metas&quot;:{&quot;genre_main_movie&quot;:[{&quot;name&quot;:&quot;Comu00e9die dramatique&quot;,&quot;id&quot;:&quot;13002&quot;},{&quot;name&quot;:&quot;Drame&quot;,&quot;id&quot;:&quot;13008&quot;},{&quot;name&quot;:&quot;Comu00e9die&quot;,&quot;id&quot;:&quot;13005&quot;}],&quot;id_main_movie&quot;:280139,&quot;image_main_movie&quot;:&quot;\/pictures\/20\/06\/19\/16\/10\/0416186.jpg&quot;,&quot;localized_file_type&quot;:&quot;trailer&quot;,&quot;main_movie_type&quot;:4002,&quot;name_main_movie&quot;:&quot;A Perfect Family&quot;,&quot;nb_days_release_main_movie&quot;:8,&quot;release_date_main_movie&quot;:{&quot;date&quot;:&quot;2020-08-19 00:00:00.000000&quot;,&quot;timezone_type&quot;:3,&quot;timezone&quot;:&quot;Europe\/Paris&quot;},&quot;release_status_movie&quot;:&quot;Sortie en salle&quot;,&quot;trans_file_type&quot;:&quot;Bande-annonce&quot;},&quot;relatedEntityDistributor&quot;:&quot;Haut et Court&quot;,&quot;relatedEntityDistributorId&quot;:5538,&quot;relatedEntityType&quot;:&quot;movie&quot;,&quot;relatedEntityTrackingIdentifier&quot;:&quot;280139-a_perfect_family&quot;,&quot;relatedEntityTitle&quot;:&quot;A Perfect Family&quot;,&quot;relatedEntityId&quot;:280139,&quot;genres&quot;:[{&quot;id&quot;:&quot;13002&quot;,&quot;name&quot;:&quot;Comu00e9die dramatique&quot;},{&quot;id&quot;:&quot;13008&quot;,&quot;name&quot;:&quot;Drame&quot;},{&quot;id&quot;:&quot;13005&quot;,&quot;name&quot;:&quot;Comu00e9die&quot;}],&quot;relatedEntityUrl&quot;:&quot;ACraHRACr0cDovL3d3dy5hbGxvY2luZS5mci9maWxtL2ZpY2hlZmlsbV9nZW5fY2ZpbG09MjgwMTM5Lmh0bWw=&quot;,&quot;mediaUrl&quot;:&quot;ACraHRACr0cDovL3d3dy5hbGxvY2luZS5mci92aWRlby9wbGF5ZXJfZ2VuX2NtZWRpYT0xOTU4OTA1NiZjZmlsbT0yODAxMzkuaHRtbA==&quot;}],&quot;disablePreroll&quot;:false,&quot;disablePostroll&quot;:false}\" data-thumb=\"http:\/\/fr.web.img3.acsta.net\/r_640_360\/videothumbnails\/20\/06\/29\/10\/50\/5726292.jpg\">\n<\/figure>\n<p>Emma, une adolescente, grandit au sein d\u2019une famille tout a\u0300 fait ordinaire jusqu\u2019au jour ou\u0300 son pe\u0300re de\u0301cide de devenir une femme. Ce bouleversement au sein de cette famille aimante conduit chacun a\u0300 se questionner et a\u0300 se re\u0301inventer\u2026<\/p>\n<p>Dans <a title=\"A Perfect Family (Danemark) - 2019 (Com\u00e9die dramatique,Drame,Com\u00e9die)\" href=\"http:\/\/www.allocine.fr\/film\/fichefilm_gen_cfilm=280139.html\">A Perfect Family<\/a>, la jeune r\u00e9alisatrice\u00a0<a title=\"Malou Leth Reymann (Danemark) (R\u00e9alisateur,Acteur)\" href=\"http:\/\/www.allocine.fr\/personne\/fichepersonne_gen_cpersonne=222133.html\">Malou Leth Reymann<\/a> a souhait\u00e9 s\u2019attaquer \u00e0 un sujet qui lui tenait particuli\u00e8rement \u00e0 coeur. Elle s\u2019inspire en effet de sa propre histoire, ayant grandi aupr\u00e8s d\u2019un p\u00e8re transgenre, pour \u00e9crire et r\u00e9aliser son premier long-m\u00e9trage. Et plut\u00f4t que d\u2019en faire un simple drame, la jeune femme a souhait\u00e9 y ins\u00e9rer quelques moments plus joyeux. Comme en t\u00e9moigne la bande-annonce, qui alterne entre des moments forts en \u00e9motions et des sc\u00e8nes plus l\u00e9g\u00e8res.<\/p>\n<p>C\u2019est l\u2019acteur danois <a title=\"Mikkel Boe Folsgaard (Danemark) (Acteur)\" href=\"http:\/\/www.allocine.fr\/personne\/fichepersonne_gen_cpersonne=559011.html\">Mikkel Boe Folsgaard<\/a>, vu notamment dans la s\u00e9rie Netflix <a title=\"The Rain (Danemark) (Drame,Science fiction,Thriller)\" href=\"http:\/\/www.allocine.fr\/series\/ficheserie_gen_cserie=22314.html\">The Rain<\/a>, qui a \u00e9t\u00e9 choisi pour tenir le r\u00f4le du p\u00e8re. La r\u00e9alisatrice n\u2019a pas souhait\u00e9 choisir un com\u00e9dien transexuel, afin d\u2019avoir \u00ab\u00a0<i>quelqu\u2019un qui ait une physionomie particuli\u00e8re, et qui puisse passer d\u2019un corps d\u2019homme \u00e0 l\u2019expression de sa f\u00e9minit\u00e9<\/i>\u00ab\u00a0. Et Boe Folsgaard est plus que convaincant \u00e0 l\u2019\u00e9cran. <\/p>\n<p>A Perfect Family, c\u2019est \u00e0 d\u00e9couvrir d\u00e8s le 19 ao\u00fbt au cin\u00e9ma.<\/p>\n<\/p><\/div>\n<\/p><\/div>\n<p>[ad_2]<br \/>\n<br \/><a href=\"http:\/\/rss.allocine.fr\/~r\/ac\/actualites\/~3\/zGY7ghyRgFs\/fichearticle_gen_carticle=18692081.html\">Source link <\/a><\/p>\n","protected":false},"excerpt":{"rendered":"<p>[ad_1] D\u00e9couvrez la bande-annonce d\u2019A Perfect Family, le premier film de Malou Leth Reymann \u00e0 voir en salles d\u00e8s le &hellip; <a href=\"http:\/\/www.affinite.fr\/index.php\/2020\/08\/10\/bande-annonce-a-perfect-family-la-pepite-danoise-de-lete-actus-cine\/\" class=\"more-link\">Plus <span class=\"screen-reader-text\">Bande-annonce A Perfect Family, la p\u00e9pite danoise de l\u2019\u00e9t\u00e9 &#8211; Actus Cin\u00e9<\/span> <span class=\"meta-nav\">&rarr;<\/span><\/a><\/p>\n","protected":false},"author":1,"featured_media":5089,"comment_status":"open","ping_status":"open","sticky":false,"template":"","format":"standard","meta":{"_sitemap_exclude":false,"_sitemap_priority":"","_sitemap_frequency":"","footnotes":""},"categories":[1],"tags":[],"class_list":["post-5088","post","type-post","status-publish","format-standard","has-post-thumbnail","hentry","category-tous"],"_links":{"self":[{"href":"http:\/\/www.affinite.fr\/index.php\/wp-json\/wp\/v2\/posts\/5088"}],"collection":[{"href":"http:\/\/www.affinite.fr\/index.php\/wp-json\/wp\/v2\/posts"}],"about":[{"href":"http:\/\/www.affinite.fr\/index.php\/wp-json\/wp\/v2\/types\/post"}],"author":[{"embeddable":true,"href":"http:\/\/www.affinite.fr\/index.php\/wp-json\/wp\/v2\/users\/1"}],"replies":[{"embeddable":true,"href":"http:\/\/www.affinite.fr\/index.php\/wp-json\/wp\/v2\/comments?post=5088"}],"version-history":[{"count":0,"href":"http:\/\/www.affinite.fr\/index.php\/wp-json\/wp\/v2\/posts\/5088\/revisions"}],"wp:featuredmedia":[{"embeddable":true,"href":"http:\/\/www.affinite.fr\/index.php\/wp-json\/wp\/v2\/media\/5089"}],"wp:attachment":[{"href":"http:\/\/www.affinite.fr\/index.php\/wp-json\/wp\/v2\/media?parent=5088"}],"wp:term":[{"taxonomy":"category","embeddable":true,"href":"http:\/\/www.affinite.fr\/index.php\/wp-json\/wp\/v2\/categories?post=5088"},{"taxonomy":"post_tag","embeddable":true,"href":"http:\/\/www.affinite.fr\/index.php\/wp-json\/wp\/v2\/tags?post=5088"}],"curies":[{"name":"wp","href":"https:\/\/api.w.org\/{rel}","templated":true}]}}