{"id":5085,"date":"2020-08-08T19:47:05","date_gmt":"2020-08-08T19:47:05","guid":{"rendered":"https:\/\/www.affinite.fr\/index.php\/2020\/08\/08\/les-fruits-du-mois-daout\/"},"modified":"2020-08-08T19:47:05","modified_gmt":"2020-08-08T19:47:05","slug":"les-fruits-du-mois-daout","status":"publish","type":"post","link":"http:\/\/www.affinite.fr\/index.php\/2020\/08\/08\/les-fruits-du-mois-daout\/","title":{"rendered":"Les fruits du mois d&rsquo;ao\u00fbt"},"content":{"rendered":"<p> [ad_1]<br \/>\n<\/p>\n<div id=\"post-body-8862563672392465360\" itemprop=\"articleBody\">\n<div dir=\"ltr\" style=\"text-align: left;\" trbidi=\"on\">\nOn est en plein \u00e9t\u00e9 et le mois d&rsquo;ao\u00fbt regorge de <a href=\"http:\/\/www.affinite.fr\/index.php\/2023\/07\/29\/valoriser-ses-invendus-une-demarche-ecologique-et-rentable-pour-les-marchands-de-fruits\/\">fruits<\/a> de saison juteux, sucr\u00e9s et d\u00e9licieux. C&rsquo;est le moment o\u00f9 jamais de pr\u00e9parer des recettes de p\u00e2tisserie saines ! Je vous propose ici plus de <span style=\"font-size: large;\"><b>120 recettes de saison avec les fruits du mois d&rsquo;ao\u00fbt <\/b><\/span>!<\/p>\n<h3>\nAbricot<\/h3>\n<p>Ce petit fruit \u00e0 la peau jaune orang\u00e9 et \u00e0 la chaire <a href=\"http:\/\/www.affinite.fr\/index.php\/2022\/10\/22\/la-creme-glacee-la-nouvelle-culture-commerciale\/\">ferme<\/a> et sucr\u00e9e saura vous ravir dans les g\u00e2teaux suivants :<\/p>\n<p><a href=\"https:\/\/www.iletaitunefoislapatisserie.com\/2019\/08\/les-fruits-du-mois-daout-120-recettes.html\"><img decoding=\"async\" alt=\"fruits saison aout\" border=\"0\" src=\"https:\/\/4.bp.blogspot.com\/-_Pb-PyBZCTE\/V5iraFUpg1I\/AAAAAAAANpM\/7quNSepbMbwhPa5cyaFEUoCuBJRatEwYACEw\/s1600\/abricots-rotis-miel.jpg\" title=\"recettes fruits aout\"\/><\/a> <\/p>\n<p><a name=\"more\"\/><\/p>\n<div>\n<\/p>\n<h3>\nCarotte<\/h3>\n<p>\nOn le croise peu en p\u00e2tisserie et pourtant&#8230; naturellement sucr\u00e9, il donne un go\u00fbt divin aux p\u00e2tisseries&#8230; et non pas qu&rsquo;au c\u00e9l\u00e8bre Carrot cake !<br \/>\n\u00a0<br \/>\n<\/p>\n<div>\n<div>\n<a href=\"https:\/\/www.iletaitunefoislapatisserie.com\/2014\/02\/le-carrot-cake-ou-gateau-la-carotte.html\"><img decoding=\"async\" alt=\"carrot cake avec cr\u00e8me\" border=\"0\" src=\"https:\/\/2.bp.blogspot.com\/-9bgO8GxCR8Y\/UwilmUNI1YI\/AAAAAAAADmU\/b2xnnMarevI\/s1600\/IMG_8256.JPG\" title=\"carrot cake\"\/><\/a><\/p>\n<div>\n<\/p>\n<h3>\nCourge <\/h3>\n<p>\nAvec sa texture onctueuse et la douceur de son, la courge est ador\u00e9e par les petits comme par les grands voici quelques recette de d\u00e9licieux g\u00e2teaux \u00e0 faire : \u00a0<\/p>\n<p><a href=\"https:\/\/www.iletaitunefoislapatisserie.com\/2014\/10\/pumkin-cake-cake-au-potimarron-philadelphia.html\"><img decoding=\"async\" alt=\"dessert fruits aout\" border=\"0\" src=\"https:\/\/3.bp.blogspot.com\/-B_iKXTcK5Ts\/VEgL0Wr703I\/AAAAAAAAFOQ\/YjH9jZtE_HM\/s1600\/cake-potimarron-fromage.jpg\" title=\"desserts aout\"\/><\/a> <\/p>\n<p><\/p>\n<h3>\nCourgette<\/h3>\n<p>\nEt puis, on peut se servir des courgettes en p\u00e2tisserie ! Elles remplacent d\u00e9licieusement le beurre dans la g\u00e2teau au <a href=\"http:\/\/www.affinite.fr\/index.php\/2025\/02\/27\/le-chocolat-et-le-materiel-indispensable-pour-reussir-vos-creations-gourmandes\/\">chocolat<\/a>. Testez, vous ne serez pas d\u00e9\u00e7us !<\/p>\n<div>\n<\/p>\n<div>\n<a href=\"https:\/\/www.iletaitunefoislapatisserie.com\/2015\/08\/gateau-au-chocolat-courgette-sans-beurre.html\" target=\"_blank\" rel=\"noopener noreferrer\"><img decoding=\"async\" alt=\"gateau chocolat courgette sans beurre\" border=\"0\" data-original-height=\"740\" data-original-width=\"652\" src=\"https:\/\/1.bp.blogspot.com\/-Ik7NL_D9a8s\/WxOcGpXjZWI\/AAAAAAAAolI\/PRqpne_IemIVEDbDQT39D1gkJYC5xY-jQCLcBGAs\/s1600\/gateau-chocolat-courgette-sans-beurre.jpg\" title=\"gateau chocolat courgette\"\/><\/a><\/p>\n<h3>\nFigue<\/h3>\n<p>Un de mes fruits pr\u00e9f\u00e9r\u00e9s ! A se demander pourquoi je n&rsquo;ai pas davantage de recettes aux figues sur mon blog&#8230;\n<\/p><\/div>\n<div>\n<h3>\nFraise<\/h3>\n<p>C&rsquo;est la fin pour la fraise, mais on en trouve encore dans certaines r\u00e9gions. Vous \u00eates chanceux, profitez-en !<br \/>\n<a href=\"https:\/\/www.iletaitunefoislapatisserie.com\/2018\/06\/smoothie-fraise-recette-facile-rapide.html\"><img decoding=\"async\" alt=\"recette smoothie fraise\" border=\"0\" class=\"photo\" data-original-height=\"854\" data-original-width=\"650\" src=\"https:\/\/4.bp.blogspot.com\/-yiqAD4ElKE8\/WyUsH9hsgAI\/AAAAAAAApEU\/RWvUJCb2NTAiLUESh8zygCbWm6_23R6UwCLcBGAs\/s1600\/smotthie-fraise-facile.jpg\" title=\"smoothie fraise\"\/><\/a> <\/p>\n<div>\n<div>\n<h3>\nFramboise<\/h3>\n<p>\n<br \/>La framboise est un fruit dont je ne me lasse pas ! Je crois que c&rsquo;est celui qui d\u00e9tient le record de recettes sur mon blog.<\/p>\n<p><a href=\"https:\/\/www.iletaitunefoislapatisserie.com\/2019\/02\/tarte-blender-framboise-chocolat-blanc.html\"><img decoding=\"async\" alt=\"tarte blender\" border=\"0\" class=\"photo\" data-original-height=\"787\" data-original-width=\"650\" src=\"https:\/\/4.bp.blogspot.com\/-jPHadtD_sBQ\/XGri9D9uG-I\/AAAAAAAA8Ho\/Nx-LzB5ROTgDmThAj77TfEJ_xHFVMRcrACLcBGAs\/s1600\/tarte-blender-framboise.jpg\" title=\"tarte au blender\"\/><\/a> <\/div>\n<p><\/p>\n<h3>\nGroseille<\/h3>\n<p>Pour les amoureux de cette petite baie acide, je vous propose la recette de g\u00e2teau suivante, c&rsquo;est absolument d\u00e9licieux: <\/p>\n<div>\n<a href=\"https:\/\/www.iletaitunefoislapatisserie.com\/2016\/07\/clafoutis-fruits-rouges-citron-vert-facile-rapide.html\"><img decoding=\"async\" alt=\"clafoutis fruit rouge\" border=\"0\" class=\"photo\" src=\"https:\/\/3.bp.blogspot.com\/-3i5CrlYw_nE\/V3V8SaYZCgI\/AAAAAAAALYI\/qv5NTpx5Pqot2CuwlXL1I7fqx4l7T5EQwCLcB\/s1600\/clafoutis-fruits-rouges.jpg\" title=\"clafoutis fruits rouges\"\/><\/a><\/p>\n<h3>\nMelon<\/h3>\n<div>\n<br \/>\nSuper rafraichissant, on mange du melon en entr\u00e9e mais aussi en dessert !<\/div>\n<p><a href=\"https:\/\/www.iletaitunefoislapatisserie.com\/2017\/11\/le-calisson-daix-maison.html\" target=\"_blank\" rel=\"noopener noreferrer\"><img decoding=\"async\" alt=\"dessert melon\" border=\"0\" class=\"photo\" data-original-height=\"900\" data-original-width=\"650\" src=\"https:\/\/4.bp.blogspot.com\/-vF6JKZe192I\/Wf4G4T8jFYI\/AAAAAAAAdJw\/D38DvsE483AJuM0CmOplhfpzGsUIp5KjgCLcBGAs\/s1600\/recette-calisson-d%2527aix.jpg\" title=\"recette melon\"\/><\/a> <\/p>\n<h3>\nMirabelle<\/h3>\n<p>J&rsquo;ai un prunier dans mon jardin qui fournit des reines-Claudes, mais on peut utiliser les mirabelles exactement de la m\u00eame fa\u00e7on :<\/p>\n<div>\n<a href=\"https:\/\/www.iletaitunefoislapatisserie.com\/2015\/09\/tarte-rustique-reines-claudes.html\"><img decoding=\"async\" alt=\"tarte rustique\" border=\"0\" class=\"photo\" src=\"https:\/\/2.bp.blogspot.com\/-oMe_ScwW2DA\/VfWlKedPR9I\/AAAAAAAAH_I\/96pbX2DTo_A\/s1600\/tarte%2Brustique.JPG\" title=\"tarte rustique\"\/><\/a><\/div>\n<h3>\nM\u00fbre<\/h3>\n<p>Cette petite baie gourmande aux notes l\u00e9g\u00e8rement sucr\u00e9e et acidul\u00e9e et \u00e0 la robe violette sera vous r\u00e9galer dans les pr\u00e9parations suivantes :<br \/>\n<a href=\"https:\/\/www.iletaitunefoislapatisserie.com\/2018\/08\/tarte-aux-mures-facile.html\"><img decoding=\"async\" alt=\"recettes p\u00e2tisserie aout\" border=\"0\" class=\"photo\" data-original-height=\"577\" data-original-width=\"650\" src=\"https:\/\/3.bp.blogspot.com\/-BFzZxHJ5xhY\/W37UGkhO6hI\/AAAAAAAAvX0\/U7PpO-F2CEQFGViANn0qUtlkTXbHGQfBQCLcBGAs\/s1600\/tarte-aux-mures-super-facile.jpg\" title=\"tarte aux m\u00fbres\"\/><\/a> <\/p>\n<h3>\nMyrtille<\/h3>\n<p>Cette petite baie gourmande aux notes l\u00e9g\u00e8rement sucr\u00e9e et acidul\u00e9e sera vous rafraichir dans les pr\u00e9parations suivantes :<\/p>\n<div>\n<br \/><a href=\"https:\/\/www.iletaitunefoislapatisserie.com\/2017\/05\/crumbcake-citron-myrtille.html\"><img decoding=\"async\" alt=\"recette saison \u00e9t\u00e9 aout\" border=\"0\" class=\"photo\" src=\"https:\/\/1.bp.blogspot.com\/-R-vanIFsBMg\/WRDcTXPSzFI\/AAAAAAAAY3A\/loKyIbVspSEVl70O7gexevdGWIvVuu_5QCLcB\/s1600\/recette-crumbcake.jpg\" title=\"crumbcake\"\/><\/a> <\/div>\n<p><h3>\nNoisette<\/h3>\n<\/p>\n<p>\nLa noisette arrive ! Je l&rsquo;adore ! Et associ\u00e9e \u00e0 du chocolat, elle devient carr\u00e9ment addictive \ud83d\ude42 Voici la liste de mes recettes aux noisettes :<a href=\"https:\/\/www.iletaitunefoislapatisserie.com\/2015\/06\/entremets-praline-fete-des-peres.html\"><img decoding=\"async\" alt=\"fruits aout noisette\" border=\"0\" data-original-height=\"900\" data-original-width=\"652\" src=\"https:\/\/1.bp.blogspot.com\/-cIHc20_pRtY\/XPYpvsJcjYI\/AAAAAAABBK0\/BhaX17WPcA0SFS-RCzt9xfBXJXBhwU0vACLcBGAs\/s1600\/entremets-pralin%25C3%25A9-f%25C3%25AAte-des-p%25C3%25A8res.jpg\" title=\"entremets pralin\u00e9 fete des p\u00e8res\"\/><\/a> <\/p>\n<div>\n<div>\n<div>\n<div>\n<div>\n<h3>\nP\u00eache<\/h3>\n<p>Fra\u00eeche ou en conserve, la p\u00eache se consomme sous diff\u00e9rentes vari\u00e9t\u00e9s, toute plus bonnes les unes que les autres, elles sauront vous ravir dans les desserts suivants :<a href=\"https:\/\/www.iletaitunefoislapatisserie.com\/2018\/09\/le-gateau-pecher-mignon.html\"><img decoding=\"async\" alt=\"dessert p\u00eache aout\" border=\"0\" class=\"photo\" data-original-height=\"433\" data-original-width=\"650\" src=\"https:\/\/3.bp.blogspot.com\/-o7IiI0MFT44\/W66TeasVTPI\/AAAAAAAAymo\/rO1zOBvmmEIDPY9_tScQ3dpDMTdmFW__ACLcBGAs\/s1600\/recette-gateau-pecher-mignon.jpg\" title=\"Recette p\u00eacher mignon\"\/><\/a> \n<\/div>\n<div>\n<h3>\nPoire<\/h3>\n<p>Fra\u00eeche ou en conserve, la poire se consomme sous diff\u00e9rentes vari\u00e9t\u00e9s, et sa douceur ne sera que trop vous plaire dans les desserts suivants :<br \/>\n<a href=\"https:\/\/www.iletaitunefoislapatisserie.com\/2015\/08\/croque-cake-sucre-poire-chocolat.html\"><img decoding=\"async\" alt=\"id\u00e9es recettes fruits aout\" border=\"0\" class=\"photo\" src=\"https:\/\/3.bp.blogspot.com\/-pn8U0W80bVQ\/VeLv7Lr8orI\/AAAAAAAAHhA\/SvSS5-p4mf4\/s1600\/croque-cake-sucr%25C3%25A9.jpg\" title=\"croque cake\"\/><\/a> <\/p>\n<h3>\nPomme<\/h3>\n<p>La pomme est une reine en p\u00e2tisserie, crue ou cuite, on la retrouve sous de nombreuses formes comme : les tartes, les feuillet\u00e9s, les cakes, ou bien les compotes, les desserts \u00e0 base de pomme sont toujours d\u00e9licieux.<\/p><\/div>\n<div>\nVous trouverez ici :<br \/>\nVoici ma s\u00e9lection de desserts :<a href=\"https:\/\/www.iletaitunefoislapatisserie.com\/2018\/11\/la-meilleure-tarte-aux-pommes-du-monde.html\"><img decoding=\"async\" alt=\"meilleure tarte aux pommes\" border=\"0\" class=\"photo\" data-original-height=\"402\" data-original-width=\"650\" src=\"https:\/\/4.bp.blogspot.com\/-j1JrdtpZKrU\/W-7UiE80boI\/AAAAAAAA1_o\/NtcK8IYitVAAioTeg6tSwdTU5F-bZCP0gCLcBGAs\/s1600\/meilleure-tarte-aux-pommes.jpg\" title=\"s\u00e9lection recettes pommes\"\/><\/a> <\/p>\n<div>\n<h3>\nPrune<\/h3>\n<p>Son aspect juteux et d\u00e9salt\u00e9rant sera vous ravir lors des moments chauds de cet \u00e9t\u00e9, je suis s\u00fbre que vous allez adorer :<\/div>\n<p><a href=\"https:\/\/www.iletaitunefoislapatisserie.com\/2014\/08\/tartes-aux-prunes-facile.html\"><img decoding=\"async\" alt=\"id\u00e9es recettes fruits aout\" border=\"0\" class=\"photo\" src=\"https:\/\/1.bp.blogspot.com\/-r7ORkUSyEuk\/U9zH7sUjbwI\/AAAAAAAAEq8\/DpB3eqYZ3xA\/s1600\/tarte-aux-prunes.jpg\" title=\"tarte aux prunes d'\u00e9t\u00e9\"\/><\/a><\/p>\n<p>A bient\u00f4t pour les recettes de saison du mois de septembre !<\/p>\n<\/div>\n<\/div>\n<\/div>\n<\/div>\n<\/div>\n<\/div>\n<\/div>\n<\/div>\n<\/div>\n<\/div>\n<\/div>\n<\/div>\n<\/div>\n<\/div>\n<\/div>\n<p>[ad_2]<br \/>\n<br \/><a href=\"https:\/\/www.iletaitunefoislapatisserie.com\/2019\/08\/les-fruits-du-mois-daout-120-recettes.html\">Source link <\/a><\/p>\n","protected":false},"excerpt":{"rendered":"<p>[ad_1] On est en plein \u00e9t\u00e9 et le mois d&rsquo;ao\u00fbt regorge de fruits de saison juteux, sucr\u00e9s et d\u00e9licieux. C&rsquo;est &hellip; <a href=\"http:\/\/www.affinite.fr\/index.php\/2020\/08\/08\/les-fruits-du-mois-daout\/\" class=\"more-link\">Plus <span class=\"screen-reader-text\">Les fruits du mois d&rsquo;ao\u00fbt<\/span> <span class=\"meta-nav\">&rarr;<\/span><\/a><\/p>\n","protected":false},"author":1,"featured_media":5086,"comment_status":"open","ping_status":"open","sticky":false,"template":"","format":"standard","meta":{"_sitemap_exclude":false,"_sitemap_priority":"","_sitemap_frequency":"","footnotes":""},"categories":[1],"tags":[],"class_list":["post-5085","post","type-post","status-publish","format-standard","has-post-thumbnail","hentry","category-tous"],"_links":{"self":[{"href":"http:\/\/www.affinite.fr\/index.php\/wp-json\/wp\/v2\/posts\/5085"}],"collection":[{"href":"http:\/\/www.affinite.fr\/index.php\/wp-json\/wp\/v2\/posts"}],"about":[{"href":"http:\/\/www.affinite.fr\/index.php\/wp-json\/wp\/v2\/types\/post"}],"author":[{"embeddable":true,"href":"http:\/\/www.affinite.fr\/index.php\/wp-json\/wp\/v2\/users\/1"}],"replies":[{"embeddable":true,"href":"http:\/\/www.affinite.fr\/index.php\/wp-json\/wp\/v2\/comments?post=5085"}],"version-history":[{"count":0,"href":"http:\/\/www.affinite.fr\/index.php\/wp-json\/wp\/v2\/posts\/5085\/revisions"}],"wp:featuredmedia":[{"embeddable":true,"href":"http:\/\/www.affinite.fr\/index.php\/wp-json\/wp\/v2\/media\/5086"}],"wp:attachment":[{"href":"http:\/\/www.affinite.fr\/index.php\/wp-json\/wp\/v2\/media?parent=5085"}],"wp:term":[{"taxonomy":"category","embeddable":true,"href":"http:\/\/www.affinite.fr\/index.php\/wp-json\/wp\/v2\/categories?post=5085"},{"taxonomy":"post_tag","embeddable":true,"href":"http:\/\/www.affinite.fr\/index.php\/wp-json\/wp\/v2\/tags?post=5085"}],"curies":[{"name":"wp","href":"https:\/\/api.w.org\/{rel}","templated":true}]}}