{"id":5082,"date":"2020-08-08T16:21:40","date_gmt":"2020-08-08T16:21:40","guid":{"rendered":"https:\/\/www.affinite.fr\/index.php\/2020\/08\/08\/notre-selection-ideale-pour-les-sorties\/"},"modified":"2020-08-08T16:21:40","modified_gmt":"2020-08-08T16:21:40","slug":"notre-selection-ideale-pour-les-sorties","status":"publish","type":"post","link":"http:\/\/www.affinite.fr\/index.php\/2020\/08\/08\/notre-selection-ideale-pour-les-sorties\/","title":{"rendered":"notre s\u00e9lection id\u00e9ale pour les sorties"},"content":{"rendered":"<p> [ad_1]<br \/>\n<\/p>\n<p>\n                                <a title=\"\u00a0\u00a9\u00a0Michael Simons - 123RF\" href=\"https:\/\/img-3.journaldesfemmes.fr\/CPjxK6HFFGgV2hO9TL8t5tLgoY4=\/1240x\/smart\/76c5bb2fdf0740d0b6f19d9e99f4b0d0\/ccmcms-jdf\/10744083.jpg\" class=\"fancy\"><br \/>\n                    <img decoding=\"async\" src=\"https:\/\/img-3.journaldesfemmes.fr\/rLmLfuwCbaoGVWd3V0Tpzz_ARJ0=\/540x\/smart\/76c5bb2fdf0740d0b6f19d9e99f4b0d0\/ccmcms-jdf\/10744083.jpg\" alt=\"Meilleur porte-b\u00e9b\u00e9\u00a0: notre s\u00e9lection id\u00e9ale pour les sorties\"\/><\/a><br \/>\n                Le porte-b\u00e9b\u00e9 est l&rsquo;un des \u00e9quipements indispensables \u00e0 la naissance. Qu&rsquo;il soit ventral, dorsal ou en \u00e9charpe, il permet de porter son enfant en toute s\u00e9curit\u00e9 et reste tr\u00e8s pratique pour les courts trajets avec b\u00e9b\u00e9. Nos bonnes affaires confortables, solides et durables\u00a0!            <\/p>\n<div>\n<div>\n<aside class=\"ccmcss_cms_summary ccmcss_cms_summary--right\" id=\"bloc-sommaire\">\n<h2 class=\"ccmcss_cms_summary__title\">Notre s\u00e9lection<\/h2>\n<\/aside>\n<p><input type=\"checkbox\" class=\"read-more-state\" id=\"post-1\"\/><\/p>\n<p>Jusqu&rsquo;\u00e0 10 kilos environ, <strong>le porte-b\u00e9b\u00e9<\/strong> est l&rsquo;<a href=\"https:\/\/www.journaldesfemmes.fr\/maman\/bebe\/2603855-guide-puericulture-les-articles-indispensables-a-la-naissance-de-bebe\/\" target=\"_blank\" rel=\"noopener noreferrer\">article de pu\u00e9riculture indispensable<\/a> qui laisse aux parents le choix de promener leur enfant autrement que\u00a0dans une poussette.\u00a0Souvent encombrante, notamment pour faire une petite course ou pour monter des escaliers, le porte-b\u00e9b\u00e9 s&rsquo;av\u00e8re quant \u00e0 lui tr\u00e8s utile pour les parents, tout en \u00e9tant confortable pour les b\u00e9b\u00e9s.\u00a0Assis contre vous ou de dos\u00a0pour mieux explorer le monde qui l&rsquo;entoure, diff\u00e9rentes mani\u00e8res de le porter s&rsquo;offrent \u00e0 vous. Il est n\u00e9anmoins recommand\u00e9 de ne pas mettre l&rsquo;enfant en position dorsale tant qu&rsquo;il n&rsquo;a pas encore acquis la position assise.\u00a0<strong>Pour bien choisir votre porte-b\u00e9b\u00e9<\/strong>, optez avant tout pour un mod\u00e8le solide, et bien s\u00fbr conforme aux normes en vigueur (NF EN 13209-1 et NF\u00a0EN\u00a013209-2 relatives aux exigences de s\u00e9curit\u00e9 concernant les porte-b\u00e9b\u00e9s dorsaux avec armatures, et les porte-b\u00e9b\u00e9s souples). N&rsquo;h\u00e9sitez pas non plus, au moment de l&rsquo;achat, \u00e0 essayer le mod\u00e8le que vous souhaitez acheter avec votre tout-petit afin de v\u00e9rifier s&rsquo;il vous convient, s&rsquo;il est dot\u00e9 d&rsquo;un appui-t\u00eate par exemple, ou que les sangles de portage sont bien \u00e0 votre hauteur&#8230;\u00a0Les diff\u00e9rents mod\u00e8les vous laisseront le choix de la position de b\u00e9b\u00e9 : contre vous, face \u00e0 la route, sur le dos, soutenu avec un repose-t\u00eate&#8230; Notre <strong>s\u00e9lection des meilleurs porte-b\u00e9b\u00e9.<\/strong><\/p>\n<p><label for=\"post-1\" class=\"read-more-trigger app_edito_btn\">\u00a0<\/label><\/div>\n<aside class=\"ads--insertor-avoid app_article_content\"><a id=\"meilleur-porte-bebe\" name=\"meilleur-porte-bebe\"\/><\/p>\n<h2 class=\"main_title\">Meilleur porte-b\u00e9b\u00e9<\/h2>\n<figure>\n<div class=\"product_picture\"><a rel=\"nofollow pass noopener noreferrer\" class=\"jBlockAmazon\" target=\"_blank\" href=\"https:\/\/www.amazon.fr\/dp\/B07R53HM2P?tag=journaldesfemmes-21&amp;linkCode=ogi&amp;th=1&amp;psc=1&amp;tag=journaldesfemmes-21&amp;ascsubtag=2056130f1fi\"><img decoding=\"async\" src=\"https:\/\/m.media-amazon.com\/images\/I\/41lFAFX6kHL.jpg\" alt=\"Meilleur porte-b\u00e9b\u00e9\"\/><\/a><\/p>\n<p><span>Meilleur<\/span>Choix<\/p>\n<\/div><figcaption>\n<h3 class=\"item_name\">Porte-b\u00e9b\u00e9 ergonomique, position dorsale et ventrale<\/h3>\n<p><span style=\"color:black !important;font-size:14px !important;text-decoration:line-through !important;\">169,90 \u20ac<\/span><span class=\"item_price\">141,44 \u20ac<\/span><a rel=\"nofollow pass noopener noreferrer\" class=\"item_cta_bottom jBlockAmazon\" name=\"btn_see_1\" target=\"_blank\" href=\"https:\/\/www.amazon.fr\/dp\/B07R53HM2P?tag=journaldesfemmes-21&amp;linkCode=ogi&amp;th=1&amp;psc=1&amp;tag=journaldesfemmes-21&amp;ascsubtag=2056130f1fb\">VOIR LE PRODUIT<\/a><span class=\"partner_sign\">sur\u00a0Amazon<\/span><\/figcaption><\/figure>\n<ul>\n<li>De 3,2 \u00e0 5,5 kg avec le coussin b\u00e9b\u00e9,\u00a0et\u00a0de 5,5 \u00e0 20 kg avec le porte-b\u00e9b\u00e9 seul<\/li>\n<p>&#13;<\/p>\n<li>Tablier ajustable jusqu\u2019\u00e0 3\u00a0ans ou 20\u00a0kg. Lavable en machine jusqu\u2019\u00e0 30\u00a0\u00b0C.<\/li>\n<p>&#13;<\/p>\n<li>Capuche r\u00e9tractable pour prot\u00e9ger l\u2019enfant du soleil (indice de protection UPF\u00a050+).<\/li>\n<p>&#13;\n<\/ul>\n<p>Ce <strong>porte-b\u00e9b\u00e9 ergonomique Ergobaby<\/strong> permet de porter votre b\u00e9b\u00e9 dans quatre positions (ventrale face au porteur, sur le dos, sur la hanche, et ventrale face au monde). Votre b\u00e9b\u00e9 est assis confortablement,\u00a0dans la position recommand\u00e9e avec les jambes-\u00e9cart\u00e9es et relev\u00e9es \u00aben M\u00bb. Enfin, le tissu respirant en Mesh 3D Air r\u00e9gule la temp\u00e9rature du b\u00e9b\u00e9 en continu lorsqu\u2019il fait chaud.<\/p>\n<p>&#13;<br \/>\n<a rel=\"nofollow pass noopener noreferrer\" target=\"_blank\" class=\"item_cta_bottom jBlockAmazon\" name=\"btn_see_2\" href=\"https:\/\/www.amazon.fr\/dp\/B07R53HM2P?tag=journaldesfemmes-21&amp;linkCode=ogi&amp;th=1&amp;psc=1&amp;tag=journaldesfemmes-21&amp;ascsubtag=2056130f1fp\">VOIR LE PRODUIT<\/a><\/aside>\n<aside class=\"ads--insertor-avoid app_article_content\"><a id=\"porte-bebe-babybjorn\" name=\"porte-bebe-babybjorn\"\/><\/p>\n<h2 class=\"main_title\">Porte-b\u00e9b\u00e9 Babybj\u00f6rn<\/h2>\n<figure>\n<div class=\"product_picture\"><a rel=\"nofollow pass noopener noreferrer\" class=\"jBlockAmazon\" target=\"_blank\" href=\"https:\/\/www.amazon.fr\/dp\/B07WMFNNCT?tag=journaldesfemmes-21&amp;ascsubtag=2056130f2fi\"><img decoding=\"async\" src=\"https:\/\/m.media-amazon.com\/images\/I\/41bbD7jFDOL.jpg\" alt=\"Porte-b\u00e9b\u00e9 Babybj\u00f6rn\"\/><\/a><\/div><figcaption>\n<h3 class=\"item_name\">Porte-b\u00e9b\u00e9 Move 3D Mesh, BabyBj\u00f6rn<\/h3>\n<ul class=\"partners_list\">\n<li>\n<p><span class=\"partner_list_logo partner_list_logo--amazon\">Amazon<\/span><\/p>\n<\/li>\n<li>\n<p><span class=\"partner_list_logo partner_list_logo--darty\">Darty<\/span><\/p>\n<\/li>\n<\/ul>\n<\/figcaption><\/figure>\n<ul>\n<li>De la naissance (3.2 kg) \u00e0 15 mois (12 kg) environ<\/li>\n<p>&#13;<\/p>\n<li>Facile \u00e0 mettre et \u00e0 enlever, sans r\u00e9veiller b\u00e9b\u00e9<\/li>\n<p>&#13;\n<\/ul>\n<p><strong>Le porte-b\u00e9b\u00e9 Move<\/strong> est id\u00e9al pour les trajets quotidiens ou les jolies balades du week-end. Tr\u00e8s simple d\u2019utilisation avec un minimum de r\u00e9glages, le mod\u00e8le Move de Babybj\u00f6rn est aussi tr\u00e8s confortable, gr\u00e2ce au support lombaire int\u00e9gr\u00e9, \u00e0 la ceinture et aux bretelles rembourr\u00e9es. Con\u00e7u dans une maille filet 3D fine et souple, il \u00e9pouse la forme du dos de b\u00e9b\u00e9, et de ses jambes pour lui assurer un bon maintien. Le plus : compos\u00e9 de deux parties, ce porte-b\u00e9b\u00e9\u00a0s\u2019enfile\u00a0et se retire facilement. Lorsque b\u00e9b\u00e9 s\u2019est endormi et que le moment est venu de le coucher : 2 clics suffisent\u00a0prendre b\u00e9b\u00e9 dans les bras et l\u2019allonger sans le r\u00e9veiller.<\/p>\n<p>&#13;<br \/>\n<\/aside>\n<aside class=\"ads--insertor-avoid app_article_content\"><a id=\"porte-bebe-chicco\" name=\"porte-bebe-chicco\"\/><\/p>\n<h2 class=\"main_title\">Porte-b\u00e9b\u00e9 Chicco<\/h2>\n<figure>\n<div class=\"product_picture\"><a rel=\"nofollow pass noopener noreferrer\" class=\"jBlockAmazon\" target=\"_blank\" href=\"https:\/\/www.amazon.fr\/dp\/B07Y3K4KJ1?tag=journaldesfemmes-21&amp;ascsubtag=2056130f3fi\"><img decoding=\"async\" src=\"https:\/\/m.media-amazon.com\/images\/I\/4166B06HrQL.jpg\" alt=\"Porte-b\u00e9b\u00e9 Chicco\"\/><\/a><\/div><figcaption>\n<h3 class=\"item_name\">Porte-b\u00e9b\u00e9 Easy Fit<\/h3>\n<ul class=\"partners_list\">\n<li>\n<p><span class=\"partner_list_logo partner_list_logo--amazon\">Amazon<\/span><\/p>\n<\/li>\n<li>\n<p><span class=\"partner_list_logo partner_list_logo--cdiscount\">Cdiscount<\/span><\/p>\n<\/li>\n<\/ul>\n<\/figcaption><\/figure>\n<ul>\n<li>D\u00e8s la naissance et jusqu&rsquo;\u00e0 9 kg<span style=\"display: none;\">\u00a0<\/span><\/li>\n<p>&#13;<\/p>\n<li>Pratique, confortable et facile \u00e0 utiliser<\/li>\n<p>&#13;\n<\/ul>\n<p>Le porte b\u00e9b\u00e9 Easy Fit s&rsquo;enfile aussi facilement qu&rsquo;un T-shirt et s&rsquo;adapte parfaitement \u00e0 toutes les morphologies, \u00e0 la fois pour les parents et les enfants. Gr\u00e2ce \u00e0 son assise large et ergonomique, il assure la position correcte des hanches de b\u00e9b\u00e9 (position M : jambes \u00e9cart\u00e9es relev\u00e9es). Le plus ?\u00a0La partie sup\u00e9rieure du porte-b\u00e9b\u00e9 se replie pour donner un support additionnel \u00e0 la t\u00eate et \u00e0 la nuque des nouveaux-n\u00e9s.<\/p>\n<p>&#13;<br \/>\n<\/aside>\n<aside class=\"ads--insertor-avoid app_article_content\"><a id=\"porte-bebe-ventral\" name=\"porte-bebe-ventral\"\/><\/p>\n<h2 class=\"main_title\">Porte-b\u00e9b\u00e9 ventral<\/h2>\n<figure>\n<div class=\"product_picture\"><a rel=\"nofollow pass noopener noreferrer\" class=\"jBlockAmazon\" target=\"_blank\" href=\"https:\/\/www.amazon.fr\/dp\/B01N7SH5YT?tag=journaldesfemmes-21&amp;ascsubtag=2056130f4fi\"><img decoding=\"async\" src=\"https:\/\/m.media-amazon.com\/images\/I\/41pTLnzViTL.jpg\" alt=\"Porte-b\u00e9b\u00e9 ventral\"\/><\/a><\/div><figcaption>\n<h3 class=\"item_name\">Porte-b\u00e9b\u00e9 Cuddle Up, Infantino<\/h3>\n<\/figcaption><\/figure>\n<ul>\n<li>De 5,5 \u00e0 18 kg,\u00a0<\/li>\n<p>&#13;<\/p>\n<li>2 positions de portage: face au porteur ou sur le dos<\/li>\n<p>&#13;<\/p>\n<li>Certifi\u00e9 ihdi (international hip dysplasie institute)<\/li>\n<p>&#13;\n<\/ul>\n<p>Ce porte-b\u00e9b\u00e9 ventral\u00a0contient des poches sur les c\u00f4t\u00e9s, pour les parents qui souhaitent y glisser leurs mains. Sa capuche amovible en forme d&rsquo;ourson\u00a0prot\u00e8ge les\u00a0b\u00e9b\u00e9s des intemp\u00e9ries et du soleil.<\/p>\n<p>&#13;<br \/>\n<\/aside>\n<aside class=\"ads--insertor-avoid app_article_content\"><a id=\"porte-bebe-dorsal\" name=\"porte-bebe-dorsal\"\/><\/p>\n<h2 class=\"main_title\">Porte-b\u00e9b\u00e9 dorsal<\/h2>\n<figure>\n<div class=\"product_picture\"><a rel=\"nofollow pass noopener noreferrer\" class=\"jBlockAmazon\" target=\"_blank\" href=\"https:\/\/www.amazon.fr\/dp\/B077QH2Y7S?tag=journaldesfemmes-21&amp;linkCode=ogi&amp;th=1&amp;psc=1&amp;tag=journaldesfemmes-21&amp;ascsubtag=2056130f5fi\"><img decoding=\"async\" src=\"https:\/\/m.media-amazon.com\/images\/I\/41E4Gmw7QKL.jpg\" alt=\"Porte-b\u00e9b\u00e9 dorsal\"\/><\/a><\/div><figcaption>\n<h3 class=\"item_name\">Porte-b\u00e9b\u00e9 Ergobaby, multipositions<\/h3>\n<p><span class=\"item_price\">129,99 \u20ac<\/span><a rel=\"nofollow pass noopener noreferrer\" class=\"item_cta_bottom jBlockAmazon\" name=\"btn_see_1\" target=\"_blank\" href=\"https:\/\/www.amazon.fr\/dp\/B077QH2Y7S?tag=journaldesfemmes-21&amp;linkCode=ogi&amp;th=1&amp;psc=1&amp;tag=journaldesfemmes-21&amp;ascsubtag=2056130f5fb\">VOIR LE PRODUIT<\/a><span class=\"partner_sign\">sur\u00a0Amazon<\/span><\/figcaption><\/figure>\n<ul>\n<li>De 5,5\u00a0\u00e0 20 kg (de 3,2 \u00e0 5,5 kg avec le Coussin b\u00e9b\u00e9 vendu s\u00e9par\u00e9ment).<\/li>\n<p>&#13;<\/p>\n<li>Ergonomique\u00a0gr\u00e2ce au si\u00e8ge large et profond qui garantit une position \u00ab\u00a0grenouille\u00a0\u00bb<\/li>\n<p>&#13;<\/p>\n<li>3 positions de portage\u00a0<\/li>\n<p>&#13;\n<\/ul>\n<p>Ce porte-b\u00e9b\u00e9 multipositions (face au porteur, sur la hanche ou sur le dos) contient une ceinture ventrale renforc\u00e9e qui peut \u00eatre plac\u00e9e plus ou moins haut sur les hanches pour un confort de portage sur une longue dur\u00e9e.<\/p>\n<p>&#13;<br \/>\n<a rel=\"nofollow pass noopener noreferrer\" target=\"_blank\" class=\"item_cta_bottom jBlockAmazon\" name=\"btn_see_2\" href=\"https:\/\/www.amazon.fr\/dp\/B077QH2Y7S?tag=journaldesfemmes-21&amp;linkCode=ogi&amp;th=1&amp;psc=1&amp;tag=journaldesfemmes-21&amp;ascsubtag=2056130f5fp\">VOIR LE PRODUIT<\/a><\/aside>\n<aside class=\"ads--insertor-avoid app_article_content\"><a id=\"porte-bebe-echarpe\" name=\"porte-bebe-echarpe\"\/><\/p>\n<h2 class=\"main_title\">Porte-b\u00e9b\u00e9 \u00e9charpe<\/h2>\n<figure>\n<div class=\"product_picture\"><a rel=\"nofollow pass noopener noreferrer\" class=\"jBlockAmazon\" target=\"_blank\" href=\"https:\/\/www.amazon.fr\/dp\/B07SQ6JQRW?tag=journaldesfemmes-21&amp;linkCode=ogi&amp;th=1&amp;psc=1&amp;tag=journaldesfemmes-21&amp;ascsubtag=2056130f6fi\"><img decoding=\"async\" src=\"https:\/\/m.media-amazon.com\/images\/I\/51AN7NxPLhL.jpg\" alt=\"Porte-b\u00e9b\u00e9 \u00e9charpe\"\/><\/a><\/div><figcaption>\n<h3 class=\"item_name\">\u00c9charpe de portage Lictin<\/h3>\n<p><span style=\"color:black !important;font-size:14px !important;text-decoration:line-through !important;\">18,99 \u20ac<\/span><span class=\"item_price\">16,14 \u20ac<\/span><a rel=\"nofollow pass noopener noreferrer\" class=\"item_cta_bottom jBlockAmazon\" name=\"btn_see_1\" target=\"_blank\" href=\"https:\/\/www.amazon.fr\/dp\/B07SQ6JQRW?tag=journaldesfemmes-21&amp;linkCode=ogi&amp;th=1&amp;psc=1&amp;tag=journaldesfemmes-21&amp;ascsubtag=2056130f6fb\">VOIR LE PRODUIT<\/a><span class=\"partner_sign\">sur\u00a0Amazon<\/span><\/figcaption><\/figure>\n<ul>\n<li>En coton \u00e9lastique,<\/li>\n<p>&#13;<\/p>\n<li>De la naissance jusqu&rsquo;\u00e0 15 kg.<\/li>\n<p>&#13;<\/p>\n<li>Longueur : 5.3 m\u00e8tres,\u00a0largeur : 58 cm<\/li>\n<p>&#13;\n<\/ul>\n<p>Vous h\u00e9sitez entre un porte-b\u00e9b\u00e9 et une \u00e9charpe de portage ? Cet accessoire pratique vous permet de transporter b\u00e9b\u00e9 confortablement dans diff\u00e9rentes positions. Crois\u00e9 simple ou envelopp\u00e9, sur le c\u00f4t\u00e9 ou dans le dos&#8230; Apr\u00e8s avoir bien lu la notice (ou suivi des cours de portage), cette \u00e9charpe\u00a0n&rsquo;aura bient\u00f4t plus de secret pour vous.<\/p>\n<p>&#13;<br \/>\n<a rel=\"nofollow pass noopener noreferrer\" target=\"_blank\" class=\"item_cta_bottom jBlockAmazon\" name=\"btn_see_2\" href=\"https:\/\/www.amazon.fr\/dp\/B07SQ6JQRW?tag=journaldesfemmes-21&amp;linkCode=ogi&amp;th=1&amp;psc=1&amp;tag=journaldesfemmes-21&amp;ascsubtag=2056130f6fp\">VOIR LE PRODUIT<\/a><\/aside>\n<aside class=\"ads--insertor-avoid app_article_content\"><a id=\"porte-bebe-pas-cher\" name=\"porte-bebe-pas-cher\"\/><\/p>\n<h2 class=\"main_title\">Porte-b\u00e9b\u00e9 pas cher<\/h2>\n<figure>\n<div class=\"product_picture\"><a rel=\"nofollow pass noopener noreferrer\" class=\"jBlockAmazon\" target=\"_blank\" href=\"https:\/\/www.amazon.fr\/dp\/B075LC5CR4?tag=journaldesfemmes-21&amp;linkCode=ogi&amp;th=1&amp;psc=1&amp;tag=journaldesfemmes-21&amp;ascsubtag=2056130f7fi\"><img decoding=\"async\" src=\"https:\/\/m.media-amazon.com\/images\/I\/41Bp6nf0SwL.jpg\" alt=\"Porte-b\u00e9b\u00e9 pas cher\"\/><\/a><\/div><figcaption>\n<h3 class=\"item_name\">Porte-b\u00e9b\u00e9 Sonarin<\/h3>\n<p><span class=\"item_price\">19,99 \u20ac<\/span><a rel=\"nofollow pass noopener noreferrer\" class=\"item_cta_bottom jBlockAmazon\" name=\"btn_see_1\" target=\"_blank\" href=\"https:\/\/www.amazon.fr\/dp\/B075LC5CR4?tag=journaldesfemmes-21&amp;linkCode=ogi&amp;th=1&amp;psc=1&amp;tag=journaldesfemmes-21&amp;ascsubtag=2056130f7fb\">VOIR LE PRODUIT<\/a><span class=\"partner_sign\">sur\u00a0Amazon<\/span><\/figcaption><\/figure>\n<ul>\n<li>Pour les b\u00e9b\u00e9s jusqu&rsquo;\u00e0 15 kg<\/li>\n<p>&#13;<\/p>\n<li>6 fa\u00e7ons diff\u00e9rentes de transporter votre b\u00e9b\u00e9.<\/li>\n<p>&#13;\n<\/ul>\n<p>Si vous ne souhaitez pas trop <a href=\"http:\/\/www.affinite.fr\/index.php\/2023\/07\/29\/changer-de-vie-voyager-complement-de-retraite-devenez-vendeur-de-glace-a-litalienne\/\">investir<\/a> dans l&rsquo;achat d&rsquo;un porte-b\u00e9b\u00e9, ce mod\u00e8le \u00e0 l&rsquo;avantage d&rsquo;\u00eatre simple, l\u00e9ger, et \u00e0 petit prix. De plus, ce mod\u00e8le permet aux parents d&rsquo;\u00e9largir la taille au niveau des \u00e9paules pour adapter le poids de b\u00e9b\u00e9.<\/p>\n<p>&#13;<br \/>\n<a rel=\"nofollow pass noopener noreferrer\" target=\"_blank\" class=\"item_cta_bottom jBlockAmazon\" name=\"btn_see_2\" href=\"https:\/\/www.amazon.fr\/dp\/B075LC5CR4?tag=journaldesfemmes-21&amp;linkCode=ogi&amp;th=1&amp;psc=1&amp;tag=journaldesfemmes-21&amp;ascsubtag=2056130f7fp\">VOIR LE PRODUIT<\/a><\/aside>\n<aside class=\"ads--insertor-avoid app_article_content\"><a id=\"porte-bebe-manduca\" name=\"porte-bebe-manduca\"\/><\/p>\n<h2 class=\"main_title\">Porte-b\u00e9b\u00e9 Manduca<\/h2>\n<figure>\n<div class=\"product_picture\"><a rel=\"nofollow pass noopener noreferrer\" class=\"jBlockAmazon\" target=\"_blank\" href=\"https:\/\/www.amazon.fr\/dp\/B078H16794?tag=journaldesfemmes-21&amp;linkCode=ogi&amp;th=1&amp;psc=1&amp;tag=journaldesfemmes-21&amp;ascsubtag=2056130f8fi\"><img decoding=\"async\" src=\"https:\/\/m.media-amazon.com\/images\/I\/41PE9WVa5ZL.jpg\" alt=\"Porte-b\u00e9b\u00e9 Manduca\"\/><\/a><\/div><figcaption>\n<h3 class=\"item_name\">Porte-b\u00e9b\u00e9 First Baby Carrier<\/h3>\n<p><span class=\"item_price\">90,04 \u20ac<\/span><a rel=\"nofollow pass noopener noreferrer\" class=\"item_cta_bottom jBlockAmazon\" name=\"btn_see_1\" target=\"_blank\" href=\"https:\/\/www.amazon.fr\/dp\/B078H16794?tag=journaldesfemmes-21&amp;linkCode=ogi&amp;th=1&amp;psc=1&amp;tag=journaldesfemmes-21&amp;ascsubtag=2056130f8fb\">VOIR LE PRODUIT<\/a><span class=\"partner_sign\">sur\u00a0Amazon<\/span><\/figcaption><\/figure>\n<ul>\n<li>Pour les b\u00e9b\u00e9s de 3,5\u00a0Kg jusqu&rsquo;\u00e0 20\u00a0kg.<\/li>\n<p>&#13;<\/p>\n<li>Bretelles rembourr\u00e9es (ajustables trois fois)<\/li>\n<p>&#13;<\/p>\n<li>100% en coton BIO.\u00a0<\/li>\n<p>&#13;\n<\/ul>\n<p>Ce porte-b\u00e9b\u00e9 au design ergonomique poss\u00e8de des bretelles rembourr\u00e9es et ajustables pour plus de confort pour les parents. Le b\u00e9b\u00e9 peut \u00eatre port\u00e9 en trois positions diff\u00e9rentes : ceinture, sur les hanches ou de dos, avec la position recommand\u00e9e en M.<\/p>\n<p>&#13;<br \/>\n<a rel=\"nofollow pass noopener noreferrer\" target=\"_blank\" class=\"item_cta_bottom jBlockAmazon\" name=\"btn_see_2\" href=\"https:\/\/www.amazon.fr\/dp\/B078H16794?tag=journaldesfemmes-21&amp;linkCode=ogi&amp;th=1&amp;psc=1&amp;tag=journaldesfemmes-21&amp;ascsubtag=2056130f8fp\">VOIR LE PRODUIT<\/a><\/aside>\n<\/div>\n<p>[ad_2]<br \/>\n<br \/><a href=\"https:\/\/www.journaldesfemmes.fr\/maman\/guide-bebe\/2056130-meilleur-porte-bebe-notre-selection-ideale-pour-les-balades\/\">Source link <\/a><\/p>\n","protected":false},"excerpt":{"rendered":"<p>[ad_1] Le porte-b\u00e9b\u00e9 est l&rsquo;un des \u00e9quipements indispensables \u00e0 la naissance. Qu&rsquo;il soit ventral, dorsal ou en \u00e9charpe, il permet &hellip; <a href=\"http:\/\/www.affinite.fr\/index.php\/2020\/08\/08\/notre-selection-ideale-pour-les-sorties\/\" class=\"more-link\">Plus <span class=\"screen-reader-text\">notre s\u00e9lection id\u00e9ale pour les sorties<\/span> <span class=\"meta-nav\">&rarr;<\/span><\/a><\/p>\n","protected":false},"author":1,"featured_media":5083,"comment_status":"open","ping_status":"open","sticky":false,"template":"","format":"standard","meta":{"_sitemap_exclude":false,"_sitemap_priority":"","_sitemap_frequency":"","footnotes":""},"categories":[1],"tags":[],"class_list":["post-5082","post","type-post","status-publish","format-standard","has-post-thumbnail","hentry","category-tous"],"_links":{"self":[{"href":"http:\/\/www.affinite.fr\/index.php\/wp-json\/wp\/v2\/posts\/5082"}],"collection":[{"href":"http:\/\/www.affinite.fr\/index.php\/wp-json\/wp\/v2\/posts"}],"about":[{"href":"http:\/\/www.affinite.fr\/index.php\/wp-json\/wp\/v2\/types\/post"}],"author":[{"embeddable":true,"href":"http:\/\/www.affinite.fr\/index.php\/wp-json\/wp\/v2\/users\/1"}],"replies":[{"embeddable":true,"href":"http:\/\/www.affinite.fr\/index.php\/wp-json\/wp\/v2\/comments?post=5082"}],"version-history":[{"count":0,"href":"http:\/\/www.affinite.fr\/index.php\/wp-json\/wp\/v2\/posts\/5082\/revisions"}],"wp:featuredmedia":[{"embeddable":true,"href":"http:\/\/www.affinite.fr\/index.php\/wp-json\/wp\/v2\/media\/5083"}],"wp:attachment":[{"href":"http:\/\/www.affinite.fr\/index.php\/wp-json\/wp\/v2\/media?parent=5082"}],"wp:term":[{"taxonomy":"category","embeddable":true,"href":"http:\/\/www.affinite.fr\/index.php\/wp-json\/wp\/v2\/categories?post=5082"},{"taxonomy":"post_tag","embeddable":true,"href":"http:\/\/www.affinite.fr\/index.php\/wp-json\/wp\/v2\/tags?post=5082"}],"curies":[{"name":"wp","href":"https:\/\/api.w.org\/{rel}","templated":true}]}}