{"id":5074,"date":"2020-08-06T16:19:35","date_gmt":"2020-08-06T16:19:35","guid":{"rendered":"https:\/\/www.affinite.fr\/index.php\/2020\/08\/06\/la-maternite-cest-laisser-ses-enfants-partir\/"},"modified":"2020-08-06T16:19:35","modified_gmt":"2020-08-06T16:19:35","slug":"la-maternite-cest-laisser-ses-enfants-partir","status":"publish","type":"post","link":"http:\/\/www.affinite.fr\/index.php\/2020\/08\/06\/la-maternite-cest-laisser-ses-enfants-partir\/","title":{"rendered":"\u00ab\u00a0La maternit\u00e9, c&rsquo;est laisser ses enfants partir\u00a0\u00bb"},"content":{"rendered":"<p> [ad_1]<br \/>\n<\/p>\n<p>\n                Apr\u00e8s \u00ab\u00a0Un C\u0153ur Simple\u00a0\u00bb et \u00ab\u00a0A C\u0153ur Ouvert\u00a0\u00bb, Marion Laine retrouve pour la troisi\u00e8me fois l&rsquo;\u00e9patante Sandrine Bonnaire dans \u00ab\u00a0Voir le Jour\u00a0\u00bb, en salles le 12\u00a0ao\u00fbt. La r\u00e9alisatrice y dresse le portrait d&rsquo;une auxiliaire de pu\u00e9riculture qui repense sa vie apr\u00e8s un drame. Pour le Journal des Femmes, elle revient sur ce projet sensible \u00e9voquant avec justesse la th\u00e9matique de la maternit\u00e9.            <\/p>\n<div>\n<h2><strong>Au commencement \u00e9tait un livre de Julie Bonnie<\/strong><\/h2>\n<p>Julie Bonnie est une amie qui a commenc\u00e9 une carri\u00e8re de chanteuse dans les ann\u00e9es 90. Elle faisait notamment partie du groupe de post-punk <em>Forguette My Note<\/em> (<em>qui a fait les premi\u00e8res parties des tourn\u00e9es de Louise Attaque\u00a0et de\u00a0Dionysos, ndlr<\/em>). Il y a 15\u00a0ans, elle n&rsquo;a pas r\u00e9ussi \u00e0 poursuivre cette trajectoire musicale. Elle a eu un enfant et, apr\u00e8s qu&rsquo;une sage-femme lui a dit qu&rsquo;elle savait vraiment s&rsquo;y prendre avec les b\u00e9b\u00e9s, elle a repris un CAP en auxiliaire de pu\u00e9riculture. C&rsquo;est fou de commencer \u00e0 chanter \u00e0 16\u00a0ans pour travailler ensuite dans une maternit\u00e9. <strong>Je<\/strong>\u00a0<strong>suis tr\u00e8s admirative des changements de vie pareils. Ils m&rsquo;inspirent. <\/strong>Elle a tir\u00e9 de ce parcours le roman <em>Chambre 2<\/em>, qui m&rsquo;a beaucoup plu. \u00a0\u00a0<\/p>\n<p>J&rsquo;ai \u00e9t\u00e9 tr\u00e8s aid\u00e9e par son exp\u00e9rience et ses anecdotes instructives en construisant <em><a href=\"https:\/\/www.journaldesfemmes.fr\/loisirs\/cinema\/voir-le-jour\/\" title=\"Voir Le Jour\">Voir le Jour<\/a><\/em>. Son <a href=\"http:\/\/www.affinite.fr\/index.php\/2023\/08\/24\/lart-de-la-glace-transforme-en-business-la-vision-unique-de-fabien-gris\/\">livre<\/a> est cependant plus sombre. Moi, <strong>je voulais explorer la vie d&rsquo;une maternit\u00e9 de mani\u00e8re plus lumineuse. <\/strong>J&rsquo;ai travaill\u00e9 dans un h\u00f4pital quand j&rsquo;\u00e9tais \u00e9tudiante. Inconsciemment, je reviens toujours sur ces sujets m\u00e9dicaux, comme il y a quatre ans avec <em>A c\u0153ur ouvert<\/em> (<em>on y suit deux chirurgiens cardiaques camp\u00e9s par Juliette Binoche et Edgar Ramirez, ndlr<\/em>). <strong>Je crois que tout \u00e7a ne rel\u00e8ve pas du hasard.<\/strong><\/p>\n<p>Ce qui me plaisait en entrant dans le terrain des maternit\u00e9s, c&rsquo;\u00e9tait de parler du m\u00e9tier de ces femmes. <strong>L&rsquo;accouchement, c&rsquo;est un moment heureux. Mais je voulais aussi aborder des instants tabous, comme par exemple la mort des nouveau-n\u00e9s<\/strong>, qui correspond \u00e0 ce triste 1%. Quand on donne la vie, on prend aussi le risque de donner la mort\u00a0; on vit avec ce danger.<\/p>\n<p><strong>En moyenne, une fois par mois, la toilette d&rsquo;un b\u00e9b\u00e9 mort doit \u00eatre r\u00e9alis\u00e9e. C&rsquo;est important d&rsquo;en parler sans d\u00e9tourner le regard.<\/strong><\/p>\n<h2><strong>Une port\u00e9e politique \u00a0<\/strong><\/h2>\n<figure class=\"image\" style=\"float:left\"><a class=\"fancy\" href=\"https:\/\/img-3.journaldesfemmes.fr\/ZzPLf5j3i_Tkc_ckXCnDA5UBlus=\/1080x\/smart\/1b63a968e967400ea11847e50c76bb28\/ccmcms-jdf\/17506615.jpeg\"><img decoding=\"async\" alt=\"\" src=\"https:\/\/img-3.journaldesfemmes.fr\/HvYwVx9vangtWUKqoxqbuodd4d4=\/450x\/smart\/1b63a968e967400ea11847e50c76bb28\/ccmcms-jdf\/17506615.jpeg\"\/><\/a><figcaption data-credit=\"Pyramide Distribution\" data-legend=\"Sandrine Bonnaire dans &quot;Voir le Jour&quot; de Marion Laine. \">Sandrine Bonnaire dans \u00ab\u00a0Voir le Jour\u00a0\u00bb de Marion Laine. <small>\u00a9\u00a0Pyramide Distribution<\/small><\/figcaption><\/figure>\n<p>Quand j&rsquo;\u00e9tais \u00e9tudiante, <strong>j&rsquo;ai effectu\u00e9 un stage d&rsquo;observation dans un h\u00f4pital de Lagny-sur-Marne, qui avait m\u00eame une morgue, et j&rsquo;ai \u00e9t\u00e9 traumatis\u00e9e par ce que j&rsquo;ai pu voir.<\/strong> J&rsquo;y suis entr\u00e9e en tant que femme de salle. C&rsquo;\u00e9tait en \u00e9t\u00e9. Il manquait tellement de personnel qu&rsquo;au bout de quatre jours je me suis retrouv\u00e9e \u00e0 faire les pansements et pratiquer des premiers soins.<\/p>\n<p>Je me souviens d&rsquo;une femme morte devant moi \u00e0 cause d&rsquo;une p\u00e9ritonite qu&rsquo;on n&rsquo;a pas pu soigner. On signait \u00e0 l&rsquo;\u00e9poque un document de confidentialit\u00e9: il y avait une chape de plomb autour des possibles erreurs potentiellement dues \u00e0 un manque de personnel. Il n&rsquo;y a donc rien de nouveau sous le soleil et c&rsquo;est terrible.<\/p>\n<p>Il y a aussi dans ce projet<strong> un double enjeu politique sur les femmes.<\/strong> Le fait que mon film en soit peupl\u00e9 est d&rsquo;abord le reflet d&rsquo;une r\u00e9alit\u00e9 \u2013il n&rsquo;y a que quelques hommes sage-femme\u2013 mais aussi <strong>d&rsquo;un combat que je m\u00e8ne pour les r\u00f4les de femmes. <\/strong>Il y en a nettement plus pour les hommes. J&rsquo;ai toujours \u00e9crit pour elles, m\u00eame dans le cadre de mes courts m\u00e9trages. Et j&rsquo;\u00e9tais heureux de pouvoir m\u00e9langer les g\u00e9n\u00e9rations sur le plateau: De Sarah Stern \u00e0 Aure Atika en passant par Sandrine Bonnaire et Brigitte Ro\u00fcan. L&rsquo;id\u00e9e \u00e9tant de repr\u00e9senter la femme d&rsquo;aujourd&rsquo;hui \u00e0 travers ces h\u00e9ro\u00efnes. <strong>Ce qui est \u00e9mouvant en maternit\u00e9, c&rsquo;est la sororit\u00e9. Ces femmes ont un respect entre elles. Il existe peu de rivalit\u00e9. <\/strong>En encha\u00eenant des gardes de 12\u00a0heures, elles se voient davantage qu&rsquo;elles ne voient leur propre famille\u2026 Elles ont entre elles ce genre de solidarit\u00e9 qu&rsquo;on peut avoir en \u00e9tat de si\u00e8ge ou de guerre. Et, ce qui est beau, c&rsquo;est qu&rsquo;elles ne se lassent jamais des naissances. Elles regorgent de bonheur au moment o\u00f9 \u00e7a arrive. <strong>Je voulais parler de ce bonheur malgr\u00e9 les conditions de travail si difficiles dans lesquelles elles \u00e9voluent.<\/strong><\/p>\n<h2><strong>Etre m\u00e8re, c&rsquo;est quoi\u00a0? <\/strong><\/h2>\n<p>Pendant que j&rsquo;\u00e9crivais, ma fille partait de la maison. <strong>Et je me suis dit que la maternit\u00e9, c&rsquo;est aussi \u00e7a\u00a0: laisser ses enfants partir, quitter le cocon familial. <\/strong>Autour de moi, je voyais des m\u00e8res qui n&rsquo;arrivaient pas \u00e0 l\u00e2cher leurs gosses. Je me disais que \u00e7a ne m&rsquo;arriverait jamais, que je serais assez solide\u2026 Mais c&rsquo;est arriv\u00e9 (rires). <strong>Il y a eu un vide et j&rsquo;avais envie de parler de ce vide justement. Jeanne est une h\u00e9ro\u00efne \u00e0 la crois\u00e9e des chemins qui apprend aux femmes \u00e0 devenir m\u00e8res. <\/strong>Et elle, en tant que m\u00e8re, elle doit <a href=\"http:\/\/www.affinite.fr\/index.php\/2022\/11\/09\/formation-de-glacier-apprenez-le-metier-de-glacier-et-changez-votre-vie\/\">apprendre<\/a> \u00e0 redevenir une femme, \u00e0 retrouver une certaine libert\u00e9. Quand l&rsquo;enfant s&rsquo;en va, c&rsquo;est une renaissance pour nous m\u00eame si, pour certaines femmes, il est difficile de se recentrer sur soi&#8230; On a souvent tendance \u00e0 s&rsquo;oublier parce que l&rsquo;enfant devient plus important que soi.<\/p>\n<p>C&rsquo;est la troisi\u00e8me fois que je tourne avec <strong>Sandrine Bonnaire\u00a0: c&rsquo;est une femme d&rsquo;une g\u00e9n\u00e9rosit\u00e9 extraordinaire. Elle peut tout jouer et on l&rsquo;imagine d&rsquo;ailleurs facilement en auxiliaire de pu\u00e9riculture.<\/strong> Je ne voyais pas d&rsquo;autre com\u00e9dienne pour le r\u00f4le. Cette fid\u00e9lit\u00e9 me plait, c&rsquo;est un chemin que j&rsquo;aime prendre avec elle. Je ne suis pas non plus dans un sch\u00e9ma \u00e0 la Antoine Doisnel. Elle n&rsquo;est pas mon alter ego mais j&rsquo;adorerais continuer \u00e0 travailler avec elle. Comme moi, elle est instinctive et \u00e7a nous lie de fa\u00e7on forte.<\/p>\n<aside id=\"NL_302237154\" class=\"newsletter_subscription jNlBlock\"><noscript><br \/>\n            <\/noscript><\/p>\n<h3 class=\"newsletter_subscription-title\">Newsletter <\/h3>\n<p><a href=\"\/\/mailing.ccmbg.com\/archive\/last-85\" target=\"_blank\" class=\"a_hover\" rel=\"noopener noreferrer\">Voir un exemple<\/a><\/p>\n<\/aside>\n<p>J&rsquo;aime chercher avec mon \u00e9quipe, me laisser happer. <strong>M\u00eame si je pr\u00e9pare beaucoup en amont, tout ce qui se passe en termes de hasards et de propositions m&rsquo;enrichit.<\/strong> Nous avons tourn\u00e9 dans une aile d\u00e9saffect\u00e9e d&rsquo;un h\u00f4pital de Marseille. Il a tout fallu recr\u00e9er parce que c&rsquo;est impossible de tourner dans une maternit\u00e9. Je crois que Robert Gu\u00e9diguian a pu le faire sur une journ\u00e9e pour <em>Gloria Mundi<\/em>. Le casse-t\u00eate du projet \u00e9tait de trouver une famille d&rsquo;actrices avec des g\u00e9n\u00e9rations diff\u00e9rentes. Et je crois que le caract\u00e8re coll\u00e9gial qui s&rsquo;en d\u00e9gage prouve qu&rsquo;on a r\u00e9ussi ce pari.<\/p>\n<div class=\"jccmPlayerParent ads--insertor-avoid\" style=\"position:relative;max-width:100%;padding-bottom:56%;clear:both;\">\n<div class=\"jccmPlayer ccmPlayer\" id=\"ccmPlayer-867391\" data-id=\"867391\" data-key=\"5391188461\" data-site=\"jdf\">\n<div class=\"ccmPlayerPlaceHolder\">\n<p>Chargement de votre vid\u00e9o<\/p>\n<p>\u00ab\u00a0Voir le jour\u00a0\u00bb<\/p>\n<\/p><\/div>\n<\/p><\/div>\n<\/p><\/div>\n<\/p><\/div>\n<p>[ad_2]<br \/>\n<br \/><a href=\"https:\/\/www.journaldesfemmes.fr\/loisirs\/cinema\/2652541-marion-laine-voir-le-jour\/\">Source link <\/a><\/p>\n","protected":false},"excerpt":{"rendered":"<p>[ad_1] Apr\u00e8s \u00ab\u00a0Un C\u0153ur Simple\u00a0\u00bb et \u00ab\u00a0A C\u0153ur Ouvert\u00a0\u00bb, Marion Laine retrouve pour la troisi\u00e8me fois l&rsquo;\u00e9patante Sandrine Bonnaire dans &hellip; <a href=\"http:\/\/www.affinite.fr\/index.php\/2020\/08\/06\/la-maternite-cest-laisser-ses-enfants-partir\/\" class=\"more-link\">Plus <span class=\"screen-reader-text\">\u00ab\u00a0La maternit\u00e9, c&rsquo;est laisser ses enfants partir\u00a0\u00bb<\/span> <span class=\"meta-nav\">&rarr;<\/span><\/a><\/p>\n","protected":false},"author":1,"featured_media":5075,"comment_status":"open","ping_status":"open","sticky":false,"template":"","format":"standard","meta":{"_sitemap_exclude":false,"_sitemap_priority":"","_sitemap_frequency":"","footnotes":""},"categories":[1],"tags":[],"class_list":["post-5074","post","type-post","status-publish","format-standard","has-post-thumbnail","hentry","category-tous"],"_links":{"self":[{"href":"http:\/\/www.affinite.fr\/index.php\/wp-json\/wp\/v2\/posts\/5074"}],"collection":[{"href":"http:\/\/www.affinite.fr\/index.php\/wp-json\/wp\/v2\/posts"}],"about":[{"href":"http:\/\/www.affinite.fr\/index.php\/wp-json\/wp\/v2\/types\/post"}],"author":[{"embeddable":true,"href":"http:\/\/www.affinite.fr\/index.php\/wp-json\/wp\/v2\/users\/1"}],"replies":[{"embeddable":true,"href":"http:\/\/www.affinite.fr\/index.php\/wp-json\/wp\/v2\/comments?post=5074"}],"version-history":[{"count":0,"href":"http:\/\/www.affinite.fr\/index.php\/wp-json\/wp\/v2\/posts\/5074\/revisions"}],"wp:featuredmedia":[{"embeddable":true,"href":"http:\/\/www.affinite.fr\/index.php\/wp-json\/wp\/v2\/media\/5075"}],"wp:attachment":[{"href":"http:\/\/www.affinite.fr\/index.php\/wp-json\/wp\/v2\/media?parent=5074"}],"wp:term":[{"taxonomy":"category","embeddable":true,"href":"http:\/\/www.affinite.fr\/index.php\/wp-json\/wp\/v2\/categories?post=5074"},{"taxonomy":"post_tag","embeddable":true,"href":"http:\/\/www.affinite.fr\/index.php\/wp-json\/wp\/v2\/tags?post=5074"}],"curies":[{"name":"wp","href":"https:\/\/api.w.org\/{rel}","templated":true}]}}