{"id":5071,"date":"2020-08-05T16:18:06","date_gmt":"2020-08-05T16:18:06","guid":{"rendered":"https:\/\/www.affinite.fr\/index.php\/2020\/08\/05\/tf1-adapte-le-deuxieme-roman-de-laetitia-milot-en-telefilm\/"},"modified":"2020-08-05T16:18:06","modified_gmt":"2020-08-05T16:18:06","slug":"tf1-adapte-le-deuxieme-roman-de-laetitia-milot-en-telefilm","status":"publish","type":"post","link":"http:\/\/www.affinite.fr\/index.php\/2020\/08\/05\/tf1-adapte-le-deuxieme-roman-de-laetitia-milot-en-telefilm\/","title":{"rendered":"TF1\u00a0adapte le deuxi\u00e8me roman de La\u00ebtitia Milot en t\u00e9l\u00e9film"},"content":{"rendered":"<p> [ad_1]<br \/>\n<br \/><img decoding=\"async\" src=\"https:\/\/img-3.journaldesfemmes.fr\/hfO004VPwol-qZlOisdXrWwiWLw=\/1280x\/smart\/e5d1c0c475374217bfbf07c9a83e2d5e\/ccmcms-jdf\/17510077.jpg\" \/><\/p>\n<p>\n                Une nouvelle collaboration se profile entre TF1\u00a0et  La\u00ebtitia Milot. Apr\u00e8s avoir jou\u00e9 dans la s\u00e9rie film \u00ab\u00a0La Vengeance aux Yeux Clairs\u00a0\u00bb, ou encore dans \u00ab\u00a0Olivia\u00a0\u00bb, l&rsquo;actrice s&rsquo;appr\u00eate a voir son roman \u00ab\u00a0Li\u00e9s pour la Vie\u00a0\u00bb, adapt\u00e9\u00a0par la cha\u00eene.            <\/p>\n<div>\n<p>Pour la deuxi\u00e8me fois, <strong><em>TF1<\/em>\u00a0va\u00a0adapter un roman sign\u00e9\u00a0La\u00ebtitia\u00a0Milot<\/strong>.\u00a0Apr\u00e8s\u00a0<em>On se Retrouvera\u00a0<\/em>\u00a0en 2015, c&rsquo;est au tour de\u00a0<em><strong>Li\u00e9s pour la Vie<\/strong>,\u00a0 <\/em>paru en 2017\u00a0de faire son arriv\u00e9e\u00a0sur nos\u00a0\u00e9crans<em>.<\/em>\u00a0Le tournage a commenc\u00e9\u00a0<strong>le 3 ao\u00fbt<\/strong> et durera jusqu\u2019au <b>1er\u00a0septembre<\/b>.<br \/>Dans ce nouveau t\u00e9l\u00e9film r\u00e9alis\u00e9 par Jean-Marc Rudnicki, La\u00ebtitia\u00a0Milot\u00a0incarne\u00a0le r\u00f4le principal\u00a0et donne\u00a0la r\u00e9plique \u00e0\u00a0\u00a0Fran\u00e7ois Vincentelli, Cristiana Reali ou encore Antoine Dul\u00e9ry.\u00a0\u00a0Selon <em>Allocin\u00e9<\/em>, l&rsquo;opus de\u00a0<strong>Merlin Productions<\/strong>\u00a0pourrait \u00eatre diffus\u00e9\u00a0\u00e0 l&rsquo;antenne dans le <strong>courant de l&rsquo;ann\u00e9e 2021<\/strong>.\u00a0<\/p>\n<p>Sur Instagram, La\u00ebtitia\u00a0\u00a0Milot a post\u00e9 une photo pour annoncer la bonne nouvelle.\u00a0\u00a0<\/p>\n<h2>Au programme ? Une vie bris\u00e9e\u00a0<\/h2>\n<aside id=\"NL_850965262\" class=\"newsletter_subscription jNlBlock\"><noscript><br \/>\n            <\/noscript><\/p>\n<h3 class=\"newsletter_subscription-title\">Newsletter <\/h3>\n<p><a href=\"\/\/mailing.ccmbg.com\/archive\/last-85\" target=\"_blank\" class=\"a_hover\" rel=\"noopener noreferrer\">Voir un exemple<\/a><\/p>\n<\/aside>\n<p>Le t\u00e9l\u00e9film racontera<strong> le destin bris\u00e9 d&rsquo;une sportive<\/strong>.\u00a0<em>\u00ab\u00a0Alors qu&rsquo;elle s&rsquo;entra\u00eene pour les Jeux Olympiques, <strong>la vie de Lucie bascule en une nuit. La jeune femme est renvers\u00e9e par une voiture et perd l&rsquo;usage de ses jambes<\/strong>. C&rsquo;est la fin d&rsquo;un r\u00eave. Lucie perd tout\u00a0ses espoirs de m\u00e9daille, sa relation privil\u00e9gi\u00e9e avec son p\u00e8re qui l&rsquo;entra\u00eene depuis toujours, mais surtout, sa complicit\u00e9 unique avec Saphir, son cheval<\/em>\u00a0\u00ab\u00a0, peut-on lire dans\u00a0<strong>le communiqu\u00e9 de presse de <em>TF1. <\/em><\/strong>Et\u00a0de poursuivre:\u00a0\u00a0\u00bb\u00a0<em>Alors qu&rsquo;elle tente de se reconstruire, d&rsquo;accepter son handicap, elle rencontre Marc, un homme cass\u00e9 par la vie qu&rsquo;elle croise par hasard \u00e0 l&rsquo;h\u00f4pital. Une histoire d\u00e9bute entre eux. Ce que Lucie ignore, c&rsquo;est que Marc est\u00a0aussi le chauffard qui l&rsquo;a renvers\u00e9e ce fameux soir<\/em>\u00a0&#8230;\u00a0\u00bb\u00a0<\/p>\n<\/p><\/div>\n<p>[ad_2]<br \/>\n<br \/><a href=\"https:\/\/www.journaldesfemmes.fr\/loisirs\/tv\/2652953-laetitia-milot-roman-telefilm-tf1-lies-pour-la-vie\/\">Source link <\/a><\/p>\n","protected":false},"excerpt":{"rendered":"<p>[ad_1] Une nouvelle collaboration se profile entre TF1\u00a0et La\u00ebtitia Milot. Apr\u00e8s avoir jou\u00e9 dans la s\u00e9rie film \u00ab\u00a0La Vengeance aux &hellip; <a href=\"http:\/\/www.affinite.fr\/index.php\/2020\/08\/05\/tf1-adapte-le-deuxieme-roman-de-laetitia-milot-en-telefilm\/\" class=\"more-link\">Plus <span class=\"screen-reader-text\">TF1\u00a0adapte le deuxi\u00e8me roman de La\u00ebtitia Milot en t\u00e9l\u00e9film<\/span> <span class=\"meta-nav\">&rarr;<\/span><\/a><\/p>\n","protected":false},"author":1,"featured_media":5072,"comment_status":"open","ping_status":"open","sticky":false,"template":"","format":"standard","meta":{"_sitemap_exclude":false,"_sitemap_priority":"","_sitemap_frequency":"","footnotes":""},"categories":[1],"tags":[],"class_list":["post-5071","post","type-post","status-publish","format-standard","has-post-thumbnail","hentry","category-tous"],"_links":{"self":[{"href":"http:\/\/www.affinite.fr\/index.php\/wp-json\/wp\/v2\/posts\/5071"}],"collection":[{"href":"http:\/\/www.affinite.fr\/index.php\/wp-json\/wp\/v2\/posts"}],"about":[{"href":"http:\/\/www.affinite.fr\/index.php\/wp-json\/wp\/v2\/types\/post"}],"author":[{"embeddable":true,"href":"http:\/\/www.affinite.fr\/index.php\/wp-json\/wp\/v2\/users\/1"}],"replies":[{"embeddable":true,"href":"http:\/\/www.affinite.fr\/index.php\/wp-json\/wp\/v2\/comments?post=5071"}],"version-history":[{"count":0,"href":"http:\/\/www.affinite.fr\/index.php\/wp-json\/wp\/v2\/posts\/5071\/revisions"}],"wp:featuredmedia":[{"embeddable":true,"href":"http:\/\/www.affinite.fr\/index.php\/wp-json\/wp\/v2\/media\/5072"}],"wp:attachment":[{"href":"http:\/\/www.affinite.fr\/index.php\/wp-json\/wp\/v2\/media?parent=5071"}],"wp:term":[{"taxonomy":"category","embeddable":true,"href":"http:\/\/www.affinite.fr\/index.php\/wp-json\/wp\/v2\/categories?post=5071"},{"taxonomy":"post_tag","embeddable":true,"href":"http:\/\/www.affinite.fr\/index.php\/wp-json\/wp\/v2\/tags?post=5071"}],"curies":[{"name":"wp","href":"https:\/\/api.w.org\/{rel}","templated":true}]}}