{"id":5063,"date":"2020-08-04T16:16:57","date_gmt":"2020-08-04T16:16:57","guid":{"rendered":"https:\/\/www.affinite.fr\/index.php\/2020\/08\/04\/atteinte-de-trisomie-21-louise-est-refusee-du-mini-club\/"},"modified":"2020-08-04T16:16:57","modified_gmt":"2020-08-04T16:16:57","slug":"atteinte-de-trisomie-21-louise-est-refusee-du-mini-club","status":"publish","type":"post","link":"http:\/\/www.affinite.fr\/index.php\/2020\/08\/04\/atteinte-de-trisomie-21-louise-est-refusee-du-mini-club\/","title":{"rendered":"Atteinte de trisomie 21, Louise est refus\u00e9e du mini-club"},"content":{"rendered":"<p> [ad_1]<br \/>\n<br \/><img decoding=\"async\" src=\"https:\/\/img-3.journaldesfemmes.fr\/4u-1KjPAlvvHLEUDwsySf9iSaWo=\/1280x\/smart\/c9ef1bbfc0b24b87964c17e1682f0a07\/ccmcms-jdf\/17510776.jpg\" \/><\/p>\n<p>\n                Le p\u00e8re de la fillette \u00e2g\u00e9e de 5\u00a0ans d\u00e9nonce la mani\u00e8re dont son enfant, porteuse d&rsquo;un handicap, a \u00e9t\u00e9 refus\u00e9e du mini-club en vacances.            <\/p>\n<div>\n<p>\u00ab\u00a0<em>\u00c7a\u00a0d\u00e9marrait bien, pourtant. Je me pr\u00e9parais mentalement depuis quelques jours \u00e0 poser de nouveau \u00ab\u00a0la\u00a0\u00bb question. Est-ce que ce serait possible, pour ma fille, vu que \u2026 euh, enfin, vous voyez, quoi, elle est<strong> porteuse d&rsquo;un handicap<\/strong>\u00a0? Eni\u00e8me question, \u00e9ni\u00e8me couteau remu\u00e9 dans la plaie\u00a0\u00bb<\/em>, raconte sur les r\u00e9seaux sociaux<strong> R\u00e9my Bellet,\u00a0le papa de Louise, \u00e2g\u00e9e de 5 ans, <\/strong>qui s&rsquo;est vue <strong>refuser l&rsquo;acc\u00e8s au mini-club dans un camping en vacances, \u00ab\u00a0parce qu&rsquo;elle est hors cadre\u00a0\u00bb<\/strong>. Le club pr\u00e9cise pourtant qu&rsquo;il accueille <strong>les enfants \u00e2g\u00e9s de 3 \u00e0 11 ans<\/strong>. La petite Louise est dans un premier temps accept\u00e9e par la responsable animation, qui estime \u00ab\u00a0<em>qu&rsquo;elle a l&rsquo;habitude puisqu&rsquo;elle va \u00e0 l&rsquo;\u00e9cole<\/em>\u00ab\u00a0&#8230;\u00a0Avant de changer d&rsquo;avis en \u00e9voquant le <strong>manque de propret\u00e9<\/strong>.\u00a0<em>\u00ab\u00a0Ah, mais si elle n&rsquo;est pas propre, \u00e7a va \u00eatre plus compliqu\u00e9. Et puis, un moment d&rsquo;inattention, les animateurs ne sont pas vraiment form\u00e9s&#8230; \u00c7a ne va pas \u00eatre possible<\/em>\u00ab\u00a0, explique-t-elle aux parents de Louise. Ce type de refus n&rsquo;est pas le premier, la famille \u00e9tant malheureusement habitu\u00e9e \u00e0 voir son enfant rejet\u00e9.\u00a0<em>\u00ab\u00a0A vrai dire, c&rsquo;est tr\u00e8s souvent \u00ab\u00a0pas possible\u00a0\u00bb. Toujours pour de tr\u00e8s bonnes raisons, qui ne sont jamais le handicap en lui-m\u00eame\u00a0:<strong> la propret\u00e9, l&rsquo;absence de mots, le manque de <a href=\"http:\/\/www.affinite.fr\/index.php\/2022\/11\/09\/formation-de-glacier-apprenez-le-metier-de-glacier-et-changez-votre-vie\/\">formation<\/a> des encadrants, l&rsquo;effectif trop important d&rsquo;enfants, le manque de moyens<\/strong>. Toujours, toujours, toujours un mais<\/em>\u00a0\u00bb d\u00e9plore le papa. \u00ab\u00a0<em>\u00c0<strong> chaque rejet le m\u00eame go\u00fbt am\u00e8re. Entre solitude et injustice\u00a0\u00bb<\/strong><\/em><strong>,<\/strong> t\u00e9moigne R\u00e9my sur Twitter.<\/p>\n<p>Pour l&rsquo;heure, la famille tente comme elle peut de profiter de ses vacances, et d&rsquo;oublier ce\u00a0rejet.\u00a0\u00ab\u00a0<em>On rel\u00e8ve la t\u00eate, on sourit bravement, on se dit qu&rsquo;on ne va pas pleurer, on dit \u00ab\u00a0okay c&rsquo;est pas grave\u00a0\u00bb, on encaisse la gentillesse d\u00e9sol\u00e9e de la dame (pire peut-\u00eatre \u00e0 affronter que le rejet froid) et sa fa\u00e7on de compenser en offrant un cadeau \u00e0 Louise \u2013\u00a0le lot de consolation <strong>pour ne pas \u00eatre \u00ab\u00a0comme les autres\u00a0\u00bb<\/strong>, on remballe ce \u00e9ni\u00e8me pincement au c\u0153ur, on se dit qu&rsquo;on s&rsquo;amusera en famille, entre soi et tant pis, on essaie d&rsquo;enfouir profond le d\u00e9sir de faire un gros bras d&rsquo;honneur \u00e0 <strong>une soci\u00e9t\u00e9 qui n&rsquo;a pas envie de faire l&rsquo;effort,<\/strong> on essaie encore plus fort de se dire que \u00e7a vaut le coup d&rsquo;essayer de la changer, cette soci\u00e9t\u00e9, <strong>afin que Louise n&rsquo;ait plus \u00e0 subir cela quand elle sera grande. <\/strong>Et on se dit que d\u00e9cid\u00e9ment, <strong>\u00e7a pique, la vie, quand on est hors cadre<\/strong><\/em><strong>\u00ab\u00a0,<\/strong> raconte R\u00e9my sur Facebook.\u00a0<\/p>\n<aside id=\"NL_461431673\" class=\"newsletter_subscription jNlBlock\"><noscript><br \/>\n            <\/noscript><\/p>\n<h3 class=\"newsletter_subscription-title\">Newsletter <\/h3>\n<p><a href=\"\/\/mailing.ccmbg.com\/archive\/last-85\" target=\"_blank\" class=\"a_hover\" rel=\"noopener noreferrer\">Voir un exemple<\/a><\/p>\n<\/aside>\n<p>.\u00c9mu par cette histoire injuste, l&rsquo;animateur Samuel Etienne a propos\u00e9 \u00e0 la fillette (\u00e0 d\u00e9faut de mini-club) de lui faire d\u00e9couvrir le plateau de Question pour un Champion quand elle le souhaiterait.\u00a0<\/p>\n<\/p><\/div>\n<p>[ad_2]<br \/>\n<br \/><a href=\"https:\/\/www.journaldesfemmes.fr\/maman\/enfant\/2652957-atteinte-de-trisomie-21-louise-est-refusee-d-un-club-de-vacances\/\">Source link <\/a><\/p>\n","protected":false},"excerpt":{"rendered":"<p>[ad_1] Le p\u00e8re de la fillette \u00e2g\u00e9e de 5\u00a0ans d\u00e9nonce la mani\u00e8re dont son enfant, porteuse d&rsquo;un handicap, a \u00e9t\u00e9 &hellip; <a href=\"http:\/\/www.affinite.fr\/index.php\/2020\/08\/04\/atteinte-de-trisomie-21-louise-est-refusee-du-mini-club\/\" class=\"more-link\">Plus <span class=\"screen-reader-text\">Atteinte de trisomie 21, Louise est refus\u00e9e du mini-club<\/span> <span class=\"meta-nav\">&rarr;<\/span><\/a><\/p>\n","protected":false},"author":1,"featured_media":5064,"comment_status":"open","ping_status":"open","sticky":false,"template":"","format":"standard","meta":{"_sitemap_exclude":false,"_sitemap_priority":"","_sitemap_frequency":"","footnotes":""},"categories":[1],"tags":[],"class_list":["post-5063","post","type-post","status-publish","format-standard","has-post-thumbnail","hentry","category-tous"],"_links":{"self":[{"href":"http:\/\/www.affinite.fr\/index.php\/wp-json\/wp\/v2\/posts\/5063"}],"collection":[{"href":"http:\/\/www.affinite.fr\/index.php\/wp-json\/wp\/v2\/posts"}],"about":[{"href":"http:\/\/www.affinite.fr\/index.php\/wp-json\/wp\/v2\/types\/post"}],"author":[{"embeddable":true,"href":"http:\/\/www.affinite.fr\/index.php\/wp-json\/wp\/v2\/users\/1"}],"replies":[{"embeddable":true,"href":"http:\/\/www.affinite.fr\/index.php\/wp-json\/wp\/v2\/comments?post=5063"}],"version-history":[{"count":0,"href":"http:\/\/www.affinite.fr\/index.php\/wp-json\/wp\/v2\/posts\/5063\/revisions"}],"wp:featuredmedia":[{"embeddable":true,"href":"http:\/\/www.affinite.fr\/index.php\/wp-json\/wp\/v2\/media\/5064"}],"wp:attachment":[{"href":"http:\/\/www.affinite.fr\/index.php\/wp-json\/wp\/v2\/media?parent=5063"}],"wp:term":[{"taxonomy":"category","embeddable":true,"href":"http:\/\/www.affinite.fr\/index.php\/wp-json\/wp\/v2\/categories?post=5063"},{"taxonomy":"post_tag","embeddable":true,"href":"http:\/\/www.affinite.fr\/index.php\/wp-json\/wp\/v2\/tags?post=5063"}],"curies":[{"name":"wp","href":"https:\/\/api.w.org\/{rel}","templated":true}]}}