{"id":5059,"date":"2020-08-03T16:14:52","date_gmt":"2020-08-03T16:14:52","guid":{"rendered":"https:\/\/www.affinite.fr\/index.php\/2020\/08\/03\/8-conseils-pour-lui-donner-envie-de-prendre-un-bon-petit-dejeuner\/"},"modified":"2020-08-03T16:14:52","modified_gmt":"2020-08-03T16:14:52","slug":"8-conseils-pour-lui-donner-envie-de-prendre-un-bon-petit-dejeuner","status":"publish","type":"post","link":"http:\/\/www.affinite.fr\/index.php\/2020\/08\/03\/8-conseils-pour-lui-donner-envie-de-prendre-un-bon-petit-dejeuner\/","title":{"rendered":"8\u00a0conseils pour lui donner envie de prendre un bon petit d\u00e9jeuner"},"content":{"rendered":"<p> [ad_1]<br \/>\n<br \/><img decoding=\"async\" src=\"https:\/\/img-3.journaldesfemmes.fr\/pII--UEG84fyvxfyhmFHfmgzS2s=\/1280x\/smart\/09501e11a1de48db8bbeb4ba1b6f25f5\/ccmcms-jdf\/17490856.jpg\" \/><\/p>\n<p>\n                Nombreux sont les enfants qui ne prennent pas leur petit-d\u00e9jeuner avant d&rsquo;aller \u00e0 l&rsquo;\u00e9cole. Mais comment lui donner envie de manger s&rsquo;il n&rsquo;a pas faim\u00a0? Quels sont les besoins \u00e9nerg\u00e9tiques selon leur \u00e2ge\u00a0? Conseils de Laurence Plumey, nutritionniste.            <\/p>\n<div>\n<p>Alors que les g\u00e2teaux et autres petits encas ne sont plus accept\u00e9s dans les \u00e9coles depuis un avis de l&rsquo;Afssa en 2004\u00a0visant \u00e0 lutter contre l&rsquo;ob\u00e9sit\u00e9, <strong>un bon petit-d\u00e9jeuner s&rsquo;av\u00e8re\u00a0d&rsquo;autant plus important pour l&rsquo;enfant<\/strong>. En effet, pas question de l&rsquo;envoyer \u00e0 l&rsquo;\u00e9cole le ventre vide.\u00a0Pourtant, selon une\u00a0\u00e9tude Credoc, pr\u00e8s d&rsquo;un enseignant sur deux constate que<strong><a href=\"https:\/\/www.journaldesfemmes.fr\/maman\/enfant\/1350632-petit-dejeuner-enfants-ecole-matin\/\" target=\"_blank\" rel=\"noopener noreferrer\"> les enfants ne prennent pas de petit-d\u00e9jeuner<\/a> avant de se rendre \u00e0 l&rsquo;\u00e9cole<\/strong>, alors que ce premier repas est le plus important\u00a0de la journ\u00e9e. Alors, que faire lorsque son petit n&rsquo;a pas un grand app\u00e9tit le matin\u00a0?\u00a0Parfois encore endormi, les enfants n&rsquo;ont pas toujours envie de se lever plus t\u00f4t pour prendre le temps de manger.\u00a0R\u00e9sultat, il mange en vitesse et le petit-d\u00e9jeuner n&rsquo;est pas associ\u00e9 \u00e0 un moment de plaisir et de partage, en famille.\u00a0D\u00e9couvrez les conseils de Laurence Plumey et les astuces de mamans pour lui donner envie de se r\u00e9galer le matin.<\/p>\n<h2>Petit-d\u00e9jeuner : quels besoins \u00e9nerg\u00e9tiques selon son \u00e2ge ?<\/h2>\n<p>Il doit en effet apporter\u00a0\u00e0 l&rsquo;enfant<strong> l&rsquo;essentiel des besoins \u00e9nerg\u00e9tiques de la journ\u00e9e<\/strong>, soit 20\u00a0\u00e0 25\u00a0%, afin qu&rsquo;il puisse rester en forme jusqu&rsquo;\u00e0 midi et qu&rsquo;il soit suffisamment concentr\u00e9 en classe. \u00ab\u00a0<em>Un petit-d\u00e9jeuner complet doit pr\u00e9senter ces trois composantes\u00a0:<strong> des glucides (pain, c\u00e9r\u00e9ales, biscuits, <a href=\"http:\/\/www.affinite.fr\/index.php\/2025\/02\/27\/le-chocolat-et-le-materiel-indispensable-pour-reussir-vos-creations-gourmandes\/\">chocolat<\/a>, confiture&#8230;), du calcium (chocolat chaud, yaourt, fromage blanc) et un fruit ou une compote<\/strong><\/em><strong>\u00ab\u00a0<\/strong>, rappelle le docteur\u00a0Laurence Plumey, m\u00e9decin nutritionniste et auteure de l&rsquo;ouvrage <a href=\"http:\/\/www.eyrolles.com\/Loisirs\/Livre\/le-grand-livre-de-l-alimentation-9782212557404\" target=\"_blank\" rel=\"noopener noreferrer\">Le grand livre de l&rsquo;alimentation<\/a> aux \u00e9ditions Eyrolles.<strong> Pour un enfant de 7\u00a0\u00e0 11\u00a0ans<\/strong>, ce premier repas doit repr\u00e9senter en moyenne 350\u00a0\u00e0 450\u00a0calories, et <strong>pour un adolescent de 12\u00a0\u00e0 17\u00a0ans,<\/strong> environ 500\u00a0\u00e0 630\u00a0calories.<\/p>\n<h3>Le petit-d\u00e9jeuner id\u00e9al pour un enfant de 4 \u00e0 6 ans<\/h3>\n<p><strong>Un enfant \u00e2g\u00e9 de 4\u00a0\u00e0 6\u00a0ans a besoin de 1500\u00a0calories par jour,<\/strong> ce qui correspond \u00e0 1\/4\u00a0pour le petit-d\u00e9jeuner, soit 400\u00a0calories en moyenne. Voici deux exemples de petit-d\u00e9jeuner, que conseille Laurence Plumey, m\u00e9decin nutritionniste\u00a0:<\/p>\n<ul>\n<li>2\u00a0tranches de pain (30\u00a0\u00e0 40\u00a0g),<\/li>\n<li>du beurre et de la confiture,<\/li>\n<li>un bol de chocolat chaud,<\/li>\n<li>un verre de jus de <a href=\"http:\/\/www.affinite.fr\/index.php\/2023\/07\/29\/valoriser-ses-invendus-une-demarche-ecologique-et-rentable-pour-les-marchands-de-fruits\/\">fruits<\/a>.<\/li>\n<\/ul>\n<p>OU<\/p>\n<ul>\n<li>Un petit bol de c\u00e9r\u00e9ales (environ 30g), avec la moiti\u00e9 de lait,\u00a0<\/li>\n<li>un jus de fruits ou un fruit (cl\u00e9mentine, kiwi&#8230;).<\/li>\n<\/ul>\n<h3>Le petit-d\u00e9jeuner id\u00e9al pour un adolescent<\/h3>\n<p><strong>Les adolescents consomment jusqu&rsquo;\u00e0 2500\u00a0calories par jour, soit environ 600\u00a0\u00e0 700\u00a0calories<\/strong> pour le petit-d\u00e9jeuner, pr\u00e9cise Laurence Plumey, nutritionniste. Elle propose ainsi deux menu adapt\u00e9 pour les jeunes \u00e9tudiants\u00a0:<\/p>\n<ul>\n<li>Un yaourt,\u00a0<\/li>\n<li>50\u00a0g de c\u00e9r\u00e9ales avec du lait,\u00a0<\/li>\n<li>Un grand verre de jus de fruits.<\/li>\n<\/ul>\n<p>OU<\/p>\n<ul>\n<li>3\u00a0tranches de g\u00e2teau Savane (2\u00a0pour les filles),<\/li>\n<li>1\u00a0yaourt ou fromage blanc,<\/li>\n<li>un grand verre de jus de fruits ou un fruit.<\/li>\n<\/ul>\n<h2>1 &#8211; R\u00e9veiller son enfant 15 minutes plus t\u00f4t<\/h2>\n<p>Si votre enfant n&rsquo;a pas faim, il faut chercher \u00e0 en comprendre les raisons. Peut-\u00eatre le levez-vous en vitesse, \u00e0 la derni\u00e8re minute, ce qui ne laisse pas ou peu de temps pour <strong>prendre<a href=\"https:\/\/www.journaldesfemmes.fr\/maman\/enfant\/1021573-le-petit-dejeuner-ideal-pour-vos-enfants\/\" target=\"_blank\" rel=\"noopener noreferrer\"> un bon petit-d\u00e9jeuner<\/a><\/strong>.\u00a0Ce moment est en effet indispensable pour bien d\u00e9marrer la journ\u00e9e.\u00a0\u00ab\u00a0<em>Pour \u00e9viter la course d\u00e8s le matin et qu&rsquo;il ne parte le ventre vide \u00e0 l&rsquo;\u00e9cole par manque de temps, <strong>r\u00e9veillez-le 15\u00a0minutes plus t\u00f4t<\/strong><\/em><strong>\u00ab\u00a0<\/strong>, conseille la Laurence Plumey, nutritionniste.\u00a0<strong>L&rsquo;enfant aura alors le temps de se lever tranquillement et de prendre son petit-d\u00e9jeuner dans le calme<\/strong>.<\/p>\n<h2>2 &#8211; Rester vigilant sur l&rsquo;heure du coucher<\/h2>\n<p><strong>Le <a href=\"https:\/\/www.journaldesfemmes.fr\/maman\/enfant\/sommeil-enfant\/\" target=\"_blank\" rel=\"noopener noreferrer\">manque de sommeil<\/a> a une influence sur l&rsquo;app\u00e9tit de l&rsquo;enfant<\/strong>, explique Laurence Plumey, nutritionniste.\u00a0<strong>Un tout-petit a besoin de 9h \u00e0 10h de sommeil (9h pour un adolescent).<\/strong>\u00a0Par cons\u00e9quent, s&rsquo;il\u00a0se couche ou mange trop tard le soir, il se r\u00e9veillera fatigu\u00e9 et sans app\u00e9tit. Il est donc important de se mettre \u00e0 table pour<strong> d\u00eener \u00e0 heures fixes, et de ne pas d\u00e9passer une certaine heure.\u00a0<\/strong>A l&rsquo;inverse, s&rsquo;il mange t\u00f4t le soir et qu&rsquo;il dort suffisamment, il est peu probable qu&rsquo;il n&rsquo;ait pas faim en se r\u00e9veillant.\u00a0Mais il ne suffit pas qu&rsquo;il se couche \u00e0 20h\u00a0! Certains petits sont passent des heures sur leur smartphone ou devant la t\u00e9l\u00e9vision\u00a0! <strong>La r\u00e8gle\u00a0: pas de t\u00e9l\u00e9phone ni d&rsquo;<a href=\"http:\/\/www.journaldesfemmes.com\/maman\/temoignage\/appelatemoin\/3201\/faut-il-ecarter-les-enfants-des-ecrans-de-television-et-d-ordinateur\/\" target=\"_blank\" rel=\"noopener noreferrer\">\u00e9cran<\/a>\u00a0dans la chambre.<\/strong><\/p>\n<h2>3 &#8211; Un petit-d\u00e9jeuner en famille<\/h2>\n<p>Ce n&rsquo;est pas en laissant votre enfant <a href=\"https:\/\/www.journaldesfemmes.fr\/maman\/guide-des-parents\/1318171-il-ne-veut-pas-manger-que-faire\/\" target=\"_blank\" rel=\"noopener noreferrer\">manger seul \u00e0 table<\/a> qu&rsquo;il aura envie de prendre son petit-d\u00e9jeuner.\u00a0Au contraire, <strong>montrez-lui le bon exemple et partagez ce moment ensemble, en vous attablant avec lui.\u00a0<\/strong>\u00ab\u00a0<em>C&rsquo;est un bonheur de prendre son petit-d\u00e9jeuner en famille, d&rsquo;autant que tout le monde se s\u00e9pare ensuite pour la journ\u00e9e<\/em>\u00ab\u00a0, d\u00e9clare Laurence Plumey.\u00a0Cela lui donne aussi les bons rep\u00e8res pour sa vie adulte.\u00a0<strong>Prendre trois repas \u00e9quilibr\u00e9s dans la journ\u00e9e, en plus du go\u00fbter,<\/strong> \u00e9vitera \u00e0 votre enfant d&rsquo;\u00eatre par la suite port\u00e9 vers le grignotage.\u00a0Et s&rsquo;il ne saute pas son petit-d\u00e9jeuner, il aura \u00e9galement moins de risque de surpoids et d&rsquo;<a href=\"https:\/\/www.journaldesfemmes.fr\/maman\/enfant\/1193594-l-obesite-des-enfants-en-10-questions\/\" target=\"_blank\" rel=\"noopener noreferrer\">ob\u00e9sit\u00e9<\/a> !\u00a0<\/p>\n<h2>4 &#8211; Verser du lait, puis des c\u00e9r\u00e9ales<\/h2>\n<p>Votre enfant aime les c\u00e9r\u00e9ales\u00a0?\u00a0C&rsquo;est le moment id\u00e9al pour lui faire consommer suffisamment de <a href=\"https:\/\/sante.journaldesfemmes.fr\/maux-quotidien\/1030478-le-calcium\/\" target=\"_blank\" rel=\"noopener noreferrer\">calcium<\/a>. Le lait qui compose son alimentation principale d\u00e8s la naissance est donc \u00e0 consommer au quotidien, d\u00e8s le petit-d\u00e9jeuner.\u00a0<strong>Commencez par le remplir de lait, et ajoutez ensuite les c\u00e9r\u00e9ales ainsi que des fruits secs.<\/strong>\u00a0Rappelons que trois produits laitiers par jour sont recommand\u00e9s (yaourts, fromages, lait&#8230;) dans le cadre d&rsquo;une alimentation \u00e9quilibr\u00e9e. Vous pouvez \u00e9galement lui proposer un milk-shake aux fruits, ou un fromage blanc dans lequel vous coupez des morceaux de p\u00eache ou de pomme&#8230; selon les go\u00fbts et les envies.<\/p>\n<h2>5 &#8211; Pr\u00e9parer des g\u00e2teaux fait maison<\/h2>\n<p>Parce que vous \u00eates une <a href=\"https:\/\/www.journaldesfemmes.fr\/maman\/magazine\/1351053-10-astuces-pour-vous-faciliter-la-vie-a-la-rentree\/\" target=\"_blank\" rel=\"noopener noreferrer\">maman organis\u00e9e<\/a>, et pour \u00e9viter les pannes de d\u00e9but de semaine, Anne a la bonne id\u00e9e de pr\u00e9parer de d\u00e9licieuses madeleines le week-end.\u00a0Ainsi, il lui en reste suffisamment pour<strong> les petits-d\u00e9jeuners de la semaine<\/strong>.\u00a0Le plus\u00a0?\u00a0Vous <a href=\"https:\/\/www.journaldesfemmes.fr\/maman\/guide-des-parents\/1862557-cuisiner-enfants\/\" target=\"_blank\" rel=\"noopener noreferrer\">impliquez votre enfant<\/a> pendant la pr\u00e9paration.\u00a0C&rsquo;est lui qui verse la farine, le sucre, et qui m\u00e9lange le tout, pour les d\u00e9guster fi\u00e8rement ensuite. Une astuce deux-en-un qui vous permet de divertir votre enfant lors d&rsquo;un atelier cuisine le dimanche, et qui lui donnera envie de manger ses propres madeleines. Vous pouvez aussi le responsabiliser le matin en lui proposant d&rsquo;installer avec vous, s&rsquo;il le souhaite, la table du petit-d\u00e9jeuner.<\/p>\n<h2>6 &#8211; Lui acheter des petites bo\u00eetes de c\u00e9r\u00e9ales<\/h2>\n<p>Cynthia Kafka est institutrice, blogueuse (<a href=\"http:\/\/mamanbavarde.fr\/\" target=\"_blank\" rel=\"noopener noreferrer\">Chut, maman bavarde\u00a0!<\/a>), et maman de deux enfants.\u00a0Afin de leur<strong> donner envie de manger le matin<\/strong>, elle privil\u00e9gie <strong>les petits paquets de c\u00e9r\u00e9ales, individuels.\u00a0<\/strong>Cela permet \u00e0 la fois de ne pas gaspiller les c\u00e9r\u00e9ales si elles sont vers\u00e9es en trop grande quantit\u00e9 et en m\u00eame temps de laisser l&rsquo;enfant choisir parmi les diff\u00e9rentes sortes propos\u00e9es (au miel, au chocolat&#8230;).\u00a0Chaque matin, un go\u00fbt diff\u00e9rent \u00e0 tester\u00a0: les enfants adorent\u00a0!<\/p>\n<h2>7 &#8211; Pas de t\u00e9l\u00e9vision le matin\u00a0<\/h2>\n<p>Cynthia, maman de Marissa et L\u00e9andre autorisait ses enfants \u00e0 prendre le petit d\u00e9jeuner devant la t\u00e9l\u00e9vision.\u00a0Mais elle s&rsquo;est vite rendue compte qu&rsquo;\u00e0 la fin du dessin anim\u00e9 (qui correspond \u00e0 l&rsquo;heure \u00e0 laquelle il faut les habiller pour partir \u00e0 l&rsquo;\u00e9cole), ses tout-petits n&rsquo;avaient aval\u00e9 qu&rsquo;une bouch\u00e9e de leurs tartines, et une gorg\u00e9e de leur jus d&rsquo;orange.\u00a0Evidemment, tellement captiv\u00e9s par la t\u00e9l\u00e9vision, ils en oubliaient l&rsquo;essentiel.\u00a0Depuis, elle a d\u00e9cid\u00e9 de<strong> commencer par un petit-d\u00e9jeuner en famille, d\u00e8s le r\u00e9veil.\u00a0<\/strong>Ensuite, une fois habill\u00e9s, les dents bross\u00e9es et pr\u00eats pour partir, ils ont l&rsquo;autorisation de regarder un peu la t\u00e9l\u00e9vision, s&rsquo;il reste du temps bien s\u00fbr\u00a0! \u00ab\u00a0<em>Ce rendez-vous matinal est d\u00e9sormais devenu incontournable<\/em>\u00ab\u00a0, d\u00e9clare-t-elle.<\/p>\n<h2>8 &#8211; Faire les courses en famille<\/h2>\n<aside id=\"NL_2111505066\" class=\"newsletter_subscription jNlBlock\"><noscript><br \/>\n            <\/noscript><\/p>\n<h3 class=\"newsletter_subscription-title\">Newsletter <\/h3>\n<p><a href=\"\/\/mailing.ccmbg.com\/archive\/last-85\" target=\"_blank\" class=\"a_hover\" rel=\"noopener noreferrer\">Voir un exemple<\/a><\/p>\n<\/aside>\n<p>Pas facile de choisir les entre les biscuits aux p\u00e9pites de chocolat et ceux fourr\u00e9s \u00e0 la fraise&#8230;\u00a0D&rsquo;autant plus que les go\u00fbts des enfants changent tout le temps\u00a0!\u00a0Pour \u00e9viter toute confusion, L\u00e9a, maman de Pierre, 8\u00a0ans, l&#8217;emm\u00e8ne choisir lui-m\u00eame ses produits pr\u00e9f\u00e9r\u00e9s en magasin.\u00a0Elle lui demande de choisir ses paquets de g\u00e2teaux, les c\u00e9r\u00e9ales ou encore son jus de fruit pr\u00e9f\u00e9r\u00e9.\u00a0Ainsi, il se l\u00e8ve la matin en ayant h\u00e2te de go\u00fbter \u00e0 toutes ces nouvelles saveurs&#8230; et d\u00e9sormais, plus d&rsquo;excuses pour ne pas prendre son petit-d\u00e9jeuner\u00a0!<\/p>\n<\/p><\/div>\n<p>[ad_2]<br \/>\n<br \/><a href=\"https:\/\/www.journaldesfemmes.fr\/maman\/enfant\/2652841-petit-dejeuner-besoins-energetiques-enfant\/\">Source link <\/a><\/p>\n","protected":false},"excerpt":{"rendered":"<p>[ad_1] Nombreux sont les enfants qui ne prennent pas leur petit-d\u00e9jeuner avant d&rsquo;aller \u00e0 l&rsquo;\u00e9cole. Mais comment lui donner envie &hellip; <a href=\"http:\/\/www.affinite.fr\/index.php\/2020\/08\/03\/8-conseils-pour-lui-donner-envie-de-prendre-un-bon-petit-dejeuner\/\" class=\"more-link\">Plus <span class=\"screen-reader-text\">8\u00a0conseils pour lui donner envie de prendre un bon petit d\u00e9jeuner<\/span> <span class=\"meta-nav\">&rarr;<\/span><\/a><\/p>\n","protected":false},"author":1,"featured_media":5060,"comment_status":"open","ping_status":"open","sticky":false,"template":"","format":"standard","meta":{"_sitemap_exclude":false,"_sitemap_priority":"","_sitemap_frequency":"","footnotes":""},"categories":[1],"tags":[],"class_list":["post-5059","post","type-post","status-publish","format-standard","has-post-thumbnail","hentry","category-tous"],"_links":{"self":[{"href":"http:\/\/www.affinite.fr\/index.php\/wp-json\/wp\/v2\/posts\/5059"}],"collection":[{"href":"http:\/\/www.affinite.fr\/index.php\/wp-json\/wp\/v2\/posts"}],"about":[{"href":"http:\/\/www.affinite.fr\/index.php\/wp-json\/wp\/v2\/types\/post"}],"author":[{"embeddable":true,"href":"http:\/\/www.affinite.fr\/index.php\/wp-json\/wp\/v2\/users\/1"}],"replies":[{"embeddable":true,"href":"http:\/\/www.affinite.fr\/index.php\/wp-json\/wp\/v2\/comments?post=5059"}],"version-history":[{"count":0,"href":"http:\/\/www.affinite.fr\/index.php\/wp-json\/wp\/v2\/posts\/5059\/revisions"}],"wp:featuredmedia":[{"embeddable":true,"href":"http:\/\/www.affinite.fr\/index.php\/wp-json\/wp\/v2\/media\/5060"}],"wp:attachment":[{"href":"http:\/\/www.affinite.fr\/index.php\/wp-json\/wp\/v2\/media?parent=5059"}],"wp:term":[{"taxonomy":"category","embeddable":true,"href":"http:\/\/www.affinite.fr\/index.php\/wp-json\/wp\/v2\/categories?post=5059"},{"taxonomy":"post_tag","embeddable":true,"href":"http:\/\/www.affinite.fr\/index.php\/wp-json\/wp\/v2\/tags?post=5059"}],"curies":[{"name":"wp","href":"https:\/\/api.w.org\/{rel}","templated":true}]}}