{"id":5034,"date":"2020-07-28T16:07:23","date_gmt":"2020-07-28T16:07:23","guid":{"rendered":"https:\/\/www.affinite.fr\/index.php\/2020\/07\/28\/films-cannois-femmes-realisatrices-et-sujets-forts-au-festival-du-cinema-americain-de-deauville\/"},"modified":"2020-07-28T16:07:23","modified_gmt":"2020-07-28T16:07:23","slug":"films-cannois-femmes-realisatrices-et-sujets-forts-au-festival-du-cinema-americain-de-deauville","status":"publish","type":"post","link":"http:\/\/www.affinite.fr\/index.php\/2020\/07\/28\/films-cannois-femmes-realisatrices-et-sujets-forts-au-festival-du-cinema-americain-de-deauville\/","title":{"rendered":"Films cannois, Femmes r\u00e9alisatrices et Sujets forts&#8230; au Festival du Cin\u00e9ma Am\u00e9ricain de Deauville"},"content":{"rendered":"<p> [ad_1]<br \/>\n<br \/><img decoding=\"async\" src=\"https:\/\/img-3.journaldesfemmes.fr\/u-SEik5i-q6M1IAk20EVGyXJgco=\/1280x\/smart\/f717e4b67efa44078e2880020d4deac2\/ccmcms-jdf\/17199320.jpg\" \/><\/p>\n<p>\n                Il faut que le 7e Art continue de nous faire r\u00eaver. Dans le souci du respect des r\u00e8gles sanitaires, mais plus vaillant que jamais, le Festival du Cin\u00e9ma Am\u00e9ricain de Deauville se tiendra du 4\u00a0au 13\u00a0septembre 2020. Au programme\u00a0: une s\u00e9lection de films exceptionnels, des acteurs, actrices et cin\u00e9aste de talent et des th\u00e9matiques puissantes.            <\/p>\n<div>\n<p><span style=\"font-size: 1rem;\">C&rsquo;est l&rsquo;un des rares festivals \u00e0 pouvoir se maintenir cette ann\u00e9e : <\/span><strong style=\"font-size: 1rem;\">le <a href=\"https:\/\/www.journaldesfemmes.fr\/loisirs\/cinema\/festival-du-cinema-americain-de-deauville\/\" title=\"Festival du Cin\u00e9ma Am\u00e9ricain de Deauville\">Festival du Cin\u00e9ma Am\u00e9ricain de Deauville<\/a><\/strong><span style=\"font-size: 1rem;\">. rendez-vous\u00a0favori des amoureux du cin\u00e9ma made in <a href=\"http:\/\/www.affinite.fr\/index.php\/2021\/10\/06\/camion-de-glace-style-usa-made-in-france\/\">USA<\/a>, se\u00a0tiendra du <\/span><strong style=\"font-size: 1rem;\">4\u00a0au 13\u00a0septembre 2020<\/strong><span style=\"font-size: 1rem;\">, au Centre international de Deauville pour une 46e \u00e9dition d\u2019anthologie.\u00a0Bruno Barde, le directeur du festival normand, a pr\u00e9sent\u00e9 ce 21\u00a0juillet le noms des\u00a0films en comp\u00e9tition.\u00a0<\/span><\/p>\n<p>Une s\u00e9lection d&rsquo;une \u00ab\u00a0<em>couleur particuli\u00e8re\u00a0\u00bb,<\/em>\u00a0(\u00e9tant donn\u00e9 le contexte sanitaire). qui refl\u00e8te des th\u00e9matiques fortes et actuelles telles que \u00ab\u00a0<em>la recherche d&rsquo;identit\u00e9, l&rsquo;urgence \u00e9cologique, les mythes et chim\u00e8res, la sexualit\u00e9 ainsi que l&rsquo;incertitude d&rsquo;avenir<\/em>\u00ab\u00a0, annonce le communiqu\u00e9.\u00a0<\/p>\n<h2>Le Festival de Deauville met\u00a0les femmes \u00e0 l&rsquo;honneur<\/h2>\n<p>Au programme de ce grand cru:\u00a0<strong>14 longs-m\u00e9trages, dont <\/strong><em><strong>\u00ab\u00a07\u00a0sont des premiers films et 8\u00a0sont des films de r\u00e9alisatrices\u00a0\u00bb<\/strong>. \u00ab\u00a0Cette \u00e9dition ne d\u00e9rogera pas \u00e0 notre volont\u00e9 \u00e9ditoriale de montrer la diversit\u00e9 et l&rsquo;originalit\u00e9 de la cin\u00e9matographie am\u00e9ricaine\u00a0\u00bb<\/em>, souligne\u00a0Bruno Barde.<\/p>\n<p>Les organisateurs d\u00e9voileront dans le courant de l&rsquo;\u00e9t\u00e9 les membres du jury pr\u00e9sid\u00e9 par la chanteuse et actrice <strong><a href=\"https:\/\/www.journaldesfemmes.fr\/people\/personnalites\/2559608-vanessa-paradis\/\" title=\"Vanessa Paradis\">Vanessa Paradis<\/a><\/strong>, ainsi que les personnalit\u00e9s honor\u00e9es dans la cadre des festivit\u00e9s. Un hommage au monstre sacr\u00e9 d&rsquo;Hollywood\u00a0<a href=\"https:\/\/www.journaldesfemmes.fr\/people\/evenements\/1717869-mort-de-kirk-douglas-a-103-ans-disparition-d-une-legende-du-cinema-photos\/\">Kirk Douglas<\/a>, d\u00e9c\u00e9d\u00e9 en d\u00e9but d&rsquo;ann\u00e9e, est pr\u00e9vu. Alors, quel film succ\u00e9dera au poignant\u00a0<em>Bull<\/em>, d&rsquo;Annie Silverstein\u00a0?\u00a0<\/p>\n<h2>D\u00e9couvrez la liste compl\u00e8te des longs-m\u00e9trages s\u00e9lectionn\u00e9s en comp\u00e9tition\u00a0:<\/h2>\n<ul>\n<li><strong><em>First Cow<\/em> de Kelly Reichardt<\/strong><\/li>\n<li><strong><em>Giants Being Lonely<\/em>\u00a0de Grear Patterson<\/strong><\/li>\n<li><strong><em>Holler<\/em> de Nicole Riegel &#8211; 1er film<\/strong><\/li>\n<li><strong><em>Kajillionaire <\/em>de Miranda July &#8211; sortie le 30\u00a0septembre<\/strong><\/li>\n<li><strong><em>Lorelei\u00a0<\/em>de Sabrina Doyle &#8211; 1er film<\/strong><\/li>\n<li><strong><em>Last Words\u00a0<\/em>de Jonathan Nossiter &#8211; sortie le 21\u00a0octobre<\/strong><\/li>\n<li><strong><em>Love Is Love Is Love\u00a0<\/em>d&rsquo;Eleanor Coppola<\/strong><\/li>\n<li><strong><em>Minari <\/em>de Lee Isaac Chung<\/strong><\/li>\n<li><strong><em>Shiva Baby<\/em> d&rsquo;Emma Seligman &#8211; 1er film<\/strong><\/li>\n<li><strong><em>Sophie Jones<\/em> de Jessie Barr &#8211; 1er film<\/strong><\/li>\n<li><strong><em>Sound Of Metal<\/em>\u00a0de Darius Marder &#8211; 1er film<\/strong><\/li>\n<li><strong><em>The Assistant <\/em>de Kitty Green &#8211; 1er film<\/strong><\/li>\n<li><strong><em>The Violent Heart<\/em>\u00a0de Kerem Sanga<\/strong><\/li>\n<li><strong><em>Uncle Frank<\/em> d&rsquo;Alan Ball &#8211; 2\u00b0 film<\/strong><\/li>\n<\/ul>\n<h2>Deauville\u00a0accueille Cannes<\/h2>\n<p>\u200b\u200b\u200b\u200b\u200b\u200b\u200bAutre particularit\u00e9 cette ann\u00e9e\u00a0: la<strong> cit\u00e9 baln\u00e9aire de la C\u00f4te fleurie va prendre des air de Croisette.<\/strong><br \/>Le festival du Cin\u00e9ma Am\u00e9ricain de Deauville va en effet accueillir <strong>10\u00a0films <\/strong>des 56 <strong>de la S\u00e9lection Officielle du\u00a0Festival de Cannes 2020.<\/strong><\/p>\n<aside id=\"NL_1087951179\" class=\"newsletter_subscription jNlBlock\"><noscript><br \/>\n            <\/noscript><\/p>\n<h3 class=\"newsletter_subscription-title\">Newsletter <\/h3>\n<p><a href=\"\/\/mailing.ccmbg.com\/archive\/last-85\" target=\"_blank\" class=\"a_hover\" rel=\"noopener noreferrer\">Voir un exemple<\/a><\/p>\n<\/aside>\n<p><strong>Voici la liste des films cannois<\/strong> qui s&rsquo;invitent dans cette\u00a0dimension cin\u00e9matographique et\u00a0internationale et que le public\u00a0pourra\u00a0d\u00e9couvrir sur grand \u00e9cran, en pr\u00e9sence de\u00a0d\u00e9l\u00e9gu\u00e9 g\u00e9n\u00e9ral du Festival de Cannes Thierry Fr\u00e9maux et de son pr\u00e9sident Pierre Lescure.<\/p>\n<ul>\n<li><strong><em>Ammonite <\/em>de Francis Lee\u00a0<\/strong><\/li>\n<li><strong><em>Des Hommes de Lucas Belvaux<\/em><\/strong><\/li>\n<li><strong><em>Peninsula<\/em> de\u00a0Yeon Sang Ho<\/strong><\/li>\n<li><strong><em>Rouge<\/em> de Farid Bentoumi<\/strong><\/li>\n<li><strong><em>Slalom<\/em> de Charl\u00e8ne Favier<\/strong><\/li>\n<li><strong><em>Teddy <\/em>de Ludovic et Zoran Boukherma<\/strong><\/li>\n<li><strong><em>Last Words<\/em> de Jonathan Nossiter\u00a0<\/strong><\/li>\n<li><strong><em>ADN\u00a0<\/em>de Ma\u00efwenn\u00a0<\/strong><\/li>\n<li><strong><em>Les Deux Alfred<\/em> de Bruno Podalyl\u00e8s<\/strong><\/li>\n<li><strong><em>A Good Man<\/em> de Marie-Castille Mention-Schaar<\/strong><\/li>\n<\/ul>\n<\/div>\n<p>[ad_2]<br \/>\n<br \/><a href=\"https:\/\/www.journaldesfemmes.fr\/loisirs\/cinema\/2650803-festival-du-cinema-americain-deauville-2020\/\">Source link <\/a><\/p>\n","protected":false},"excerpt":{"rendered":"<p>[ad_1] Il faut que le 7e Art continue de nous faire r\u00eaver. Dans le souci du respect des r\u00e8gles sanitaires, &hellip; <a href=\"http:\/\/www.affinite.fr\/index.php\/2020\/07\/28\/films-cannois-femmes-realisatrices-et-sujets-forts-au-festival-du-cinema-americain-de-deauville\/\" class=\"more-link\">Plus <span class=\"screen-reader-text\">Films cannois, Femmes r\u00e9alisatrices et Sujets forts&#8230; au Festival du Cin\u00e9ma Am\u00e9ricain de Deauville<\/span> <span class=\"meta-nav\">&rarr;<\/span><\/a><\/p>\n","protected":false},"author":1,"featured_media":5035,"comment_status":"open","ping_status":"open","sticky":false,"template":"","format":"standard","meta":{"_sitemap_exclude":false,"_sitemap_priority":"","_sitemap_frequency":"","footnotes":""},"categories":[1],"tags":[],"class_list":["post-5034","post","type-post","status-publish","format-standard","has-post-thumbnail","hentry","category-tous"],"_links":{"self":[{"href":"http:\/\/www.affinite.fr\/index.php\/wp-json\/wp\/v2\/posts\/5034"}],"collection":[{"href":"http:\/\/www.affinite.fr\/index.php\/wp-json\/wp\/v2\/posts"}],"about":[{"href":"http:\/\/www.affinite.fr\/index.php\/wp-json\/wp\/v2\/types\/post"}],"author":[{"embeddable":true,"href":"http:\/\/www.affinite.fr\/index.php\/wp-json\/wp\/v2\/users\/1"}],"replies":[{"embeddable":true,"href":"http:\/\/www.affinite.fr\/index.php\/wp-json\/wp\/v2\/comments?post=5034"}],"version-history":[{"count":0,"href":"http:\/\/www.affinite.fr\/index.php\/wp-json\/wp\/v2\/posts\/5034\/revisions"}],"wp:featuredmedia":[{"embeddable":true,"href":"http:\/\/www.affinite.fr\/index.php\/wp-json\/wp\/v2\/media\/5035"}],"wp:attachment":[{"href":"http:\/\/www.affinite.fr\/index.php\/wp-json\/wp\/v2\/media?parent=5034"}],"wp:term":[{"taxonomy":"category","embeddable":true,"href":"http:\/\/www.affinite.fr\/index.php\/wp-json\/wp\/v2\/categories?post=5034"},{"taxonomy":"post_tag","embeddable":true,"href":"http:\/\/www.affinite.fr\/index.php\/wp-json\/wp\/v2\/tags?post=5034"}],"curies":[{"name":"wp","href":"https:\/\/api.w.org\/{rel}","templated":true}]}}