{"id":5030,"date":"2020-07-27T16:06:04","date_gmt":"2020-07-27T16:06:04","guid":{"rendered":"https:\/\/www.affinite.fr\/index.php\/2020\/07\/27\/ce-qui-loppose-a-jade-sa-mere-biologique-sa-relation-avec-laeticia\/"},"modified":"2020-07-27T16:06:04","modified_gmt":"2020-07-27T16:06:04","slug":"ce-qui-loppose-a-jade-sa-mere-biologique-sa-relation-avec-laeticia","status":"publish","type":"post","link":"http:\/\/www.affinite.fr\/index.php\/2020\/07\/27\/ce-qui-loppose-a-jade-sa-mere-biologique-sa-relation-avec-laeticia\/","title":{"rendered":"ce qui l&rsquo;oppose \u00e0 Jade, sa m\u00e8re biologique, sa relation avec Laeticia&#8230;"},"content":{"rendered":"<p> [ad_1]<br \/>\n<br \/><img decoding=\"async\" src=\"https:\/\/img-3.journaldesfemmes.fr\/7myZ36osFE_S5eQLBvUsjoEjrwg=\/1280x\/smart\/5eba10fe828f47ebac3d8b0b57c35590\/ccmcms-jdf\/17323880.jpg\" \/><\/p>\n<p>\n                Joy Hallyday a f\u00eat\u00e9 ses 12\u00a0ans\u00a0! Pour l&rsquo;occasion, sa c\u00e9l\u00e8bre m\u00e8re lui a post\u00e9 un tendre message d&rsquo;anniversaire sur Instagram. Actuellement en vacances avec Laeticia Hallyday, la benjamine de Johnny danse et fait le show, \u00e0 l&rsquo;image du rockeur&#8230; et de sa m\u00e8re biologique.            <\/p>\n<div>\n<p>Comme le temps passe vite&#8230; <strong>Joy Hallyday<\/strong> c\u00e9l\u00e8bre ses<strong> 12 ans<\/strong> le 27 juillet et<strong> Laeticia Hallyday <\/strong>ne pourrait \u00eatre plus \u00e9mue. La veuve de Johnny a tenu \u00e0 f\u00eater comme il se doit le <strong>passage \u00e0 <a href=\"https:\/\/www.journaldesfemmes.fr\/people\/magazine\/2617679-joy-halliday-declare-sa-flamme-a-son-petit-copain-sur-instagram\/\">l&rsquo;adolescence<\/a><\/strong><a href=\"https:\/\/www.journaldesfemmes.fr\/people\/magazine\/2617679-joy-halliday-declare-sa-flamme-a-son-petit-copain-sur-instagram\/\"> de sa fille bien-aim\u00e9e<\/a>, en lui laissant un tendre message sur Instagram. \u00ab\u00a0<em>Mon petit ange aujourd&rsquo;hui tu as 12\u00a0ans. Il y a 12\u00a0ans tu venais au monde et en me\u0302me temps tu bouleversais nos vies de\u0301sormais nous e\u0301tions 4\u00a0a\u0300 la maison, une vraie famille\u00a0! <strong>12\u00a0ans de ca\u0302lins de mots doux, de bonheur <\/strong>avec toi mon petit ange qui ont semble\u0301 passer si vite tant tu as rendu nos vies plus lumineuses, plus belles et plus intenses. 12\u00a0ans qui ont fait de moi<strong> la plus fie\u0300re et la plus heureuse des mamans<\/strong>&#8230;12\u00a0ans d&rsquo;un amour sans limite et sans condition&#8230; Joyeux anniversaire ma Joy d&rsquo;amour. Ta maman qui t&rsquo;aime plus fort que tout<\/em>\u00ab\u00a0, a-t-elle d\u00e9clar\u00e9.<br \/>Pour illustrer ce joli message, <a href=\"https:\/\/www.journaldesfemmes.fr\/people\/personnalites\/2559250-laeticia-hallyday\/\" title=\"Laeticia Marie Christine Boudou\">Laeticia Hallyday<\/a> a post\u00e9 une vid\u00e9o du r\u00e9seau social Tik Tok o\u00f9 elle appara\u00eet en train de <strong>danser avec sa fill<\/strong>e, qu&rsquo;elle surnomme sa \u00ab\u00a0<em>petite Miss Tik Tok<\/em>\u00ab\u00a0.<\/p>\n<p>Joy Hallyday a \u00e9galement re\u00e7u un touchant message d&rsquo;anniversaire de la part de <strong>sa grand-m\u00e8re, Fran\u00e7ois Thibaut<\/strong>, qui a d\u00e9clar\u00e9 sur son compte Instagram: \u00ab\u00a0<em>Happy birthday ma beaut\u00e9 mon petit c\u0153ur d&rsquo;amour joyou\u00a0! Mon rayon de soleil. Je te souhaite une belle journ\u00e9e pour tes 12\u00a0ans, remplie de joie, d&rsquo;amour, de bonheur. Je t&rsquo;aime tr\u00e8s fort\u00a0\u00bb<\/em>. Que d&rsquo;amour !<\/p>\n<h2>Laeticia et Joy Hallyday : des vacances pleines de sens<\/h2>\n<p>Ces derni\u00e8res semaines, la veuve de Johnny a pu profiter du <strong>temps pass\u00e9 avec sa petite Joy<\/strong>.\u00a0M\u00e8re et fille ont parcouru\u00a0le globe, malgr\u00e9 la crise sanitaire, tandis que l&rsquo;a\u00een\u00e9e, <strong>Jade Hallyday<\/strong>, <a href=\"https:\/\/www.journaldesfemmes.fr\/people\/magazine\/2650219-laetitia-milot-coiffure-jenifer-flavie-flament-topless-photos\/2650255-jade-hallyday\">se pr\u00e9lassait au cap Ferret avec ses amis<\/a>\u00a0Tess Rambaldi, fille de Marie Poniatowski, et Roman Lavoine, fils de Sarah Poniatowski et Marc Lavoine.<\/p>\n<p>Le 13 juillet, Laeticia et Joy Hallyday se sont d&rsquo;abord rendues \u00e0 Palavas-les-Flots, puis ont pos\u00e9 leurs valises dans <strong>l&rsquo;H\u00e9rault, en Occitanie<\/strong>. Un endroit sp\u00e9cial pour la veuve de Johnny, puisque c&rsquo;est dans <strong>cette r\u00e9gion qu&rsquo;elle a grandi<\/strong>.\u00a0Apr\u00e8s ce voyage plein d&rsquo;\u00e9motions, toutes les deux se sont envol\u00e9es pour <strong>Saint-Barth\u00e9l\u00e9my<\/strong>, o\u00f9 elles profitent actuellement du sable chaud et des cocotiers qui leur chatouillent les doigts de pieds&#8230;<\/p>\n<h2>Joy Hallyday, une\u00a0\u00ab\u00a0show-girl\u00a0\u00bb<\/h2>\n<p>Avec sa <em>\u00ab\u00a0petite miss Tik Tok\u00a0\u00bb,<\/em> Laeticia Hallyday n&rsquo;a pas le temps de s&rsquo;ennuyer. Selon les r\u00e9centes confidences de la veuve du Taulier \u00e0 <em>Paris Match<\/em>, <strong>Joy Hallyday est une v\u00e9ritable pile \u00e9lectrique <\/strong>qui pourrait aussi bien devenir une b\u00eate de sc\u00e8ne, comme feu son p\u00e8re.<\/p>\n<p><strong>\u00ab\u00a0<\/strong><em><strong>Joy est une artiste, comme son papa.\u00a0C&rsquo;est une show-girl.<\/strong> Johnny lui a appris \u00e0 danser, \u00e0 chanter, \u00e0 jouer de la guitare<\/em>\u00ab\u00a0, a-t-elle expliqu\u00e9, avant de pr\u00e9ciser que le caract\u00e8re de Jade, l&rsquo;a\u00een\u00e9e, \u00e9tait quelque peu diff\u00e9rent: \u00ab\u00a0<strong><em>Jade est plus pos\u00e9e, plus litt\u00e9raire<\/em><\/strong>\u00ab\u00a0.<\/p>\n<h2>Pourquoi Joy ne conna\u00eet pas sa\u00a0m\u00e8re biologique\u00a0<\/h2>\n<p>Si son p\u00e8re adoptif <a href=\"https:\/\/www.journaldesfemmes.fr\/people\/magazine\/2537260-actus-stars-people-infos\/2538698-laeticia-jade-et-joy-hallyday\">\u00e9tait un monstre sacr\u00e9<\/a>, sa <strong>m\u00e8re biologique<\/strong>, elle, est une <strong>danseuse<\/strong>, avait confi\u00e9 Laeticia Hallyday \u00e0 <em>Voici<\/em>, qui n&rsquo;a pourtant pas de contact avec cette derni\u00e8re.<\/p>\n<aside id=\"NL_1104702439\" class=\"newsletter_subscription jNlBlock\"><noscript><br \/>\n            <\/noscript><\/p>\n<h3 class=\"newsletter_subscription-title\">Newsletter <\/h3>\n<p><a href=\"\/\/mailing.ccmbg.com\/archive\/last-85\" target=\"_blank\" class=\"a_hover\" rel=\"noopener noreferrer\">Voir un exemple<\/a><\/p>\n<\/aside>\n<p>\u00ab\u00a0<em><strong>Il existe une vraie pudeur<\/strong> au Vietnam et ce serait offensant pour leurs m\u00e8res respectives de vouloir savoir ce que sont devenues leurs filles.\u00a0J&rsquo;ai toujours respect\u00e9 cette pudeur, je n&rsquo;ai jamais voulu \u00eatre intrusive<\/em>\u00ab\u00a0, a-t-elle expliqu\u00e9. Mais visiblement, la jeune fille ne manque pas d&rsquo;amour !<\/p>\n<\/p><\/div>\n<p>[ad_2]<br \/>\n<br \/><a href=\"https:\/\/www.journaldesfemmes.fr\/people\/magazine\/2651903-joy-hallyday-jade-laeticia-age-anniversaire\/\">Source link <\/a><\/p>\n","protected":false},"excerpt":{"rendered":"<p>[ad_1] Joy Hallyday a f\u00eat\u00e9 ses 12\u00a0ans\u00a0! Pour l&rsquo;occasion, sa c\u00e9l\u00e8bre m\u00e8re lui a post\u00e9 un tendre message d&rsquo;anniversaire sur &hellip; <a href=\"http:\/\/www.affinite.fr\/index.php\/2020\/07\/27\/ce-qui-loppose-a-jade-sa-mere-biologique-sa-relation-avec-laeticia\/\" class=\"more-link\">Plus <span class=\"screen-reader-text\">ce qui l&rsquo;oppose \u00e0 Jade, sa m\u00e8re biologique, sa relation avec Laeticia&#8230;<\/span> <span class=\"meta-nav\">&rarr;<\/span><\/a><\/p>\n","protected":false},"author":1,"featured_media":5031,"comment_status":"open","ping_status":"open","sticky":false,"template":"","format":"standard","meta":{"_sitemap_exclude":false,"_sitemap_priority":"","_sitemap_frequency":"","footnotes":""},"categories":[1],"tags":[],"class_list":["post-5030","post","type-post","status-publish","format-standard","has-post-thumbnail","hentry","category-tous"],"_links":{"self":[{"href":"http:\/\/www.affinite.fr\/index.php\/wp-json\/wp\/v2\/posts\/5030"}],"collection":[{"href":"http:\/\/www.affinite.fr\/index.php\/wp-json\/wp\/v2\/posts"}],"about":[{"href":"http:\/\/www.affinite.fr\/index.php\/wp-json\/wp\/v2\/types\/post"}],"author":[{"embeddable":true,"href":"http:\/\/www.affinite.fr\/index.php\/wp-json\/wp\/v2\/users\/1"}],"replies":[{"embeddable":true,"href":"http:\/\/www.affinite.fr\/index.php\/wp-json\/wp\/v2\/comments?post=5030"}],"version-history":[{"count":0,"href":"http:\/\/www.affinite.fr\/index.php\/wp-json\/wp\/v2\/posts\/5030\/revisions"}],"wp:featuredmedia":[{"embeddable":true,"href":"http:\/\/www.affinite.fr\/index.php\/wp-json\/wp\/v2\/media\/5031"}],"wp:attachment":[{"href":"http:\/\/www.affinite.fr\/index.php\/wp-json\/wp\/v2\/media?parent=5030"}],"wp:term":[{"taxonomy":"category","embeddable":true,"href":"http:\/\/www.affinite.fr\/index.php\/wp-json\/wp\/v2\/categories?post=5030"},{"taxonomy":"post_tag","embeddable":true,"href":"http:\/\/www.affinite.fr\/index.php\/wp-json\/wp\/v2\/tags?post=5030"}],"curies":[{"name":"wp","href":"https:\/\/api.w.org\/{rel}","templated":true}]}}