{"id":5012,"date":"2020-07-23T13:16:42","date_gmt":"2020-07-23T13:16:42","guid":{"rendered":"https:\/\/www.affinite.fr\/index.php\/2020\/07\/23\/la-modernite-en-pente-douce\/"},"modified":"2020-07-23T13:16:42","modified_gmt":"2020-07-23T13:16:42","slug":"la-modernite-en-pente-douce","status":"publish","type":"post","link":"http:\/\/www.affinite.fr\/index.php\/2020\/07\/23\/la-modernite-en-pente-douce\/","title":{"rendered":"La modernit\u00e9 en pente douce"},"content":{"rendered":"<p> [ad_1]<br \/>\n<br \/><img decoding=\"async\" src=\"https:\/\/maison3.advcdn.net\/images\/medias\/000\/054\/000054547\/200.jpg\" \/><\/p>\n<div itemprop=\"articleBody\">\n<p>\n  <strong>Une ouverture sur le design<\/strong>\n<\/p>\n<p>\n  Pas de restructuration d\u2019espace au programme de la <strong>r\u00e9novation de ce confortable appartement dot\u00e9 d\u2019une pi\u00e8ce-\u00e0-vivre tr\u00e8s lumineuse.<\/strong> Dans ce lieu o\u00f9 r\u00e9side un couple de retrait\u00e9s, ces occupants d\u00e9siraient simplement un rafra\u00eechissement et un rajeunissement de la d\u00e9coration. \u00ab\u00a0<em>Lass\u00e9s de vivre dans leurs anciens meubles, ils souhaitaient int\u00e9grer des \u00e9l\u00e9ments de modernit\u00e9. J\u2019ai seulement <strong>cass\u00e9 la cloison du couloir de l\u2019entr\u00e9e pour int\u00e9grer son volume dans celui du salon-s\u00e9jour et de la salle \u00e0 manger, \u00bb<\/strong><\/em> <strong>explique l\u2019architecte d\u2019int\u00e9rieur Samuel Elbilia<\/strong> de l\u2019agence Except Design, qui a r\u00e9alis\u00e9 cette r\u00e9novation. Autre adaptation d\u2019importance dans la pi\u00e8ce principale, <strong>l\u2019int\u00e9gration de la t\u00e9l\u00e9vision qui est dissimul\u00e9e dans un meuble aux portes recouvertes d\u2019un miroir,<\/strong> au-dessus de la chemin\u00e9e. <strong>Les deux chambres ont \u00e9t\u00e9 compl\u00e8tement r\u00e9am\u00e9nag\u00e9es avec des t\u00eates de lit,<\/strong> des chevets et des dressings int\u00e9gr\u00e9s. <strong>L\u2019\u00e9clairage a \u00e9t\u00e9 aussi retravaill\u00e9<\/strong> avec un choix particulier de luminaires et des mod\u00e8les graphiques en laiton qui apporte beaucoup d\u2019\u00e9l\u00e9gance \u00e0 l\u2019espace.\n<\/p>\n<p>\n  <strong>Un esprit chic sans ostentation<\/strong>\n<\/p>\n<p>\n  Samuel Elbilia a s\u00e9lectionn\u00e9 des <strong>\u00e9l\u00e9ments de mobilier actuels aux lignes simples et douces,<\/strong> faciles \u00e0 vivre. Ils composent un int\u00e9rieur contemporain sans exc\u00e8s et pr\u00e9figurent un style moderne mais ind\u00e9modable, avec un choix de valeurs s\u00fbres. L\u2019atmosph\u00e8re se r\u00e9f\u00e8re \u00e0 une <strong>certaine douceur \u00e0 la scandinave,<\/strong> m\u00eame si les objets et meubles ont \u00e9t\u00e9 dessin\u00e9s par des designers de toutes les nationalit\u00e9s ou des marques \u00e9galement internationales. Un esprit hygge pour se sentir bien chez soi tout simplement\u00a0! <strong>Les textiles qui houssent les si\u00e8ges ou les tissus qui composent les rideaux dessinent une ambiance chaleureuse.<\/strong> Ils habillent la maison comme un v\u00eatement et offrent des textures proches de la confection. Tentures \u00e0 effet de tweed, velours ou armures travaill\u00e9es des si\u00e8ges participent \u00e0 cette atmosph\u00e8re cosy et tr\u00e8s cocooning.\n<\/p>\n<p>\n  <strong>Quelques notes d\u2019audace<\/strong>\n<\/p>\n<p>\n  Les mati\u00e8res contemporaines ne d\u00e9gagent aucune froideur et m\u00eame <strong>le carrelage mural de la salle de bains, un gr\u00e8s c\u00e9rame imitant le bois et pos\u00e9 en diagonale,<\/strong> apporte une touche vivante. <strong>Outre les teintes pastel, quelques notes de couleur vives, sur les plateaux des tables basses du salon<\/strong> ou dans les harmonies audacieuses d\u2019un tableau, \u00e9vitent une certaine monotonie. Tandis que les luminaires en laiton ou une table basse sculpturale dans le salon apportent une touche tr\u00e8s tendance\u00a0!\n<\/p>\n<p>\n  <strong>Contact\u00a0:<br \/>Samuel Elbilia<\/strong><br \/>74, boulevard Exelmans<br \/>75016 Paris<br \/>Mail\u00a0: <a href=\"mailto:contact@exceptdesign.fr\">contact@exceptdesign.fr<\/a><br \/><a href=\"http:\/\/www.exceptdesign.fr\/\">www.exceptdesign.fr<\/a><br \/>T\u00e9l.\u00a0: 06 50 81 36 05\n<\/p>\n<\/p><\/div>\n<p><script async defer crossorigin=\"anonymous\" src=\"https:\/\/connect.facebook.net\/fr_FR\/sdk.js#xfbml=1&#038;version=v6.0&#038;appId=252025098257546&#038;autoLogAppEvents=1\"><\/script><br \/>\n<br \/>[ad_2]<br \/>\n<br \/><a href=\"http:\/\/feedproxy.google.com\/~r\/maison-actus\/~3\/K2az7EWrKDE\/\">Source link <\/a><\/p>\n","protected":false},"excerpt":{"rendered":"<p>[ad_1] Une ouverture sur le design Pas de restructuration d\u2019espace au programme de la r\u00e9novation de ce confortable appartement dot\u00e9 &hellip; <a href=\"http:\/\/www.affinite.fr\/index.php\/2020\/07\/23\/la-modernite-en-pente-douce\/\" class=\"more-link\">Plus <span class=\"screen-reader-text\">La modernit\u00e9 en pente douce<\/span> <span class=\"meta-nav\">&rarr;<\/span><\/a><\/p>\n","protected":false},"author":1,"featured_media":5013,"comment_status":"open","ping_status":"open","sticky":false,"template":"","format":"standard","meta":{"_sitemap_exclude":false,"_sitemap_priority":"","_sitemap_frequency":"","footnotes":""},"categories":[1],"tags":[],"class_list":["post-5012","post","type-post","status-publish","format-standard","has-post-thumbnail","hentry","category-tous"],"_links":{"self":[{"href":"http:\/\/www.affinite.fr\/index.php\/wp-json\/wp\/v2\/posts\/5012"}],"collection":[{"href":"http:\/\/www.affinite.fr\/index.php\/wp-json\/wp\/v2\/posts"}],"about":[{"href":"http:\/\/www.affinite.fr\/index.php\/wp-json\/wp\/v2\/types\/post"}],"author":[{"embeddable":true,"href":"http:\/\/www.affinite.fr\/index.php\/wp-json\/wp\/v2\/users\/1"}],"replies":[{"embeddable":true,"href":"http:\/\/www.affinite.fr\/index.php\/wp-json\/wp\/v2\/comments?post=5012"}],"version-history":[{"count":0,"href":"http:\/\/www.affinite.fr\/index.php\/wp-json\/wp\/v2\/posts\/5012\/revisions"}],"wp:featuredmedia":[{"embeddable":true,"href":"http:\/\/www.affinite.fr\/index.php\/wp-json\/wp\/v2\/media\/5013"}],"wp:attachment":[{"href":"http:\/\/www.affinite.fr\/index.php\/wp-json\/wp\/v2\/media?parent=5012"}],"wp:term":[{"taxonomy":"category","embeddable":true,"href":"http:\/\/www.affinite.fr\/index.php\/wp-json\/wp\/v2\/categories?post=5012"},{"taxonomy":"post_tag","embeddable":true,"href":"http:\/\/www.affinite.fr\/index.php\/wp-json\/wp\/v2\/tags?post=5012"}],"curies":[{"name":"wp","href":"https:\/\/api.w.org\/{rel}","templated":true}]}}