{"id":5001,"date":"2020-07-21T15:58:54","date_gmt":"2020-07-21T15:58:54","guid":{"rendered":"https:\/\/www.affinite.fr\/index.php\/2020\/07\/21\/nombre-courbe-carte-des-departements\/"},"modified":"2020-07-21T15:58:54","modified_gmt":"2020-07-21T15:58:54","slug":"nombre-courbe-carte-des-departements","status":"publish","type":"post","link":"http:\/\/www.affinite.fr\/index.php\/2020\/07\/21\/nombre-courbe-carte-des-departements\/","title":{"rendered":"nombre, courbe, carte des d\u00e9partements"},"content":{"rendered":"<p> [ad_1]<br \/>\n<\/p>\n<p>\n                La circulation du coronavirus repart \u00e0 la hausse en France. Nombre d&rsquo;hospitalisations, aux Urgences, en r\u00e9animation, courbe, carte des d\u00e9partements&#8230; Point de situation en chiffres de la pand\u00e9mie de coronavirus dans les h\u00f4pitaux fran\u00e7ais.            <\/p>\n<div>\n<aside class=\"ccmsummary marqueur_module ccmcss_cms_summary ccmcss_cms_summary--right\">\n<p>Sommaire<\/p>\n<\/aside>\n<p><strong>[Mis\u00a0\u00e0 jour le mardi 21 juillet\u00a02020\u00a0\u00e0 17h43] <\/strong>L&rsquo;\u00e9pid\u00e9mie de <strong>coronavirus <\/strong>fr\u00e9mit en France.<strong>\u00a0<\/strong>Dans un <a href=\"https:\/\/solidarites-sante.gouv.fr\/actualites\/presse\/communiques-de-presse\/article\/point-de-situation-communique-de-presse-du-20-juillet-2020\" target=\"_blank\" rel=\"noopener noreferrer\">communiqu\u00e9<\/a> du 20 juillet, le minist\u00e8re de la Sant\u00e9 indique que la circulation du virus est en augmentation sur le territoire national.<em> \u00ab\u00a0Celle-ci se traduit par une hausse du nombre de recours \u00e0 SOS m\u00e9decins, des passages aux urgences, du nombre de clusters et des hospitalisations.\u00a0\u00bb<\/em>\u00a0<\/p>\n<p>Fi\u00e8vre, toux s\u00e8che, fatigue, courbatures, rhume, perte de l&rsquo;odorat\u2026 Si vous pensez avoir les <a href=\"https:\/\/sante.journaldesfemmes.fr\/maladies\/2619933-maladie-covid-19-que-veut-dire-mutation-delai-incubation-personne-a-risque-transmission-virus-sars-cov-2\/\" target=\"_blank\" rel=\"noopener noreferrer\">premiers sympt\u00f4mes d&rsquo;une infection par le coronavirus<\/a>,<strong> il ne faut pas vous rendre imm\u00e9diatement aux urgences,<\/strong> mais <strong>d&rsquo;abord appeler votre m\u00e9decin traitant ou un m\u00e9decin par t\u00e9l\u00e9consultation<\/strong>. Il faut appeler le 15\u00a0seulement si vous avez des difficult\u00e9s respiratoires, ou que votre \u00e9tat se d\u00e9t\u00e9riore brutalement. Le m\u00e9decin du Samu pourra\u00a0vous orienter vers un service d&rsquo;Urgence s&rsquo;il le juge n\u00e9cessaire. Certains patients peuvent \u00eatre amen\u00e9s directement par le Samu en service de r\u00e9animation. Si le m\u00e9decin traitant a un doute sur vos sympt\u00f4mes, il vous prescrira un <a href=\"https:\/\/sante.journaldesfemmes.fr\/fiches-maladies\/2623965-coronavirus-test-france-pharmacie-serologique-nez-pcr-prix-trod-prise-de-sang-ordonnance\/\" target=\"_blank\" rel=\"noopener noreferrer\">test de d\u00e9pistage du Covid-19<\/a> \u00e0 r\u00e9aliser dans la foul\u00e9e (<a href=\"http:\/\/Nombre%20quotidien%20de%20nouvelles%20admissions%20en%20r%C3%A9animation%20pour%20covid-19\" target=\"_blank\" rel=\"noopener noreferrer\">liste des centres de d\u00e9pistages en France<\/a>).\u00a0<\/p>\n<p>Depuis le d\u00e9but de la surveillance le 24\u00a0f\u00e9vrier 2020, <strong>173\u00a0020\u00a0passages aux urgences <\/strong>pour suspicion de COVID-19\u00a0ont \u00e9t\u00e9 enregistr\u00e9s,\u00a0rapporte <a href=\"https:\/\/www.santepubliquefrance.fr\/maladies-et-traumatismes\/maladies-et-infections-respiratoires\/infection-a-coronavirus\/documents\/bulletin-national\/covid-19-point-epidemiologique-du-25-juin-2020\" target=\"_blank\" rel=\"noopener noreferrer\">Sant\u00e9 Publique France<\/a>.\u00a0Ces passages sont en l\u00e9g\u00e8re hausse de 9% en semaine 28\u00a0par rapport \u00e0 la semaine 27\u00a0avec une part d&rsquo;activit\u00e9 stable.\u00a0Chez les enfants de moins de 15\u00a0ans, le nombre de passage diminue (-11%) alors qu&rsquo;il est <strong>en hausse chez les adultes (<\/strong>+11%).<\/p>\n<p><strong>Les r\u00e9gions pr\u00e9sentant une forte hausse sont : <\/strong>Provence-Alpes-C\u00f4te d&rsquo;Azur, Nouvelle-Aquitaine, Bourgogne-Franche-Comt\u00e9, Centre-Val-de-Loire, Hauts-de-France et \u00cele-de-France. Dans le d\u00e9partement de la Mayenne, une forte hausse des passages en semaine 28\u00a0a \u00e9t\u00e9 observ\u00e9e.<\/p>\n<p><strong>Quelle prise en charge quand on arrive aux Urgences ?<\/strong> \u00ab\u00a0<em>Quand ils arrivent aux Urgences, ils sont pr\u00e9lev\u00e9s comme ils ont des sympt\u00f4mes \u00e9vocateurs du Covid-19\u00a0puis, selon leur \u00e9tat de sant\u00e9, ils sont soit mis dans un service pour \u00eatre surveill\u00e9s, par exemple en service infectieux ou de m\u00e9decine interne, soit, s&rsquo;ils ont besoin de r\u00e9animation, ils sont transf\u00e9r\u00e9s dans des unit\u00e9s Covid-19\u00a0d\u00e9di\u00e9es\u00a0\u00bb,\u00a0<\/em>explique une infirmi\u00e8re du service de R\u00e9animation de l&rsquo;h\u00f4pital Saint-Antoine \u00e0 Paris. Ces unit\u00e9s d&rsquo;abord install\u00e9es dans les services de r\u00e9animation des h\u00f4pitaux ont aussi \u00e9t\u00e9 d\u00e9ploy\u00e9es dans d&rsquo;autres services pour r\u00e9pondre \u00e0 l&rsquo;augmentation des cas de coronavirus en France. <em>\u00ab\u00a0En cas de forte suspicion, <strong>on les isole dans des chambres ferm\u00e9es<\/strong> et on applique les mesures de protection, jusqu&rsquo;\u00e0 recevoir les r\u00e9sultats de la d\u00e9tection CoV-19&Prime; <\/em>poursuit notre interlocutrice.<\/p>\n<h2 data-link=\"getSelectedFicIndicLabel()\">Taux de passages aux urgences pour suspicion de covid-19\u00a0&#8211; tous \u00e2ges &#8211; par semaine, jusqu&rsquo;\u00e0 la semaine 28 (6-12 juillet)<\/h2>\n<div style=\"text-align:center\">\n<figure class=\"image\" style=\"display:inline-block\"><a class=\"fancy\" href=\"https:\/\/img-3.journaldesfemmes.fr\/-TIc7KnqMeVuziOnFIyzd0kKBu0=\/1080x\/smart\/8acc3e7b7e8743beb09a06d6d8f3bd1a\/ccmcms-jdf\/17201425.jpg\"><img decoding=\"async\" alt=\"Taux de passages aux urgences pour suspicion de covid-19 - oscour\u00ae - tous \u00e2ges\" src=\"https:\/\/img-3.journaldesfemmes.fr\/MuAVFWC5QcmBuSunMWJQ_qRyHwg=\/600x\/smart\/8acc3e7b7e8743beb09a06d6d8f3bd1a\/ccmcms-jdf\/17201425.jpg\"\/><\/a><figcaption data-credit=\"G\u00e9odes-Sant\u00e9 Publique France\" data-legend=\"Taux de passages aux urgences pour suspicion de covid-19 - oscour\u00ae - tous \u00e2ges\">Taux de passages aux urgences pour suspicion de covid-19 &#8211; oscour\u00ae &#8211; tous \u00e2ges <small>\u00a9\u00a0G\u00e9odes-Sant\u00e9 Publique France<\/small><\/figcaption><\/figure>\n<\/div>\n<blockquote>\n<p style=\"text-align: right;\">\u00ab\u00a0Nous avons des gros malades qui arrivent en r\u00e9animation et il faut aussi les soigner\u00a0\u00bb<\/p>\n<\/blockquote>\n<p>L&rsquo;hospitalisation des patients Covid-19\u00a0en <a href=\"https:\/\/sante.journaldesfemmes.fr\/fiches-maladies\/2629343-reanimation-medicale-service-coronavirus-france-definition-soin-chance-survie-combien-de-temps\/\" target=\"_blank\" rel=\"noopener noreferrer\">service de r\u00e9animation<\/a> est r\u00e9serv\u00e9e aux <strong>cas les plus graves<\/strong>\u00a0: <em>\u00ab\u00a0On est oblig\u00e9 de les assister au niveau respiratoire car ils sont en <a href=\"https:\/\/sante.journaldesfemmes.fr\/fiches-maladies\/2626931-syndrome-de-detresse-respiratoire-aigue-sdra-symptomes-causes-traitement-position-ventre\/\" target=\"_blank\" rel=\"noopener noreferrer\">d\u00e9tresse respiratoire aigu\u00eb<\/a>\u00ab\u00a0<\/em> nous pr\u00e9cise l&rsquo;infirmi\u00e8re. Pour le personnel soignant, la gestion de la pand\u00e9mie pendant son pic de mars-avril relevait d&rsquo;une\u00a0situation in\u00e9dite. Comme le racontait notre interlocutrice\u00a0: <em>\u00ab\u00a0Nous sommes habitu\u00e9s \u00e0 travailler en flux tendu mais nous sommes inquiets des cons\u00e9quences sur notre travail avec des familles qui vont \u00eatre \u00e0 flux tendu aussi. De plus, nous avons des gros malades qui arrivent en r\u00e9animation, en dehors des patients Covid-19,\u00a0et il faut\u00a0aussi les soigner\u00a0\u00bb<\/em>.\u00a0<\/p>\n<div style=\"text-align:center\">\n<figure class=\"image\" style=\"display:inline-block\"><a class=\"fancy\" href=\"https:\/\/img-3.journaldesfemmes.fr\/YfFtBwngfFQJcSNePnJlBKmS0E8=\/1080x\/smart\/cf9f404bc1e94c689e6aafd3dceab0ff\/ccmcms-jdf\/17201248.jpg\"><img decoding=\"async\" alt=\"Nombre quotidien de nouvelles admissions en r\u00e9animation pour covid-19\" src=\"https:\/\/img-3.journaldesfemmes.fr\/YfFtBwngfFQJcSNePnJlBKmS0E8=\/1080x\/smart\/cf9f404bc1e94c689e6aafd3dceab0ff\/ccmcms-jdf\/17201248.jpg\"\/><\/a><figcaption data-credit=\"G\u00e9odes-Sant\u00e9 Publique France\" data-legend=\"Nombre quotidien de nouvelles admissions en r\u00e9animation pour covid-19\">Nombre quotidien de nouvelles admissions en r\u00e9animation pour covid-19 <small>\u00a9\u00a0G\u00e9odes-Sant\u00e9 Publique France<\/small><\/figcaption><\/figure>\n<\/div>\n<table align=\"right\" border=\"1\" cellpadding=\"1\" cellspacing=\"1\" style=\"width:50%;\">\n<tbody>\n<tr>\n<td>\n<p style=\"text-align: center;\"><strong>Le personnel soignant en r\u00e9animation prenant en charge des patients suspects\/infect\u00e9s par le COVID-19 porte les \u00e9l\u00e9ments de protection suivants\u00a0: <\/strong><\/p>\n<ul>\n<li><strong>port de <a href=\"https:\/\/sante.journaldesfemmes.fr\/fiches-maladies\/2609189-masque-coronavirus-obligatoire-amende-decret-age-lieux-entreprise-chirurgical-tissu-interdit-avion-achat-afnor\/\" target=\"_blank\" rel=\"noopener noreferrer\">masque FFP2<\/a>, <\/strong><\/li>\n<li><strong>protection de la tenue professionnelle dans l&rsquo;id\u00e9al par une sur-blouse manches longues, imperm\u00e9able,<\/strong><\/li>\n<li><strong>la friction hydro-alcoolique, <\/strong><\/li>\n<li><strong>une charlotte,<\/strong><\/li>\n<li><strong>port syst\u00e9matique de gants et de lunettes de protection (ou masque \u00e0 visi\u00e8re).<\/strong><\/li>\n<\/ul>\n<\/td>\n<\/tr>\n<\/tbody>\n<\/table>\n<p>Selon les donn\u00e9es de Sant\u00e9 Publique France,<em> <\/em>la dur\u00e9e m\u00e9diane de s\u00e9jour en r\u00e9animation est de<strong> 11 jours<\/strong> pour les patients Covid-19 mais<strong> peut aller \u00e0 20 jours,<\/strong> comme nous l&rsquo;expliquait le Dr G\u00e9rald Kierzek, m\u00e9decin urgentiste \u00e0 l&rsquo;H\u00f4tel-Dieu de Paris. La France dispose initialement de <strong>5000 lits de r\u00e9animation.<\/strong> Cette capacit\u00e9 est pass\u00e9e \u00e0 10 000 avec l&rsquo;\u00e9pid\u00e9mie de coronavirus.<\/p>\n<p>Le nombre journalier de nouvelles admissions de patients en r\u00e9animation est stable, indique Sant\u00e9 Publique France le 15 juillet.\u00a0Au 15\u00a0juillet 2020, 482\u00a0cas de COVID-19\u00a0sont toujours hospitalis\u00e9s en r\u00e9animation en France. Le nombre journalier de cas hospitalis\u00e9s en r\u00e9animation est toujours en diminution depuis le 8\u00a0avril et se maintient depuis le 9\u00a0juin en dessous de 1\u00a0000\u00a0patients. A part la Guyane,\u00a0le taux hebdomadaire d&rsquo;admissions en r\u00e9animation de patients COVID-19\u00a0est inf\u00e9rieur \u00e0 0,5\/100\u00a0000\u00a0habitants.<\/p>\n<p><iframe loading=\"lazy\" height=\"600\" src=\"https:\/\/geodes.santepubliquefrance.fr\/?view=map2&amp;indics=covid_hospit.rea&amp;serie=2020-04-28&amp;f1code=0&amp;lang=fr&amp;iframe=1\" width=\"600\"><\/iframe><\/p>\n<h2>Hospitalisation : nombre, courbe, carte par d\u00e9partements, prise en charge des patients<\/h2>\n<p>Depuis le 1\u00a0mars 2020, 1514 \u00e9tablissements de sant\u00e9 ont d\u00e9clar\u00e9 au moins un cas de coronavirus, <strong>105\u00a0750\u00a0patients ont \u00e9t\u00e9 hospitalis\u00e9s \u00e0 cause du Covid-19<\/strong>. Le 15 juillet, <strong>6 915\u00a0<\/strong>personnes sont encore hospitalis\u00e9es pour une infection COVID-19\u00a0selon Sant\u00e9 Publique France.\u00a0Dont 482 malades atteints d&rsquo;une forme s\u00e9v\u00e8re sont en r\u00e9animation. L&rsquo;\u00e2ge m\u00e9dian des patients est de 72\u00a0ans et 56% sont des hommes.\u00a0<\/p>\n<p><iframe loading=\"lazy\" height=\"600\" src=\"https:\/\/geodes.santepubliquefrance.fr\/?view=map2&amp;indics=covid_hospit.hosp&amp;serie=2020-04-28&amp;f1code=0&amp;lang=fr&amp;iframe=1\" width=\"600\"><\/iframe><\/p>\n<p>Le nombre de cas de Covid-19 hospitalis\u00e9s en France <strong>diminue mais se cumule<\/strong>\u00a0aux autres hospitalisations de patients hors Covid-19\u00a0<em>\u00ab\u00a0C&rsquo;est justement notre probl\u00e9matique. Parce qu&rsquo;il y a les autres malades, ceux qui n&rsquo;ont pas le coronavirus mais qui ont besoin d&rsquo;\u00eatre pris en charge\u00a0\u00bb\u00a0<\/em>rappelle l&rsquo;infirmi\u00e8re qui insiste sur le fait<em>\u00ab\u00a0qu&rsquo;il faut absolument limiter la circulation des gens pour limiter la circulation du virus\u00a0\u00bb<\/em>. Face \u00e0 l&rsquo;afflux de patients Covid-19 au mois de mars, les h\u00f4pitaux ont d\u00fb rapidement se r\u00e9organiser :\u00a0<em>\u00ab\u00a0Une unit\u00e9 palliative d\u00e9di\u00e9e au Covid-19\u00a0a \u00e9t\u00e9 ouverte en g\u00e9riatrie et les salles de r\u00e9veil ont \u00e9t\u00e9 transform\u00e9es en salle de r\u00e9animation\u00a0\u00bb<\/em>\u00a0rapporte notre interlocutrice.<\/p>\n<div style=\"text-align:center\">\n<figure class=\"image\" style=\"display:inline-block\"><a class=\"fancy\" href=\"https:\/\/img-3.journaldesfemmes.fr\/iNcNsAJMuaZFLmmvc5T6e9N5XHM=\/1080x\/smart\/bfa416f4a65746acb42484fb1b52e444\/ccmcms-jdf\/17201123.jpg\"><img decoding=\"async\" alt=\" Nombre journalier de cas de COVID-19 nouvellement hospitalis\u00e9s et nombre d\u2019\u00e9tablissements d\u00e9clarant, depuis le 19 mars et depuis le 1er juin 2020, donn\u00e9es au 15 juillet 2020\" src=\"https:\/\/img-3.journaldesfemmes.fr\/iNcNsAJMuaZFLmmvc5T6e9N5XHM=\/1080x\/smart\/bfa416f4a65746acb42484fb1b52e444\/ccmcms-jdf\/17201123.jpg\"\/><\/a><figcaption data-credit=\"Sant\u00e9 Publique France\" data-legend=\" Nombre journalier de cas de COVID-19 nouvellement hospitalis\u00e9s et nombre d\u2019\u00e9tablissements d\u00e9clarant, depuis le 19 mars et depuis le 1er juin 2020, donn\u00e9es au 15 juillet 2020\">Nombre journalier de cas de COVID-19 nouvellement hospitalis\u00e9s et nombre d\u2019\u00e9tablissements d\u00e9clarant, depuis le 19 mars et depuis le 1er juin 2020, donn\u00e9es au 15 juillet 2020 <small>\u00a9\u00a0Sant\u00e9 Publique France<\/small><\/figcaption><\/figure>\n<\/div>\n<p><em>\u00ab\u00a0Normalement, les patients positifs au Covid-19\u00a0n&rsquo;ont pas le droit aux visites\u00a0\u00bb <\/em>r\u00e9pond l&rsquo;infirmi\u00e8re. Mais pour les cas plus graves, les personnes en fin de vie, <em>\u00ab\u00a0il peut y avoir des exceptions\u00a0\u00bb<\/em>.<\/p>\n<p><strong>Pour tous les cas hospitalis\u00e9s (Covid-19\u00a0ou non)<\/strong>, les visites sont interdites aux mineurs et aux personnes pr\u00e9sentant des sympt\u00f4mes tels que toux, fi\u00e8vre et limit\u00e9es \u00e0 une personne par chambre.<\/p>\n<p><em>\u00ab\u00a0Quand un patient Covid-19\u00a0d\u00e9c\u00e8de en r\u00e9animation, on peut le garder deux heures maximum avant de le transf\u00e9rer \u00e0 la morgue de l&rsquo;h\u00f4pital. Si la famille peut venir dans les deux heures, on autorise une visite et on \u00e9quipe la personne\u00a0\u00bb <\/em>d\u00e9taille l&rsquo;infirmi\u00e8re.<\/p>\n<blockquote>\n<p style=\"text-align: right;\">\u00ab\u00a0Un membre de la famille peut venir dans les deux heures suivants le d\u00e9c\u00e8s\u00a0\u00bb<\/p>\n<\/blockquote>\n<p><strong>Lors de la visite\u00a0: <\/strong>les proches doivent respecter avec la plus grande attention les pr\u00e9cautions d&rsquo;hygi\u00e8ne indiqu\u00e9es par les soignants. Ils doivent<strong> s&rsquo;abstenir d&#8217;embrasser le corps de la personne d\u00e9c\u00e9d\u00e9e et \u00e9viter tout contact direct.<\/strong> Ils doivent se d\u00e9sinfecter soigneusement les mains par friction hydroalcoolique en quittant la chambre.<\/p>\n<ul>\n<li><strong>Les proches du patient d\u00e9c\u00e9d\u00e9 doivent prendre sans attendre les dispositions permettant la d\u00e9signation de l&rsquo;op\u00e9rateur fun\u00e9raire<\/strong> en charge des obs\u00e8ques, afin d&rsquo;\u00e9viter tout retard dans la mise en cercueil du corps. Ils doivent faire conna\u00eetre l&rsquo;op\u00e9rateur fun\u00e9raire qu&rsquo;ils d\u00e9signent \u00e0 l&rsquo;h\u00f4pital et en premier lieu \u00e0 l&rsquo;agent responsable de la chambre mortuaire.\u00a0<\/li>\n<li><strong>Dans la chambre mortuaire au moment de la lev\u00e9e du corps<\/strong>, la pr\u00e9sence est r\u00e9duite \u00e0 l&rsquo;entourage tr\u00e8s proche du d\u00e9funt, sans d\u00e9passer dix personnes. Les mesures barri\u00e8res g\u00e9n\u00e9rales doivent \u00eatre strictement respect\u00e9es, \u00e0 savoir notamment un espacement minimum d&rsquo;un m\u00e8tre entre chaque personne.<\/li>\n<li>Les <strong>toilettes rituelles ainsi que les actes de thanatopraxie<\/strong> (<a href=\"https:\/\/sante.journaldesfemmes.fr\/fiches-anatomie-et-examens\/2607965-soins-conservation-corps-thanatopraxie-definition-legislation-deroule-prix\/\" target=\"_blank\" rel=\"noopener noreferrer\">soins de conservation<\/a>) ne sont pas autoris\u00e9s sur le corps des personnes d\u00e9c\u00e9d\u00e9es du Covid-19.<\/li>\n<\/ul>\n<aside id=\"NL_968088315\" class=\"newsletter_subscription jNlBlock\"><noscript><br \/>\n            <\/noscript><\/p>\n<h3 class=\"newsletter_subscription-title\">Newsletter <\/h3>\n<p><a href=\"\/\/mailing.ccmbg.com\/archive\/last-85\" target=\"_blank\" class=\"a_hover\" rel=\"noopener noreferrer\">Voir un exemple<\/a><\/p>\n<\/aside>\n<p><em>Source\u00a0:\u00a0<a href=\"https:\/\/fr.calameo.com\/read\/0040218277c68831062a4\" target=\"_blank\" rel=\"noopener noreferrer\">Coronavirus -Covid 19 &#8211; Informations aux personnes venant de perdre un proche<\/a>, communiqu\u00e9 de la direction g\u00e9n\u00e9rale de l&rsquo;AP-HP, 24 mars 2020.<\/em><\/p>\n<\/p><\/div>\n<p>[ad_2]<br \/>\n<br \/><a href=\"https:\/\/sante.journaldesfemmes.fr\/fiches-maladies\/2627893-covid-19-coronavirus-hospitalisation-courbe-nombre-carte-journaliere-france-departements\/\">Source link <\/a><\/p>\n","protected":false},"excerpt":{"rendered":"<p>[ad_1] La circulation du coronavirus repart \u00e0 la hausse en France. Nombre d&rsquo;hospitalisations, aux Urgences, en r\u00e9animation, courbe, carte des &hellip; <a href=\"http:\/\/www.affinite.fr\/index.php\/2020\/07\/21\/nombre-courbe-carte-des-departements\/\" class=\"more-link\">Plus <span class=\"screen-reader-text\">nombre, courbe, carte des d\u00e9partements<\/span> <span class=\"meta-nav\">&rarr;<\/span><\/a><\/p>\n","protected":false},"author":1,"featured_media":5002,"comment_status":"open","ping_status":"open","sticky":false,"template":"","format":"standard","meta":{"_sitemap_exclude":false,"_sitemap_priority":"","_sitemap_frequency":"","footnotes":""},"categories":[1],"tags":[],"class_list":["post-5001","post","type-post","status-publish","format-standard","has-post-thumbnail","hentry","category-tous"],"_links":{"self":[{"href":"http:\/\/www.affinite.fr\/index.php\/wp-json\/wp\/v2\/posts\/5001"}],"collection":[{"href":"http:\/\/www.affinite.fr\/index.php\/wp-json\/wp\/v2\/posts"}],"about":[{"href":"http:\/\/www.affinite.fr\/index.php\/wp-json\/wp\/v2\/types\/post"}],"author":[{"embeddable":true,"href":"http:\/\/www.affinite.fr\/index.php\/wp-json\/wp\/v2\/users\/1"}],"replies":[{"embeddable":true,"href":"http:\/\/www.affinite.fr\/index.php\/wp-json\/wp\/v2\/comments?post=5001"}],"version-history":[{"count":0,"href":"http:\/\/www.affinite.fr\/index.php\/wp-json\/wp\/v2\/posts\/5001\/revisions"}],"wp:featuredmedia":[{"embeddable":true,"href":"http:\/\/www.affinite.fr\/index.php\/wp-json\/wp\/v2\/media\/5002"}],"wp:attachment":[{"href":"http:\/\/www.affinite.fr\/index.php\/wp-json\/wp\/v2\/media?parent=5001"}],"wp:term":[{"taxonomy":"category","embeddable":true,"href":"http:\/\/www.affinite.fr\/index.php\/wp-json\/wp\/v2\/categories?post=5001"},{"taxonomy":"post_tag","embeddable":true,"href":"http:\/\/www.affinite.fr\/index.php\/wp-json\/wp\/v2\/tags?post=5001"}],"curies":[{"name":"wp","href":"https:\/\/api.w.org\/{rel}","templated":true}]}}