{"id":4997,"date":"2020-07-21T00:55:23","date_gmt":"2020-07-21T00:55:23","guid":{"rendered":"https:\/\/www.affinite.fr\/index.php\/2020\/07\/21\/plus-belle-la-vie-du-mercredi-22-juillet-2020-resume-en-avance-de-lepisode-4068-spoilers-news-series-a-la-tv\/"},"modified":"2020-07-21T00:55:23","modified_gmt":"2020-07-21T00:55:23","slug":"plus-belle-la-vie-du-mercredi-22-juillet-2020-resume-en-avance-de-lepisode-4068-spoilers-news-series-a-la-tv","status":"publish","type":"post","link":"http:\/\/www.affinite.fr\/index.php\/2020\/07\/21\/plus-belle-la-vie-du-mercredi-22-juillet-2020-resume-en-avance-de-lepisode-4068-spoilers-news-series-a-la-tv\/","title":{"rendered":"Plus belle la vie du mercredi 22 juillet 2020 : r\u00e9sum\u00e9 en avance de l&rsquo;\u00e9pisode 4068 [SPOILERS] &#8211; News S\u00e9ries \u00e0 la TV"},"content":{"rendered":"<p> [ad_1]<br \/>\n<\/p>\n<div id=\"article-container\">\n<p class=\"article-lead\">Dans le prochain \u00e9pisode de \u00ab\u00a0Plus belle la vie\u00a0\u00bb&#8230; Alors qu\u2019Abdel prend la direction des op\u00e9rations pour aider Barbara, Coralie et les ados remuent les souvenirs du lyc\u00e9e. Pendant ce temps, Franck et Delphine esp\u00e8rent un <a href=\"http:\/\/www.affinite.fr\/index.php\/2024\/12\/08\/chere-maman-et-si-ce-noel-vous-offriez-a-votre-ado-un-avenir-%f0%9f%8e%84%e2%9c%a8\/\">avenir<\/a> commun.<\/p>\n<div id=\"article-content\">\n<figure class=\"article-figure article-main-figure\"><img loading=\"lazy\" decoding=\"async\" class=\"article-figure-img\" width=\"640\" height=\"360\" src=\"http:\/\/fr.web.img6.acsta.net\/r_640_360\/newsv7\/20\/07\/20\/14\/22\/2937492.jpg\"\/><figcaption class=\"article-figcaption-copy\">Capture d&rsquo;\u00e9cran\/FTV<\/figcaption><\/figure>\n<p><strong>Attention, les paragraphes qui suivent contiennent des spoilers sur l&rsquo;\u00e9pisode de<span>\u00a0<\/span><a title=\"Plus belle la vie (France) (Drame,Soap)\" href=\"http:\/\/www.allocine.fr\/series\/ficheserie_gen_cserie=322.html\">Plus Belle la vie<\/a><\/strong><strong>\u00a0diffus\u00e9 mercredi soir sur France 3 !<\/strong><\/p>\n<p>Abdel r\u00e9pare l\u2019erreur de Nathan<\/p>\n<p>Abdel aide Nathan \u00e0 r\u00e9parer son erreur. Ils effacent leurs traces et lib\u00e8rent Herv\u00e9 Merle, sans que ce dernier ne s\u2019aper\u00e7oive de rien. Abdel annonce ensuite \u00e0 Nathan que le restaurant des Merle recherche du personnel. Nathan demande alors \u00e0 Luna de s\u2019infiltrer en tant que serveuse pour les espionner\u2026<\/p>\n<p>Delphine part au Br\u00e9sil<\/p>\n<p>Delphine, qui s\u2019est fait pass\u00e9e pour une certaine Gabrielle, annonce \u00e0 Franck qu\u2019elle part pour le Br\u00e9sil pour une dur\u00e9e ind\u00e9termin\u00e9e. Pendant ce temps, Claire se r\u00e9concilie avec Rochat, puis refuse la proposition de Blanche qui veut l\u2019aider \u00e0 se d\u00e9barrasser de ses complexes.<\/p>\n<p>Coralie reste avec les ados<\/p>\n<p>Alors que Coralie envisage de rentrer chez elle, les ados insistent pour qu\u2019elle reste avec eux, dans leur location qu\u2019ils soup\u00e7onnent d\u2019\u00eatre hant\u00e9e. Par ailleurs, Coralie soutient Mila et lui organise un planning de r\u00e9visions pour le bac. De son c\u00f4t\u00e9, Antoine envisage de faire ses \u00e9tudes \u00e0 Paris.<\/p>\n<\/p><\/div>\n<\/p><\/div>\n<p>[ad_2]<br \/>\n<br \/><a href=\"http:\/\/rss.allocine.fr\/~r\/ac\/actualites\/~3\/Q0m0y8y5DDg\/fichearticle_gen_carticle=18691594.html\">Source link <\/a><\/p>\n","protected":false},"excerpt":{"rendered":"<p>[ad_1] Dans le prochain \u00e9pisode de \u00ab\u00a0Plus belle la vie\u00a0\u00bb&#8230; Alors qu\u2019Abdel prend la direction des op\u00e9rations pour aider Barbara, &hellip; <a href=\"http:\/\/www.affinite.fr\/index.php\/2020\/07\/21\/plus-belle-la-vie-du-mercredi-22-juillet-2020-resume-en-avance-de-lepisode-4068-spoilers-news-series-a-la-tv\/\" class=\"more-link\">Plus <span class=\"screen-reader-text\">Plus belle la vie du mercredi 22 juillet 2020 : r\u00e9sum\u00e9 en avance de l&rsquo;\u00e9pisode 4068 [SPOILERS] &#8211; News S\u00e9ries \u00e0 la TV<\/span> <span class=\"meta-nav\">&rarr;<\/span><\/a><\/p>\n","protected":false},"author":1,"featured_media":4998,"comment_status":"open","ping_status":"open","sticky":false,"template":"","format":"standard","meta":{"_sitemap_exclude":false,"_sitemap_priority":"","_sitemap_frequency":"","footnotes":""},"categories":[1],"tags":[],"class_list":["post-4997","post","type-post","status-publish","format-standard","has-post-thumbnail","hentry","category-tous"],"_links":{"self":[{"href":"http:\/\/www.affinite.fr\/index.php\/wp-json\/wp\/v2\/posts\/4997"}],"collection":[{"href":"http:\/\/www.affinite.fr\/index.php\/wp-json\/wp\/v2\/posts"}],"about":[{"href":"http:\/\/www.affinite.fr\/index.php\/wp-json\/wp\/v2\/types\/post"}],"author":[{"embeddable":true,"href":"http:\/\/www.affinite.fr\/index.php\/wp-json\/wp\/v2\/users\/1"}],"replies":[{"embeddable":true,"href":"http:\/\/www.affinite.fr\/index.php\/wp-json\/wp\/v2\/comments?post=4997"}],"version-history":[{"count":0,"href":"http:\/\/www.affinite.fr\/index.php\/wp-json\/wp\/v2\/posts\/4997\/revisions"}],"wp:featuredmedia":[{"embeddable":true,"href":"http:\/\/www.affinite.fr\/index.php\/wp-json\/wp\/v2\/media\/4998"}],"wp:attachment":[{"href":"http:\/\/www.affinite.fr\/index.php\/wp-json\/wp\/v2\/media?parent=4997"}],"wp:term":[{"taxonomy":"category","embeddable":true,"href":"http:\/\/www.affinite.fr\/index.php\/wp-json\/wp\/v2\/categories?post=4997"},{"taxonomy":"post_tag","embeddable":true,"href":"http:\/\/www.affinite.fr\/index.php\/wp-json\/wp\/v2\/tags?post=4997"}],"curies":[{"name":"wp","href":"https:\/\/api.w.org\/{rel}","templated":true}]}}