{"id":4993,"date":"2020-07-20T15:58:12","date_gmt":"2020-07-20T15:58:12","guid":{"rendered":"https:\/\/www.affinite.fr\/index.php\/2020\/07\/20\/une-jeune-femme-percutee-mortellement-par-une-voiture-et-trainee-sur-la-chaussee-a-lyon\/"},"modified":"2020-07-20T15:58:12","modified_gmt":"2020-07-20T15:58:12","slug":"une-jeune-femme-percutee-mortellement-par-une-voiture-et-trainee-sur-la-chaussee-a-lyon","status":"publish","type":"post","link":"http:\/\/www.affinite.fr\/index.php\/2020\/07\/20\/une-jeune-femme-percutee-mortellement-par-une-voiture-et-trainee-sur-la-chaussee-a-lyon\/","title":{"rendered":"Une jeune femme percut\u00e9e mortellement par une voiture et train\u00e9e sur la chauss\u00e9e, \u00e0 Lyon"},"content":{"rendered":"<p> [ad_1]<br \/>\n<br \/><img decoding=\"async\" src=\"https:\/\/img-3.journaldesfemmes.fr\/4tR-QyjqN14PsqwSWPXrjL1Gcd0=\/1280x\/smart\/a3e6b35ce9084dcd80eecdf8879d88a6\/ccmcms-jdf\/17185771.jpg\" \/><\/p>\n<p>\n                \u00c0 Lyon, une jeune femme de 23\u00a0ans a \u00e9t\u00e9 percut\u00e9e mortellement par le conducteur d&rsquo;un v\u00e9hicule qui a tra\u00een\u00e9 son corps sur 500\u00a0m\u00e8tres, avant de prendre la fuite. Trois suspects ont \u00e9t\u00e9 plac\u00e9s en garde \u00e0 vue.            <\/p>\n<div>\n<p>\u00c0 Lyon, une <strong>jeune femme de 23 ans<\/strong> a \u00e9t\u00e9 <strong>mortellement percut\u00e9e <\/strong>dans la nuit du 18 au 19 juillet,\u00a0dans la rue de l&rsquo;Antiquaille, dans le 5e arrondissement de la ville. Aux alentours de 3h45 du matin, la jeune femme <strong>promenait tranquillement son chien<\/strong>, jusqu&rsquo;\u00e0 ce que le conducteur d&rsquo;un <strong>v\u00e9hicule roule sur l&rsquo;animal<\/strong>, le blessant mortellement. Une altercation aurait ensuite \u00e9clat\u00e9 entre le conducteur de la voiture et ses deux passagers et la propri\u00e9taire du chien. Cette derni\u00e8re aurait souhait\u00e9 attendre l&rsquo;arriv\u00e9e de la police.\u00a0Le ton serait mont\u00e9, et selon <em>Lyon Mag<\/em>, le v\u00e9hicule aurait ensuite<strong> percut\u00e9 mortellement la jeune femme<\/strong>, dont le corps sans vie\u00a0aurait ensuite \u00e9t\u00e9 <strong>train\u00e9\u00a0sur 500 m\u00e8tres<\/strong>.<\/p>\n<h2>Trois suspects plac\u00e9s en garde \u00e0 vue<\/h2>\n<p>Les <strong>trois suspects<\/strong>, des hommes \u00e2g\u00e9s d&rsquo;une trentaine d&rsquo;ann\u00e9es, ont pris la suite apr\u00e8s le <strong>tragique incident<\/strong>.\u00a0Ils se sont rendus \u00e0 la police le 19 juillet, \u00ab\u00a0<em>deux heures apr\u00e8s les faits\u00a0\u00bb,\u00a0<\/em>et ont \u00e9t\u00e9 <strong>plac\u00e9s en garde \u00e0 vue<\/strong>.<\/p>\n<aside id=\"NL_869732127\" class=\"newsletter_subscription jNlBlock\"><noscript><br \/>\n            <\/noscript><\/p>\n<h3 class=\"newsletter_subscription-title\">Newsletter <\/h3>\n<p><a href=\"\/\/mailing.ccmbg.com\/archive\/last-85\" target=\"_blank\" class=\"a_hover\" rel=\"noopener noreferrer\">Voir un exemple<\/a><\/p>\n<\/aside>\n<p>\u00ab\u00a0<em>Les auditions de t\u00e9moins et les investigations de police technique et scientifique se poursuivent activement pour \u00e9tablir les <strong>circonstances exactes du d\u00e9c\u00e8s<\/strong> de cette jeune femme<\/em>\u00ab\u00a0, selon le parquet.\u00a0<\/p>\n<\/p><\/div>\n<p>[ad_2]<br \/>\n<br \/><a href=\"https:\/\/www.journaldesfemmes.fr\/societe\/actu\/2650595-femme-percutee-lyon-trainee-chaussee\/\">Source link <\/a><\/p>\n","protected":false},"excerpt":{"rendered":"<p>[ad_1] \u00c0 Lyon, une jeune femme de 23\u00a0ans a \u00e9t\u00e9 percut\u00e9e mortellement par le conducteur d&rsquo;un v\u00e9hicule qui a tra\u00een\u00e9 &hellip; <a href=\"http:\/\/www.affinite.fr\/index.php\/2020\/07\/20\/une-jeune-femme-percutee-mortellement-par-une-voiture-et-trainee-sur-la-chaussee-a-lyon\/\" class=\"more-link\">Plus <span class=\"screen-reader-text\">Une jeune femme percut\u00e9e mortellement par une voiture et train\u00e9e sur la chauss\u00e9e, \u00e0 Lyon<\/span> <span class=\"meta-nav\">&rarr;<\/span><\/a><\/p>\n","protected":false},"author":1,"featured_media":4994,"comment_status":"open","ping_status":"open","sticky":false,"template":"","format":"standard","meta":{"_sitemap_exclude":false,"_sitemap_priority":"","_sitemap_frequency":"","footnotes":""},"categories":[1],"tags":[],"class_list":["post-4993","post","type-post","status-publish","format-standard","has-post-thumbnail","hentry","category-tous"],"_links":{"self":[{"href":"http:\/\/www.affinite.fr\/index.php\/wp-json\/wp\/v2\/posts\/4993"}],"collection":[{"href":"http:\/\/www.affinite.fr\/index.php\/wp-json\/wp\/v2\/posts"}],"about":[{"href":"http:\/\/www.affinite.fr\/index.php\/wp-json\/wp\/v2\/types\/post"}],"author":[{"embeddable":true,"href":"http:\/\/www.affinite.fr\/index.php\/wp-json\/wp\/v2\/users\/1"}],"replies":[{"embeddable":true,"href":"http:\/\/www.affinite.fr\/index.php\/wp-json\/wp\/v2\/comments?post=4993"}],"version-history":[{"count":0,"href":"http:\/\/www.affinite.fr\/index.php\/wp-json\/wp\/v2\/posts\/4993\/revisions"}],"wp:featuredmedia":[{"embeddable":true,"href":"http:\/\/www.affinite.fr\/index.php\/wp-json\/wp\/v2\/media\/4994"}],"wp:attachment":[{"href":"http:\/\/www.affinite.fr\/index.php\/wp-json\/wp\/v2\/media?parent=4993"}],"wp:term":[{"taxonomy":"category","embeddable":true,"href":"http:\/\/www.affinite.fr\/index.php\/wp-json\/wp\/v2\/categories?post=4993"},{"taxonomy":"post_tag","embeddable":true,"href":"http:\/\/www.affinite.fr\/index.php\/wp-json\/wp\/v2\/tags?post=4993"}],"curies":[{"name":"wp","href":"https:\/\/api.w.org\/{rel}","templated":true}]}}