{"id":498,"date":"2020-03-11T07:03:25","date_gmt":"2020-03-11T07:03:25","guid":{"rendered":"https:\/\/www.affinite.fr\/index.php\/2020\/03\/11\/shym-je-voulais-etre-veterinaire\/"},"modified":"2020-03-11T07:03:25","modified_gmt":"2020-03-11T07:03:25","slug":"shym-je-voulais-etre-veterinaire","status":"publish","type":"post","link":"http:\/\/www.affinite.fr\/index.php\/2020\/03\/11\/shym-je-voulais-etre-veterinaire\/","title":{"rendered":"Shy&rsquo;m\u00a0: \u00ab\u00a0Je voulais \u00eatre v\u00e9t\u00e9rinaire\u00a0\u00bb"},"content":{"rendered":"<p> [ad_1]<br \/>\n<\/p>\n<p>\n                Dans \u00ab\u00a0Profilage\u00a0\u00bb, dont la nouvelle saison est diffus\u00e9e d\u00e8s le 12\u00a0mars sur TF1, Shy&rsquo;m se glisse dans les baskets de la myst\u00e9rieuse psycho-criminologue Elisa, au c\u00f4t\u00e9 de Philippe Bas. La chanteuse de 34\u00a0ans nous raconte l&rsquo;envers du d\u00e9cor&#8230;            <\/p>\n<div>\n<p><strong>Shy&rsquo;m<\/strong> a envie de nous surprendre\u2026 et elle y parvient\u00a0! La chanteuse de 34\u00a0ans campe une psycho-criminologue culott\u00e9e dans la s\u00e9rie \u00e0 succ\u00e8s de <em>TF1<\/em>, <strong><em>Profilage<\/em><\/strong>, et donne la r\u00e9plique \u00e0 Philippe Bas. L&rsquo;artiste touche-\u00e0-tout nous parle de sa premi\u00e8re exp\u00e9rience en tant qu&rsquo;actrice, de son enfance, ses projets de famille et sa capacit\u00e9 \u00e0 s\u00e9duire (ou pas).<\/p>\n<p><strong>Pourquoi avoir attendu si longtemps pour vous lancer dans la com\u00e9die\u00a0?<br \/>Shy&rsquo;m\u00a0: <\/strong>Le manque de temps, de courage et de confiance a retard\u00e9 l&rsquo;\u00e9ventualit\u00e9, mais lorsque j&rsquo;ai d\u00fb passer le casting pour \u00ab\u00a0Profilage\u00a0\u00bb, je me suis dit que c&rsquo;\u00e9tait le moment de se jeter \u00e0 l&rsquo;eau. Pour commencer cette aventure, j&rsquo;avais besoin que l&rsquo;on me choisisse pour moi et non pas parce que j&rsquo;\u00e9tais Shy&rsquo;m, la chanteuse. J&rsquo;ai eu beaucoup de peurs, d&rsquo;inqui\u00e9tudes, de doutes, puis, au fur et \u00e0 mesure du tournage, j&rsquo;ai pris ma place.\u00a0<\/p>\n<p><strong>Dans quelle mesure vous reconnaissez-vous dans le personnage d&rsquo;Elisa\u00a0?<br \/>Shy&rsquo;m\u00a0: <\/strong>Elisa est cam\u00e9l\u00e9on. J&rsquo;ai sorti un album qui s&rsquo;appelle\u2026 <em>Cam\u00e9l\u00e9on<\/em> ! C&rsquo;est cette capacit\u00e9 \u00e0 s&rsquo;adapter aux situations, analyser l&rsquo;entourage que nous partageons\u2026 Comme moi, elle est \u00ab\u00a0fun\u00a0\u00bb, gar\u00e7on manqu\u00e9. Elle est psycho-criminologue et moi, j&rsquo;adore regarder les \u00e9missions sur la criminalit\u00e9\u00a0! En m\u00eame temps, elle a toutes ces choses que je n&rsquo;ai pas\u00a0: son culot, son courage, cette insolence.\u00a0<\/p>\n<p><strong>Auriez-vous pu travailler dans la police\u00a0?<br \/>Shy&rsquo;m\u00a0: <\/strong>Plus jeune, je voulais \u00eatre v\u00e9t\u00e9rinaire, donc cela n&rsquo;avait rien \u00e0 voir (rires). Les \u00e9tudes, tr\u00e8s physiques et math\u00e9matiques, m&rsquo;en ont emp\u00each\u00e9e, parce que je n&rsquo;avais pas de dons dans ces domaines. J&rsquo;ai toujours voulu faire un m\u00e9tier \u00ab\u00a0diff\u00e9rent\u00a0\u00bb. Il me fallait de l&rsquo;action, de la discipline, j&rsquo;aurais pu \u00eatre pompier, polici\u00e8re, militaire\u2026<\/p>\n<p><strong>Elisa ne sait pas bien o\u00f9 est sa place, comme elle, vous est-il d\u00e9j\u00e0 arriv\u00e9 de perdre pied\u00a0?<br \/>Shy&rsquo;m\u00a0: <\/strong>Mon \u00e9ducation m&rsquo;a beaucoup aid\u00e9e \u00e0 garder les pieds sur terre. Ma\u00a0maman \u00e9tait \u00e0 la fois tr\u00e8s \u00ab\u00a0copine\u00a0\u00bb et tr\u00e8s stricte. Elle m&rsquo;imposait des r\u00e8gles. Je devais bien travailler \u00e0 l&rsquo;\u00e9cole, faire le m\u00e9nage \u00e0 la maison, rentrer \u00e0 23h et non pas \u00e0 23h01\u00a0! Elle m&rsquo;a \u00e9galement priv\u00e9e de certaines choses comme les sorties, l&rsquo;alcool\u2026<\/p>\n<blockquote>\n<p><em>\u00ab\u00a0Je me sens plus sexy en Doc Martens qu&rsquo;en talons\u00a0\u00bb<\/em><\/p>\n<\/blockquote>\n<p><strong>Ces restrictions ne vous ont-elles pas donn\u00e9 envie de vous rebeller\u00a0?<br \/>Shy&rsquo;m\u00a0:<\/strong> Non, car je me suis fix\u00e9e toutes ces limites non pas par peur des repr\u00e9sailles de ma m\u00e8re, mais parce que j&rsquo;avais envie de lui faire plaisir, d&rsquo;\u00eatre une enfant mod\u00e8le. J&rsquo;ai toujours eu cette peur de la d\u00e9cevoir\u2026 Ma m\u00e8re m&rsquo;a fait confiance tr\u00e8s t\u00f4t.\u00a0<\/p>\n<figure class=\"image\" style=\"float:left\"><a class=\"fancy\" href=\"https:\/\/img-3.journaldesfemmes.fr\/o_yjn3p4svu7Mi0Hp0A_xfFY2yo=\/1080x\/smart\/d25720e53fe4417885f6737e227bd9a4\/ccmcms-jdf\/14228403.jpg\"><img decoding=\"async\" alt=\"\" src=\"https:\/\/img-3.journaldesfemmes.fr\/76EtDR4d2319AOlP7ZNGgLf_deE=\/300x\/smart\/d25720e53fe4417885f6737e227bd9a4\/ccmcms-jdf\/14228403.jpg\"\/><\/a><figcaption data-credit=\"Christophe Charzat\" data-legend=\"Shy'm et Philippe Bas\">Shy&rsquo;m et Philippe Bas <small>\u00a9\u00a0Christophe Charzat<\/small><\/figcaption><\/figure>\n<p><strong>Vous avez tourn\u00e9 nue et peinturlur\u00e9e de sang dans l&rsquo;un des \u00e9pisodes\u2026 Comment avez-vous abord\u00e9 cette sc\u00e8ne\u00a0?<br \/>Shy&rsquo;m\u00a0:<\/strong> Lorsque j&rsquo;ai vu \u00e7a sur le papier, j&rsquo;ai eu un petit recul, puis j&rsquo;ai compris que la sc\u00e8ne avait un sens. J&rsquo;ai donc mis mon corps au service de l&rsquo;esth\u00e9tisme de la sc\u00e8ne, qui \u00e9tait belle, comme un tableau. Je suis tr\u00e8s pudique malgr\u00e9 ce que l&rsquo;on peut imaginer, donc j&rsquo;ai mis un cache-sexe et un cache-t\u00e9tons, mais au final, je me suis dit que cela ne servait \u00e0 rien parce qu&rsquo;on croit que tout est \u00e0 moi (rires). Mais il m&rsquo;a fallu ces petites choses pour me rassurer.\u00a0<\/p>\n<p><strong>\u00cates-vous \u00e0 l&rsquo;aise avec cette image sexy que vous renvoyez\u00a0?<br \/>Shy&rsquo;m\u00a0: <\/strong>Jouer cette sc\u00e8ne vachement sexy m&rsquo;a beaucoup d\u00e9stabilis\u00e9e, m\u00eame si j&rsquo;ai \u00e9t\u00e9 mille fois plus sensuelle dans <em>Danse Avec Les Stars<\/em> ou dans mes clips. C&rsquo;est \u00e9trange\u2026 (Elle r\u00e9fl\u00e9chit) Cette sc\u00e8ne se rapprochait le plus de ce que les gens connaissaient de moi, le public a l&rsquo;habitude de me percevoir en tant que s\u00e9ductrice\u2026 et c&rsquo;est justement ce qui m&rsquo;a mise mal \u00e0 l&rsquo;aise\u00a0! Je ne voulais pas que l&rsquo;on pense que je ne sais jouer que le r\u00f4le de la cruche sexy. Je conscientise tout, je me pose trop de questions\u00a0!\u00a0<\/p>\n<p><strong>Dans la vie de tous les jours, \u00eates-vous une s\u00e9ductrice\u00a0?<br \/>Shy&rsquo;m\u00a0: <\/strong>Pas du tout\u00a0! En amour, je ne fais jamais le premier pas. Quand je vais au restaurant avec mes copines, je suis le gar\u00e7on manqu\u00e9 de la bande. En mode \u00ab\u00a0tomboy\u00a0\u00bb, j&rsquo;attire moins l&rsquo;\u0153il et cela me va tr\u00e8s bien. Je me sens plus sexy en Doc Martens qu&rsquo;en talons\u00a0!\u00a0<\/p>\n<blockquote>\n<p><em>\u00ab\u00a0Je r\u00eave d&rsquo;avoir des enfants\u00a0\u00bb<\/em><\/p>\n<\/blockquote>\n<p><strong>Avez-vous des complexes\u00a0?<br \/>Shy&rsquo;m\u00a0: <\/strong>J&rsquo;en ai des tas&#8230; mais je n&rsquo;oserai jamais les d\u00e9voiler. Par exemple, j&rsquo;ai une cicatrice sur le front qui m&rsquo;a longtemps d\u00e9rang\u00e9e. Pendant des ann\u00e9es, je la cachais, notamment avec une frange. Le jour o\u00f9 l&rsquo;on m&rsquo;a propos\u00e9e de l&rsquo;enlever avec une chirurgie, j&rsquo;ai eu tellement la frousse que j&rsquo;ai refus\u00e9. Depuis, j&rsquo;ai appris \u00e0 vivre avec et maintenant je ne la vois plus.<\/p>\n<p><strong>Comment envisagez-vous la chirurgie esth\u00e9tique ?<br \/>Shy&rsquo;m\u00a0:<\/strong>\u00a0Je comprends tout \u00e0 fait que certaines femmes choisissent d&rsquo;avoir recours \u00e0 une reconstruction mammaire apr\u00e8s un allaitement, par exemple&#8230;\u00a0\u00c0 30\u00a0ans, c&rsquo;est facile de se dire qu&rsquo;on ne fera jamais d&rsquo;injection ou autre, mais plus tard, j&rsquo;aurais peut-\u00eatre envie de franchir le pas. Si je n&rsquo;ose pas passer sur le billard&#8230; ce sera pas peur de\u00a0l&rsquo;h\u00f4pital ! <em>(rires).<\/em><\/p>\n<p><strong>Dans le clip <em>\u00ab\u00a0Nous deux\u00a0\u00bb<\/em> du rappeur Lorenzo, vous \u00eates habill\u00e9e en mari\u00e9e&#8230;\u00a0La robe blanche et la bague vous font-elle\u00a0r\u00eaver\u00a0?<br \/>Shy&rsquo;m\u00a0: <\/strong>Absolument pas\u00a0! Je r\u00eave d&rsquo;avoir des enfants, c&rsquo;est un r\u00e9el engagement, une vraie \u00e9tape de vie, de femme\u2026 En revanche, le mariage n&rsquo;a jamais \u00e9t\u00e9 sur la liste de mes envies. Je ne connais pas la sensation d&rsquo;\u00eatre m\u00e8re, mais j&rsquo;ai des petits fr\u00e8res et une petite s\u0153ur, qui a 4\u00a0ans, donc j&rsquo;ai l&rsquo;habitude d&rsquo;avoir cette attitude maternelle et j&rsquo;esp\u00e8re que je ferai une bonne maman\u00a0!<\/p>\n<aside id=\"NL_389603662\" class=\"newsletter_subscription jNlBlock\"><noscript><br \/>\n            <\/noscript><\/p>\n<h3 class=\"newsletter_subscription-title\">Newsletter <\/h3>\n<p><a href=\"\/\/mailing.ccmbg.com\/archive\/last-85\" target=\"_blank\" class=\"a_hover\" rel=\"noopener noreferrer\">Voir un exemple<\/a><\/p>\n<\/aside>\n<p><em><strong>D\u00e9couvrez la nouvelle saison de la s\u00e9rie <\/strong><\/em><strong>Profilage <\/strong><em><strong>sur TF1, d\u00e8s le 12 mars \u00e0 21h05, avec Shy&rsquo;m et Philippe Bas\u00a0<\/strong><\/em><\/p>\n<\/p><\/div>\n<p>[ad_2]<br \/>\n<br \/><a href=\"https:\/\/www.journaldesfemmes.fr\/people\/rencontre\/2624765-shym-profilage-serie\/\">Source link <\/a><\/p>\n","protected":false},"excerpt":{"rendered":"<p>[ad_1] Dans \u00ab\u00a0Profilage\u00a0\u00bb, dont la nouvelle saison est diffus\u00e9e d\u00e8s le 12\u00a0mars sur TF1, Shy&rsquo;m se glisse dans les baskets &hellip; <a href=\"http:\/\/www.affinite.fr\/index.php\/2020\/03\/11\/shym-je-voulais-etre-veterinaire\/\" class=\"more-link\">Plus <span class=\"screen-reader-text\">Shy&rsquo;m\u00a0: \u00ab\u00a0Je voulais \u00eatre v\u00e9t\u00e9rinaire\u00a0\u00bb<\/span> <span class=\"meta-nav\">&rarr;<\/span><\/a><\/p>\n","protected":false},"author":1,"featured_media":499,"comment_status":"open","ping_status":"open","sticky":false,"template":"","format":"standard","meta":{"_sitemap_exclude":false,"_sitemap_priority":"","_sitemap_frequency":"","footnotes":""},"categories":[1],"tags":[],"class_list":["post-498","post","type-post","status-publish","format-standard","has-post-thumbnail","hentry","category-tous"],"_links":{"self":[{"href":"http:\/\/www.affinite.fr\/index.php\/wp-json\/wp\/v2\/posts\/498"}],"collection":[{"href":"http:\/\/www.affinite.fr\/index.php\/wp-json\/wp\/v2\/posts"}],"about":[{"href":"http:\/\/www.affinite.fr\/index.php\/wp-json\/wp\/v2\/types\/post"}],"author":[{"embeddable":true,"href":"http:\/\/www.affinite.fr\/index.php\/wp-json\/wp\/v2\/users\/1"}],"replies":[{"embeddable":true,"href":"http:\/\/www.affinite.fr\/index.php\/wp-json\/wp\/v2\/comments?post=498"}],"version-history":[{"count":0,"href":"http:\/\/www.affinite.fr\/index.php\/wp-json\/wp\/v2\/posts\/498\/revisions"}],"wp:featuredmedia":[{"embeddable":true,"href":"http:\/\/www.affinite.fr\/index.php\/wp-json\/wp\/v2\/media\/499"}],"wp:attachment":[{"href":"http:\/\/www.affinite.fr\/index.php\/wp-json\/wp\/v2\/media?parent=498"}],"wp:term":[{"taxonomy":"category","embeddable":true,"href":"http:\/\/www.affinite.fr\/index.php\/wp-json\/wp\/v2\/categories?post=498"},{"taxonomy":"post_tag","embeddable":true,"href":"http:\/\/www.affinite.fr\/index.php\/wp-json\/wp\/v2\/tags?post=498"}],"curies":[{"name":"wp","href":"https:\/\/api.w.org\/{rel}","templated":true}]}}