{"id":4973,"date":"2020-07-16T15:52:48","date_gmt":"2020-07-16T15:52:48","guid":{"rendered":"https:\/\/www.affinite.fr\/index.php\/2020\/07\/16\/mort-de-galyn-gorg-fame-le-prince-de-bel-air-le-jour-de-ses-56-ans\/"},"modified":"2020-07-16T15:52:48","modified_gmt":"2020-07-16T15:52:48","slug":"mort-de-galyn-gorg-fame-le-prince-de-bel-air-le-jour-de-ses-56-ans","status":"publish","type":"post","link":"http:\/\/www.affinite.fr\/index.php\/2020\/07\/16\/mort-de-galyn-gorg-fame-le-prince-de-bel-air-le-jour-de-ses-56-ans\/","title":{"rendered":"Mort de Galyn G\u00f6rg (FAME, Le Prince de Bel-Air) le jour de ses 56\u00a0ans"},"content":{"rendered":"<p> [ad_1]<br \/>\n<br \/><img decoding=\"async\" src=\"https:\/\/img-3.journaldesfemmes.fr\/O7vuOPAMToUHR7GHd9_nAX3vW1A=\/1280x\/smart\/92aece2ad75a4e8da8ff1ed6cacf14da\/ccmcms-jdf\/17105691.jpg\" \/><\/p>\n<p>\n                La danseuse et actrice Galyn G\u00f6rg est d\u00e9c\u00e9d\u00e9e des suites d&rsquo;un cancer g\u00e9n\u00e9ralis\u00e9. \u00c2g\u00e9e de 56\u00a0ans, elle \u00e9tait notamment connue pour son r\u00f4le d&rsquo;Helena dans la sitcom \u00ab\u00a0Le Prince de Bel-Air\u00a0\u00bb aux c\u00f4t\u00e9s de Will Smith&#8230;            <\/p>\n<div>\n<p>Son visage \u00e9tait familier aux\u00a0amateurs de s\u00e9ries t\u00e9l\u00e9vis\u00e9es. <strong>L&rsquo;actrice Galyn G\u00f6rg a succomb\u00e9\u00a0\u00a0le 15 juillet \u00e0 Los Angeles,\u00a0le jour de son 56e anniversaire, \u00e0 un cancer g\u00e9n\u00e9ralis\u00e9<\/strong>.<em>\u00ab\u00a0On lui a diagnostiqu\u00e9 un cancer dans tout son corps et dans ses poumons\u00a0\u00bb,<\/em> ont confi\u00e9 ses proches dans un communiqu\u00e9 relay\u00e9 par <em>The Sun.\u00a0<br \/>\u00ab\u00a0Les m\u00e9decins ont affirm\u00e9 qu&rsquo;elle n&rsquo;avait que quelques jours, peut-\u00eatre une semaine \u00e0 vivre. Nous sommes rest\u00e9s optimistes et avons pri\u00e9 pour un miracle, mais malheureusement elle est d\u00e9c\u00e9d\u00e9e. <strong>Nous ne savions pas \u00e0 quel point elle \u00e9tait malade,\u00a0le diagnostic a \u00e9t\u00e9 un v\u00e9ritable choc pour toute la famille<\/strong>\u00ab\u00a0,\u00a0<\/em>ont-ils ajout\u00e9.<\/p>\n<h2>Galyn G\u00f6rg : habitu\u00e9e des s\u00e9ries t\u00e9l\u00e9vis\u00e9es\u00a0<\/h2>\n<p><strong>N\u00e9e en 1964 \u00e0 Los Angeles<\/strong>,\u00a0Galyn G\u00f6rg passe son enfance \u00e0 Hawa\u00ef. De retour aux \u00c9tats-Unis, la jeune femme se prend de passion pour la <strong>danse<\/strong> et int\u00e8gre la Roland Dupree Dance Academy. Elle collabore avec les plus grands chor\u00e9graphes\u00a0tels que Debbie Allen, Michael Peters ou encore\u00a0Marguerite Derricks.<\/p>\n<p>C&rsquo;est en 1984, alors qu&rsquo;elle a tout juste 20 ans, que les t\u00e9l\u00e9spectateurs d\u00e9couvrent pour la premi\u00e8re fois le visage de\u00a0Galyn G\u00f6rg dans <strong>le feuilleton culte,\u00a0<em>Fame<\/em><\/strong>. D\u00e8s lors, elle encha\u00eene\u00a0les petits r\u00f4les dans de nombreux films et s\u00e9ries t\u00e9l\u00e9 :\u00a0<em>L&rsquo;Agence tous risques, Dance Academy,\u00a0<\/em><i>RoboCop 2,\u00a0<\/i><em>Point Break,<\/em>\u00a0<em>Twin Peaks<\/em>,\u00a0<em>Star Trek<\/em>,\u00a0<em>Lost <\/em>ou encore <em><strong>Le Prince de Bel-Air,\u00a0<\/strong><\/em><strong>o\u00f9 elle joue\u00a0le r\u00f4le d&rsquo;Helena aux c\u00f4t\u00e9s de Will Smith.<\/strong> Son personnage le plus c\u00e9l\u00e8bre est celui du lieutenant\u00a0Leora Maxwell dans <strong>la s\u00e9rie t\u00e9l\u00e9vis\u00e9e <em>MANTIS<\/em> <\/strong>de 1994,\u00a0adapt\u00e9e d&rsquo;un film du m\u00eame nom.\u00a0<\/p>\n<p>Effondr\u00e9e, la famille de la com\u00e9dienne compte rejoindre le plus rapidement possible l&rsquo;\u00eele d&rsquo;Oahu, situ\u00e9e dans l&rsquo;archipel d&rsquo;Hawa\u00ef, o\u00f9\u00a0Galyn G\u00f6rg \u00e9tait hospitalis\u00e9e.<\/p>\n<aside id=\"NL_1593732187\" class=\"newsletter_subscription jNlBlock\"><noscript><br \/>\n            <\/noscript><\/p>\n<h3 class=\"newsletter_subscription-title\">Newsletter <\/h3>\n<p><a href=\"\/\/mailing.ccmbg.com\/archive\/last-85\" target=\"_blank\" class=\"a_hover\" rel=\"noopener noreferrer\">Voir un exemple<\/a><\/p>\n<\/aside>\n<p>Face aux co\u00fbts colossaux des fun\u00e9railles, l&rsquo;entourage de l&rsquo;actrice a mis en place <strong>une cagnotte en ligne<\/strong>,\u00a0dans l&rsquo;espoir de pouvoir lui rendre un dernier hommage \u00e0 la hauteur de sa g\u00e9n\u00e9rosit\u00e9, son amour, sa gentillesse, son talent&#8230;\u00a0<\/p>\n<\/p><\/div>\n<p>[ad_2]<br \/>\n<br \/><a href=\"https:\/\/www.journaldesfemmes.fr\/people\/magazine\/2649677-mort-de-galyn-gorg-fame-le-prince-de-bel-air-le-jour-de-ses-56-ans\/\">Source link <\/a><\/p>\n","protected":false},"excerpt":{"rendered":"<p>[ad_1] La danseuse et actrice Galyn G\u00f6rg est d\u00e9c\u00e9d\u00e9e des suites d&rsquo;un cancer g\u00e9n\u00e9ralis\u00e9. \u00c2g\u00e9e de 56\u00a0ans, elle \u00e9tait notamment &hellip; <a href=\"http:\/\/www.affinite.fr\/index.php\/2020\/07\/16\/mort-de-galyn-gorg-fame-le-prince-de-bel-air-le-jour-de-ses-56-ans\/\" class=\"more-link\">Plus <span class=\"screen-reader-text\">Mort de Galyn G\u00f6rg (FAME, Le Prince de Bel-Air) le jour de ses 56\u00a0ans<\/span> <span class=\"meta-nav\">&rarr;<\/span><\/a><\/p>\n","protected":false},"author":1,"featured_media":4974,"comment_status":"open","ping_status":"open","sticky":false,"template":"","format":"standard","meta":{"_sitemap_exclude":false,"_sitemap_priority":"","_sitemap_frequency":"","footnotes":""},"categories":[1],"tags":[],"class_list":["post-4973","post","type-post","status-publish","format-standard","has-post-thumbnail","hentry","category-tous"],"_links":{"self":[{"href":"http:\/\/www.affinite.fr\/index.php\/wp-json\/wp\/v2\/posts\/4973"}],"collection":[{"href":"http:\/\/www.affinite.fr\/index.php\/wp-json\/wp\/v2\/posts"}],"about":[{"href":"http:\/\/www.affinite.fr\/index.php\/wp-json\/wp\/v2\/types\/post"}],"author":[{"embeddable":true,"href":"http:\/\/www.affinite.fr\/index.php\/wp-json\/wp\/v2\/users\/1"}],"replies":[{"embeddable":true,"href":"http:\/\/www.affinite.fr\/index.php\/wp-json\/wp\/v2\/comments?post=4973"}],"version-history":[{"count":0,"href":"http:\/\/www.affinite.fr\/index.php\/wp-json\/wp\/v2\/posts\/4973\/revisions"}],"wp:featuredmedia":[{"embeddable":true,"href":"http:\/\/www.affinite.fr\/index.php\/wp-json\/wp\/v2\/media\/4974"}],"wp:attachment":[{"href":"http:\/\/www.affinite.fr\/index.php\/wp-json\/wp\/v2\/media?parent=4973"}],"wp:term":[{"taxonomy":"category","embeddable":true,"href":"http:\/\/www.affinite.fr\/index.php\/wp-json\/wp\/v2\/categories?post=4973"},{"taxonomy":"post_tag","embeddable":true,"href":"http:\/\/www.affinite.fr\/index.php\/wp-json\/wp\/v2\/tags?post=4973"}],"curies":[{"name":"wp","href":"https:\/\/api.w.org\/{rel}","templated":true}]}}