{"id":4965,"date":"2020-07-15T15:52:06","date_gmt":"2020-07-15T15:52:06","guid":{"rendered":"https:\/\/www.affinite.fr\/index.php\/2020\/07\/15\/allocation-de-rentree-scolaire-une-revalorisation-de-100-euros\/"},"modified":"2020-07-15T15:52:06","modified_gmt":"2020-07-15T15:52:06","slug":"allocation-de-rentree-scolaire-une-revalorisation-de-100-euros","status":"publish","type":"post","link":"http:\/\/www.affinite.fr\/index.php\/2020\/07\/15\/allocation-de-rentree-scolaire-une-revalorisation-de-100-euros\/","title":{"rendered":"Allocation de rentr\u00e9e scolaire\u00a0: une revalorisation de 100\u00a0euros"},"content":{"rendered":"<p> [ad_1]<br \/>\n<br \/><img decoding=\"async\" src=\"https:\/\/img-3.journaldesfemmes.fr\/ny4xsSL4uVZ-7RKdSzxSav0AF-0=\/1280x\/smart\/c44af366faa549169e085ed60285fc8a\/ccmcms-jdf\/17088346.jpg\" \/><\/p>\n<p>\n                Jean Castex a annonc\u00e9 que l&rsquo;allocation de rentr\u00e9e scolaire serait revaloris\u00e9e \u00ab\u00a0de fa\u00e7on exceptionnelle d\u00e8s la rentr\u00e9e de septembre\u00a0\u00bb. Les parents pourront donc toucher 100\u00a0euros suppl\u00e9mentaires pour couvrir les frais des fournitures scolaires. Quels seront les montants\u00a0?            <\/p>\n<div>\n<aside class=\"ccmsummary marqueur_module ccmcss_cms_summary ccmcss_cms_summary--right\">\n<p>Sommaire<\/p>\n<\/aside>\n<p><strong>[Mise \u00e0 jour du 15 juillet \u00e0 17h19]<\/strong>. Lors de son discours de politique g\u00e9n\u00e9rale, Jean Castex a annonc\u00e9 que \u00ab\u00a0<strong><em>l&rsquo;allocation de <a href=\"https:\/\/www.journaldesfemmes.fr\/maman\/guide-des-parents\/2547720-rentree-scolaire-2020\/\" title=\"Rentr\u00e9e scolaire 2020\">rentr\u00e9e scolaire 2020<\/a> serait revaloris\u00e9e de fa\u00e7on exceptionnelle d\u00e8s la rentr\u00e9e de septembre\u00a0\u00bb. <\/em><\/strong>Vers\u00e9e chaque ann\u00e9e par la CAF aux alentours du 20 ao\u00fbt aux parents d&rsquo;\u00e9l\u00e8ves ayant des enfants scolaris\u00e9s et \u00e2g\u00e9s de 6 ans \u00e0 18 ans, cette aide permet de<strong>\u00a0<\/strong>mieux g\u00e9rer les\u00a0d\u00e9penses li\u00e9es \u00e0 l&rsquo;achat des <a href=\"https:\/\/www.journaldesfemmes.fr\/maman\/enfant\/1334843-liste-fournitures-scolaires-2020\/\" target=\"_blank\" rel=\"noopener noreferrer\">fournitures scolaires<\/a> et du <a href=\"https:\/\/www.journaldesfemmes.fr\/maman\/guides-d-achat-enfant\/2053665-meilleurs-cartables-notre-selection-pour-la-rentree\/?force=\" target=\"_blank\" rel=\"noopener noreferrer\">cartable<\/a>.\u00a0Cette ann\u00e9e, les parents devraient donc percevoir 100 euros suppl\u00e9mentaires, a pr\u00e9cis\u00e9 le gouvernement. \u00ab\u00a0La solidarit\u00e9 nationale doit continuer \u00e0 jouer \u00e0 plein, pour \u00e9viter une crise sociale majeure et des drames humains, individuels, d\u00e9sastreux\u00a0\u00bb a ajout\u00e9 le nouveau Premier ministre.\u00a0<strong>En 2020, le montant de l&rsquo;ARS <\/strong>devait \u00eatre<strong>\u00a0<\/strong>compris entre<strong>\u00a0369,95 euros\u00a0et\u00a0403,88 euros\u00a0selon l&rsquo;\u00e2ge des enfants,<\/strong> et pourrait donc atteindre entre\u00a0469 euros ou 503 euros.\u00a0<\/p>\n<p>Pour la <strong>rentr\u00e9e 2020, l&rsquo;allocation de rentr\u00e9e scolaire<\/strong> peut \u00eatre vers\u00e9e pour chaque enfant scolaris\u00e9 n\u00e9 entre le 16\u00a0septembre 2003\u00a0et le 31\u00a0d\u00e9cembre 2015\u00a0inclus, et pour chaque enfant n\u00e9 apr\u00e8s cette date et d\u00e9j\u00e0 inscrit en CP. Le<strong> montant de l&rsquo;ARS<\/strong>\u00a0est calcul\u00e9 en fonction de l&rsquo;\u00e2ge de l&rsquo;enfant :\u00a0de <strong>6\u00a0\u00e0 10\u00a0ans, il est actuellement\u00a0de 369,95 euros ;<\/strong>\u00a0<strong>entre 11\u00a0et 14\u00a0ans l&rsquo;ARS\u00a0est de 390,35 euros<\/strong> ; et entre <strong>15\u00a0et 18\u00a0ans, de 403,88 euros<\/strong>. Selon les derni\u00e8res annonces de Jean Castex, le montant de l&rsquo;allocation sera revaloris\u00e9 de 100 euros en septembre.<\/p>\n<table border=\"1\" cellpadding=\"1\" cellspacing=\"1\" style=\"width: 70%;\">\n<tbody>\n<tr>\n<td style=\"text-align: center;\"><strong>Age de l&rsquo;enfant<\/strong><\/td>\n<td style=\"text-align: center;\"><strong>Montant de l&rsquo;ARS<\/strong><\/td>\n<\/tr>\n<tr>\n<td style=\"text-align: center;\">6-10\u00a0ans<\/td>\n<td style=\"text-align: center;\">369,95 euros<\/td>\n<\/tr>\n<tr>\n<td style=\"text-align: center;\">11-14\u00a0ans\u00a0<\/td>\n<td style=\"text-align: center;\">390,35 euros<\/td>\n<\/tr>\n<tr>\n<td style=\"text-align: center;\">15-18\u00a0ans<\/td>\n<td style=\"text-align: center;\">403,88 euros<\/td>\n<\/tr>\n<tr>\n<td style=\"text-align: center;\"><strong>Revalorisation<\/strong><\/td>\n<td style=\"text-align: center;\">100 euros<\/td>\n<\/tr>\n<\/tbody>\n<\/table>\n<p>Rappelons que pour la <a href=\"https:\/\/www.journaldesfemmes.fr\/maman\/enfant\/1849367-rentree-scolaire-septembre-2020-circulaire-blanquer-emmanuel-macron\/\" target=\"_blank\" rel=\"noopener noreferrer\">rentr\u00e9e scolaire 2020<\/a>, l&rsquo;Ars peut \u00eatre vers\u00e9e pour chaque enfant scolaris\u00e9 n\u00e9 entre le 16\u00a0septembre 2002\u00a0et le 31\u00a0d\u00e9cembre 2014\u00a0inclus, et pour chaque enfant plus jeune qui serait d\u00e9j\u00e0 inscrit en CP.\u00a0<\/p>\n<p><strong>L&rsquo;allocation de rentr\u00e9e scolaire est vers\u00e9e chaque ann\u00e9e en ao\u00fbt.<\/strong>\u00a0L&rsquo;an dernier, l&rsquo;ARS\u00a0a \u00e9t\u00e9 vers\u00e9e le<strong>\u00a020 ao\u00fbt 2019\u00a0<\/strong>\u00ab\u00a0en m\u00e9tropole et dans les d\u00e9partements de la Guadeloupe, de la Guyane et de la Martinique, et plus en avance, le jeudi<strong> 1er ao\u00fbt\u00a02019<\/strong>\u00a0dans les d\u00e9partements de<strong> Mayotte et de la R\u00e9union<\/strong>.\u00a0<\/p>\n<p>20% des \u00e9l\u00e8ves ne sont pas <a href=\"https:\/\/www.journaldesfemmes.fr\/maman\/enfant\/2631377-64-des-parents-n-emmeneront-pas-leurs-enfants-a-l-ecole\/\" target=\"_blank\" rel=\"noopener noreferrer\">retourn\u00e9s en classe en juin<\/a> alors que la reprise des cours \u00e9tait \u00ab\u00a0obligatoire\u00a0\u00bb, et les parents se demandent s&rsquo;ils percevront tout de m\u00eame l&rsquo;ARS. La r\u00e9ponse est oui\u00a0! <strong>\u00ab\u00a0<\/strong><em><strong>L&rsquo;ARS ne sera pas supprim\u00e9e\u00a0pour les parents n&rsquo;ayant pas remis leur enfant \u00e0 l&rsquo;\u00e9cole<\/strong> durant la p\u00e9riode de d\u00e9confinement. Pour la rentr\u00e9e scolaire, il conviendra de respecter l&rsquo;obligation d&rsquo;instruction scolaire qui incombe aux parents d&rsquo;enfants \u00e2g\u00e9s de 3\u00a0\u00e0 16\u00a0ans, par une inscription dans un \u00e9tablissement ou via une instruction \u00e0 domicile<\/em>\u00ab\u00a0, a indique la Caisse d&rsquo;Allocations Familiales.\u00a0<\/p>\n<p><a href=\"https:\/\/www.journaldesfemmes.fr\/maman\/enfant\/1849367-rentree-scolaire-septembre-2020-circulaire-blanquer-emmanuel-macron\/\" target=\"_blank\" rel=\"noopener noreferrer\">L&rsquo;allocation de rentr\u00e9e scolaire<\/a> est vers\u00e9e aux parents\u00a0d&rsquo;enfants scolaris\u00e9s, <strong>\u00e2g\u00e9s\u00a0de 6\u00a0\u00e0 18\u00a0ans<\/strong> et pour chaque enfant plus jeune d\u00e9j\u00e0 inscrit en CP, dont les revenus ne d\u00e9passent pas un certain plafond. Par cons\u00e9quent, cette aide financi\u00e8re permet de <strong>couvrir les frais de scolarit\u00e9 de la rentr\u00e9e des classes<\/strong> de l&rsquo;\u00e9cole primaire au lyc\u00e9e.\u00a0Bonne nouvelle\u00a0! <strong>En 2020, le montant des ressources annuelles\u00a0augmente<\/strong>,\u00a0permettant ainsi \u00e0 davantage de familles d&rsquo;obtenir cette aide \u00e0 l&rsquo;occasion de la rentr\u00e9e des classes. Si vous n&rsquo;y aviez pas le droit l&rsquo;an dernier et que vos revenus n&rsquo;ont pas chang\u00e9, vous pourrez peut-\u00eatre<strong> percevoir l&rsquo;ARS<\/strong> en ao\u00fbt prochain. Ainsi, les plafonds\u00a0ne doivent pas atteindre plus de 25\u00a0093 euros pour un enfant \u00e0 charge\u00a0; 30\u00a0884\u00a0euros pour deux enfants\u00a0;\u00a036\u00a0675 euros pour trois enfants, puis,\u00a0pour chaque enfant suppl\u00e9mentaire, 5\u00a0791 euros sont \u00e0 ajouter au <strong>plafond de ressource.<\/strong><\/p>\n<table align=\"center\" border=\"1\" cellpadding=\"1\" cellspacing=\"1\" style=\"width: 80%;\">\n<tbody>\n<tr>\n<td style=\"text-align: center;\"><strong>Nombre d&rsquo;enfants \u00e0 charge<\/strong><\/td>\n<td style=\"text-align: center;\"><strong>Plafond<\/strong><\/td>\n<\/tr>\n<tr>\n<td style=\"text-align: center;\">1<\/td>\n<td style=\"text-align: center;\">25 093 euros<\/td>\n<\/tr>\n<tr>\n<td style=\"text-align: center;\">2<\/td>\n<td style=\"text-align: center;\">30 884 euros<\/td>\n<\/tr>\n<tr>\n<td style=\"text-align: center;\">3<\/td>\n<td style=\"text-align: center;\">36 675 euros<\/td>\n<\/tr>\n<tr>\n<td style=\"text-align: center;\">Par enfant en plus<\/td>\n<td style=\"text-align: center;\">5 791 euros<\/td>\n<\/tr>\n<\/tbody>\n<\/table>\n<p>Si vos ressources sont l\u00e9g\u00e8rement sup\u00e9rieures aux plafonds, vous pouvez tout de m\u00eame pr\u00e9tendre \u00e0 l&rsquo;Allocation de Rentr\u00e9e Scolaire, c&rsquo;est ce qu&rsquo;on appelle \u00ab\u00a0<strong>l\u00a0\u00bbARS diff\u00e9rentielle<\/strong>\u00ab\u00a0. Pour cela, vos ressources doivent \u00eatre inf\u00e9rieures au \u00ab\u00a0Plafond augment\u00e9\u00a0\u00bb, c&rsquo;est-\u00e0-dire, au montant du <u><strong>Plafond ARS + Montant de l&rsquo;ARS<\/strong><\/u>. <strong>Exemple\u00a0:<\/strong> vous avez deux enfants scolaris\u00e9s\u00a0(l&rsquo;un a 6\u00a0ans et l&rsquo;autre 15\u00a0ans) et vos revenus annuels sont de <strong>31 000\u00a0euros<\/strong>. Vos revenus sont donc au-dessus du\u00a0plafond de ressources de l&rsquo;ARS en 2020\u00a0pour deux enfants qui est de 30\u00a0884 euros. <strong>Calcul\u00a0:<\/strong>\u00a0si vous touchiez une ARS normal, celle-ci\u00a0correspondrait \u00e0\u00a0369,95 euros + 403,88\u00a0euros = <strong>773,83\u00a0euros<\/strong>. Votre plafond augment\u00e9 serait quant \u00e0 lui de\u00a0: 30\u00a0884 (plafond 2020) + 773,83 (votre ARS) = <strong>31 657,83\u00a0euros<\/strong>. Vos ressources annuelles (31 000 euros) sont bien inf\u00e9rieures au plafond augment\u00e9 (31 657,83 euros), vous \u00eates donc \u00e9ligible \u00e0 l&rsquo;ARS diff\u00e9rentielle. Combien allez-vous toucher\u00a0? L&rsquo;ARS diff\u00e9rentielle est la diff\u00e9rence entre votre plafond augment\u00e9 et vos ressources annuelles. Dans notre exemple pr\u00e9c\u00e9dent\u00a0: vous toucherez\u00a0: 31\u00a0657,83 &#8211; 31 000 = <strong>\u00a0657,83 euros<\/strong>.\u00a0<\/p>\n<p>Lorsque les parents se s\u00e9parent, et notamment en cas de <a href=\"https:\/\/www.journaldesfemmes.fr\/maman\/enfant\/1221847-garde-alternee-age-insee\/\" target=\"_blank\" rel=\"noopener noreferrer\">garde altern\u00e9e<\/a>, l<strong>&lsquo;allocation de rentr\u00e9e scolaire<\/strong> continue d&rsquo;\u00eatre vers\u00e9e.\u00a0N\u00e9anmoins, <strong>le montant n&rsquo;est pas partag\u00e9 entre les deux parents.\u00a0<\/strong>C&rsquo;est alors\u00a0celui qui en fait la demande le premier qui percevra cette aide financi\u00e8re. Il s&rsquo;agit en effet d&rsquo;un cas exceptionnel puisque les autres types d&rsquo;allocations familiales peuvent \u00eatre partag\u00e9es \u00e0 la demande des parents. Par cons\u00e9quent, celui qui per\u00e7oit cette aide est cens\u00e9 s&rsquo;occuper des d\u00e9penses li\u00e9es \u00e0 la scolarisation de l&rsquo;enfant.\u00a0Aux parents ensuite de s&rsquo;entendre sur les <strong>frais de rentr\u00e9e scolaire.\u00a0<\/strong>A noter qu&rsquo;en cas de placement de l&rsquo;enfant par un juge de l&rsquo;aide sociale \u00e0 l&rsquo;enfance, cette <strong>allocation de rentr\u00e9e scolaire<\/strong> est alors bloqu\u00e9e sur un compte \u00e9pargne, \u00e0 la Caisse des d\u00e9p\u00f4ts et consignations.\u00a0Lorsque l&rsquo;enfant aura atteint sa majorit\u00e9, il pourra ainsi faire une demande afin de r\u00e9cup\u00e9rer cette somme.\u00a0<\/p>\n<p>Les parents d&rsquo;enfants de 6\u00a0\u00e0 15\u00a0ans n&rsquo;ont aucune d\u00e9marche \u00e0 accomplir\u00a0: l&rsquo;allocation de rentr\u00e9e scolaire\u00a0est vers\u00e9e automatiquement aux familles d\u00e9j\u00e0 allocataires qui remplissent les conditions. Si votre enfant f\u00eate son 6e anniversaire apr\u00e8s le 31\u00a0d\u00e9cembre 2020 et qu&rsquo;il fait sa rentr\u00e9e en CP \u00e0 la rentr\u00e9e scolaire, vous devrez adresser un certificat de scolarit\u00e9 pour b\u00e9n\u00e9ficier de l&rsquo;ARS. Quant aux\u00a0parents d&rsquo;adolescents de 16\u00a0\u00e0 18\u00a0ans, ils n&rsquo;ont pas besoin de\u00a0fournir de justificatif de scolarit\u00e9 pour b\u00e9n\u00e9ficier de cette aide, une d\u00e9claration sur l&rsquo;honneur assurant que l&rsquo;enfant est bien scolaris\u00e9 suffit.<\/p>\n<ul>\n<li><strong>Pour votre premier enfant<\/strong>, vous devrez tout d&rsquo;abord <a href=\"https:\/\/www.caf.fr\/sites\/default\/files\/sidoc\/dgp_00000100.pdf\" target=\"_blank\" rel=\"noopener noreferrer\">remplir un dossier <\/a>afin de devenir allocataire. Une demande d&rsquo;ARS est t\u00e9l\u00e9chargeable sur le <a href=\"http:\/\/www.caf.fr\/\" target=\"_blank\" rel=\"noopener noreferrer\">site de la Caf<\/a> pour les familles n&rsquo;ayant pas encore de dossier.\u00a0Ensuite, le versement de l&rsquo;allocation de rentr\u00e9e scolaire se fera automatiquement par la Caf, jusqu&rsquo;au 15e anniversaire de votre enfant.<\/li>\n<li><strong>Si votre enfant est d\u00e9j\u00e0 entr\u00e9 en CP<\/strong>, mais qu&rsquo;il f\u00eate ses 6 ans en 2021, il suffit d&rsquo;envoyer \u00e0 votre Caf un certificat de scolarit\u00e9 \u00e0 r\u00e9cup\u00e9rer aupr\u00e8s de l&rsquo;\u00e9tablissement scolaire et de l&rsquo;envoyer ensuite \u00e0 la Caf.\u00a0<\/li>\n<li><strong>Pour les enfants \u00e2g\u00e9s de 16 \u00e0 18 ans <\/strong>(n\u00e9s entre le 16 septembre 2002\u00a0et le 31 d\u00e9cembre 2014\u00a0inclus), le justificatif de scolarit\u00e9 n&rsquo;est d\u00e9sormais plus obligatoire. Une\u00a0d\u00e9claration\u00a0sur le site de la Caf permet\u00a0de pr\u00e9ciser que votre enfant est toujours scolaris\u00e9, \u00e9tudiant ou en apprentissage pour la rentr\u00e9e. Cette d\u00e9marche en ligne vous permettra alors de continuer \u00e0 b\u00e9n\u00e9ficier de l&rsquo;ARS. Rappelons que depuis 2015, <strong>l&rsquo;allocation de rentr\u00e9e scolaire<\/strong> est \u00e9galement vers\u00e9e aux enfants handicap\u00e9s \u00e2g\u00e9s de 6 ans, mais scolaris\u00e9s en maternelle.<\/li>\n<\/ul>\n<aside id=\"NL_1111467750\" class=\"newsletter_subscription jNlBlock\"><noscript><br \/>\n            <\/noscript><\/p>\n<h3 class=\"newsletter_subscription-title\">Newsletter <\/h3>\n<p><a href=\"\/\/mailing.ccmbg.com\/archive\/last-85\" target=\"_blank\" class=\"a_hover\" rel=\"noopener noreferrer\">Voir un exemple<\/a><\/p>\n<\/aside>\n<p>Il est possible de <strong>calculer vos droits \u00e0 l&rsquo;allocation de rentr\u00e9e scolaire<\/strong> afin de savoir, en quelques clics, si vous pourrez b\u00e9n\u00e9ficier de l&rsquo;ARS.\u00a0Le<strong> simulateur <\/strong>prendra alors en compte vos ressources annuelles, le nombre d&rsquo;enfants \u00e0 charge, leur \u00e2ge\u00a0ainsi que leur scolarisation. Pour acc\u00e9der au simulateur, rendez-vous sur le site <a href=\"http:\/\/simulation.msa.fr\/pw1simars\/Enfant\/MonDebut.do?reqCode=execute\" target=\"_blank\" rel=\"noopener noreferrer\">simulation.msa.fr<\/a><\/p>\n<\/p><\/div>\n<p>[ad_2]<br \/>\n<br \/><a href=\"https:\/\/www.journaldesfemmes.fr\/maman\/guide-allocations-et-droits\/1336150-allocation-rentree-scolaire-revalorisation-100-euros-jean-castex\/\">Source link <\/a><\/p>\n","protected":false},"excerpt":{"rendered":"<p>[ad_1] Jean Castex a annonc\u00e9 que l&rsquo;allocation de rentr\u00e9e scolaire serait revaloris\u00e9e \u00ab\u00a0de fa\u00e7on exceptionnelle d\u00e8s la rentr\u00e9e de septembre\u00a0\u00bb. &hellip; <a href=\"http:\/\/www.affinite.fr\/index.php\/2020\/07\/15\/allocation-de-rentree-scolaire-une-revalorisation-de-100-euros\/\" class=\"more-link\">Plus <span class=\"screen-reader-text\">Allocation de rentr\u00e9e scolaire\u00a0: une revalorisation de 100\u00a0euros<\/span> <span class=\"meta-nav\">&rarr;<\/span><\/a><\/p>\n","protected":false},"author":1,"featured_media":4966,"comment_status":"open","ping_status":"open","sticky":false,"template":"","format":"standard","meta":{"_sitemap_exclude":false,"_sitemap_priority":"","_sitemap_frequency":"","footnotes":""},"categories":[1],"tags":[],"class_list":["post-4965","post","type-post","status-publish","format-standard","has-post-thumbnail","hentry","category-tous"],"_links":{"self":[{"href":"http:\/\/www.affinite.fr\/index.php\/wp-json\/wp\/v2\/posts\/4965"}],"collection":[{"href":"http:\/\/www.affinite.fr\/index.php\/wp-json\/wp\/v2\/posts"}],"about":[{"href":"http:\/\/www.affinite.fr\/index.php\/wp-json\/wp\/v2\/types\/post"}],"author":[{"embeddable":true,"href":"http:\/\/www.affinite.fr\/index.php\/wp-json\/wp\/v2\/users\/1"}],"replies":[{"embeddable":true,"href":"http:\/\/www.affinite.fr\/index.php\/wp-json\/wp\/v2\/comments?post=4965"}],"version-history":[{"count":0,"href":"http:\/\/www.affinite.fr\/index.php\/wp-json\/wp\/v2\/posts\/4965\/revisions"}],"wp:featuredmedia":[{"embeddable":true,"href":"http:\/\/www.affinite.fr\/index.php\/wp-json\/wp\/v2\/media\/4966"}],"wp:attachment":[{"href":"http:\/\/www.affinite.fr\/index.php\/wp-json\/wp\/v2\/media?parent=4965"}],"wp:term":[{"taxonomy":"category","embeddable":true,"href":"http:\/\/www.affinite.fr\/index.php\/wp-json\/wp\/v2\/categories?post=4965"},{"taxonomy":"post_tag","embeddable":true,"href":"http:\/\/www.affinite.fr\/index.php\/wp-json\/wp\/v2\/tags?post=4965"}],"curies":[{"name":"wp","href":"https:\/\/api.w.org\/{rel}","templated":true}]}}