{"id":4961,"date":"2020-07-14T15:47:58","date_gmt":"2020-07-14T15:47:58","guid":{"rendered":"https:\/\/www.affinite.fr\/index.php\/2020\/07\/14\/et-en-cas-de-nouvelle-vague\/"},"modified":"2020-07-14T15:47:58","modified_gmt":"2020-07-14T15:47:58","slug":"et-en-cas-de-nouvelle-vague","status":"publish","type":"post","link":"http:\/\/www.affinite.fr\/index.php\/2020\/07\/14\/et-en-cas-de-nouvelle-vague\/","title":{"rendered":"et en cas de nouvelle vague\u00a0?"},"content":{"rendered":"<p> [ad_1]<br \/>\n<br \/><img decoding=\"async\" src=\"https:\/\/img-3.journaldesfemmes.fr\/E8dPp89g6LqPT34pGnrvKlsrtfA=\/1280x\/smart\/b2833f26b1ce40d194a1014266aa5285\/ccmcms-jdf\/17064101.jpg\" \/><\/p>\n<p>\n                \u00ab\u00a0La rentr\u00e9e scolaire sera la plus normale possible et tous les \u00e9l\u00e8ves pourront \u00eatre accueillis d\u00e8s le 1er septembre, a r\u00e9affirm\u00e9 Emmanuel Macron ce 14\u00a0juillet. N\u00e9anmoins, \u00ab\u00a0s&rsquo;il y avait une acc\u00e9l\u00e9ration du virus en ao\u00fbt, on sera amen\u00e9 \u00e0 revoir cette rentr\u00e9e\u00a0\u00bb. Ce que contient la circulaire de rentr\u00e9e scolaire.            <\/p>\n<div>\n<aside class=\"ccmsummary marqueur_module ccmcss_cms_summary ccmcss_cms_summary--right\">\n<p>Sommaire<\/p>\n<\/aside>\n<p><strong>[Mise \u00e0 jour du 14 juillet \u00e0 14h29].<\/strong>\u00a0Lors d&rsquo;une interview t\u00e9l\u00e9vis\u00e9e ce mardi 14 juillet, <strong>Emmanuel Macron<\/strong> a r\u00e9affirm\u00e9 que la<strong> <a href=\"https:\/\/www.journaldesfemmes.fr\/maman\/guide-des-parents\/2547720-rentree-scolaire-2020\/\" title=\"Rentr\u00e9e\">rentr\u00e9e scolaire 2020<\/a> serait \u00ab\u00a0la plus normale possible\u00a0\u00bb<\/strong> et que<strong> tous les \u00e9l\u00e8ves pourraient \u00eatre accueillis d\u00e8s le 1er septembre.<\/strong> Les enseignants devront \u00eatre correctement prot\u00e9g\u00e9s, la rentr\u00e9e devra \u00eatre organis\u00e9e \u00ab\u00a0<em>avec la possibilit\u00e9 de s&rsquo;adapter si des pics revenaient\u00a0\u00bb<\/em>. Mais le Pr\u00e9sident de la R\u00e9publique se veut rassurant : \u00ab\u00a0<em>nous nous sommes mis en situation d&rsquo;avoir une rentr\u00e9e des classes quasi-normale\u00a0\u00bb,<\/em> et il faudra continuer \u00e0 vivre avec le virus en se prot\u00e9geant.<\/p>\n<p><strong>\u00ab\u00a0S&rsquo;il y avait une acc\u00e9l\u00e9ration durant le mois d&rsquo;ao\u00fbt, on sera amen\u00e9 \u00e0 revoir la rentr\u00e9e des classes\u00a0\u00bb<\/strong>, a pr\u00e9cis\u00e9 Emmanuel Macron. Mais ce n&rsquo;est \u00e9videmment pas l&rsquo;objectif.\u00a0\u00ab\u00a0Si nous faisons bien les choses, nous aurons une rentr\u00e9e des classes un peu diff\u00e9rente, et encore plus exigeante pour rattraper le retard des mois pass\u00e9s\u00a0\u00bb, a-t-il ajout\u00e9. Rappelons que le\u00a0<strong>protocole sanitaire <\/strong>\u00e9voqu\u00e9 dans la circulaire du\u00a010\u00a0juillet tient compte\u00a0des conditions sanitaires \u00e0 date. Mais le minist\u00e8re de l&rsquo;<a href=\"https:\/\/www.journaldesfemmes.fr\/maman\/guide-des-parents\/regles-d-education\/\" title=\"Education\">Education<\/a> nationale prend \u00e9videmment en compte une \u00e9ventuelle reprise de l&rsquo;\u00e9pid\u00e9mie et une n\u00e9cessaire adaptation des conditions d&rsquo;enseignement. <em>\u00ab\u00a0<strong>Dans l&rsquo;hypoth\u00e8se o\u00f9 la situation sanitaire exigerait des mesures plus strictes, du fait d&rsquo;une circulation active du virus sur tout ou partie du territoire national, un plan de continuit\u00e9 p\u00e9dagogique sera mis en place<\/strong> pour assurer l&rsquo;enseignement \u00e0 distance<\/em>\u00ab\u00a0, indique la circulaire. \u00ab\u00a0<em>Le minist\u00e8re a \u00e9labor\u00e9 un plan comprenant, outre le protocole sanitaire, le rappel des principales actions \u00e0 conduire, des conseils et bonnes pratiques sur l&rsquo;organisation du service et l&rsquo;\u00e9quipement num\u00e9rique, les modalit\u00e9s d&rsquo;activation des classes virtuelles du Cned et de Ma classe \u00e0 la maison, et une s\u00e9lection de ressources p\u00e9dagogiques num\u00e9riques \u00e0 disposition des professeurs et des familles<\/em>\u00a0\u00bb pr\u00e9cise \u00e9galement le document.\u00a0Un plan qui devrait \u00eatre accessible dans les prochains jours.\u00a0<\/p>\n<p>Le minist\u00e8re de l&rsquo;Education nationale a publi\u00e9 ce 10 juillet\u00a0une circulaire visant \u00e0 encadrer la<strong> rentr\u00e9e de septembre 2020.<\/strong> Concr\u00e8tement, cette\u00a0reprise se<strong>\u00a0d\u00e9roulera dans des conditions comparables \u00e0 celles en vigueur en fin d&rsquo;ann\u00e9e scolaire<\/strong>. Avec l&rsquo;appui du Haut conseil de la sant\u00e9 publique et du conseil de D\u00e9fense, le minist\u00e8re a mis en place un certain nombre de mesures destin\u00e9es \u00e0 assurer pour les \u00e9l\u00e8ves, les enseignants et le personnel administratif, une rentr\u00e9e en toute s\u00e9curit\u00e9. Comme c&rsquo;\u00e9tait d\u00e9j\u00e0 le cas depuis le 22 juin, <strong>la circulaire de rentr\u00e9e scolaire <\/strong>pr\u00e9cise que \u00ab\u00a0<strong><em>tous les \u00e9l\u00e8ves seront accueillis sur le temps scolaire<\/em><\/strong>\u00ab\u00a0. Il n&rsquo;y aura plus de dispositif distanciel et<strong> l&rsquo;\u00e9cole redevient donc obligatoire pour tous.<\/strong> Le respect des r\u00e8gles sanitaires devra \u00e9videmment \u00eatre de mise dans tous les \u00e9tablissements scolaires.\u00a0\u00a0\u00ab\u00a0<em><strong>Gestes barri\u00e8re, hygi\u00e8ne des mains, port du masque pour les adultes et les \u00e9l\u00e8ves de plus de 11\u00a0ans<\/strong> lorsque les r\u00e8gles de distanciation ne peuvent \u00eatre respect\u00e9es dans les espaces clos ainsi que dans les transports scolaires, <strong>nettoyage et a\u00e9ration des locaux<\/strong><\/em> \u00ab\u00a0, d\u00e9taille cette circulaire.<\/p>\n<p>Les \u00e9l\u00e8ves de primaire, du <a href=\"https:\/\/www.journaldesfemmes.fr\/maman\/enfant\/college\/\" title=\"Coll\u00e8ge\">coll\u00e8ge<\/a> ainsi que les lyc\u00e9ens seront soumis \u00e0<strong> des \u00e9valuations de d\u00e9but d&rsquo;ann\u00e9e, d\u00e8s le mois de septembre, <\/strong>comme ce fut le cas les ann\u00e9es pr\u00e9c\u00e9dentes <a href=\"https:\/\/www.journaldesfemmes.fr\/maman\/enfant\/2563928-evaluations-des-eleves-rentree-dates-cp-ce1-6e\/\" target=\"_blank\" rel=\"noopener noreferrer\">pour les classes de CP et de CE1<\/a>.\u00a0L&rsquo;objectif ?\u00a0Mieux rep\u00e9rer les \u00e9l\u00e8ves d\u00e9crocheurs afin de leur proposer un accompagnement adapt\u00e9. Apr\u00e8s plusieurs semaines d&rsquo;\u00e9cole \u00e0 distance, l&rsquo;objectif de ces \u00e9valuations sera plus que jamais d&rsquo;\u00e9valuer les besoins des \u00e9l\u00e8ves. <strong>\u00ab\u00a0<\/strong><em><strong>En sixi\u00e8me, on va avoir une \u00e9valuation particuli\u00e8rement robuste <\/strong>dans son contenu, notamment pour le fran\u00e7ais et les math\u00e9matiques, de fa\u00e7on \u00e0 d\u00e9clencher ensuite de l&rsquo;aide personnalis\u00e9e\u00a0\u00bb<\/em> a-t-il pr\u00e9cis\u00e9 sur France Inter.\u00a0<em>\u00ab\u00a0C&rsquo;est syst\u00e9matique, universel et obligatoire <strong>pour les classes de\u00a0CP, CE1, sixi\u00e8me et seconde<\/strong><\/em>\u00ab\u00a0, explique le ministre. Les \u00e9l\u00e8ves passeront donc ces \u00e9valuations \u00e0 partir du 14 septembre.<\/p>\n<p>Dans sa circulaire du 10 juillet, le minist\u00e8re pr\u00e9cise qu&rsquo;il consacrera\u00a0plus d&rsquo;1,5\u00a0million d&rsquo;heures suppl\u00e9mentaires et\u00a0l&rsquo;ensemble des professeurs rempla\u00e7ants non utilis\u00e9s \u00e0 ce moment-l\u00e0 pour accompagner les \u00e9l\u00e8ves entre septembre et d\u00e9cembre, en particulier ceux des classes charni\u00e8res\u00a0(CP, 6e et seconde). \u00ab\u00a0<em><strong>\u00c0 l&rsquo;\u00e9cole primaire, les heures d&rsquo;activit\u00e9s p\u00e9dagogiques compl\u00e9mentaires (APC) sont destin\u00e9es en priorit\u00e9 aux \u00e9l\u00e8ves qui ma\u00eetrisent le moins les comp\u00e9tences de l&rsquo;ann\u00e9e pr\u00e9c\u00e9dente.<\/strong> Il en va de m\u00eame au coll\u00e8ge avec l&rsquo;aide personnalis\u00e9e.<\/em>\u00a0\u00bb indique la circulaire.<strong>\u00a0Le dispositif \u00ab\u00a0Devoirs Faits\u00a0\u00bb <\/strong>sera renforc\u00e9 et accessible d\u00e8s la rentr\u00e9e de septembre \u00e0 raison de trois heures par semaine pour chaque \u00e9l\u00e8ve, 4\u00a0heures pour ceux de sixi\u00e8me sur la p\u00e9riode septembre-d\u00e9cembre.\u00a0<\/p>\n<p><strong>Les lyc\u00e9ens<\/strong> b\u00e9n\u00e9ficieront \u00e9galement d&rsquo;une attention toute particuli\u00e8re.\u00a0L&rsquo;effort d&rsquo;accompagnement est notamment port\u00e9 sur les \u00e9l\u00e8ves entrant en classe de <strong>2de et en 1re ann\u00e9e de CAP<\/strong>. Les \u00e9l\u00e8ves b\u00e9n\u00e9ficieront ainsi d&rsquo;un nombre d&rsquo;heures d&rsquo;accompagnement augment\u00e9, au moins jusqu&rsquo;au mois de d\u00e9cembre.\u00a0<strong>Pour les \u00e9l\u00e8ves des lyc\u00e9es professionnels,<\/strong> l&rsquo;enjeu va \u00eatre de leur permettre de renouer avec la pratique de leur sp\u00e9cialit\u00e9 dans un cadre professionnel. Ainsi, les\u00a0\u00e9l\u00e8ves de 1re et de terminale ainsi que\u00a0ceux de 2e ann\u00e9e de CAP pourront b\u00e9n\u00e9ficier de\u00a0p\u00e9riodes de <a href=\"http:\/\/www.affinite.fr\/index.php\/2022\/11\/09\/formation-de-glacier-apprenez-le-metier-de-glacier-et-changez-votre-vie\/\">formation<\/a> en milieu professionnel (PFMP) \u00e0 partir du 7\u00a0septembre. \u00ab\u00a0<em>Durant la semaine du 1er au 4\u00a0septembre, les \u00e9l\u00e8ves de 2de professionnelle et de 1re ann\u00e9e de CAP b\u00e9n\u00e9ficient d&rsquo;une p\u00e9riode d&rsquo;int\u00e9gration<\/em>\u00ab\u00a0, pr\u00e9cise le minist\u00e8re.\u00a0<\/p>\n<p>Depuis l&rsquo;\u00e9t\u00e9 2019, Jean-Michel Blanquer\u00a0a souhait\u00e9 engager la r\u00e9flexion et des travaux pour faire \u00e9voluer les fonctions et les conditions de travail des directeurs d&rsquo;\u00e9cole. Dans un communiqu\u00e9 du 2 juillet, le minist\u00e8re de l&rsquo;Education nationale a list\u00e9\u00a0les diff\u00e9rentes mesures qui entreront en vigueur \u00e0 la rentr\u00e9e prochaine en faveur des directeurs d&rsquo;\u00e9cole :<\/p>\n<ul>\n<li>Les outils \u00e0 disposition des directeurs seront am\u00e9lior\u00e9s afin de simplifier le service, limiter les sollicitations et permettre de gagner du temps<\/li>\n<li>Tout directeur d&rsquo;\u00e9cole b\u00e9n\u00e9ficiera de <strong>deux jours de formation par an<\/strong><\/li>\n<li>Les directeurs d\u00e9partementaux (DASEN) pourront accorder des d\u00e9charges ponctuelles compl\u00e9mentaires aux directeurs d&rsquo;\u00e9cole<\/li>\n<li>Les directeurs auront<strong> pleine autonomie<\/strong> dans la programmation et la mise en \u0153uvre des 108\u00a0heures d&rsquo;obligation de service<\/li>\n<li>Ils disposeront d\u00e9sormais d&rsquo;une visibilit\u00e9 sur le calendrier annuel des enqu\u00eates de terrain demand\u00e9es aux diff\u00e9rents \u00e9chelons. Par ailleurs ces enqu\u00eates seront rationalis\u00e9es et mieux coordonn\u00e9es.<\/li>\n<li>Dans l&rsquo;attente de travaux approfondis sur la r\u00e9mun\u00e9ration et l&rsquo;avancement, tous les directeurs d&rsquo;\u00e9coles toucheront, \u00e0 l&rsquo;automne prochain, <a href=\"https:\/\/www.journaldesfemmes.fr\/maman\/guide-allocations-et-droits\/2637153-prime-enseignant-covid\/\" target=\"_blank\" rel=\"noopener noreferrer\"><strong>une indemnit\u00e9 suppl\u00e9mentaire exceptionnelle<\/strong><\/a>.<\/li>\n<li>Par ailleurs,\u00a0d\u00e8s la rentr\u00e9e prochaine,<strong> 12\u00a0500\u00a0jeunes du service civique viendront en appui <\/strong>dans les \u00e9coles notamment pour aider dans la relation avec les familles.<\/li>\n<\/ul>\n<p>L&rsquo;ensemble de ces mesures, qui constitue une nouvelle \u00e9tape dans l&rsquo;am\u00e9lioration des conditions de travail des directeurs d&rsquo;\u00e9cole, sera pr\u00e9cis\u00e9 dans une circulaire discut\u00e9e \u00e0 partir du 6 juillet\u00a0avec les partenaires sociaux.<\/p>\n<p><strong>Quant aux \u00e9tudiants, ils se pourrait qu&rsquo;ils continuent \u00e0 \u00e9tudier \u00e0 distance \u00e0 l&rsquo;universit\u00e9<\/strong>. \u00ab\u00a0<em>Nous avons demand\u00e9 aux \u00e9tablissements de pr\u00e9voir que les cours magistraux puissent \u00eatre offerts \u00e0 distance. Ils sont en train de regarder si c&rsquo;est possible<\/em>\u00ab\u00a0, avait d\u00e9clar\u00e9 \u00a0la ministre de l&rsquo;Enseignement sup\u00e9rieur au <em>Parisien<\/em> le 8\u00a0mai. Mais Fr\u00e9d\u00e9rique Vidal a tenu \u00e0 pr\u00e9ciser que les interactions avec les enseignants restaient indispensables.<\/p>\n<aside id=\"NL_1979172681\" class=\"newsletter_subscription jNlBlock\"><noscript><br \/>\n            <\/noscript><\/p>\n<h3 class=\"newsletter_subscription-title\">Newsletter <\/h3>\n<p><a href=\"\/\/mailing.ccmbg.com\/archive\/last-85\" target=\"_blank\" class=\"a_hover\" rel=\"noopener noreferrer\">Voir un exemple<\/a><\/p>\n<\/aside>\n<p>Les \u00e9l\u00e8ves, de la maternelle au <a href=\"https:\/\/www.journaldesfemmes.fr\/maman\/enfant\/lycee\/\" title=\"Lyc\u00e9e\">lyc\u00e9e<\/a>, reprendront le chemin de l&rsquo;\u00e9cole le <strong>mardi 1er septembre 2020<\/strong>.<\/p>\n<\/p><\/div>\n<p>[ad_2]<br \/>\n<br \/><a href=\"https:\/\/www.journaldesfemmes.fr\/maman\/enfant\/1849367-rentree-scolaire-septembre-2020-circulaire-blanquer-emmanuel-macron\/\">Source link <\/a><\/p>\n","protected":false},"excerpt":{"rendered":"<p>[ad_1] \u00ab\u00a0La rentr\u00e9e scolaire sera la plus normale possible et tous les \u00e9l\u00e8ves pourront \u00eatre accueillis d\u00e8s le 1er septembre, &hellip; <a href=\"http:\/\/www.affinite.fr\/index.php\/2020\/07\/14\/et-en-cas-de-nouvelle-vague\/\" class=\"more-link\">Plus <span class=\"screen-reader-text\">et en cas de nouvelle vague\u00a0?<\/span> <span class=\"meta-nav\">&rarr;<\/span><\/a><\/p>\n","protected":false},"author":1,"featured_media":4962,"comment_status":"open","ping_status":"open","sticky":false,"template":"","format":"standard","meta":{"_sitemap_exclude":false,"_sitemap_priority":"","_sitemap_frequency":"","footnotes":""},"categories":[1],"tags":[],"class_list":["post-4961","post","type-post","status-publish","format-standard","has-post-thumbnail","hentry","category-tous"],"_links":{"self":[{"href":"http:\/\/www.affinite.fr\/index.php\/wp-json\/wp\/v2\/posts\/4961"}],"collection":[{"href":"http:\/\/www.affinite.fr\/index.php\/wp-json\/wp\/v2\/posts"}],"about":[{"href":"http:\/\/www.affinite.fr\/index.php\/wp-json\/wp\/v2\/types\/post"}],"author":[{"embeddable":true,"href":"http:\/\/www.affinite.fr\/index.php\/wp-json\/wp\/v2\/users\/1"}],"replies":[{"embeddable":true,"href":"http:\/\/www.affinite.fr\/index.php\/wp-json\/wp\/v2\/comments?post=4961"}],"version-history":[{"count":0,"href":"http:\/\/www.affinite.fr\/index.php\/wp-json\/wp\/v2\/posts\/4961\/revisions"}],"wp:featuredmedia":[{"embeddable":true,"href":"http:\/\/www.affinite.fr\/index.php\/wp-json\/wp\/v2\/media\/4962"}],"wp:attachment":[{"href":"http:\/\/www.affinite.fr\/index.php\/wp-json\/wp\/v2\/media?parent=4961"}],"wp:term":[{"taxonomy":"category","embeddable":true,"href":"http:\/\/www.affinite.fr\/index.php\/wp-json\/wp\/v2\/categories?post=4961"},{"taxonomy":"post_tag","embeddable":true,"href":"http:\/\/www.affinite.fr\/index.php\/wp-json\/wp\/v2\/tags?post=4961"}],"curies":[{"name":"wp","href":"https:\/\/api.w.org\/{rel}","templated":true}]}}