{"id":4959,"date":"2020-07-13T18:29:30","date_gmt":"2020-07-13T18:29:30","guid":{"rendered":"https:\/\/www.affinite.fr\/index.php\/2020\/07\/13\/tarte-crumble-framboises-et-myrtilles\/"},"modified":"2020-07-13T18:29:30","modified_gmt":"2020-07-13T18:29:30","slug":"tarte-crumble-framboises-et-myrtilles","status":"publish","type":"post","link":"http:\/\/www.affinite.fr\/index.php\/2020\/07\/13\/tarte-crumble-framboises-et-myrtilles\/","title":{"rendered":"Tarte crumble framboises et myrtilles"},"content":{"rendered":"<p> [ad_1]<br \/>\n<\/p>\n<div id=\"post-38579\">\n<div class=\"post-header-inner\">\n<div class=\"post-header-title\">\n<div class=\"post-meta single-post-meta\">\n\t\t\t\t<span class=\"time\"><time class=\"post-published updated\" datetime=\"2020-07-13T14:15:00+02:00\">Publi\u00e9 le <b>13 juillet 2020<\/b><\/time><\/span><br \/>\n\t\t\t<a href=\"https:\/\/www.chefnini.com\/tarte-crumble-framboises-et-myrtilles\/#respond\" title=\"Laisser un commentaire sur &quot;Tarte crumble framboises et myrtilles&quot;\" class=\"comments\"><i class=\"fa fa-comments-o\"\/> 0<\/a><\/div>\n<\/p><\/div>\n<\/p><\/div>\n<div class=\"entry-content clearfix single-post-content\">\n<p><img itemprop=\"image\" class=\"aligncenter size-full wp-image-38582\" data-src=\"https:\/\/static.chefnini.com\/wp-content\/uploads\/2020\/06\/tarte-crumble3.jpg\" alt=\"\" width=\"500\" height=\"750\" srcset=\"https:\/\/static.chefnini.com\/wp-content\/uploads\/2020\/06\/tarte-crumble3.jpg 500w, https:\/\/static.chefnini.com\/wp-content\/uploads\/2020\/06\/tarte-crumble3-200x300.jpg 200w\" sizes=\"(max-width: 500px) 100vw, 500px\"\/><\/p>\n<p itemprop=\"description\">J\u2019adore la tarte crumble. \u00c7a croustille au-dessus, \u00e7a croustille en-dessous. Et au milieu, c\u2019est plein de <a href=\"http:\/\/www.affinite.fr\/index.php\/2023\/07\/29\/valoriser-ses-invendus-une-demarche-ecologique-et-rentable-pour-les-marchands-de-fruits\/\">fruits<\/a>. Une recette id\u00e9ale en cette p\u00e9riode de l\u2019ann\u00e9e avec les diff\u00e9rents fruits rouges et baies noires \u00e0 notre disposition. Essayez aussi cette recette avec des abricots. ?<\/p>\n<p><img itemprop=\"image\" class=\"aligncenter size-full wp-image-38584\" data-src=\"https:\/\/static.chefnini.com\/wp-content\/uploads\/2020\/06\/tarte-crumble5.jpg\" alt=\"\" width=\"500\" height=\"750\" srcset=\"https:\/\/static.chefnini.com\/wp-content\/uploads\/2020\/06\/tarte-crumble5.jpg 500w, https:\/\/static.chefnini.com\/wp-content\/uploads\/2020\/06\/tarte-crumble5-200x300.jpg 200w\" sizes=\"(max-width: 500px) 100vw, 500px\"\/><\/p>\n<p><img itemprop=\"image\" class=\"aligncenter size-full wp-image-38588\" data-src=\"https:\/\/static.chefnini.com\/wp-content\/uploads\/2020\/06\/tarte-crumble2-1.jpg\" alt=\"\" width=\"730\" height=\"487\" srcset=\"https:\/\/static.chefnini.com\/wp-content\/uploads\/2020\/06\/tarte-crumble2-1.jpg 730w, https:\/\/static.chefnini.com\/wp-content\/uploads\/2020\/06\/tarte-crumble2-1-300x200.jpg 300w, https:\/\/static.chefnini.com\/wp-content\/uploads\/2020\/06\/tarte-crumble2-1-450x300.jpg 450w\" sizes=\"(max-width: 730px) 100vw, 730px\"\/><\/p>\n<p><img itemprop=\"image\" class=\"aligncenter size-full wp-image-38583\" data-src=\"https:\/\/static.chefnini.com\/wp-content\/uploads\/2020\/06\/tarte-crumble4.jpg\" alt=\"\" width=\"500\" height=\"750\" srcset=\"https:\/\/static.chefnini.com\/wp-content\/uploads\/2020\/06\/tarte-crumble4.jpg 500w, https:\/\/static.chefnini.com\/wp-content\/uploads\/2020\/06\/tarte-crumble4-200x300.jpg 200w\" sizes=\"(max-width: 500px) 100vw, 500px\"\/><\/p>\n<h3\/>\n<h3 itemprop=\"recipeYield\">Pour 4 personnes :<\/h3>\n<ul>\n<li itemprop=\"ingredients\">1 <a href=\"https:\/\/www.chefnini.com\/pate-sablee-aux-amandes\/\">p\u00e2te sabl\u00e9e<\/a><\/li>\n<li itemprop=\"ingredients\">400 g de framboise<\/li>\n<li itemprop=\"ingredients\">200 g de myrtilles<\/li>\n<li itemprop=\"ingredients\">2 cuill\u00e8res \u00e0 soupe de sucre cassonade<\/li>\n<li itemprop=\"ingredients\">2 cuill\u00e8res \u00e0 soupe d\u2019amande en poudre<\/li>\n<li itemprop=\"ingredients\">30 g de farine<\/li>\n<li itemprop=\"ingredients\">30 g de beurre<\/li>\n<li itemprop=\"ingredients\">30 g de sucre en poudre<\/li>\n<li itemprop=\"ingredients\">30 g d\u2019amandes concass\u00e9es<\/li>\n<li itemprop=\"ingredients\">1 jaune d\u2019oeuf<\/li>\n<\/ul>\n<h3\/>\n<div itemprop=\"recipeInstructions\">\n<p><img itemprop=\"image\" class=\"aligncenter size-full wp-image-38585\" data-src=\"https:\/\/static.chefnini.com\/wp-content\/uploads\/2020\/06\/tarte-crumble6.jpg\" alt=\"\" width=\"500\" height=\"750\" srcset=\"https:\/\/static.chefnini.com\/wp-content\/uploads\/2020\/06\/tarte-crumble6.jpg 500w, https:\/\/static.chefnini.com\/wp-content\/uploads\/2020\/06\/tarte-crumble6-200x300.jpg 200w\" sizes=\"(max-width: 500px) 100vw, 500px\"\/><\/p>\n<p>1- Sablez entre vos mains la farine, le beurre, le sucre en poudre et les amandes concass\u00e9es.<\/p>\n<p>2- Placez au frais.<\/p>\n<p>3- Foncez un moule \u00e0 tarte de 20 cm de diam\u00e8tre avec la p\u00e2te sabl\u00e9e. Conservez les chutes.<\/p>\n<p>4- Placez une feuille de papier sulfuris\u00e9 et ajoutez des poids de cuisson (ou des l\u00e9gumes secs).<\/p>\n<p>5- Faites pr\u00e9chauffer votre four \u00e0 180\u00b0C enfournez pour 15 minutes. Retirez les poids et poursuivez la cuisson 10 minutes.<\/p>\n<p>6- R\u00e9partissez la poudre d\u2019amande puis ajoutez les fruits et saupoudrez de sucre cassonade.<\/p>\n<p>7- Ajoutez le crumble \u00e9miett\u00e9.<\/p>\n<p>8- Si vous souhaitez r\u00e9aliser la m\u00eame d\u00e9coration que sur mes photos, \u00e9talez les chutes de p\u00e2te sabl\u00e9e et d\u00e9coupez une longue bande de 1 cm de large. Placez-la tout autour de la tarte, \u00e0 plat sur le rebord du moule.<\/p>\n<p><img itemprop=\"image\" class=\"aligncenter size-full wp-image-38587\" data-src=\"https:\/\/static.chefnini.com\/wp-content\/uploads\/2020\/06\/tarte-crumble.jpg\" alt=\"\" width=\"500\" height=\"500\" srcset=\"https:\/\/static.chefnini.com\/wp-content\/uploads\/2020\/06\/tarte-crumble.jpg 500w, https:\/\/static.chefnini.com\/wp-content\/uploads\/2020\/06\/tarte-crumble-300x300.jpg 300w, https:\/\/static.chefnini.com\/wp-content\/uploads\/2020\/06\/tarte-crumble-150x150.jpg 150w, https:\/\/static.chefnini.com\/wp-content\/uploads\/2020\/06\/tarte-crumble-100x100.jpg 100w\" sizes=\"(max-width: 500px) 100vw, 500px\"\/><\/p>\n<p>9- Dorez avec un jaune d\u2019\u0153uf.<\/p>\n<p>10- Faites pr\u00e9chauffer votre four \u00e0 180\u00b0C et enfournez pour 15 minutes.<\/p>\n<p><img itemprop=\"image\" class=\"aligncenter size-full wp-image-38586\" data-src=\"https:\/\/static.chefnini.com\/wp-content\/uploads\/2020\/06\/tarte-crumble7.jpg\" alt=\"\" width=\"500\" height=\"750\" srcset=\"https:\/\/static.chefnini.com\/wp-content\/uploads\/2020\/06\/tarte-crumble7.jpg 500w, https:\/\/static.chefnini.com\/wp-content\/uploads\/2020\/06\/tarte-crumble7-200x300.jpg 200w\" sizes=\"(max-width: 500px) 100vw, 500px\"\/><\/p>\n<\/div>\n<p> <!-- recipeInstructions --> \t\t\t\t\t\t\t\t\t<\/div>\n<\/p><\/div>\n<p>[ad_2]<br \/>\n<br \/><a href=\"https:\/\/www.chefnini.com\/tarte-crumble-framboises-et-myrtilles\/\">Source link <\/a><\/p>\n","protected":false},"excerpt":{"rendered":"<p>[ad_1] Publi\u00e9 le 13 juillet 2020 0 J\u2019adore la tarte crumble. \u00c7a croustille au-dessus, \u00e7a croustille en-dessous. Et au milieu, &hellip; <a href=\"http:\/\/www.affinite.fr\/index.php\/2020\/07\/13\/tarte-crumble-framboises-et-myrtilles\/\" class=\"more-link\">Plus <span class=\"screen-reader-text\">Tarte crumble framboises et myrtilles<\/span> <span class=\"meta-nav\">&rarr;<\/span><\/a><\/p>\n","protected":false},"author":1,"featured_media":4960,"comment_status":"open","ping_status":"open","sticky":false,"template":"","format":"standard","meta":{"_sitemap_exclude":false,"_sitemap_priority":"","_sitemap_frequency":"","footnotes":""},"categories":[1],"tags":[],"class_list":["post-4959","post","type-post","status-publish","format-standard","has-post-thumbnail","hentry","category-tous"],"_links":{"self":[{"href":"http:\/\/www.affinite.fr\/index.php\/wp-json\/wp\/v2\/posts\/4959"}],"collection":[{"href":"http:\/\/www.affinite.fr\/index.php\/wp-json\/wp\/v2\/posts"}],"about":[{"href":"http:\/\/www.affinite.fr\/index.php\/wp-json\/wp\/v2\/types\/post"}],"author":[{"embeddable":true,"href":"http:\/\/www.affinite.fr\/index.php\/wp-json\/wp\/v2\/users\/1"}],"replies":[{"embeddable":true,"href":"http:\/\/www.affinite.fr\/index.php\/wp-json\/wp\/v2\/comments?post=4959"}],"version-history":[{"count":0,"href":"http:\/\/www.affinite.fr\/index.php\/wp-json\/wp\/v2\/posts\/4959\/revisions"}],"wp:featuredmedia":[{"embeddable":true,"href":"http:\/\/www.affinite.fr\/index.php\/wp-json\/wp\/v2\/media\/4960"}],"wp:attachment":[{"href":"http:\/\/www.affinite.fr\/index.php\/wp-json\/wp\/v2\/media?parent=4959"}],"wp:term":[{"taxonomy":"category","embeddable":true,"href":"http:\/\/www.affinite.fr\/index.php\/wp-json\/wp\/v2\/categories?post=4959"},{"taxonomy":"post_tag","embeddable":true,"href":"http:\/\/www.affinite.fr\/index.php\/wp-json\/wp\/v2\/tags?post=4959"}],"curies":[{"name":"wp","href":"https:\/\/api.w.org\/{rel}","templated":true}]}}