{"id":4941,"date":"2020-07-10T15:43:57","date_gmt":"2020-07-10T15:43:57","guid":{"rendered":"https:\/\/www.affinite.fr\/index.php\/2020\/07\/10\/pourquoi-bebe-perd-il-ses-cheveux-a-la-naissance\/"},"modified":"2020-07-10T15:43:57","modified_gmt":"2020-07-10T15:43:57","slug":"pourquoi-bebe-perd-il-ses-cheveux-a-la-naissance","status":"publish","type":"post","link":"http:\/\/www.affinite.fr\/index.php\/2020\/07\/10\/pourquoi-bebe-perd-il-ses-cheveux-a-la-naissance\/","title":{"rendered":"Pourquoi b\u00e9b\u00e9 perd-il ses cheveux \u00e0 la naissance\u00a0?"},"content":{"rendered":"<p> [ad_1]<br \/>\n<br \/><img decoding=\"async\" src=\"https:\/\/img-3.journaldesfemmes.fr\/y49M5HqwAA31ybR8MA98mhLD_hM=\/1280x\/smart\/08c02489faeb482991bd2c3a20d0c7d0\/ccmcms-jdf\/16966445.jpg\" \/><\/p>\n<p>\n                Au fil des semaines suivant leur naissance, beaucoup de nouveau-n\u00e9s voient leur chevelure dispara\u00eetre. La p\u00e9diatre Edwige Antier nous explique ce ph\u00e9nom\u00e8ne.            <\/p>\n<div>\n<aside class=\"ccmsummary marqueur_module ccmcss_cms_summary ccmcss_cms_summary--right\">\n<p>Sommaire<\/p>\n<\/aside>\n<p>Votre b\u00e9b\u00e9 est n\u00e9 avec une toison incroyable et le voici proche de la coupe mulet, tant sa chevelure se pars\u00e8me au fil des semaines ? Rassurez-vous, c&rsquo;est normal.\u00a0Et passager comme nous l&rsquo;explique\u00a0le Dr.\u00a0Edwige Antier, p\u00e9diatre et auteure de plusieurs ouvrages dont\u00a0<em>\u00ab\u00a0Maman de tous les enfants du monde\u00a0\u00bb<\/em> (Ed. L&rsquo;Archipel).<\/p>\n<p>Appel\u00e9 <strong>effluvium t\u00e9log\u00e8ne<\/strong>, cette\u00a0chute des cheveux donne lieu \u00e0 une <strong>chevelure\u00a0clairsem\u00e9e<\/strong>.\u00a0La raison ? <em>\u00ab\u00a0Une <strong>phase de<br \/>croissance trop courte\u00a0\u00bb<\/strong><\/em><strong>\u00a0<\/strong> analyse le Dr. Antier. C&rsquo;est un <strong>ph\u00e9nom\u00e8ne hormonal<\/strong>, d\u00e9taille-t-elle : <em>\u00ab\u00a0le nouveau-n\u00e9 est immerg\u00e9 par <a href=\"https:\/\/www.journaldesfemmes.fr\/maman\/guide-grossesse\/2618675-hormones-de-grossesse-a-quoi-servent-elles\/\" target=\"_blank\" rel=\"noopener noreferrer\">les hormones de la m\u00e8re<\/a>, tels que l&rsquo;ocytocine, la prolactine, les \u0153strog\u00e8nes\u00a0et la progest\u00e9rone\u00a0\u00bb<\/em>. Autre cause possible : les cro\u00fbtes de lait. Appel\u00e9e \u00ab\u00a0dermite s\u00e9borrh\u00e9ique\u00a0\u00bb, elle est particuli\u00e8rement fr\u00e9quente chez les b\u00e9b\u00e9s \u00e2g\u00e9s de moins de huit mois. Or, lorsqu&rsquo;elles se d\u00e9collent, elles peuvent emporter avec elles de petites touffes de cheveux.\u00a0<\/p>\n<p>Si cette <strong>perte de cheveux<\/strong>\u00a0s&rsquo;av\u00e8re fr\u00e9quente, en revanche, elle n&rsquo;est\u00a0pas constante, rassure la p\u00e9diatre.\u00a0Ni m\u00eame soudaine : votre b\u00e9b\u00e9\u00a0ne devient pas chauve\u00a0du jour au lendemain.\u00a0Simplement, au fil des semaines, <strong>ses cheveux se font plus fins et plus rares<\/strong>.\u00a0Puis, \u00e0 la place, des cheveux nouveaux, plus \u00e9pais\u00a0vont rapidement pousser\u00a0lors de la<strong>\u00a0phase anag\u00e8ne (de croissance) <\/strong>plus longue. Il s&rsquo;agira\u00a0alors de ses <strong>cheveux d\u00e9finitifs. <\/strong>Ce qui explique qu&rsquo;il puisse avoir une coupe irr\u00e9guli\u00e8re, et notamment souvent une nuque longue alors que\u00a0le dessus du cr\u00e2ne est encore peu fourni.\u00a0G\u00e9n\u00e9ralement, c&rsquo;est autour de 2 ans que l&rsquo;enfant commence \u00e0 avoir une <a href=\"https:\/\/www.journaldesfemmes.fr\/maman\/bebe\/1563703-et-si-bebe-avait-besoin-d-une-coupe-de-cheveux\/\" target=\"_blank\" rel=\"noopener noreferrer\">belle chevelure parfaitement homog\u00e8ne<\/a>.\u00a0\u00a0<\/p>\n<p><strong>D\u00e8s les premiers jours et pendant les 3\u00a0premiers mois suivant sa naissance, <\/strong>votre b\u00e9b\u00e9 peut perdre ses cheveux pour des raisons hormonales.\u00a0Cependant, pr\u00e9vient le Dr Antier <em>\u00ab\u00a0il ne faut pas confondre cette chute des cheveux des premi\u00e8res semaines avec la tonsure qui survient les mois suivants, sur la <a href=\"https:\/\/www.journaldesfemmes.fr\/maman\/guide-bebe\/1562266-plagiocephalie-que-faire-si-mon-bebe-a-la-tete-plate\/\" target=\"_blank\" rel=\"noopener noreferrer\">partie de la t\u00eate toujours en appui<\/a>. Celle-ci sugg\u00e9rerait\u00a0qu&rsquo;il faut plus porter b\u00e9b\u00e9 pour qu&rsquo;il appuie moins en frottant la tonsure\u00a0\u00bb.<\/em>\u00a0Dans ce cas, cette alop\u00e9cie se remarque sur le c\u00f4t\u00e9 de la t\u00eate o\u00f9 il est le plus souvent allong\u00e9.<\/p>\n<p>Oui. N\u00e9anmoins, conc\u00e8de la p\u00e9diatre <em>\u00ab\u00a0chez les b\u00e9b\u00e9s chevelus, le remplacement d&rsquo;une toison abondante par des cheveux parfois moins fournis se voit plus que chez ceux qui, de toute fa\u00e7on, sont n\u00e9s plut\u00f4t glabres\u00a0\u00bb<\/em>.\u00a0<\/p>\n<aside id=\"NL_617783915\" class=\"newsletter_subscription jNlBlock\"><noscript><br \/>\n            <\/noscript><\/p>\n<h3 class=\"newsletter_subscription-title\">Newsletter <\/h3>\n<p><a href=\"\/\/mailing.ccmbg.com\/archive\/last-85\" target=\"_blank\" class=\"a_hover\" rel=\"noopener noreferrer\">Voir un exemple<\/a><\/p>\n<\/aside>\n<p>C&rsquo;est tout \u00e0 fait g\u00e9n\u00e9tique, <strong>le capital capillaire est sp\u00e9cifique \u00e0 chaque individu<\/strong>. Les b\u00e9b\u00e9s blonds n&rsquo;ont souvent qu&rsquo;un duvet, qui est progressivement remplac\u00e9 par des cheveux.<em> \u00ab\u00a0Ils peuvent para\u00eetre progressivement presque chauves pendant toute la premi\u00e8re ann\u00e9e, mais avoir une chevelure blonde magnifique en grandissant\u00a0!\u00a0\u00bb <\/em>rassure Edwige Antier.\u00a0<\/p>\n<\/p><\/div>\n<p>[ad_2]<br \/>\n<br \/><a href=\"https:\/\/www.journaldesfemmes.fr\/maman\/bebe\/2645497-pourquoi-bebe-perd-ses-cheveux\/\">Source link <\/a><\/p>\n","protected":false},"excerpt":{"rendered":"<p>[ad_1] Au fil des semaines suivant leur naissance, beaucoup de nouveau-n\u00e9s voient leur chevelure dispara\u00eetre. La p\u00e9diatre Edwige Antier nous &hellip; <a href=\"http:\/\/www.affinite.fr\/index.php\/2020\/07\/10\/pourquoi-bebe-perd-il-ses-cheveux-a-la-naissance\/\" class=\"more-link\">Plus <span class=\"screen-reader-text\">Pourquoi b\u00e9b\u00e9 perd-il ses cheveux \u00e0 la naissance\u00a0?<\/span> <span class=\"meta-nav\">&rarr;<\/span><\/a><\/p>\n","protected":false},"author":1,"featured_media":4942,"comment_status":"open","ping_status":"open","sticky":false,"template":"","format":"standard","meta":{"_sitemap_exclude":false,"_sitemap_priority":"","_sitemap_frequency":"","footnotes":""},"categories":[1],"tags":[],"class_list":["post-4941","post","type-post","status-publish","format-standard","has-post-thumbnail","hentry","category-tous"],"_links":{"self":[{"href":"http:\/\/www.affinite.fr\/index.php\/wp-json\/wp\/v2\/posts\/4941"}],"collection":[{"href":"http:\/\/www.affinite.fr\/index.php\/wp-json\/wp\/v2\/posts"}],"about":[{"href":"http:\/\/www.affinite.fr\/index.php\/wp-json\/wp\/v2\/types\/post"}],"author":[{"embeddable":true,"href":"http:\/\/www.affinite.fr\/index.php\/wp-json\/wp\/v2\/users\/1"}],"replies":[{"embeddable":true,"href":"http:\/\/www.affinite.fr\/index.php\/wp-json\/wp\/v2\/comments?post=4941"}],"version-history":[{"count":0,"href":"http:\/\/www.affinite.fr\/index.php\/wp-json\/wp\/v2\/posts\/4941\/revisions"}],"wp:featuredmedia":[{"embeddable":true,"href":"http:\/\/www.affinite.fr\/index.php\/wp-json\/wp\/v2\/media\/4942"}],"wp:attachment":[{"href":"http:\/\/www.affinite.fr\/index.php\/wp-json\/wp\/v2\/media?parent=4941"}],"wp:term":[{"taxonomy":"category","embeddable":true,"href":"http:\/\/www.affinite.fr\/index.php\/wp-json\/wp\/v2\/categories?post=4941"},{"taxonomy":"post_tag","embeddable":true,"href":"http:\/\/www.affinite.fr\/index.php\/wp-json\/wp\/v2\/tags?post=4941"}],"curies":[{"name":"wp","href":"https:\/\/api.w.org\/{rel}","templated":true}]}}