{"id":4935,"date":"2020-07-08T21:55:20","date_gmt":"2020-07-08T21:55:20","guid":{"rendered":"https:\/\/www.affinite.fr\/index.php\/2020\/07\/08\/apple-ouvre-son-programme-de-reparation-diphone-aux-magasins-independants-francais\/"},"modified":"2020-07-08T21:55:20","modified_gmt":"2020-07-08T21:55:20","slug":"apple-ouvre-son-programme-de-reparation-diphone-aux-magasins-independants-francais","status":"publish","type":"post","link":"http:\/\/www.affinite.fr\/index.php\/2020\/07\/08\/apple-ouvre-son-programme-de-reparation-diphone-aux-magasins-independants-francais\/","title":{"rendered":"Apple ouvre son programme de r\u00e9paration d&rsquo;iPhone aux magasins ind\u00e9pendants fran\u00e7ais"},"content":{"rendered":"<p> [ad_1]<br \/>\n<br \/><img decoding=\"async\" src=\"https:\/\/img.bfmtv.com\/i\/0\/0\/206c8\/be0f297c30c772b5c5a7b47eda1.jpg\" \/><\/p>\n<div itemprop=\"articleBody\">\n<p>Presqu&rsquo;un an apr\u00e8s le lancement de son programme d\u2019aide <a href=\"https:\/\/www.01net.com\/actualites\/apple-va-enfin-aider-les-reparateurs-independants-a-depanner-les-iphone-1757648.html\" target=\"_blank\" rel=\"noopener noreferrer\">aux r\u00e9parateurs ind\u00e9pendants aux Etats-Unis<\/a>, Apple l\u2019ouvre au Canada et \u00e0 l\u2019Europe, et plus pr\u00e9cis\u00e9ment \u00e0 la France.\u00a0<\/p>\n<p>Les magasins de r\u00e9paration de produits Apple pourront donc rejoindre ce programme de r\u00e9paration d\u2019iPhone hors garantie gratuitement. Ils peuvent postuler d\u00e8s maintenant et lancer leur recrutement au plus vite, pr\u00e9cise Apple.<\/p>\n<p>Le communiqu\u00e9 de presse du g\u00e9ant am\u00e9ricain indique que la <a href=\"http:\/\/www.affinite.fr\/index.php\/2022\/11\/09\/formation-de-glacier-apprenez-le-metier-de-glacier-et-changez-votre-vie\/\">formation<\/a> requise pour acc\u00e9der \u00e0 ce cercle de r\u00e9parateurs ind\u00e9pendants approuv\u00e9s est gratuite elle aussi. Elle se fait en ligne.<\/p>\n<aside class=\"bg-color-0 padding-inside-all-s bloc border-s\">\n<h4 class=\"box-txt-normal\">\n<p><strong>A d\u00e9couvrir aussi en vid\u00e9o<\/strong><\/p>\n<\/h4>\n<\/aside>\n<p>C\u2019est la premi\u00e8re condition \u00e0 remplir\u00a0pour int\u00e9grer ce programme, il faut que l\u2019enseigne d\u00e9sireuse de le rejoindre embauche au moins un technicien certifi\u00e9 par Apple. C\u2019est lui qui devra ensuite r\u00e9aliser les r\u00e9parations.<\/p>\n<p>Afin d\u2019\u00e9viter les mauvaises surprises, chaque produit a droit \u00e0 sa certification de r\u00e9paration et ces certificats sont mis \u00e0 jour tous les ans. La soci\u00e9t\u00e9 de Tim Cook maintient \u00e9galement d\u2019autres conditions, qui tiennent compte aussi bien du nom du magasin que de son accessibilit\u00e9. N\u2019imaginez pas ouvrir un atelier de r\u00e9paration dans votre salon\u2026<\/p>\n<p>En contrepartie, ces magasins pourront donc utiliser des pi\u00e8ces d\u00e9tach\u00e9es d\u2019origine pour r\u00e9parer les iPhone, ce qui \u00e9vitera les mauvaises surprises, comme la d\u00e9sactivation de certaines fonctions essentielles. Un point important pour l\u2019utilisation de l\u2019appareil au quotidien ou pour sa revente ult\u00e9rieure.<\/p>\n<p><strong>Source\u00a0:<\/strong>\u00a0<a href=\"https:\/\/www.apple.com\/newsroom\/2020\/07\/apple-expands-iphone-repair-services-to-hundreds-of-new-locations-across-the-us\/\" target=\"_blank\" rel=\"noopener noreferrer\">Apple<\/a><\/p>\n<\/p><\/div>\n<p><script>\n         !function(f,b,e,v,n,t,s){if(f.fbq)return;n=f.fbq=function()\n         {n.callMethod? n.callMethod.apply(n,arguments):n.queue.push(arguments)}\n         ;if(!f._fbq)f._fbq=n;\n             n.push=n;n.loaded=!0;n.version='2.0';n.queue=[];t=b.createElement(e);t.async=!0;\n             t.src=v;s=b.getElementsByTagName(e)[0];s.parentNode.insertBefore(t,s)}(window,\n                 document,'script','https:\/\/connect.facebook.net\/en_US\/fbevents.js');\n         fbq('init', '1065890633454496');\n         fbq('track', 'PageView');\n     <\/script><br \/>\n<br \/>[ad_2]<br \/>\n<br \/><a href=\"https:\/\/www.01net.com\/actualites\/apple-ouvre-son-programme-de-reparation-d-iphone-aux-magasins-independants-francais-1944949.html\">Source link <\/a><\/p>\n","protected":false},"excerpt":{"rendered":"<p>[ad_1] Presqu&rsquo;un an apr\u00e8s le lancement de son programme d\u2019aide aux r\u00e9parateurs ind\u00e9pendants aux Etats-Unis, Apple l\u2019ouvre au Canada et &hellip; <a href=\"http:\/\/www.affinite.fr\/index.php\/2020\/07\/08\/apple-ouvre-son-programme-de-reparation-diphone-aux-magasins-independants-francais\/\" class=\"more-link\">Plus <span class=\"screen-reader-text\">Apple ouvre son programme de r\u00e9paration d&rsquo;iPhone aux magasins ind\u00e9pendants fran\u00e7ais<\/span> <span class=\"meta-nav\">&rarr;<\/span><\/a><\/p>\n","protected":false},"author":1,"featured_media":4936,"comment_status":"open","ping_status":"open","sticky":false,"template":"","format":"standard","meta":{"_sitemap_exclude":false,"_sitemap_priority":"","_sitemap_frequency":"","footnotes":""},"categories":[1],"tags":[],"class_list":["post-4935","post","type-post","status-publish","format-standard","has-post-thumbnail","hentry","category-tous"],"_links":{"self":[{"href":"http:\/\/www.affinite.fr\/index.php\/wp-json\/wp\/v2\/posts\/4935"}],"collection":[{"href":"http:\/\/www.affinite.fr\/index.php\/wp-json\/wp\/v2\/posts"}],"about":[{"href":"http:\/\/www.affinite.fr\/index.php\/wp-json\/wp\/v2\/types\/post"}],"author":[{"embeddable":true,"href":"http:\/\/www.affinite.fr\/index.php\/wp-json\/wp\/v2\/users\/1"}],"replies":[{"embeddable":true,"href":"http:\/\/www.affinite.fr\/index.php\/wp-json\/wp\/v2\/comments?post=4935"}],"version-history":[{"count":0,"href":"http:\/\/www.affinite.fr\/index.php\/wp-json\/wp\/v2\/posts\/4935\/revisions"}],"wp:featuredmedia":[{"embeddable":true,"href":"http:\/\/www.affinite.fr\/index.php\/wp-json\/wp\/v2\/media\/4936"}],"wp:attachment":[{"href":"http:\/\/www.affinite.fr\/index.php\/wp-json\/wp\/v2\/media?parent=4935"}],"wp:term":[{"taxonomy":"category","embeddable":true,"href":"http:\/\/www.affinite.fr\/index.php\/wp-json\/wp\/v2\/categories?post=4935"},{"taxonomy":"post_tag","embeddable":true,"href":"http:\/\/www.affinite.fr\/index.php\/wp-json\/wp\/v2\/tags?post=4935"}],"curies":[{"name":"wp","href":"https:\/\/api.w.org\/{rel}","templated":true}]}}